{"id":13045,"date":"2012-02-19T11:36:45","date_gmt":"2012-02-19T10:36:45","guid":{"rendered":"http:\/\/www.hohenlohe-ungefiltert.de\/?p=13045"},"modified":"2012-02-19T13:37:00","modified_gmt":"2012-02-19T12:37:00","slug":"kitsch-kunst-oder-zeitgeschmack-%e2%80%93-marz-programm-des-hallisch-frankisches-museum-schwabisch-hall-marz-2012","status":"publish","type":"post","link":"https:\/\/www.hohenlohe-ungefiltert.de\/?p=13045","title":{"rendered":"&#8222;Kitsch, Kunst oder Zeitgeschmack?&#8220; \u2013 M\u00e4rz-Programm des H\u00e4llisch-Fr\u00e4nkisches Museum Schw\u00e4bisch Hall     M\u00e4rz 2012"},"content":{"rendered":"<p><strong>Das Programm des H\u00e4llisch-Fr\u00e4nkisches Museum Schw\u00e4bisch Hall f\u00fcr M\u00e4rz 2012 liegt vor. Hohenlohe-ungefiltert ver\u00f6ffentlicht unten die Termine.<\/strong><\/p>\n<p><em>Zugesandt von der Stadtverwaltung Schw\u00e4bisch Hall<\/em><\/p>\n<p><strong>Sonderausstellungen:<\/strong><\/p>\n<p><strong>Bis 11. M\u00e4rz 2012: <\/strong><\/p>\n<p><strong>Schneller! Weiter! H\u00f6her! \u2013 Mobilit\u00e4t im Kinderzimmer, Spielzeug der vergangenen 100 Jahre.<\/strong><\/p>\n<p>Sonderausstellung anl\u00e4sslich des 150-j\u00e4hrigen Jubil\u00e4ums der Er\u00f6ffnung der Eisenbahnlinie Heilbronn-Hall (in Kooperation mit einem Haller Spielzeugsammler und den Haller Eisenbahnfreunden).<\/p>\n<p><strong>31. M\u00e4rz bis 17. Juni 2012:<\/strong><\/p>\n<p><strong>Rosemarie Finckh zum 80. Geburtstag<\/strong><\/p>\n<p>Retrospektive. Ausstellung im \u201eWintergarten\u201c<\/p>\n<p><strong>Bis 15. April 2012:<\/strong><\/p>\n<p><strong>Tibet \u2013 gestern \u2013 heute \u2013 morgen<\/strong><\/p>\n<p>(in Kooperation mit dem Tibet Kailash Haus Freiburg und der Tibet Initiative Schw\u00e4bisch Hall). Fotoausstellung im Barocksaal.<\/p>\n<p><strong>9. M\u00e4rz bis 5. April 2012:<\/strong><\/p>\n<p><strong>Amazonen \u2013 Das Brustkrebs-Projekt von Uta Melle<\/strong><\/p>\n<p>(in Kooperation mit dem Krebsverein Schw\u00e4bisch Hall)<\/p>\n<p><strong>F\u00fchrungen und sonstige Veranstaltungen:<\/strong><\/p>\n<p><strong>Sonntag, 4. M\u00e4rz 2012:<\/strong><\/p>\n<p><strong>11 Uhr (Barocksaal):<\/strong> Konzert mit Ariana Burstein und Roberto Legnani, Klassik, Celtic, Gipsy, Swing &amp; Tango, Musik f\u00fcr Cello und Gitarre<\/p>\n<p><strong>14.30 Uhr:<\/strong> Benz, Daimler &amp; Co. Die Geschichte des Automobils, F\u00fchrung in der Sonderausstellung mit Nanette Unger M.A.<\/p>\n<p><strong>Mittwoch, 7. M\u00e4rz 2012:<\/strong><\/p>\n<p><strong>20 Uhr:<\/strong> Wie Hohenloher Metzger im 19. Jahrhundert in Gro\u00dfbritannien zu Ruhm und Ehre kamen. Referent: Karl-Heinz W\u00fcstner (in Kooperation mit dem Historischen Verein f\u00fcr W\u00fcrttembergisch Franken)<\/p>\n<p><strong>Donnerstag, 8. M\u00e4rz 2012:<\/strong><\/p>\n<p><strong>19 Uhr:<\/strong> Amazonen \u2013 Das Brustkrebs-Projekt von Uta Melle. Er\u00f6ffnung der Fotoausstellung im Barocksaal (im Rahmen der Mitgliederversammlung des Krebsvereins Schw\u00e4bisch Hall). Einf\u00fchrung: Claudia Scheller-Schach M.A.<\/p>\n<p><strong>Sonntag, 11. M\u00e4rz 2012:<\/strong><\/p>\n<p>Finissage der Sonderausstellung \u201eSchneller! Weiter! H\u00f6her! &#8211; Mobilit\u00e4t im Kinderzimmer\u201c<\/p>\n<p><strong>14 Uhr:<\/strong> F\u00fchrung durch die Ausstellung mit Nanette Unger M.A. und Parcours mit ferngesteuerten Autos<\/p>\n<p><strong>15 Uhr: <\/strong>Flugobjekte-Wettbewerb<\/p>\n<p><strong>16 Uhr:<\/strong> Auslosung des Suchspiels \u201eIn 80 Tagen um die Welt\u201c<\/p>\n<p><strong>Sonntag, 18. M\u00e4rz 2012:<\/strong><\/p>\n<p><strong>14.30 Uhr:<\/strong> Kitsch, Kunst oder Zeitgeschmack? F\u00fchrung mit Arnhild Retzlaff \u2013 bei der F\u00fchrung k\u00f6nnen die Teilnehmerinnen und Teilnehmer ihre Lieblingsst\u00fccke pr\u00e4sentieren.<\/p>\n<p><strong>Sonntag, 25. M\u00e4rz 2012:<\/strong><\/p>\n<p><strong>14.30 Uhr:<\/strong> Wie kommt das Salz in die Suppe? F\u00fchrung f\u00fcr Kinder ab 8 Jahre mit Jan Wiechert.<\/p>\n<p><strong>Mittwoch, 28. M\u00e4rz 2012:<\/strong><\/p>\n<p><strong>20 Uhr:<\/strong> Deutschland, Frankreich und die erste Globalisierung 1890 bis 1914. Referent: Prof. Philippe Alexandre, Epinal (in Kooperation mit dem Cercle Fran\u00e7ais und dem Historischen Verein f\u00fcr W\u00fcrttembergisch Franken).<\/p>\n<p><strong>Freitag, 30. M\u00e4rz 2012:<\/strong><\/p>\n<p><strong>18 Uhr:<\/strong> Er\u00f6ffnung der Sonderausstellung &#8222;Rosemarie Finckh zum 80. Geburtstag&#8220;, Retrospektive<\/p>\n<p><strong>Samstag\/Sonntag, 31. M\u00e4rz\/1. April 2012:<\/strong><\/p>\n<p><strong>19 bis 1 Uhr: <\/strong>Im Rahmen der 1. Kulturnacht im Kochertal sind s\u00e4mtliche Abteilungen des H\u00e4llisch-Fr\u00e4nkischen Museums ge\u00f6ffnet. Auftritt der Band \u201eBrikuroli\u201c. F\u00fcr das leibliche Wohl der G\u00e4ste sorgen die Deutsch-Finnische Gesellschaft und der F\u00f6rderkreis H\u00e4llisch-Fr\u00e4nkisches Museum.<\/p>\n<p><strong>Weitere Informationen und Kontakt:<\/strong><\/p>\n<p><a href=\"http:\/\/www.schwaebischhall.de\/Haellisch-Fraenk-Museum.283.0.html\" target=\"_blank\">http:\/\/www.schwaebischhall.de\/Haellisch-Fraenk-Museum.283.0.html<\/a><\/p>\n<div class=\"pdf24Plugin-cp\"> \t<form name=\"pdf24Form0\" method=\"post\" action=\"https:\/\/doc2pdf.pdf24.org\/wordpress.php\" target=\"pdf24PopWin\" onsubmit=\"var pdf24Win = window.open('about:blank', 'pdf24PopWin', 'resizable=yes,scrollbars=yes,width=600,height=250,left='+(screen.width\/2-300)+',top='+(screen.height\/3-125)+''); pdf24Win.focus(); if(typeof pdf24OnCreatePDF === 'function'){void(pdf24OnCreatePDF(this,pdf24Win));}\"> \t\t<input type=\"hidden\" name=\"blogCharset\" value=\"Cw1x07UAAA==\" \/><input type=\"hidden\" name=\"blogPosts\" value=\"MwQA\" \/><input type=\"hidden\" name=\"blogUrl\" value=\"yygpKSi20tcvLy\/Xy8jPSM3LARK6pXnpqWmZOSWpRSV6KakA\" \/><input type=\"hidden\" name=\"blogName\" value=\"88jPSM3LARK6pXnpqWmZOSWpRSUA\" \/><input type=\"hidden\" name=\"blogValueEncoding\" value=\"gzdeflate base64\" \/><input type=\"hidden\" name=\"postId_0\" value=\"MzQ2MDEFAA==\" \/><input type=\"hidden\" name=\"postTitle_0\" value=\"U1O2MDIysvbOLClOztBR8C7NKy5RyE9JLVKISs0sSU8FiuYmJmfbq4HUGVgrPGqYrOB7eElRlW5AUX56UWJurkJKarGCx+ElOTmZQMW6bkWHl+Rlg5hAYd\/S4tTSXIXg5Izyw0uSQIIKHok5OQogADZFwcjA0AgA\" \/><input type=\"hidden\" name=\"postLink_0\" value=\"yygpKSi20tcvLy\/Xy8jPSM3LARK6pXnpqWmZOSWpRSV6Kan69gW2hsYGJqYA\" \/><input type=\"hidden\" name=\"postAuthor_0\" value=\"AwA=\" \/><input type=\"hidden\" name=\"postDateTime_0\" value=\"MzIwNNI1MNI1tFQwNLQyMLIyMQUA\" \/><input type=\"hidden\" name=\"postContent_0\" value=\"pVfLbhs3FN33K1gXCBJAGj0cN37FhV+yE8dFYCc1kE3Bka5mmOGQAsmJWq3yD90W7UZA\/8Ar7+ZP8iU95MiyrZEdN91I8yAv7z333HPvbI92tq0zWiU7B9yyt0Ynhuc5G5Blx+VUSmH7abNnyqnK\/CUenxaWipyd99NxOY39Q3bMpWTD8sqw03JqJqzb7nSZFJQ49kmbiB3rlJTET7NQCQ2FdGTwikx5ORySclL0U8cK5UixgSD2jkwuFEXbrZlv263Rznfb8JXynQ9FQpargbeN5WTYueMDB2tjLh0OqLm23cK2uYmZyXOtsJcX1jqS0vulNuvnze73hGWdTnQrvE1272Icr2CSzPfsgoTz\/8flZer\/v3z+g53qWEjhyqljImcnwrsxEXlOpsHOR4LkhIokxIWQEu4dAyyddpu95qlZAkotEsaVLKfWelhDJjtr7ebHcpoaAWPsdQEHymmR23DKYciC8vvCrbCkYp4qKRRScUxCxjhONUOSnwrFTrQe4TwnAH8uHCOkKg9A+1xcR2BBI\/+gUAPYVdfv5+aHhvCK1LNoEb\/VOdCxh\/1FBI+VqFC\/F\/QzbSnnBh73hOpnKZuAo+vtiB1RXBhnHU9qe88I93ZEmROfKGK7txBEZr58\/utCgJLIgQExv3z+cykr1rBxZIT8in\/vREwu5B\/shVEVrlMqHIWrXBvkprZ9Gd4DoF2ZO+FCcutJXljWMyQQajJD3MzWvFLCCe4jrNXFs4j1tNP8btx73Oh+ZjmXtcxs3E7MIwPfzflEewb7KL3G7JnCusxQbJuQm49APxTye8fZqS+bR2Nw4m2gRsC\/emiLbvTKq9SEKg\/4WK2sQzWwX2AVl5VyPCQBqDIFEjXY8zsycO\/6Toe9Tw17egPns5vFiEdNvAb6WHaN4IqzvcIgDaLy70zHeK3ZG0oUV6LBTpBoK7IG2yfpRL\/BjsTI\/g7FGAuk7QnPR1vsHcRCN7xAi6ySYyyWOhg8Eo4bQzUvn0erbe\/oLd\/2SE0aSJUI9VuZ3tcRO0BxHREQ9mpNQVh2C6dzr2e2wa4RZmKmyjVZ8sH+zBU57H4PtNEuot0ayU6Fc2PdTxvsxeOQ7i4GcOF167rl4BByE38YuN0Bg72Kpl56AD9cPTK6\/Ds2gEdB7xR0g50VaR5AO4TesoznpCJ2RkNQTblNVJ2RTeiimrCL8so6Bdv3cfRYWKdN6JzKc83nN2QGOw1wyJHmJLC2Bx5mkMPF6A7AOzI2UG\/9kdTbWADkP9dgtNgVHtQJRJ+zM57mVGUeGUzQ\/XGJ6gx9oDJjb5esXSZHh0INZzTaZPuSFwPB\/brQTpu44Fi7jDTz6lzo0jWM0B2EtTyhezgK1X+gfz\/5Yb3b6Ww90MOXtInO84V0zCtlUBjfoUHX3a+WSSDkW276GjoR1oCPKjSTgnyDCsVoa4evhcNvppWeLBId+5RT8wJnxDQmE9e2\/bhIocJKba\/zeF70U+s7vfWAvVLotFCfIK55iOcCKrUEips0PZbKS\/TpRDjr5eGkgHAz7fP4AXlKvDTlvJ\/9dANwJa8qFRKSChmQfDgMRRCTqHh9vTIrL5Waj59CKgKdjQjPPPI3z5jwqvBGUIwJKUHayqt+RmyEGRmjjRNeJe7nZ3ft2wP3upbpPIe0oIbPuZwErcXT82I0oltxB4mpaMl4zNar0THA8Zorbwg1ZdwD2ttd\/0bxPcBIg0RITOiNStRQ7WB5mErgqtcy9BGpY46PC6Dl\/e2sb7SraW8Dgd\/SWqjTMGJvkUCBCNmupN9g2FCDHY6E4vJe4d0n05cUHCj\/4bBcTUXfosg1lPykFZK52n5kMtcXQFpQ17oMeaHpdrceMdWGle2tBrszzdb4x3O\/uDXn4XzIbnUeN8ehqYQELcjJqzvKD1snBUYpo7j\/ovPaqAPTkCkr\/NxVTvPwuYdcxph2qg+v+z831exz02JsDpCR84P60KFhu3DkHvjgRWjPiKwwWgrITuQrwYQqkRiKq\/MudCrDjiMUKihow8QdODnjbBMgq3Csn3OQCVzyoZsP1L3y0uDfE\/orX8c1ylSNhDCND7XJA1VnwoJJ0PHMLQGeM9Ts8OVK6txos9Uaj8cRzhhzCi0zRceMBtQ65jT3g5PKmjMPuuurUTtKXS5XGEa\/hNzLlV9jlGW2svN\/LW63eOXmvw==\" \/> \t\t<a href=\"https:\/\/www.pdf24.org\" target=\"_blank\" title=\"www.pdf24.org\" rel=\"nofollow\"><img src=\"https:\/\/www.hohenlohe-ungefiltert.de\/wp-content\/plugins\/pdf24-post-to-pdf\/img\/pdf_32x32.png\" alt=\"\" border=\"0\" height=\"32\" \/><\/a> \t\t<span class=\"pdf24Plugin-cp-space\">&nbsp;&nbsp;<\/span> \t\t<span class=\"pdf24Plugin-cp-text\">Sende Artikel als PDF<\/span> \t\t<span class=\"pdf24Plugin-cp-space\">&nbsp;&nbsp;<\/span> \t\t<input class=\"pdf24Plugin-cp-input\" style=\"margin: 0px;\" type=\"text\" name=\"sendEmailTo\" placeholder=\"Emailadresse\" \/> \t\t<input class=\"pdf24Plugin-cp-submit\" style=\"margin: 0px;\" type=\"submit\" value=\"Senden\" \/> \t<\/form> <\/div>","protected":false},"excerpt":{"rendered":"<p>Das Programm des H\u00e4llisch-Fr\u00e4nkisches Museum Schw\u00e4bisch Hall f\u00fcr M\u00e4rz 2012 liegt vor. Hohenlohe-ungefiltert ver\u00f6ffentlicht unten die Termine. Zugesandt von der Stadtverwaltung Schw\u00e4bisch Hall Sonderausstellungen: Bis 11. M\u00e4rz 2012: Schneller! Weiter! H\u00f6her! \u2013 Mobilit\u00e4t im Kinderzimmer, Spielzeug der vergangenen 100 Jahre. Sonderausstellung anl\u00e4sslich des 150-j\u00e4hrigen Jubil\u00e4ums der Er\u00f6ffnung der Eisenbahnlinie Heilbronn-Hall (in Kooperation mit einem Haller [&hellip;]<\/p>\n","protected":false},"author":3,"featured_media":0,"comment_status":"open","ping_status":"open","sticky":false,"template":"","format":"standard","meta":[],"categories":[],"tags":[],"_links":{"self":[{"href":"https:\/\/www.hohenlohe-ungefiltert.de\/index.php?rest_route=\/wp\/v2\/posts\/13045"}],"collection":[{"href":"https:\/\/www.hohenlohe-ungefiltert.de\/index.php?rest_route=\/wp\/v2\/posts"}],"about":[{"href":"https:\/\/www.hohenlohe-ungefiltert.de\/index.php?rest_route=\/wp\/v2\/types\/post"}],"author":[{"embeddable":true,"href":"https:\/\/www.hohenlohe-ungefiltert.de\/index.php?rest_route=\/wp\/v2\/users\/3"}],"replies":[{"embeddable":true,"href":"https:\/\/www.hohenlohe-ungefiltert.de\/index.php?rest_route=%2Fwp%2Fv2%2Fcomments&post=13045"}],"version-history":[{"count":3,"href":"https:\/\/www.hohenlohe-ungefiltert.de\/index.php?rest_route=\/wp\/v2\/posts\/13045\/revisions"}],"predecessor-version":[{"id":13053,"href":"https:\/\/www.hohenlohe-ungefiltert.de\/index.php?rest_route=\/wp\/v2\/posts\/13045\/revisions\/13053"}],"wp:attachment":[{"href":"https:\/\/www.hohenlohe-ungefiltert.de\/index.php?rest_route=%2Fwp%2Fv2%2Fmedia&parent=13045"}],"wp:term":[{"taxonomy":"category","embeddable":true,"href":"https:\/\/www.hohenlohe-ungefiltert.de\/index.php?rest_route=%2Fwp%2Fv2%2Fcategories&post=13045"},{"taxonomy":"post_tag","embeddable":true,"href":"https:\/\/www.hohenlohe-ungefiltert.de\/index.php?rest_route=%2Fwp%2Fv2%2Ftags&post=13045"}],"curies":[{"name":"wp","href":"https:\/\/api.w.org\/{rel}","templated":true}]}}