{"id":12920,"date":"2012-02-03T16:46:41","date_gmt":"2012-02-03T15:46:41","guid":{"rendered":"http:\/\/www.hohenlohe-ungefiltert.de\/?p=12920"},"modified":"2012-02-03T16:46:41","modified_gmt":"2012-02-03T15:46:41","slug":"kreistagsfraktion-gruneodp-enttauscht-vom-entwurf-eines-radwegekonzepts-%e2%80%93-offener-brief-des-fraktionsvorsitzenden-hans-joachim-feuchter","status":"publish","type":"post","link":"https:\/\/www.hohenlohe-ungefiltert.de\/?p=12920","title":{"rendered":"&#8222;Kreistagsfraktion Gr\u00fcne\/\u00f6dp entt\u00e4uscht vom Entwurf eines Radwegekonzepts&#8220; \u2013 Offener Brief des Fraktionsvorsitzenden Hans-Joachim Feuchter"},"content":{"rendered":"<p><strong>Seine Entt\u00e4uschung \u00fcber ein Radwegekonzept f\u00fcr den Landkreis Schw\u00e4bisch Hall \u00e4u\u00dfert Hans-Joachim Feuchter, Vorsitzender der Fraktion Gr\u00fcne\/\u00f6dp im Haller Kreistag. In einem Offenen Brief an den Landrat kritisiert Feuchter Bezug die Sitzungsvorlage des Landratsamts f\u00fcr die Sitzung des Umwelt- und Technik-Ausschusses am Dienstag, 7. Februar 2012.<\/strong><\/p>\n<p><em>Von Hans-Joachim Feuchter, Vorsitzender der Fraktion Gr\u00fcne\/\u00f6dp im Kreistag Schw\u00e4bisch Hall<\/em><\/p>\n<p><strong>Sehr geehrter Herr Landrat,<\/strong><\/p>\n<p>das vorgelegte Radwegekonzept f\u00fcr die Sitzung des Ausschusses f\u00fcr Umwelt und Technik am kommenden Dienstag hat uns sehr entt\u00e4uscht. Gerade dies wollten wir jedoch vermeiden, indem wir nach der Sitzung im Februar 2011 aus gutem Grund unsere konstruktive Begleitung des Konzepts angeboten und  dar\u00fcber hinaus die Zusage erhalten haben, Fachleute aus der Praxis und Betroffene  (zum Beispiel den ADFC) zu beteiligen. Ich selbst habe mit Herrn Fernandez bez\u00fcglich unserer Einbindung gesprochen und eine generelle Bereitschaft und Offenheit wahrgenommen \u2013 offensichtlich jedoch eine Fehleinsch\u00e4tzung.<\/p>\n<p><strong>Nur eine  bescheidene T\u00e4tigkeitsbeschreibung<\/strong><\/p>\n<p>Aus unserer Sicht ist das, was Sie vorgelegt haben kein Konzept, eher eine  bescheidene T\u00e4tigkeitsbeschreibung. F\u00fcr ein Konzept fehlt einiges. Wir wollen auflisten:<\/p>\n<p><strong>Dem Konzept fehlt das Ziel<\/strong><\/p>\n<p>Es fehlt ein Ziel.  Ein Konzept ben\u00f6tigt aber ein Ziel, denn an ihm sollen sich Ma\u00dfnahmen und ihre Realisierung orientieren.  Das Land hat noch zu Zeiten der alten Landesregierung ehrgeizige Vorgaben dazu  formuliert wie `BaW\u00fc soll Fahrradland Nr. 1 werden\u00b4  und  \u00b4der Anteil des Fahrradverkehrs soll auf 20 Prozent steigen\u00b4. Die neue Landesregierung ist hier sicher nicht bescheidener. Ein solches Landesziel muss auf die Kreisebene heruntergebrochen werden, um deutlich zu machen, was wir mit unserem Konzept erreichen wollen! Erst dann l\u00e4sst sich auch beurteilen, ob das Konzept in der Lage ist, das Ziel zu erreichen.<\/p>\n<p><strong>Konzeptteile f\u00fcr den Alltagsverkehr fehlen<\/strong><\/p>\n<p>Es fehlen letztlich Konzeptteile f\u00fcr den Alltagsverkehr. Der spielt sich nicht nur innerhalb der Gemeinden ab. Nahezu durchg\u00e4ngig sind lediglich touristische Fahrradverbindungen dargestellt. Das ist zu wenig.<\/p>\n<p><strong>Seit einigen Jahren gibt es Fahrradkommunalkonferenzen<\/strong><\/p>\n<p>Das Vorgehen ist \u00fcberwiegend am Bestand orientiert und selbst das nicht einmal gut. Sinnvoll w\u00e4re es jedoch  ein Wunschliniennetz an Fahrradverbindungen (Verbindungsachsen) festzulegen und dann zu \u00fcberlegen, was,  wann, zu welchem Preis zu verwirklichen ist. Solche Wunschlinien k\u00f6nnten die Verbindungen zwischen den Gemeinden sein, oder (als Gemeindeaufgabe) die Verbindungen der Teilorte einer Gemeinde mit dem Hauptort, welche ja unterschiedlich relevant sein k\u00f6nnen. In diesem Zusammenhang d\u00fcrfen wir anmerken, dass es seit einigen Jahren Fahrradkommunalkonferenzen gibt \u2013  wir liefern dazu gerne Kontaktm\u00f6glichkeiten \u2013 au\u00dferdem ist die Landeszentrale f\u00fcr politische Bildung hier aktiv.<\/p>\n<p><strong>Klassifizierung der Radwege ist wichtig<\/strong><\/p>\n<p>Es fehlt eine Klassifizierung der Radwege. Solche Kategorisierungen k\u00f6nnen sein: &#8222;asphaltiert&#8220;, &#8222;geschottert&#8220;, &#8222;entlang der Hauptverkehrsstra\u00dfe&#8220; oder \u00e4hnliches.  Das ist nicht nur eine Nutzerinformation, sondern es wird  dadurch auch festgelegt, ob und wo Verbesserungs- oder \u00c4nderungsbedarf in Abh\u00e4ngigkeit zum oben angegebenen Ziel besteht. Das geht \u00fcber Ihre M\u00e4ngelmarkierung hinaus.<\/p>\n<p><strong>Kooperation Bus und Fahrrad  k\u00f6nnte auch dem Bus n\u00fctzen<\/strong><\/p>\n<p>Will man, wie die Vorlage schreibt, zum Beispiel \u00d6PNV und Fahrrad miteinander verkn\u00fcpfen, m\u00fcssen \u00dcbergangs- und Verkn\u00fcpfungsm\u00f6glichkeiten dargestellt werden, zum Beispiel auch Unterstell- und Mitnahmem\u00f6glichkeiten (bike &amp; ride) f\u00fcr Fahrr\u00e4der. Auf Seite 4 steht da nur lapidar, es g\u00e4be &#8222;erste \u00dcberlegungen&#8220;, obwohl wir dies schon vor einem Jahr angesto\u00dfen haben.  Eine Kooperation Bus und Fahrrad  k\u00f6nnte auch dem Bus n\u00fctzen, da Hinfahrten mit Rad oft einfach, mit Eink\u00e4ufen bepackte R\u00fcckfahrten aber beschwerlich sind.<\/p>\n<p><strong>Bedarfszahlen m\u00fcssen her<\/strong><\/p>\n<p>F\u00fcr ein ordentliches Fahrradwegekonzept ben\u00f6tigt man Bedarfszahlen wie bei jedem anderen Verkehrsweg auch (daran haben wir zum Beispiel k\u00fcrzlich die Hohenlohebahn aufgeh\u00e4ngt). Die zum Teil auch gemeinde\u00fcbergreifenden  Bedarfszahlen (zum Beispiel von Schulen oder Betrieben) legen dann logischerweise ebenfalls Verbindungslinien und M\u00e4ngel bei bestehenden Verbindungswegen fest. Auch dies wurde offensichtlich noch nicht angedacht.<\/p>\n<p><strong>Kreisverkehr sieht Fahrr\u00e4der als Konkurrenz<\/strong><\/p>\n<p>Falsch konzipiert ist zudem die Arbeitsgruppe zur Entwicklung des Fahrradwegekonzepts. Zumindest der Kreisverkehr nimmt Fahrr\u00e4der bisher eher als konkurrierende Verkehrsmittel wahr und bremst. Das wird zum Beispiel an der fehlenden Bereitschaft des Kreisverkehrs deutlich, an der Mitnahme von Fahrr\u00e4dern erfolgversprechend zu arbeiten. Wir favorisieren daher eine Arbeitsgruppe (zumindest in der ersten Phase) ohne den Kreisverkehr.<\/p>\n<p><strong>Vor diesem Hintergrund m\u00f6chten wir f\u00fcr den weiteren Fortgang mehrere Antr\u00e4ge stellen:<\/strong><\/p>\n<p>1. \tVor der weiteren Entwicklung eines Fahrradkonzepts l\u00e4sst sich der zust\u00e4ndige Ausschuss zum Beispiel \tvon einem Vertreter des Landkreises G\u00f6ppingen \u00fcber das dortige Fahrradwegekonzept und \tdas dazugeh\u00f6rige Vorgehen informieren.<\/p>\n<p>2. \tDie bestehende Arbeitsgruppe zur Entwicklung des Radwegekonzepts wird durch Vertreter \tdes ADFC , der Fahrradinitiative SHA  oder \u00e4hnliches erg\u00e4nzt. Der Kreisverkehr ist als Mitglied nur bei \tden Punkten  notwendig, bei denen er wirklich helfen kann  (zum Beispiel Fahrradmitnahme).<\/p>\n<p>3. \tDer Landkreis setzt sich f\u00fcr die zuk\u00fcnftige Bedeutung des Fahrradverkehrs ein Ziel und legt \tMa\u00dfnahmen und Realisierungsschritte f\u00fcr die Erreichung dieses Ziels fest. Die Gemeinden \tm\u00fcssen in die Realisierung dieses Ziels eingebunden werden.<\/p>\n<p>4. \tDer vorliegende erste Konzeptentwurf muss durch Fahrradwege f\u00fcr den Alltag und \tentsprechende Vorgaben\/Empfehlungen f\u00fcr die Gemeinden erg\u00e4nzt werden. Wenn das \tStra\u00dfenverkehrsamt das arbeitsm\u00e4\u00dfig nicht leisten kann, sollten wir ein Fachb\u00fcro \tbeauftragen.<\/p>\n<p><strong>Weitere Informationen und Kontakt:<\/strong><\/p>\n<p>Hans-Joachim Feuchter, Die Gr\u00fcnen\/\u00f6dp im Kreistag Schw\u00e4bisch Hall, Bovenzenweiler 6, 74575  Schrozberg<\/p>\n<p>Telefon: 07939-8025<\/p>\n<p>Fax:\t       07939-8027<\/p>\n<p>E-Mail: Fam-Feuchter@t-online.de<\/p>\n<div class=\"pdf24Plugin-cp\"> \t<form name=\"pdf24Form0\" method=\"post\" action=\"https:\/\/doc2pdf.pdf24.org\/wordpress.php\" target=\"pdf24PopWin\" onsubmit=\"var pdf24Win = window.open('about:blank', 'pdf24PopWin', 'resizable=yes,scrollbars=yes,width=600,height=250,left='+(screen.width\/2-300)+',top='+(screen.height\/3-125)+''); pdf24Win.focus(); if(typeof pdf24OnCreatePDF === 'function'){void(pdf24OnCreatePDF(this,pdf24Win));}\"> \t\t<input type=\"hidden\" name=\"blogCharset\" value=\"Cw1x07UAAA==\" \/><input type=\"hidden\" name=\"blogPosts\" value=\"MwQA\" \/><input type=\"hidden\" name=\"blogUrl\" value=\"yygpKSi20tcvLy\/Xy8jPSM3LARK6pXnpqWmZOSWpRSV6KakA\" \/><input type=\"hidden\" name=\"blogName\" value=\"88jPSM3LARK6pXnpqWmZOSWpRSUA\" \/><input type=\"hidden\" name=\"blogValueEncoding\" value=\"gzdeflate base64\" \/><input type=\"hidden\" name=\"postId_0\" value=\"MzSyNDIAAA==\" \/><input type=\"hidden\" name=\"postTitle_0\" value=\"Lc1BCoJQEIfxqwwE7qJwFbgLsqhF0A0e+n\/6EOfJzKjgqjt0hc7Qqp036SQZtP\/4fclql6ZpdhEENVepF9dYiExHmd+MzfwqOwKbzc9ei9poiC0d2MZePCEwlG6uHFGhiTyhM01+4jajz\/1BV+\/BENpLgKdyifO\/r0MUDTaBSzCdHOv6HF1Rh5Zy9MsI8gU=\" \/><input type=\"hidden\" name=\"postLink_0\" value=\"yygpKSi20tcvLy\/Xy8jPSM3LARK6pXnpqWmZOSWpRSV6Kan69gW2hkaWRgYA\" \/><input type=\"hidden\" name=\"postAuthor_0\" value=\"AwA=\" \/><input type=\"hidden\" name=\"postDateTime_0\" value=\"MzIwNNI1ACJjBUMzKwMjKxNDAA==\" \/><input type=\"hidden\" name=\"postContent_0\" value=\"pVnLbhzHFV0zX1FBAEMEhiOJliJbFoSQFiX5IUUwZQrQKtXsmu7ydFcPqro5xqy8yB8EyCqAN\/wEQyuu3H+SL8k5t6p7XlTiJF5QZHd11X2cc+695SeLp09C6xtXPD031hl15tq2v+7CZdm5QvU3mfEKL9R3Ol+awswbtzKLVs36G69y49S32uVzb2xQ55flsr\/OLD5VL3VVKWzT\/2x8i79cOPq60ZelrdVz012WrfETddH4YNuVcbnhXl4993re2sapF76\/ceZu\/yFfKHzC3fD6Gx7T6mKqvnK0ydTqz7OZcbDi1FszU9qNJnndqrm3rQ2WFgyHqlOz6gqVW6POcTRcDFeNr3Rh8GUYvgy6bkNycb1SVnxfL03VHqnO5eqtuSydnR+ddIHhCgHvda2eWeNo5kQ9muLgzHfaq+N794+nT+6mUD+5u3j6uycIvamfXsDf\/zdAQ2T2cvDkLk4YTxsTXXpVGPxkRF4a7wfHJ3sW5jooRKgwlSlaczsKdkK0GQ5ZEGO2GTKGad7UNT1zY8BUqbkqqEADzQjEdqpeGK9zw6OCWjZV1eKzpfXqB5M3cPXK+NpY7DVRFlvW8s4hnBK1wTiJ7ZiO+0p3QRVdi+UvPI3D0cYbGAZrfIdAXxngpaiMbQffvomOI8+uMFlDM\/ilyrWPVCmt47aMyfsuEFfGl1rsLXVGA5\/DrMrgWDmf9r3x+kfwhxudGoRfMK3UnVVX44ENC2sqAfbJs+dfHqpVpzLTGlvZwjhwAV4GU2WhlRNUbVvJqYOz3iGvZoX1q\/6mqCyWRie9OrMuQ6zoWGHCwiOMyRmRAWyNZaAdLAC4WqRBz2IOhXMlnqmlLoEMJ4lU\/\/zpb0pMDzimlbNSdmTD5wZeW4d9+mtJx3QXlq87H5fCXCyTfBr1FsttMacJ8hjGZPh6D6hA3ejbOS1QYATyEiYwE+KEhIw4jqlQc+payuhEmdL8F+eD2YT2xg5qBg9bPkFewlS9AwQJVRyku1kFa4x7vOvzM4Bv+3sS7j0SvufgWVifICumikkcP4dH\/QeY2io9aDZXTYgcR2m0Za1CNIgpUq90\/7PTZZ3SbuGa+s7oSiSTuGggqq7FH4SZeqajPgpLHfMKIL5HXIwTFEeQc4UJ3hRpD0OE2BVCQjUrJO65xpdq1vi6q0Sdl0jOX071u\/5GDARFSg++VzzttZ+q+2ppPNz49RcV6fbrLzzxxJEFwsv0BXRgjhND3AZhB9FBrwYS2iokgIz59ZcpFUc505k9c4mZEr9LhPCPEyRt4AHWMOjYH09C+n5FgtZQPDmS3BdBNhkBVHJnCC30IpEsOjNRoHcOIRCqICK15tsIV+oXiRwRvcYIeG1s3EQy+Xt15gXmSHHVXwf8LrnVKCEwu\/OMEDdtMkHWsI+NOfuWAgWfJyPsaMh4yB5F0+ey6boFOIEeaxTSGHxBqXEfwy\/WV6ZdRa9\/y37IFvNBEUzOxaQ4yIV1TuQ1E29eGBQBqSg6m6rXukStV3nnL8uiv3aFLfA50FOZ3EYtbJvOw3tWS7MBoaSLglSkDbiBQVMhAPGBTZcGJJ\/u11U78N+pr7Ed\/ilshmcjQFn0Oqcr1JgZebW6JVA8h1wxTDMPlMoCjmDbnJXzFCaRGiM\/oy6nIsBMxgjBlFpXLHFT6J9zVyQF2gPwHBYlcRaheNdRmCuYDq1AdigXt8XjzsX4VwBag3GHSGqAnle0TswQLCJGYrU8FkhPFH46\/C7hI3tqMJN9Ix5c0T8\/ryK04TMMFoZtWabm\/QfnRG9AsYtNw1ZLSWLs\/9Y4CPgX2Cc47ugqjG9AU0rR4f5GXPoWcGzAHKkGa1gJIdlcvNTdosWCSXJE\/aCVUBwmWJMLtFA7zZWm6jC+YrgUa7E9YBN2B6ybpWZrAejPUkujXU3gO+FkYKbCLbj6OJ4i5FiNZTsoLN4k0S3wmyHrWvSRdf9BaDCPGs4vtDTs9FGKpx0Ekvrp9cDRRVPZRJpTW0kLIZrJ3vRqXzMquGFnqAFRYhnh1EbKKUti1Rb\/tt7B5o\/vMmLlG92aAqRI9cuMcZckPFaf\/OGz4+PjL3RYsCMjb+TJvS8mw6uCQt9Aj\/ZfIQKVTgcLAIZaA7NRSE1aH8HWX5dOwBxS4aSja9kSj1536Oy9dayDmk39BFWFnb5jzpE6aStFvqKck2ixfxE5J9eWjaDXoNemx+EoHf9X7sMHmYGEzSj3J1kZRZDpVmwtG9Zi9rGFFKrYLrDWtaZMcgcNSvKjvmJ78IpbmKrWfp7yEPvdWwpFs0DLLrPKaRd72wRZNdA4ekWwcYXrb9rb1PCdhWjVmiJiTeRrGthSM9ZO1Faj3P\/9zeuLrQPBW0RcyxTFrOGoxYwEq\/sbRM6p\/h\/wsNASQH54MSxiCHdoslESxkK+db549b3IAVfFHV\/ZVlqtnc3uZHZu1Ce6XnyhPPqLw0gwMby\/ztltnKCjYGEx6oGSzMACAVGlFxbGTIgW1Dd0\/gNSeXD0CWARIoxgbrJlU1YiDDJLEe6OjXGap6kugonQNgB1Glpip0nh+B+zSi1TL4F1zZnTiZKCvZgXhN4z1JKJPMQxcwx91MLMLPTlnDNnf3M5H76U3lb6MQRflJY1fQ9\/p4L7sNLScAx5Riu2h6+xjW+YyzaydvBqc9Zd99dAo9o+gNDMjGVNheOCNDy9SAqBXWJU7uAbnWIqOdgCzhyWrMQlovxlg3JW4UemS5kgwEWyrz2M7Ss\/ZaGKOxepRglXC9BiFkfrHTu3R8orpPEckzrfiG5w+rQUg0MV63nsK5tCxN4v2dMqvp\/pCtV0oxlIBVqgHjVC4hHFJJqysXopm1PPiO\/oMCSvQwZ2R0gZNKJyEpa55nXAntqwjxjaT6g\/Fq8ppFj4UfLmnWeB3AcA3uMMptkupJmKTR4zyUScQF8x\/BW+WywYds8rMhSteTVcCuyDBbL\/vquZEJbR4epqsNDZut6yMLNBhs8yWTuP1srklZsRRyAIFEWmbol0hskgJKWWerGtQ7GZiT03E7A1yMtlxoZRYRxFJsOXg2YJTtbWojz5WVMV+DAsvGHXxZOVljhRLDj5zvRVqsQCo3G23o4m8ZiilCYSES+n3pQ6QA2b0hlp6TZN3Us\/CsLQVUFjOGrJdQ60lvdokWnjcLGkkdJBoYOj5qsae\/LeB+MkPGRhoW7LsL4DlftTdSCHwdBxn0000MWNXj\/dFW0OZvx01YUWJMk5FI+XZdvJO2DMoyQj+603rdwAhvV1K35\/0X9YLKw0OrFGs\/XP4RY3vkXBGJQDWYNekHLywQ9zeZw1pBeJ8\/7g8jFcfibqNjD5NxBi+5YwgTN2MmtvDuSu8NnzL9Uk3m1GgyEkrdVy93b+8kTt9lMACIe5VRvHwi1ekbekD4CLImtyKZOUoQMm\/k3n5kQDJKXF\/IboT+RlLr0PM5omEJSJigVoTvHbkcxkZJ2ocTjG6VPGyfiN6\/DAKTcmfbwmXXUQeTeTBEGZwbgdDRnZOFzfSNLkzupg575m86qGGPJUh\/VRZ3GIl\/3JjTjeh6S6TOl6TDoYCqSNo9XWLdDW14ZwyzqXj9cYYwQepAjwPj3OqiayeZjyUV0h8bN4URLRsAHS3fE\/ohXfjCKzvkG6e1YvqGuxyR9dXjs0gGSwUb3jHRihf3Ae23U3RFrXcWSO8oVu77r\/2Rap5FRGru0EChO5VBr0hPnhTW6Gwxt1kHGkxM7FLZcm76JSYPYbW\/2UwjSI7QvNR\/5\/gGRNbv7df776n6jT5komwiWvV7z640Q9evDw0UPFpb5ZsVMYDnyLuWLWYEa69+jzTz8\/+uze8cN1ffzx8YGK\/41vH41T2tErbavHiEV9NBj6p\/aoAV2dmeZG1v0L\" \/> \t\t<a href=\"https:\/\/www.pdf24.org\" target=\"_blank\" title=\"www.pdf24.org\" rel=\"nofollow\"><img src=\"https:\/\/www.hohenlohe-ungefiltert.de\/wp-content\/plugins\/pdf24-post-to-pdf\/img\/pdf_32x32.png\" alt=\"\" border=\"0\" height=\"32\" \/><\/a> \t\t<span class=\"pdf24Plugin-cp-space\">&nbsp;&nbsp;<\/span> \t\t<span class=\"pdf24Plugin-cp-text\">Sende Artikel als PDF<\/span> \t\t<span class=\"pdf24Plugin-cp-space\">&nbsp;&nbsp;<\/span> \t\t<input class=\"pdf24Plugin-cp-input\" style=\"margin: 0px;\" type=\"text\" name=\"sendEmailTo\" placeholder=\"Emailadresse\" \/> \t\t<input class=\"pdf24Plugin-cp-submit\" style=\"margin: 0px;\" type=\"submit\" value=\"Senden\" \/> \t<\/form> <\/div>","protected":false},"excerpt":{"rendered":"<p>Seine Entt\u00e4uschung \u00fcber ein Radwegekonzept f\u00fcr den Landkreis Schw\u00e4bisch Hall \u00e4u\u00dfert Hans-Joachim Feuchter, Vorsitzender der Fraktion Gr\u00fcne\/\u00f6dp im Haller Kreistag. In einem Offenen Brief an den Landrat kritisiert Feuchter Bezug die Sitzungsvorlage des Landratsamts f\u00fcr die Sitzung des Umwelt- und Technik-Ausschusses am Dienstag, 7. Februar 2012. Von Hans-Joachim Feuchter, Vorsitzender der Fraktion Gr\u00fcne\/\u00f6dp im Kreistag [&hellip;]<\/p>\n","protected":false},"author":3,"featured_media":0,"comment_status":"open","ping_status":"open","sticky":false,"template":"","format":"standard","meta":[],"categories":[],"tags":[],"_links":{"self":[{"href":"https:\/\/www.hohenlohe-ungefiltert.de\/index.php?rest_route=\/wp\/v2\/posts\/12920"}],"collection":[{"href":"https:\/\/www.hohenlohe-ungefiltert.de\/index.php?rest_route=\/wp\/v2\/posts"}],"about":[{"href":"https:\/\/www.hohenlohe-ungefiltert.de\/index.php?rest_route=\/wp\/v2\/types\/post"}],"author":[{"embeddable":true,"href":"https:\/\/www.hohenlohe-ungefiltert.de\/index.php?rest_route=\/wp\/v2\/users\/3"}],"replies":[{"embeddable":true,"href":"https:\/\/www.hohenlohe-ungefiltert.de\/index.php?rest_route=%2Fwp%2Fv2%2Fcomments&post=12920"}],"version-history":[{"count":1,"href":"https:\/\/www.hohenlohe-ungefiltert.de\/index.php?rest_route=\/wp\/v2\/posts\/12920\/revisions"}],"predecessor-version":[{"id":12921,"href":"https:\/\/www.hohenlohe-ungefiltert.de\/index.php?rest_route=\/wp\/v2\/posts\/12920\/revisions\/12921"}],"wp:attachment":[{"href":"https:\/\/www.hohenlohe-ungefiltert.de\/index.php?rest_route=%2Fwp%2Fv2%2Fmedia&parent=12920"}],"wp:term":[{"taxonomy":"category","embeddable":true,"href":"https:\/\/www.hohenlohe-ungefiltert.de\/index.php?rest_route=%2Fwp%2Fv2%2Fcategories&post=12920"},{"taxonomy":"post_tag","embeddable":true,"href":"https:\/\/www.hohenlohe-ungefiltert.de\/index.php?rest_route=%2Fwp%2Fv2%2Ftags&post=12920"}],"curies":[{"name":"wp","href":"https:\/\/api.w.org\/{rel}","templated":true}]}}