{"id":12906,"date":"2012-02-01T06:45:58","date_gmt":"2012-02-01T05:45:58","guid":{"rendered":"http:\/\/www.hohenlohe-ungefiltert.de\/?p=12906"},"modified":"2012-02-01T07:46:12","modified_gmt":"2012-02-01T06:46:12","slug":"%e2%80%9ein-zehn-tagen-um-die-welt%e2%80%9c-%e2%80%93-am-7-februar-2012-ist-anmeldung-zum-sommerferienprogramm-in-schwabisch-hall","status":"publish","type":"post","link":"https:\/\/www.hohenlohe-ungefiltert.de\/?p=12906","title":{"rendered":"\u201eIn zehn Tagen um die Welt\u201c \u2013 Am 7. Februar 2012 ist Anmeldung zum Sommerferienprogramm in Schw\u00e4bisch Hall"},"content":{"rendered":"<p><strong>Der Anmeldetermin zum Sommerferienprogramm in Schw\u00e4bisch Hall ist am Dienstag, 7. Februar 2012, von 17 bis 19 Uhr, im Rathaus.<\/strong><\/p>\n<p><em>Von der Stadtverwaltung Schw\u00e4bisch Hall<\/em><\/p>\n<p><strong>Wie sieht der Alltag in den verschiedenen L\u00e4ndern aus?<\/strong><\/p>\n<p>Das diesj\u00e4hrige Motto der zwei Bl\u00f6cke des st\u00e4dtischen Sommerferienprogramms lautet: \u201eIn zehn Tagen um die Welt!\u201c. Gemeinsam werden fremde L\u00e4nder bereist und die Menschen mit ihren verschiedenen Sitten und Br\u00e4uchen kennengelernt. Wie leben Kinder in anderen Kulturen, wie kleiden sie sich, was spielen sie in ihrer Freizeit oder wie sieht dort ein normaler Schultag aus? Die Kids werden sich auch mit verschiedenen Sprachen befassen und sogar ein paar einfache W\u00f6rter sprechen lernen. Gleichzeitig wird der Heimbacher Hof erkundet, was er mit seinen Werkst\u00e4tten, den Fahrzeugen und dem Au\u00dfengel\u00e4nde alles zu bieten hat.<\/p>\n<p><strong>Das Sommerferienprogramm ist in zwei Bl\u00f6cke unterteilt:<\/strong><\/p>\n<p><strong>Block 1<\/strong> findet von 13. August bis zum 24. August 2012 statt,<\/p>\n<p><strong>Block 2<\/strong> vom 27. August bis zum 7. September 2012.<\/p>\n<p>Pro Block k\u00f6nnen bis zu 120 Kinder, die in diesem Jahr sechs Jahre alt sind beziehungsweise im September in die Schule kommen und Kinder, die noch nicht 13 Jahre alt sind, teilnehmen. Die Kosten betragen 110 Euro. Kinder mit Wohnsitz in Schw\u00e4bisch Hall zahlen 100 Euro und Berechtigte mit Wohnsitz in Schw\u00e4bisch Hall, die das Haller Gutscheinheft erhalten beziehungsweise Sozialgeld oder ALG II beziehen, zahlen 53 Euro.<\/p>\n<p><strong>Info:<\/strong> Am Dienstag, 7. Februar k\u00f6nnen die Kinder von 17 bis 19 Uhr im Rathaus,  Am Markt 6, Erdgeschoss links, f\u00fcr die \u201eWeltreise\u201c angemeldet werden. Ab dem 8. Februar erfolgt die Anmeldung im Fachbereich Jugend, Schule &amp; Soziales, Gymnasiumstra\u00dfe 2; Zimmer 204. F\u00fcr die Anmeldung ist ein Passfoto erforderlich.<\/p>\n<div class=\"pdf24Plugin-cp\"> \t<form name=\"pdf24Form0\" method=\"post\" action=\"https:\/\/doc2pdf.pdf24.org\/wordpress.php\" target=\"pdf24PopWin\" onsubmit=\"var pdf24Win = window.open('about:blank', 'pdf24PopWin', 'resizable=yes,scrollbars=yes,width=600,height=250,left='+(screen.width\/2-300)+',top='+(screen.height\/3-125)+''); pdf24Win.focus(); if(typeof pdf24OnCreatePDF === 'function'){void(pdf24OnCreatePDF(this,pdf24Win));}\"> \t\t<input type=\"hidden\" name=\"blogCharset\" value=\"Cw1x07UAAA==\" \/><input type=\"hidden\" name=\"blogPosts\" value=\"MwQA\" \/><input type=\"hidden\" name=\"blogUrl\" value=\"yygpKSi20tcvLy\/Xy8jPSM3LARK6pXnpqWmZOSWpRSV6KakA\" \/><input type=\"hidden\" name=\"blogName\" value=\"88jPSM3LARK6pXnpqWmZOSWpRSUA\" \/><input type=\"hidden\" name=\"blogValueEncoding\" value=\"gzdeflate base64\" \/><input type=\"hidden\" name=\"postId_0\" value=\"MzSyNDADAA==\" \/><input type=\"hidden\" name=\"postTitle_0\" value=\"DcsxDoJAEAXQq\/wTEKWxpjFaQ2K9wLg7yc5gBjYkVHsHW2PFTbzJnkRe\/0r+3hUbBUXnPCmSYGTCg+JS8gclv9EILhWu1Ftyhvp0rsHzgkaF4pjUYztSO4mQPcmY9GWTNycCVrRDWH97z\/MQcHMx\/gE=\" \/><input type=\"hidden\" name=\"postLink_0\" value=\"yygpKSi20tcvLy\/Xy8jPSM3LARK6pXnpqWmZOSWpRSV6Kan69gW2hkaWBmYA\" \/><input type=\"hidden\" name=\"postAuthor_0\" value=\"AwA=\" \/><input type=\"hidden\" name=\"postDateTime_0\" value=\"MzIwNNI1ACJDBQMzKwMjK1MLAA==\" \/><input type=\"hidden\" name=\"postContent_0\" value=\"hVXLbhtHELznKzqXnBaUSCdRbBMyKMiU5ViAESYm4NuQ27s74c4MMTMrwjz5Q4L4wm\/QKbf9E39JqmeXoiIq8IVYzqO7urqqZ7w+H4fonS3PL9nTxBquc47sjba0bQzNnDHsC\/aa7dq70itjCHuzZbVpdwsdlhW9UXVNOkRShi5xLkRVZnQ2oCkvfKM8jU6Ho4xunaXhGeEODZ\/TH5XPSBv6TcVKNWEwPulxjE\/W59+NgYvN+QdcyYFrFlUeb9lvVB0bWx5lH5\/g8P3FPtBcMwXNVUwhJnUNWAI9Z0uIhbua8Y1\/79qdxRlLAPLqCMilCpRrDn+2u8rrkunGxehS0O2GNV3U7d1yxVgIFGK7y6PgQtinuAtUqyZyfEFfP\/99DY65svS7KnEcbCMNzbmO33\/9\/NeArtiwtgGsbtgL6sKzyXkPlxbsWWhvbJ5u3oD6lNjoSLryR3XOdIySCOcvfLtr0uEVW+yVXIOAOCBhreYFNn7VKQsYU\/IhKw3ox0dGG5xa1awFVUg8Lyusgqmw1gjVreKqwPA0BdAtA5WTiJtDY5yPhBrJOm9ULZ1eVk1qlLRC1AQYedgTIGmwgx8p8VFxa69SQQsuVAh9ncGVEKCkWKvuo5BTNG\/vPGQOuJ7TLSmfLUhHVctKwOoSSH2eGv2GtVnIRXy6gtivEJxjVzIWBU5AcASaY1NkIFRnSWxTVfktN2UPKWdDk6b9kkhPrSRIGOLZNjAHS4cqFQeP5SwyfNqNkIC49aEWG4viIus6vjg2Vv\/\/onbLFQ3v96mQhsfOp88GwFg2CC1+lUkw+vF+SfwMqasYs6eDjg5Bbx2unh1Fw8qM15ENRJzi3df73jvqoqzaO5Fmf4eGo9Nek1mSu1gZtgSbb0Ew6F9WIX0Kn2gHjkILWwgNIyOAncAycA5puwCd5CBn4bbr0MMs1kFtFpKIIOVR+IyEYsuVEeUksboQkwSjT54eDk\/pdePdYO8mEcrcVTbouH1yjm5VJfYZnnYXO7OyiBSCjPzNAB3qHGKRf8h41USZCtpWXMBsvgL6BPG\/zMzcVqsaisw7k07eXdH1dX9MlNwD++lZV9Djxl\/bwh20RpP\/eQr2Pc2TsxMlR+\/Cg2chI4l0o\/wq0s8ZvfZ5yajGBcxRbVfYL9p\/fIqGeSqjU0YiY3xiaJXcvWb99IAGF8l8vxzgwEyuLmMK0D1+8rwg\/xRmT\/MVtL4V66LZvVB+UGb9sueLgeDqk7Eq6MagdgVb0+glfdRiVAgbppnuET5IELqx9x6DqnB4TAQHMPoa+Tpq\/wU=\" \/> \t\t<a href=\"https:\/\/www.pdf24.org\" target=\"_blank\" title=\"www.pdf24.org\" rel=\"nofollow\"><img src=\"https:\/\/www.hohenlohe-ungefiltert.de\/wp-content\/plugins\/pdf24-post-to-pdf\/img\/pdf_32x32.png\" alt=\"\" border=\"0\" height=\"32\" \/><\/a> \t\t<span class=\"pdf24Plugin-cp-space\">&nbsp;&nbsp;<\/span> \t\t<span class=\"pdf24Plugin-cp-text\">Sende Artikel als PDF<\/span> \t\t<span class=\"pdf24Plugin-cp-space\">&nbsp;&nbsp;<\/span> \t\t<input class=\"pdf24Plugin-cp-input\" style=\"margin: 0px;\" type=\"text\" name=\"sendEmailTo\" placeholder=\"Emailadresse\" \/> \t\t<input class=\"pdf24Plugin-cp-submit\" style=\"margin: 0px;\" type=\"submit\" value=\"Senden\" \/> \t<\/form> <\/div>","protected":false},"excerpt":{"rendered":"<p>Der Anmeldetermin zum Sommerferienprogramm in Schw\u00e4bisch Hall ist am Dienstag, 7. Februar 2012, von 17 bis 19 Uhr, im Rathaus. Von der Stadtverwaltung Schw\u00e4bisch Hall Wie sieht der Alltag in den verschiedenen L\u00e4ndern aus? Das diesj\u00e4hrige Motto der zwei Bl\u00f6cke des st\u00e4dtischen Sommerferienprogramms lautet: \u201eIn zehn Tagen um die Welt!\u201c. Gemeinsam werden fremde L\u00e4nder bereist [&hellip;]<\/p>\n","protected":false},"author":3,"featured_media":0,"comment_status":"open","ping_status":"open","sticky":false,"template":"","format":"standard","meta":[],"categories":[],"tags":[],"_links":{"self":[{"href":"https:\/\/www.hohenlohe-ungefiltert.de\/index.php?rest_route=\/wp\/v2\/posts\/12906"}],"collection":[{"href":"https:\/\/www.hohenlohe-ungefiltert.de\/index.php?rest_route=\/wp\/v2\/posts"}],"about":[{"href":"https:\/\/www.hohenlohe-ungefiltert.de\/index.php?rest_route=\/wp\/v2\/types\/post"}],"author":[{"embeddable":true,"href":"https:\/\/www.hohenlohe-ungefiltert.de\/index.php?rest_route=\/wp\/v2\/users\/3"}],"replies":[{"embeddable":true,"href":"https:\/\/www.hohenlohe-ungefiltert.de\/index.php?rest_route=%2Fwp%2Fv2%2Fcomments&post=12906"}],"version-history":[{"count":3,"href":"https:\/\/www.hohenlohe-ungefiltert.de\/index.php?rest_route=\/wp\/v2\/posts\/12906\/revisions"}],"predecessor-version":[{"id":12916,"href":"https:\/\/www.hohenlohe-ungefiltert.de\/index.php?rest_route=\/wp\/v2\/posts\/12906\/revisions\/12916"}],"wp:attachment":[{"href":"https:\/\/www.hohenlohe-ungefiltert.de\/index.php?rest_route=%2Fwp%2Fv2%2Fmedia&parent=12906"}],"wp:term":[{"taxonomy":"category","embeddable":true,"href":"https:\/\/www.hohenlohe-ungefiltert.de\/index.php?rest_route=%2Fwp%2Fv2%2Fcategories&post=12906"},{"taxonomy":"post_tag","embeddable":true,"href":"https:\/\/www.hohenlohe-ungefiltert.de\/index.php?rest_route=%2Fwp%2Fv2%2Ftags&post=12906"}],"curies":[{"name":"wp","href":"https:\/\/api.w.org\/{rel}","templated":true}]}}