{"id":12904,"date":"2012-02-01T06:51:22","date_gmt":"2012-02-01T05:51:22","guid":{"rendered":"http:\/\/www.hohenlohe-ungefiltert.de\/?p=12904"},"modified":"2012-02-01T07:51:34","modified_gmt":"2012-02-01T06:51:34","slug":"liste-der-genehmigten-haus-und-strasensammlungen-2012-in-baden-wurttemberg","status":"publish","type":"post","link":"https:\/\/www.hohenlohe-ungefiltert.de\/?p=12904","title":{"rendered":"Liste der genehmigten Haus- und Stra\u00dfensammlungen 2012 in Baden-W\u00fcrttemberg"},"content":{"rendered":"<p><strong>Das Regierungspr\u00e4sidium Stuttgart hat eine Liste ver\u00f6ffentlicht, aus der jene Veranstalterinnen und Veranstalter hervorgehen, die im Jahr 2012 die Erlaubnis f\u00fcr eine Haus- und Stra\u00dfensammlung in Baden-W\u00fcrttemberg erhalten haben. Ebenso wurde mitgeteilt, in welchem Zeitraum die jeweiligen Sammlungen stattfinden.<\/strong><\/p>\n<p><em>Zugesandt von der Stadtverwaltung Schw\u00e4bisch Hall<\/em><\/p>\n<p><strong>Veranstalter(in) und Zeit der Haus- und Stra\u00dfensammlungen:<\/strong><\/p>\n<p><strong>A. Wohlfahrtverb\u00e4nde:<\/strong><\/p>\n<p>Arbeiterwohlfahrt, Bezirksverb\u00e4nde Baden und W\u00fcrttemberg 10.03. bis 18.03.2012<\/p>\n<p>Deutsches Rotes Kreuz, Landesverband Baden-W\u00fcrttemberg und Badisches Rotes Kreuz 14.04. bis 22.04.2012<\/p>\n<p>Diakonisches Werk der evangelischen Kirche in W\u00fcrttemberg und der evangelischen Landeskirche in Baden 17.06. bis 24.06.2012<\/p>\n<p>Der Parit\u00e4tische Wohlfahrtsverband, Landesverband Baden-W\u00fcrttemberg 30.06. bis 08.07.2012<\/p>\n<p>Caritasverband der Di\u00f6zese Rottenburg-Stuttgart und der Erzdi\u00f6zese Freiburg 22.09. bis 30.09.2012<\/p>\n<p><strong>B. Sonstige Veranstalter:<\/strong><\/p>\n<p>Deutsche Umwelthilfe e.V., Radolfzell 19.03. bis 27.03.2012<\/p>\n<p>Elly-Heuss-Knapp-Stiftung, Deutsches M\u00fcttergenesungswerk, Stein\/Mittelfranken 02.05. bis 16.05.2012<\/p>\n<p>Blinden- und Sehbehindertenverband W\u00fcrttemberg e.V., Stuttgart 01.10. bis\u00a0 11.10.2012<\/p>\n<p>Gemeinschaft der Siebenten-Tags-Adventisten in Baden-W\u00fcrttemberg, Stuttgart 12.10. bis 21.10.2012<\/p>\n<p>Volksbund Deutsche Kriegsgr\u00e4berf\u00fcrsorge e.V., Landesverband Baden-W\u00fcrttemberg, Konstanz 01.11. bis 18.11.2012<\/p>\n<p>Heilsarmee Nationales Hauptquartier, K\u00f6ln Geldsammlungen vom 01.01. bis 31.01.2012<\/p>\n<p>Konferenz f\u00fcr Kirchliche Bahnhofsmission in Deutschland, Freiburg im Breisgau Geldsammlungen auf den Bahnh\u00f6fen (Bahnhofsgel\u00e4nde) an insgesamt 16 Tagen in der Zeit vom 01.01. bis 31.12.2012<\/p>\n<div class=\"pdf24Plugin-cp\"> \t<form name=\"pdf24Form0\" method=\"post\" action=\"https:\/\/doc2pdf.pdf24.org\/wordpress.php\" target=\"pdf24PopWin\" onsubmit=\"var pdf24Win = window.open('about:blank', 'pdf24PopWin', 'resizable=yes,scrollbars=yes,width=600,height=250,left='+(screen.width\/2-300)+',top='+(screen.height\/3-125)+''); pdf24Win.focus(); if(typeof pdf24OnCreatePDF === 'function'){void(pdf24OnCreatePDF(this,pdf24Win));}\"> \t\t<input type=\"hidden\" name=\"blogCharset\" value=\"Cw1x07UAAA==\" \/><input type=\"hidden\" name=\"blogPosts\" value=\"MwQA\" \/><input type=\"hidden\" name=\"blogUrl\" value=\"yygpKSi20tcvLy\/Xy8jPSM3LARK6pXnpqWmZOSWpRSV6KakA\" \/><input type=\"hidden\" name=\"blogName\" value=\"88jPSM3LARK6pXnpqWmZOSWpRSUA\" \/><input type=\"hidden\" name=\"blogValueEncoding\" value=\"gzdeflate base64\" \/><input type=\"hidden\" name=\"postId_0\" value=\"MzSyNDABAA==\" \/><input type=\"hidden\" name=\"postTitle_0\" value=\"88ksLklVSEktUkhPzUvNyM1ML0nNU\/BILC3WVSjNS1EILilKPDw\/Na84MTc3pzQPqEjByMDQSCEzT8EpMSU1Tzf88J6ikpLU3KTUonQA\" \/><input type=\"hidden\" name=\"postLink_0\" value=\"yygpKSi20tcvLy\/Xy8jPSM3LARK6pXnpqWmZOSWpRSV6Kan69gW2hkaWBiYA\" \/><input type=\"hidden\" name=\"postAuthor_0\" value=\"AwA=\" \/><input type=\"hidden\" name=\"postDateTime_0\" value=\"MzIwNNI1ACJDBQMzKwMjKyMjAA==\" \/><input type=\"hidden\" name=\"postContent_0\" value=\"jVXdbts2GL3vU3yXLWArkpMmzWAEiJesQd0ORb0lQO\/o6JPEmqJckrIxv8x2kWfIVa+mF9shLcl23WG7cSiGPOd85\/vheHk1ts5UOr+6EZY+cS7Z1Dq3S9M8WZnKuqSZq53LhXFUCEcsNdN7aR3Tik3znGWsnZKPhRuQqC2lbOgL48w9G6GtE8qxkVqzplqnB7tUsFlVJueC9YBSySRLeicKQ6M4GYWNW6NEPdfSUtZ8M1vyO9AMA9jMGdH8ydqKslRQTVLTRKSshw847RyXczY5sSk8n4b+OeuIbvFrK1rXJmUqpcvZsVTQj+trVo8Fl\/SZJcARvVfxhdc4IHNAzFoqLBGFc5nU4IvGJ62L45Pl1YsxXOXy6nOdsxU6dbSqdDBm5kTqYNsaerze2WOxbp7m0j4WCEup8Qmu9RAt5L5lL6V+FUL3+gLkv7vB+qdjWe33dUQPVaEymO31zJsnhHF8\/NrMwQO93dkBTXgjzcL2l7aGBwEHpidxFJ9GhNgoeeOXPqcd7g3XDjEzKq5y+J0arjcDeg+zOEBj8aNM1ttteXSXkrMoPtvSjUZ+eUAnxaLS7a0HNovgHK8ETFJhW9NUGvz1JXDEeHx4K3TRX9l6kFxE8Xmr4cwvD0M29FEY6ZonF1B2Cegi\/h8GnMY9RQxXLw4ofvbwor\/uZd\/I5nnDlr1X6IB5bfLhrp+74G7NJu0O\/mJY+mPBxsstlWe9PKDq6mgS0axCcaI3Dlr7uJS6lNPvJXrMFVJlTBzdRwP6JNJKZRtWipLLvmpGF99Xza1SfwzvuLZ2ONViuUQkMvN9NKBdQX1oviFSDBXN1g+yNdI9QG9gdJx8kPiXyiBzgXTFCPB1W6HnfrnPNVGhsdvO4mLOhd8wMLHz93DGhEh21sZJhA7w4H\/\/RUn42Id\/yyUEQbHItm08k4ypBPThbyK3w+t0hS8\/ZfWPh9o+VzLquGh0xHRfqYWd+yj6DEyN5NzmmPBA8nPV+iHchvBfJTigqU+40JsQY9K3OJb7vHeYmFaYkpl+FU5WWihkB9Nq6b7WUI13BlDNs9L0llW6G1oYlqWHjlvo07Dch4aAjA1DQXgUQuf6F8jPokIXVWZLaS0ovXVt1Cr0V1\/ceGgmWNtc1N\/Tizoj380BC+8bli87XEyAMPRekfDg1s\/3Egk4J2RtmyqfzDCcj8NAnvow\/gE=\" \/> \t\t<a href=\"https:\/\/www.pdf24.org\" target=\"_blank\" title=\"www.pdf24.org\" rel=\"nofollow\"><img src=\"https:\/\/www.hohenlohe-ungefiltert.de\/wp-content\/plugins\/pdf24-post-to-pdf\/img\/pdf_32x32.png\" alt=\"\" border=\"0\" height=\"32\" \/><\/a> \t\t<span class=\"pdf24Plugin-cp-space\">&nbsp;&nbsp;<\/span> \t\t<span class=\"pdf24Plugin-cp-text\">Sende Artikel als PDF<\/span> \t\t<span class=\"pdf24Plugin-cp-space\">&nbsp;&nbsp;<\/span> \t\t<input class=\"pdf24Plugin-cp-input\" style=\"margin: 0px;\" type=\"text\" name=\"sendEmailTo\" placeholder=\"Emailadresse\" \/> \t\t<input class=\"pdf24Plugin-cp-submit\" style=\"margin: 0px;\" type=\"submit\" value=\"Senden\" \/> \t<\/form> <\/div>","protected":false},"excerpt":{"rendered":"<p>Das Regierungspr\u00e4sidium Stuttgart hat eine Liste ver\u00f6ffentlicht, aus der jene Veranstalterinnen und Veranstalter hervorgehen, die im Jahr 2012 die Erlaubnis f\u00fcr eine Haus- und Stra\u00dfensammlung in Baden-W\u00fcrttemberg erhalten haben. Ebenso wurde mitgeteilt, in welchem Zeitraum die jeweiligen Sammlungen stattfinden. Zugesandt von der Stadtverwaltung Schw\u00e4bisch Hall Veranstalter(in) und Zeit der Haus- und Stra\u00dfensammlungen: A. Wohlfahrtverb\u00e4nde: Arbeiterwohlfahrt, [&hellip;]<\/p>\n","protected":false},"author":3,"featured_media":0,"comment_status":"open","ping_status":"open","sticky":false,"template":"","format":"standard","meta":[],"categories":[],"tags":[],"_links":{"self":[{"href":"https:\/\/www.hohenlohe-ungefiltert.de\/index.php?rest_route=\/wp\/v2\/posts\/12904"}],"collection":[{"href":"https:\/\/www.hohenlohe-ungefiltert.de\/index.php?rest_route=\/wp\/v2\/posts"}],"about":[{"href":"https:\/\/www.hohenlohe-ungefiltert.de\/index.php?rest_route=\/wp\/v2\/types\/post"}],"author":[{"embeddable":true,"href":"https:\/\/www.hohenlohe-ungefiltert.de\/index.php?rest_route=\/wp\/v2\/users\/3"}],"replies":[{"embeddable":true,"href":"https:\/\/www.hohenlohe-ungefiltert.de\/index.php?rest_route=%2Fwp%2Fv2%2Fcomments&post=12904"}],"version-history":[{"count":4,"href":"https:\/\/www.hohenlohe-ungefiltert.de\/index.php?rest_route=\/wp\/v2\/posts\/12904\/revisions"}],"predecessor-version":[{"id":12918,"href":"https:\/\/www.hohenlohe-ungefiltert.de\/index.php?rest_route=\/wp\/v2\/posts\/12904\/revisions\/12918"}],"wp:attachment":[{"href":"https:\/\/www.hohenlohe-ungefiltert.de\/index.php?rest_route=%2Fwp%2Fv2%2Fmedia&parent=12904"}],"wp:term":[{"taxonomy":"category","embeddable":true,"href":"https:\/\/www.hohenlohe-ungefiltert.de\/index.php?rest_route=%2Fwp%2Fv2%2Fcategories&post=12904"},{"taxonomy":"post_tag","embeddable":true,"href":"https:\/\/www.hohenlohe-ungefiltert.de\/index.php?rest_route=%2Fwp%2Fv2%2Ftags&post=12904"}],"curies":[{"name":"wp","href":"https:\/\/api.w.org\/{rel}","templated":true}]}}