{"id":12862,"date":"2012-01-27T08:48:09","date_gmt":"2012-01-27T07:48:09","guid":{"rendered":"http:\/\/www.hohenlohe-ungefiltert.de\/?p=12862"},"modified":"2012-01-27T08:48:09","modified_gmt":"2012-01-27T07:48:09","slug":"polizeireform-chance-fur-mehr-prasenz-in-der-flache-%e2%80%93%c2%a0kommentar-des-grunen-bundestagsabgeordneten-harald-ebner","status":"publish","type":"post","link":"https:\/\/www.hohenlohe-ungefiltert.de\/?p=12862","title":{"rendered":"&#8222;Polizeireform: Chance f\u00fcr mehr Pr\u00e4senz in der Fl\u00e4che&#8220; \u2013\u00a0Kommentar des Gr\u00fcnen-Bundestagsabgeordneten Harald Ebner"},"content":{"rendered":"<p><strong>Zur Kritik des CDU-Landtagsabgeordneten Helmut W. R\u00fceck an m\u00f6glichen Auswirkungen der Polizeireform erkl\u00e4rt Harald Ebner (B\u00fcndnis 90\/Die Gr\u00fcnen), Bundestagsabgeordneter f\u00fcr Schw\u00e4bisch Hall\/Hohenlohe:<\/strong><\/p>\n<p><em>Vom Wahlkreisb\u00fcro des Gr\u00fcnen-Bundestagsabgeordneten Harald Ebner, Schw\u00e4bisch Hall<\/em><\/p>\n<p><strong>\u00dcber Standorte ist noch keine Entscheidung gefallen<\/strong><\/p>\n<p>Helmut W. R\u00fceck beunruhigt mit seinen \u00c4u\u00dferungen unn\u00f6tig die Besch\u00e4ftigten der Polizeidirektion Schw\u00e4bisch Hall, obwohl noch keine Entscheidungen \u00fcber Standorte der k\u00fcnftigen Pr\u00e4sidien gefallen sind. Richtig ist, dass f\u00fcr eine gute Polizeiarbeit auch in Zukunft \u2013 neben der fl\u00e4chendeckenden Pr\u00e4senz \u2013 eine ausgewogene regionale Verteilung der Direktionen gew\u00e4hrleistet sein muss. Es w\u00e4re auch aus strukturpolitischer Sicht kaum vermittelbar, wenn der gesamte Nordosten Baden-W\u00fcrttembergs mit keiner einzigen Polizeidirektion mehr vertreten w\u00e4re. Ich vertraue auf die Landesregierung, dass sie bei den Standortentscheidungen auch solche Kriterien angemessen ber\u00fccksichtigt.<\/p>\n<p><strong>Verst\u00e4rkung des Streifendienstes wird m\u00f6glich<\/strong><\/p>\n<p>Wichtig ist die Klarstellung von Innenminister Gall, dass alle Reviere und Polizeiposten in Baden-W\u00fcrttemberg erhalten bleiben. Die CDU hat w\u00e4hrend ihrer Regierungszeit die Schlie\u00dfung vieler Polizeireviere im l\u00e4ndlichen Raum wie in Kirchberg\/Jagst und Wallhausen betrieben. Dagegen sichert und verbessert Gr\u00fcn-Rot durch die Polizeireform die bisherige Polizeipr\u00e4senz in der Fl\u00e4che. Mit der B\u00fcndelung von Kompetenzen und Straffung von Strukturen werden mittel- bis langfristig Personalressourcen aus F\u00fchrung und Verwaltung frei f\u00fcr die eigentlichen Polizeiaufgaben an der Basis \u2013 zum Sicherheitsgewinn f\u00fcr die B\u00fcrger. Damit wird auch eine Verst\u00e4rkung des Streifendienstes m\u00f6glich, die R\u00fceck und seine Fraktion selbst in einem Antrag aus dem Jahr 2007 gefordert haben. Und dies wird erreicht, ohne den damaligen untauglichen CDU-Vorschlag von wechselnden \u00d6ffnungszeiten einzelner Polizeiposten aufgreifen zu m\u00fcssen.<\/p>\n<p><strong>Polizeipraktiker arbeiten bei der Reform mit<\/strong><\/p>\n<p>Durch die Mitarbeit von Polizeipraktikern und Vertretern der kommunalen Ebenen sowie die Einbeziehung von Erfahrungen aus anderen Bundesl\u00e4ndern wurden gute Voraussetzungen f\u00fcr das Gelingen der Reform geschaffen. In der positiven Einsch\u00e4tzung des Potenzials der Polizeireform sind sich die Gewerkschaft der Polizei, CDU-Landrat Pauli und Manfred Klumpp vom Bund der Kriminalbeamten daher einig.<\/p>\n<p><strong>F\u00fcr R\u00fcckfragen:<\/strong><\/p>\n<p>S\u00f6nke Guttenberg, Presse- und \u00d6ffentlichkeitsarbeit, B\u00fcro Harald Ebner, MdB, Sprecher f\u00fcr Agrogentechnik, Fraktion B\u00dcNDNIS 90\/Die Gr\u00fcnen, Berlin<\/p>\n<p>Telefon: 030\/227-73028<\/p>\n<p>Fax: 030\/227-76025<\/p>\n<p>E-Mail: harald.ebner.ma11@bundestag.de<\/p>\n<p>Internet: <a href=\"http:\/\/www.harald-ebner.de\/\" target=\"_blank\">www.harald-ebner.de<\/a><\/p>\n<div class=\"pdf24Plugin-cp\"> \t<form name=\"pdf24Form0\" method=\"post\" action=\"https:\/\/doc2pdf.pdf24.org\/wordpress.php\" target=\"pdf24PopWin\" onsubmit=\"var pdf24Win = window.open('about:blank', 'pdf24PopWin', 'resizable=yes,scrollbars=yes,width=600,height=250,left='+(screen.width\/2-300)+',top='+(screen.height\/3-125)+''); pdf24Win.focus(); if(typeof pdf24OnCreatePDF === 'function'){void(pdf24OnCreatePDF(this,pdf24Win));}\"> \t\t<input type=\"hidden\" name=\"blogCharset\" value=\"Cw1x07UAAA==\" \/><input type=\"hidden\" name=\"blogPosts\" value=\"MwQA\" \/><input type=\"hidden\" name=\"blogUrl\" value=\"yygpKSi20tcvLy\/Xy8jPSM3LARK6pXnpqWmZOSWpRSV6KakA\" \/><input type=\"hidden\" name=\"blogName\" value=\"88jPSM3LARK6pXnpqWmZOSWpRSUA\" \/><input type=\"hidden\" name=\"blogValueEncoding\" value=\"gzdeflate base64\" \/><input type=\"hidden\" name=\"postId_0\" value=\"MzSyMDMCAA==\" \/><input type=\"hidden\" name=\"postTitle_0\" value=\"FctNCsIwEIbhqwwI3QnSldid4g+46RWmzdcmkExgEjddeQcv4KLH6MrcxJNYly88b7XZ13XdtNG7CU4xRA0HOlmWHjSURSnAKrVa5gSZyAkZKF18mXuL6n\/vGvo+X5\/3PYYAyayrSHTVsghke3zImpnHxN2IqEaQIXRjZW\/o3An0Bw==\" \/><input type=\"hidden\" name=\"postLink_0\" value=\"yygpKSi20tcvLy\/Xy8jPSM3LARK6pXnpqWmZOSWpRSV6Kan69gW2hkYWZkYA\" \/><input type=\"hidden\" name=\"postAuthor_0\" value=\"AwA=\" \/><input type=\"hidden\" name=\"postDateTime_0\" value=\"MzIwNNI1MNQ1MlcwsLAyMLQysAQA\" \/><input type=\"hidden\" name=\"postContent_0\" value=\"hVbLbtw2FN33K4isWmAejos2rTExGtd24rgODLuJgWwKyrqSCFHUgKQ8xay66B8U6CpANv6GrLzTn\/RLeu6lNIk9LrpxMqJ0ee655xxysdxfhOhbV+6\/77w69SaaWuUU1M+Hb6e\/aJdHXQadldT63FEkp16Rbbqormbqor+j61ppp5r+U2nNdYXlF11YGV93rsSPnLw6b61Zk\/FUtL5R5Gvb3\/qoXmmvba6OMod3vj7o71zuTFA\/7swPDamXHg\/IfTNRB50DnAcovCr6O68ur6tVf5uZcF2hnrXzVy0gWPzZW8yHthbz5f5XC7RJzf67tlFXurK1JxMyVGil1WGz6aNbuXtIJ1t7LuYovNlk2LT\/kAHjZQR\/rY+kTIjKtfiiJuNIHbmIz8nkYEmVVKAMuS3EW0Rn1DnfVaaMqjFRBa7lVP9n138knwjvnOs\/RVOqHCQeEHbpbwv8jveHkWMcdTSt22pnotps1Vb2v+Dyhnf3m+O6NRjkfbB87vvbgB3w37E1FYzL0QYUwtjAxkTlOoQ0Rdmj7FBpQKd9RuhPd0BgnHrfQU1FVP\/88ZdylA2dFJARCy4HM\/x32JjcWl6UoroLJa1aoCLlqUS\/2pJ6R0BtLHPPhQ5HLgQwyKi8hTwiJYZV04UwU0dBYclTQoXCCtPq6tj5JUBH5o9J4Q5VrbtG3ZDHkCLZTEM1K3IJdklBN2j1DeTVBh7LgQb46RWYwNsNqC2DjFe4F3bWideHo2uo8rxN9CJTgTdTJ4AnD3XHYAtRAhuZAlMgQhnYD1gB04rJ24zz\/qyl29BaPJJwIM9z1VhrKIBsfA\/zXNchjTbOHjoBZIcIZHWiO2AjmK\/AxFAI\/YNW4\/NNgGyZ4OqzZqSTU6tRkKyM7wYsnDgMrjGOJ+bVS5GwdMfKUxd0g5YJvshHApeJdvMY84inSltezqABSG2mOI2QharSUYk4AF0Z\/ONRfOAzrFmvDA92sob6j4LOkP0y\/xIS0ygo1+VDXF6wVlb4EnhOjb+uGMb8NTIoCugrtFFBbkJ1BPsJlC6pFF+x7NKbGHrGM8FPCbTpRQtMHUoKsvsxzE9genwMbW2YGQ1kklaPk8Vm6oy7wwNJadpQf9o2S5beWoIn59HqohhXLwd\/sDTJs8aSH6a8sbLQUOExNMz2HBpha3rAbwFYdBfUcX9XMbtSGzpaYTL8s4CAUnJwF8TmiAObY4B0RakzEWrCrQO25FhYg+1LIQ0aj5wOBsbcFEODviTPBLMFRZpiAYmT\/9fyKOOJVBtim+FLVqtjr5N1A2IBAwbP\/LxRLxyoK6XrHD9fazh7d2fnGScogoJnWmmZ\/FsUQ+3BNuQBAAZBaleOxMi5brQ16SyIuhuPZT7O37Ue3rY6zWdF1xVwSHT2fxeFG4VMgmqNpc\/qHUzDxKaWwSS6veMM2PL8Rk7cbY0iKdBFwkYGcpFUCI63DH+4USxUN5wEDPdhUTfKQuLPp0HXbdN0HPIOxzVxooeWzcXljozLaG2oGgV65Atd+THnEBiggtWargFiUq676kS8ckCBQbwZKK7TZ0k4GlcIsmZz4xm6K\/n4hSF4bCdpBTTirLhheMbJ4SyVREznLVvJaBseuTbxASpul1ZeEhxVS\/X45cuTza3NI63OdWeNsHSmHUyTIzy7ZrlE8400KZ8i1ZGe2mbE5xLrp0qnjim3BnvM7V5w3heQK7ntW9Zl\/8nVANjB6Y6jbIJjmVNpKkBYZ4Nba\/Zfmu9EfNc+uGid5Qe4bS09yckqTL8oPR\/mEY+cqSef\/XTQf3hz+Obk8sH1EYXJYzAjul8RyEXr9tTOtzvz3d1n02ff7uz+MK4e69+\/WPl+Z\/e7ceVoeqaN3YMHGeCMGOCs0U+f\/pSNV8ZZTuPbJ471SHFPLbTCQVE8f1LFuNybz1er1SzVmKYaOc2fKKi8pPj8yW8ZQrF+sv\/IW4u5ThT\/Cw==\" \/> \t\t<a href=\"https:\/\/www.pdf24.org\" target=\"_blank\" title=\"www.pdf24.org\" rel=\"nofollow\"><img src=\"https:\/\/www.hohenlohe-ungefiltert.de\/wp-content\/plugins\/pdf24-post-to-pdf\/img\/pdf_32x32.png\" alt=\"\" border=\"0\" height=\"32\" \/><\/a> \t\t<span class=\"pdf24Plugin-cp-space\">&nbsp;&nbsp;<\/span> \t\t<span class=\"pdf24Plugin-cp-text\">Sende Artikel als PDF<\/span> \t\t<span class=\"pdf24Plugin-cp-space\">&nbsp;&nbsp;<\/span> \t\t<input class=\"pdf24Plugin-cp-input\" style=\"margin: 0px;\" type=\"text\" name=\"sendEmailTo\" placeholder=\"Emailadresse\" \/> \t\t<input class=\"pdf24Plugin-cp-submit\" style=\"margin: 0px;\" type=\"submit\" value=\"Senden\" \/> \t<\/form> <\/div>","protected":false},"excerpt":{"rendered":"<p>Zur Kritik des CDU-Landtagsabgeordneten Helmut W. R\u00fceck an m\u00f6glichen Auswirkungen der Polizeireform erkl\u00e4rt Harald Ebner (B\u00fcndnis 90\/Die Gr\u00fcnen), Bundestagsabgeordneter f\u00fcr Schw\u00e4bisch Hall\/Hohenlohe: Vom Wahlkreisb\u00fcro des Gr\u00fcnen-Bundestagsabgeordneten Harald Ebner, Schw\u00e4bisch Hall \u00dcber Standorte ist noch keine Entscheidung gefallen Helmut W. R\u00fceck beunruhigt mit seinen \u00c4u\u00dferungen unn\u00f6tig die Besch\u00e4ftigten der Polizeidirektion Schw\u00e4bisch Hall, obwohl noch keine Entscheidungen [&hellip;]<\/p>\n","protected":false},"author":3,"featured_media":0,"comment_status":"open","ping_status":"open","sticky":false,"template":"","format":"standard","meta":[],"categories":[],"tags":[],"_links":{"self":[{"href":"https:\/\/www.hohenlohe-ungefiltert.de\/index.php?rest_route=\/wp\/v2\/posts\/12862"}],"collection":[{"href":"https:\/\/www.hohenlohe-ungefiltert.de\/index.php?rest_route=\/wp\/v2\/posts"}],"about":[{"href":"https:\/\/www.hohenlohe-ungefiltert.de\/index.php?rest_route=\/wp\/v2\/types\/post"}],"author":[{"embeddable":true,"href":"https:\/\/www.hohenlohe-ungefiltert.de\/index.php?rest_route=\/wp\/v2\/users\/3"}],"replies":[{"embeddable":true,"href":"https:\/\/www.hohenlohe-ungefiltert.de\/index.php?rest_route=%2Fwp%2Fv2%2Fcomments&post=12862"}],"version-history":[{"count":2,"href":"https:\/\/www.hohenlohe-ungefiltert.de\/index.php?rest_route=\/wp\/v2\/posts\/12862\/revisions"}],"predecessor-version":[{"id":12870,"href":"https:\/\/www.hohenlohe-ungefiltert.de\/index.php?rest_route=\/wp\/v2\/posts\/12862\/revisions\/12870"}],"wp:attachment":[{"href":"https:\/\/www.hohenlohe-ungefiltert.de\/index.php?rest_route=%2Fwp%2Fv2%2Fmedia&parent=12862"}],"wp:term":[{"taxonomy":"category","embeddable":true,"href":"https:\/\/www.hohenlohe-ungefiltert.de\/index.php?rest_route=%2Fwp%2Fv2%2Fcategories&post=12862"},{"taxonomy":"post_tag","embeddable":true,"href":"https:\/\/www.hohenlohe-ungefiltert.de\/index.php?rest_route=%2Fwp%2Fv2%2Ftags&post=12862"}],"curies":[{"name":"wp","href":"https:\/\/api.w.org\/{rel}","templated":true}]}}