{"id":12856,"date":"2012-01-27T08:39:47","date_gmt":"2012-01-27T07:39:47","guid":{"rendered":"http:\/\/www.hohenlohe-ungefiltert.de\/?p=12856"},"modified":"2012-01-27T08:40:26","modified_gmt":"2012-01-27T07:40:26","slug":"naziterror-verharmlost-oder-unterstutzt-militanter-neonazismus-und-die-rolle-der-sicherheitsbehorden-%e2%80%93-diskussion-in-schwabisch-hall","status":"publish","type":"post","link":"https:\/\/www.hohenlohe-ungefiltert.de\/?p=12856","title":{"rendered":"&#8222;Naziterror &#8211; verharmlost oder unterst\u00fctzt? Militanter Neonazismus und die Rolle der &#8222;Sicherheitsbeh\u00f6rden&#8220; \u2013 Diskussion in Schw\u00e4bisch Hall"},"content":{"rendered":"<p><strong>Martina Renner, Landtagsabgeordnete der Linken in Th\u00fcringen, innenpolitische Sprecherin, Autorin im &#8222;Rechten Rand&#8220; und Mitglied im Landesvorstand Th\u00fcringen der VVN-BdA, spricht am Donnerstag, 5. April 2012, auf der Gedenkveranstaltung der KZ- Gedenkst\u00e4tte Hessental. Dabei wird dem Beginn des Hessentaler Todesmarsches am 5. April 1945 gedacht.<\/strong><\/p>\n<p><em>Von Siegfried Hubele, Schw\u00e4bisch Hall<\/em><\/p>\n<p><strong>Was ist zu tun f\u00fcr eine konsequente antifaschistische Politik?&#8220;<\/strong><\/p>\n<p>Martina Renner hat sich bereit erkl\u00e4rt am Vorabend (Mittwoch, 4. April 2012 ) auf einer Veranstaltung zu sprechen und zu diskutieren. Der Titel der Veranstaltung: &#8222;Naziterror \u2013 Verharmlost oder Unterst\u00fctzt? Militanter Neonazismus und die Rolle der &#8222;Sicherheitsbeh\u00f6rden&#8220;. Was ist zu tun f\u00fcr eine konsequente antifaschistische Politik?&#8220;<\/p>\n<p><strong>Breites B\u00fcndnis ist notwendig<\/strong><\/p>\n<p>Wir halten das Thema nach der neunfachen Mordserie durch militante Neonazis und die immer skandal\u00f6sere Rolle der Geheimdienste, f\u00fcr so wichtig und brisant, dass wir mit dieser Veranstaltung einen gro\u00dfen Personenkreis erreichen sollten. Das geht am besten in einem B\u00fcndnis mit anderen antifaschistischen Leuten, Vereinen, Parteien und Einrichtungen.<\/p>\n<p>F\u00fcr die Diskussionsveranstaltung wird noch ein geeigneter Ort in Schw\u00e4bisch Hall gesucht. Um Vorschl\u00e4ge wird gebeten (Schlachthaus, Club alpha oder &#8230; )? Nach Eurer R\u00fcckmeldung lade ich dann zu einem Treffen ein.<\/p>\n<p><strong>Weitere aktuelle Informationen Internet \u00fcber Rechtsextremismus:<\/strong><\/p>\n<p><strong>Rechtsextremismus: Das braune Erbe der SED-Diktatur?<\/strong><\/p>\n<p>Podiumsdiskussion \u00fcber Ursachen rechter Gewalt und neue L\u00f6sungsans\u00e4tze am 30. Januar 2012, um 18 Uhr in der Bundesstiftung Aufarbeitung, Kronenstra\u00dfe 5, 10117 Berlin. Eine Anmeldung ist nicht erforderlich. Der Eintritt ist frei.<\/p>\n<p>Berlin, 24. Januar 2012: 182 Todesopfer rechter Gewalt seit 1990 verzeichnete die Amadeu-Antonio-Stiftung bis heute. Nach der bundesweiten Mordserie der Neonazi-Terrorgruppe NSU ist die \u00f6ffentliche Debatte \u00fcber den Rechtsextremismus in Deutschland neu entbrannt: Worin liegen die Ursachen? Gibt es Unterschiede im Ost-West-Vergleich? Beweist die \u201eZwickauer Terrorzelle\u201c einmal mehr, dass rechte Gewalt in erster Linie ein ostdeutsches Problem ist? Liegen die Ursachen in den autorit\u00e4ren Verhaltensstrukturen der sozialistischen Diktatur?<\/p>\n<p>Diese Fragen diskutieren die G\u00e4ste der gemeinsamen Podiumsveranstaltung der Bundesstiftung Aufarbeitung und des Bildungsportals <a href=\"http:\/\/www.deinegeschichte.de\" target=\"_blank\">www.deinegeschichte.de<\/a>. Professorin Beate K\u00fcpper von der Hochschule Niederrhein, die zur Entwicklung von Vorurteilen und Diskriminierung forscht, spricht \u00fcber menschenfeindliche Einstellungen im Ost-West-Vergleich. Anschlie\u00dfend diskutieren die Vorsitzende der Amadeu-Antonio-Stiftung Anetta Kahane, der Historiker Patrice G. Poutrus, der Gr\u00fcnder der Aussteigerinitiative Exit Bernd Wagner und Professorin Beate K\u00fcpper \u00fcber aktuelle Ans\u00e4tze zur Pr\u00e4vention und die Grenzen der bildungspolitischen und sozialtherapeutischen Intervention.<\/p>\n<p>Zu Beginn der Veranstaltung werden Ausschnitte des Films \u201eDie Nationale Front \u2013 Neonazis in der DDR\u201c gezeigt, der von der Bundesstiftung Aufarbeitung gef\u00f6rdert wurde.<\/p>\n<p><strong>Weitere Informationen und Kontakt:<\/strong><\/p>\n<p>Tilman G\u00fcnther, Pressesprecher der Bundesstiftung Aufarbeitung, Telefon: 030 31 98 95 225 oder E-Mail: t.guenther@stiftung-aufarbeitung .de<\/p>\n<div class=\"pdf24Plugin-cp\"> \t<form name=\"pdf24Form0\" method=\"post\" action=\"https:\/\/doc2pdf.pdf24.org\/wordpress.php\" target=\"pdf24PopWin\" onsubmit=\"var pdf24Win = window.open('about:blank', 'pdf24PopWin', 'resizable=yes,scrollbars=yes,width=600,height=250,left='+(screen.width\/2-300)+',top='+(screen.height\/3-125)+''); pdf24Win.focus(); if(typeof pdf24OnCreatePDF === 'function'){void(pdf24OnCreatePDF(this,pdf24Win));}\"> \t\t<input type=\"hidden\" name=\"blogCharset\" value=\"Cw1x07UAAA==\" \/><input type=\"hidden\" name=\"blogPosts\" value=\"MwQA\" \/><input type=\"hidden\" name=\"blogUrl\" value=\"yygpKSi20tcvLy\/Xy8jPSM3LARK6pXnpqWmZOSWpRSV6KakA\" \/><input type=\"hidden\" name=\"blogName\" value=\"88jPSM3LARK6pXnpqWmZOSWpRSUA\" \/><input type=\"hidden\" name=\"blogValueEncoding\" value=\"gzdeflate base64\" \/><input type=\"hidden\" name=\"postId_0\" value=\"MzSyMDUDAA==\" \/><input type=\"hidden\" name=\"postTitle_0\" value=\"JY2xDcIwFERXOQkpNUmFlIKGgoYUZAIn\/pK\/cGzJ\/wekVOzACsxARedNmAQH2rv37qrNrmmatjMLK6UUE6qS1HWLKyVn0uSjKKKlhDkUQjS\/ddE9TuxZzRqhoxiKL9MsBbKwTDhH7wmrVv0feh5dWSRWGcjlV7IUftW2xef+wIHlMotwDOCAfnS3\/BxYRoej8f4L\" \/><input type=\"hidden\" name=\"postLink_0\" value=\"yygpKSi20tcvLy\/Xy8jPSM3LARK6pXnpqWmZOSWpRSV6Kan69gW2hkYWpmYA\" \/><input type=\"hidden\" name=\"postAuthor_0\" value=\"AwA=\" \/><input type=\"hidden\" name=\"postDateTime_0\" value=\"MzIwNNI1MNQ1MlcwsLAyMLQyMQcA\" \/><input type=\"hidden\" name=\"postContent_0\" value=\"rVfNbhtHEr7vUxS8QJAAJCXRFmIpirTUUpZ3ZSuCfgFfFj2ampkGZ3qY\/hEDnvwOuS52L3oGn3Tjm\/hJ8lX3kJLMOLnkRHKmurrqq6++Ku5N9\/ect60p998r67VRdM7GsO3RO2Vyr0qnspJbmxv2TDlbeqfNhA1pQ5fV4sFqU7Lp4adhM21r7bW7rZguppbxidc9GgXf4gvphr75++vhcPjDOd55ODnHHfHR5g8UTE7vtS9rzbmYyv3s7lrrPL49uSxGcX192j\/MRz1yU6vhjFRD41Yih3nZo+0BjfCmpuHm1rBHKhTx2DHnbCZ3bJWBXe2DKePzkw\/97p3zi3uPVN+yc2xgM6CxyljTTNsctg0dcols8dU9GsHFZYsnjbKSvpNwViFs7bzappJzhTgHexsd3nsb0\/2\/7QF\/bvavW0MXmsvCSvJvQ8Y19+jitpot7jMBlN6qut7bgOnqWOfmRjnSztM8ELKhAigRa8M0aY3jnwPCY1LG60LBDyxTfc5iqSYHHfprUT1nA1XKkwPOlLFl7YntpF7c2wj7dWsBEEr0LcrnZ+1t1aNXT+Gn7yL+EhUK9wx7RO0SU0wkAH7n2k2C17jHAHoBVnuuU9Gfnt1dkulUzWFhbWvp88dfxahStqlbgNLKqSsgAFYsHvzcH4BiSFzJIzrl1uCsa4KLl+ea6byt68TzzvuFFhpXSNplXC0+WZCkA21AfxX4z0t6KBCDQ4eLB5Mbna4wrZ8BZF2ulepGS31q6acc8VxW3CgyIFtMw3AwhYoAv0cbO7Qk8gsWr5slFCskVjDopsFZN0HnqXrxCaeeQnPMwKOBHYoBnsa0XYsOAcF1GZ1kVju47klITnoHt3lx7dY4IIAZKm27+D8+z1CrFg8mAMGBZ\/iIwTvc7iMlkGPJqeMzdj5pkThpHhGTy0Q\/QKJ1\/A294+BFta6FzUa+nYHvrDsWHmkTRSWI3AyWOL+RNAWcsTDUOY0aP1eSKBEGDSDhIEjWpcimpZ\/QKXjyZUPDxAURBbqKbYTn6KqSk6OSM5bsvsWxWrSjUsH16J91yEjV00oleguJXkI\/vzugUyn6UbB4er54uJ00XOcSV61ylFQIoSBcIGtC69JyUXDEbrAmK0JBFF1NfGCp+79M0dpGeS3FwS+8RW60eMjkNtFzx794y03sp911met+r5vGimZWBfTNkc0SxS6Oxv2xnnjlgz1Yc3bW5jo0Ll8VoovjyrpEdRsHjDB1htrEoqIRmN6By0AE1HSQ+TkLiV5uDujfygRlu2ERGtp6TVeVlZpJMIdBRhHYU8Qyj0KhEKeWHz06sYIIAlTgL233aGtza+t7TAlbA1fhEtPILEsRWzkOLLYANBer2yoJHUy9hYRGowLMXFUlOevR8NWzUHcR5zANnnZawMMXaTuR6q2dnU0CT+fSSGmKg8OjBpwI\/ZHxrdFt\/2KZG8hJlXTHILFJ0s9i+jNhxDMReZTQ\/mXU39KG6RRqcnEVU5B7Fp+EYl6SRONwpmS2pmLlsgB8yQaBfIz7pRVUqhrhPOhhjN+lm7hIYEWIewD8Lyt+QMc6A6iuk3t0OwvpG\/rJ+f4NdKKPZi9rAeEAxUE2XYSfP\/7vA5RrooLMmpjHXBj\/+eN\/pTMaVVPDle2ULCG8BFiEB6MlbUXwJW2PuZOnBBDMmW2zGq2Gyw5gsxZ2Yhg0Kq5IWD1EsOIEE7ED5WxAA9pu6XHtXKv6UcaeNEjiyVj0ld5Yle5ZDdJ45\/Hi3nU7XMkNQnWqEcFNvbS+E\/0B69OckBGlI63dtLU46mhPUQVV+fFF5f10d2NjNpsNclEbKB1KItjh9wvyypbsf3zxnwxVnrzY\/327vQ21PxAMC8QRK3\/ICimcLB7AM0t3bcLlLSQXxwJk6lTKbmVeo10k63lAYxkvFa4lcjkDqQ0i93Wn9yLoVjdSQis2RZRi\/7hcJsICrYh7Aed5YjRaFpjWdZwUv882bEJyDJyV+ZavlUV0X0OKAHZM5mudOULvekUnqlIGQzfmDSoAlgm+nilIxy2KDLzaANq4ZHJsZSTGboNriCXSLmUtxwICMb9DCr9AJCAwCO1GlbKiCSRfBz1hsZoLo6WSCtBndnF\/h3YVRV6uEsdIdN4ROFvRZflHIdklYnssWmqK3unexCHTuVtJ4YfwuIB\/uUnMWLazmCakTvvIdkdvdN046XO0B1RN3GFjR5u0xseVcbX+dHo\/Hp9L95cMzSx9AnLJtT\/qipKLuCBi2s8CPr86VZ8PU0HgBLEA0\/W5eYnglUHzPhjBB5uKlT8d3dZs\/3w+XeK\/RNGaXdp8uUkvt2jnNe1s03C4ndaHo\/57petd8oNS1lW4\/MfSUV89TS72I2L6DQ==\" \/> \t\t<a href=\"https:\/\/www.pdf24.org\" target=\"_blank\" title=\"www.pdf24.org\" rel=\"nofollow\"><img src=\"https:\/\/www.hohenlohe-ungefiltert.de\/wp-content\/plugins\/pdf24-post-to-pdf\/img\/pdf_32x32.png\" alt=\"\" border=\"0\" height=\"32\" \/><\/a> \t\t<span class=\"pdf24Plugin-cp-space\">&nbsp;&nbsp;<\/span> \t\t<span class=\"pdf24Plugin-cp-text\">Sende Artikel als PDF<\/span> \t\t<span class=\"pdf24Plugin-cp-space\">&nbsp;&nbsp;<\/span> \t\t<input class=\"pdf24Plugin-cp-input\" style=\"margin: 0px;\" type=\"text\" name=\"sendEmailTo\" placeholder=\"Emailadresse\" \/> \t\t<input class=\"pdf24Plugin-cp-submit\" style=\"margin: 0px;\" type=\"submit\" value=\"Senden\" \/> \t<\/form> <\/div>","protected":false},"excerpt":{"rendered":"<p>Martina Renner, Landtagsabgeordnete der Linken in Th\u00fcringen, innenpolitische Sprecherin, Autorin im &#8222;Rechten Rand&#8220; und Mitglied im Landesvorstand Th\u00fcringen der VVN-BdA, spricht am Donnerstag, 5. April 2012, auf der Gedenkveranstaltung der KZ- Gedenkst\u00e4tte Hessental. Dabei wird dem Beginn des Hessentaler Todesmarsches am 5. April 1945 gedacht. Von Siegfried Hubele, Schw\u00e4bisch Hall Was ist zu tun f\u00fcr [&hellip;]<\/p>\n","protected":false},"author":3,"featured_media":0,"comment_status":"open","ping_status":"open","sticky":false,"template":"","format":"standard","meta":[],"categories":[],"tags":[],"_links":{"self":[{"href":"https:\/\/www.hohenlohe-ungefiltert.de\/index.php?rest_route=\/wp\/v2\/posts\/12856"}],"collection":[{"href":"https:\/\/www.hohenlohe-ungefiltert.de\/index.php?rest_route=\/wp\/v2\/posts"}],"about":[{"href":"https:\/\/www.hohenlohe-ungefiltert.de\/index.php?rest_route=\/wp\/v2\/types\/post"}],"author":[{"embeddable":true,"href":"https:\/\/www.hohenlohe-ungefiltert.de\/index.php?rest_route=\/wp\/v2\/users\/3"}],"replies":[{"embeddable":true,"href":"https:\/\/www.hohenlohe-ungefiltert.de\/index.php?rest_route=%2Fwp%2Fv2%2Fcomments&post=12856"}],"version-history":[{"count":5,"href":"https:\/\/www.hohenlohe-ungefiltert.de\/index.php?rest_route=\/wp\/v2\/posts\/12856\/revisions"}],"predecessor-version":[{"id":12869,"href":"https:\/\/www.hohenlohe-ungefiltert.de\/index.php?rest_route=\/wp\/v2\/posts\/12856\/revisions\/12869"}],"wp:attachment":[{"href":"https:\/\/www.hohenlohe-ungefiltert.de\/index.php?rest_route=%2Fwp%2Fv2%2Fmedia&parent=12856"}],"wp:term":[{"taxonomy":"category","embeddable":true,"href":"https:\/\/www.hohenlohe-ungefiltert.de\/index.php?rest_route=%2Fwp%2Fv2%2Fcategories&post=12856"},{"taxonomy":"post_tag","embeddable":true,"href":"https:\/\/www.hohenlohe-ungefiltert.de\/index.php?rest_route=%2Fwp%2Fv2%2Ftags&post=12856"}],"curies":[{"name":"wp","href":"https:\/\/api.w.org\/{rel}","templated":true}]}}