{"id":12831,"date":"2012-01-24T20:52:38","date_gmt":"2012-01-24T19:52:38","guid":{"rendered":"http:\/\/www.hohenlohe-ungefiltert.de\/?p=12831"},"modified":"2012-01-24T22:52:58","modified_gmt":"2012-01-24T21:52:58","slug":"bundestagsabgeordneter-harald-ebner-grune-eroffnet-sein-wahlkreisburo-in-schwabisch-hall","status":"publish","type":"post","link":"https:\/\/www.hohenlohe-ungefiltert.de\/?p=12831","title":{"rendered":"&#8222;Bundestagsabgeordneter Harald Ebner (Gr\u00fcne) er\u00f6ffnet sein Wahlkreisb\u00fcro in Schw\u00e4bisch Hall&#8220;"},"content":{"rendered":"<p><strong>Das Wahlkreisb\u00fcro des Gr\u00fcnen-Bundestagsabgeordneten Harald Ebner wird am\u00a0Samstag, 28. Januar 2012, um 15 Uhr in der Gelbinger Gasse 87 in Schw\u00e4bisch Hall offiziell er\u00f6ffnet.<\/strong><\/p>\n<p><em>Vom Gr\u00fcnen-Wahlkreisb\u00fcro Schw\u00e4bisch Hall<\/em><\/p>\n<p><strong>Sprecher f\u00fcr Agrogentechnik<\/strong><\/p>\n<p>Im Rahmen eines Tags der Offenen T\u00fcr k\u00f6nnen alle interessierten B\u00fcrgerinnen und B\u00fcrger die R\u00e4ume in Augenschein nehmen. Alle sind herzlich dazu eingeladen, bei H\u00e4ppchen und Getr\u00e4nken mit dem Abgeordneten ins Gespr\u00e4ch zu kommen. Harald Ebner vertritt den Wahlkreis Schw\u00e4bisch Hall-Hohenlohe seit Mai 2011 in Berlin. Der Agraringenieur wurde von der Gr\u00fcnen-Bundestagsfraktion zu ihrem Sprecher f\u00fcr Agrogentechnik gew\u00e4hlt. Aber auch viele weitere Themen am Schnittpunkt von Landwirtschaft, Naturschutz und Verbraucherschutz vertritt Harald Ebner f\u00fcr die Gr\u00fcnen-Fraktion in Aussch\u00fcssen und Gremien.<\/p>\n<p><strong>Gro\u00dfprojekte Ausbau der A6 und Verl\u00e4ngerung der Stadtbahn<\/strong><\/p>\n<p>Die Verkehrspolitik ist der zweite Arbeitsschwerpunkt des Abgeordneten, die sich aktuell im Wahlkreis durch die beiden Gro\u00dfprojekte Ausbau der A6 und Verl\u00e4ngerung der Stadtbahn widerspiegelt.\u00a0&#8222;Das Wahlkreisb\u00fcro in Schw\u00e4bisch Hall bietet stets einen kurzen und direkten Draht f\u00fcr B\u00fcrgerinnen und B\u00fcrger zu ihrem Abgeordneten&#8220;, erkl\u00e4rt Harald Ebner.\u00a0Das B\u00fcro ist t\u00e4glich au\u00dfer freitags von 9 bis 14 Uhr ge\u00f6ffnet. In der Regel ist Harald Ebner jeden zweiten Dienstagnachmittag dort pers\u00f6nlich anzutreffen.<\/p>\n<p><strong> Weitere Informationen und Kontakt:<\/strong><\/p>\n<p>Mitarbeiterin:\u00a0Ute Klaperoth-Spohr<\/p>\n<p>Harald Ebner, MdB,\u00a0Bundestagsfraktion B\u00fcndnis 90\/Die Gr\u00fcnen<\/p>\n<p>Wahlkreisb\u00fcro,\u00a0Gelbinger Gasse 87,\u00a074523 Schw\u00e4bisch Hall<\/p>\n<p>Telefon: 0791 978237 31<\/p>\n<p>Fax: 0791 978237 33<\/p>\n<p>E-Mail: harald.ebner@wk.bundestag.de<\/p>\n<p><strong>Internet:<\/strong> <a href=\"http:\/\/www.harald-ebner.de\/\" target=\"_blank\">http:\/\/www.harald-ebner.de\/<\/a><\/p>\n<p>&nbsp;<\/p>\n<p><em><br \/>\n<\/em><\/p>\n<div class=\"pdf24Plugin-cp\"> \t<form name=\"pdf24Form0\" method=\"post\" action=\"https:\/\/doc2pdf.pdf24.org\/wordpress.php\" target=\"pdf24PopWin\" onsubmit=\"var pdf24Win = window.open('about:blank', 'pdf24PopWin', 'resizable=yes,scrollbars=yes,width=600,height=250,left='+(screen.width\/2-300)+',top='+(screen.height\/3-125)+''); pdf24Win.focus(); if(typeof pdf24OnCreatePDF === 'function'){void(pdf24OnCreatePDF(this,pdf24Win));}\"> \t\t<input type=\"hidden\" name=\"blogCharset\" value=\"Cw1x07UAAA==\" \/><input type=\"hidden\" name=\"blogPosts\" value=\"MwQA\" \/><input type=\"hidden\" name=\"blogUrl\" value=\"yygpKSi20tcvLy\/Xy8jPSM3LARK6pXnpqWmZOSWpRSV6KakA\" \/><input type=\"hidden\" name=\"blogName\" value=\"88jPSM3LARK6pXnpqWmZOSWpRSUA\" \/><input type=\"hidden\" name=\"blogValueEncoding\" value=\"gzdeflate base64\" \/><input type=\"hidden\" name=\"postId_0\" value=\"MzSyMDYEAA==\" \/><input type=\"hidden\" name=\"postTitle_0\" value=\"U1O2MDIysnYqzUtJLS5JTC9OTEpPzS9KyUstSS1S8EgsSsxJUXBNygNyNNyLDu\/JS9VUSC06vC0tDahCoTg1M08hPDEjJ7soNbM46fCeonwFoEhwckb54SVJmcXJGUAjcnLUQJYYWAMA\" \/><input type=\"hidden\" name=\"postLink_0\" value=\"yygpKSi20tcvLy\/Xy8jPSM3LARK6pXnpqWmZOSWpRSV6Kan69gW2hkYWxoYA\" \/><input type=\"hidden\" name=\"postAuthor_0\" value=\"AwA=\" \/><input type=\"hidden\" name=\"postDateTime_0\" value=\"MzIwNNI1MNQ1MlEwMrAyMLQytgAA\" \/><input type=\"hidden\" name=\"postContent_0\" value=\"pVXLcts4ELzvV0x5q3LSw5KTyJYV1crlxPZmvamynOS4BZpDEiEJsgDQ2tLPxAd9Q04+mT+WBiTKenhz2QuLIICZ7p6e4agcj4zVhYrH58LQV5FkqWZpgvpRFxSyoQtdPypW7bNKYWlFbEQQc6FDxZYVXQotspDeB4o1zaQOSeRPD1ORu6Mt6h936E+hKqGpf9jrt6jKqfeGPieapEJ8TRecBVLF7k0Yw3Q8cDvTu2RWLwJp7hKkyDIqokjOJeONdf0jipC9M+quoI+65fi3EahwPv5S5GvMO3R2g466OL++u4o1LTXfJYAT4Q5NYl3ErCw+KZnuJbzK6UYkOXRgqSDWLeTxrD5FEQMB3bogaf1DuQVSMshZ1myMZO30O8MBkJf+ACRuPlAomW7qRZW7KzSpgAK4kYYUu4wdmrhwRuIO4M4zCVahmFcOSsyZCFm1KGBJl\/WiLHF1Gf+Cra4XKsUylxZgc5psFlQq1JxNiUMIiHBpkft0W5W+B3otrbuvnl2zp3D7skDeDA8yjGzXQjof9BylM9aZRNxz9jIL7WAryRV8VOmQ6b5YOWTPgZEWqZXYBjyZaFD4VdUoZoBKMgvJAhwRFdDdw0tMM4BCNeg2YVdEkTsGCrzKSqXWI\/hLqBC+tqAkItuiv4WtNBaVnXs9v7AOtAvJzde1NluKeWCuqA2dDw0JX16Dy\/UjGmBVJZCSUH3XnRe6qL+XuvjGqWV3LRCVF2nytkGTobowUKVivzG1IrSBSNSeec8BBudTTrQpi0xaSCWN9bfmXhmaaBjIOmwz1ktN3EzYNEzLkzLOfeBTuQ6V+YYlwko7Y+IMQjm3\/A8KGDBYm1IyDG47Tw+vfj\/u9\/unL4yul2ZIIAHYksHD+IZVlFZ6vpI8lNohUnSuRWKX9frP7lwbb1MKj+bwtIURlYKC3nYA4DqcZ0t40NnWi9h3rajq784hQO\/c7W13ArSGeq\/9qIy5GXl0teyJG6eAj7Jlsm\/sFF4WD0TgINcvStwl6HW8UVgAVQkNMZKWudW8sprduNozG31dtceVigqdC+fWlQ4fC2VR7uGeqa5BwZvGqTZ8eviMGn\/MBFIWNmlPyyLRzdFN5C26Ds9aTw8v9DgEU6GCGCeH3fPn\/mmibNcdIfZ\/KPg4eP2mf\/TCD2AZ4xazICrUkA4HJz06GRz3jwZ01Gu2P4h\/d7aOmq33bYy0bEiJ59Jhx+WPWdoJGh6dkHdlvXJ\/ABTzWTwaCYKboncHCUbPsNudzWadZci2D4ko3QOCsjHbdwf\/BJlQ6cH4F4dHXbEuySsVmPJ08x85CjR1sVr\/\/34C\" \/> \t\t<a href=\"https:\/\/www.pdf24.org\" target=\"_blank\" title=\"www.pdf24.org\" rel=\"nofollow\"><img src=\"https:\/\/www.hohenlohe-ungefiltert.de\/wp-content\/plugins\/pdf24-post-to-pdf\/img\/pdf_32x32.png\" alt=\"\" border=\"0\" height=\"32\" \/><\/a> \t\t<span class=\"pdf24Plugin-cp-space\">&nbsp;&nbsp;<\/span> \t\t<span class=\"pdf24Plugin-cp-text\">Sende Artikel als PDF<\/span> \t\t<span class=\"pdf24Plugin-cp-space\">&nbsp;&nbsp;<\/span> \t\t<input class=\"pdf24Plugin-cp-input\" style=\"margin: 0px;\" type=\"text\" name=\"sendEmailTo\" placeholder=\"Emailadresse\" \/> \t\t<input class=\"pdf24Plugin-cp-submit\" style=\"margin: 0px;\" type=\"submit\" value=\"Senden\" \/> \t<\/form> <\/div>","protected":false},"excerpt":{"rendered":"<p>Das Wahlkreisb\u00fcro des Gr\u00fcnen-Bundestagsabgeordneten Harald Ebner wird am\u00a0Samstag, 28. Januar 2012, um 15 Uhr in der Gelbinger Gasse 87 in Schw\u00e4bisch Hall offiziell er\u00f6ffnet. Vom Gr\u00fcnen-Wahlkreisb\u00fcro Schw\u00e4bisch Hall Sprecher f\u00fcr Agrogentechnik Im Rahmen eines Tags der Offenen T\u00fcr k\u00f6nnen alle interessierten B\u00fcrgerinnen und B\u00fcrger die R\u00e4ume in Augenschein nehmen. Alle sind herzlich dazu eingeladen, bei [&hellip;]<\/p>\n","protected":false},"author":3,"featured_media":0,"comment_status":"open","ping_status":"open","sticky":false,"template":"","format":"standard","meta":[],"categories":[],"tags":[],"_links":{"self":[{"href":"https:\/\/www.hohenlohe-ungefiltert.de\/index.php?rest_route=\/wp\/v2\/posts\/12831"}],"collection":[{"href":"https:\/\/www.hohenlohe-ungefiltert.de\/index.php?rest_route=\/wp\/v2\/posts"}],"about":[{"href":"https:\/\/www.hohenlohe-ungefiltert.de\/index.php?rest_route=\/wp\/v2\/types\/post"}],"author":[{"embeddable":true,"href":"https:\/\/www.hohenlohe-ungefiltert.de\/index.php?rest_route=\/wp\/v2\/users\/3"}],"replies":[{"embeddable":true,"href":"https:\/\/www.hohenlohe-ungefiltert.de\/index.php?rest_route=%2Fwp%2Fv2%2Fcomments&post=12831"}],"version-history":[{"count":2,"href":"https:\/\/www.hohenlohe-ungefiltert.de\/index.php?rest_route=\/wp\/v2\/posts\/12831\/revisions"}],"predecessor-version":[{"id":12833,"href":"https:\/\/www.hohenlohe-ungefiltert.de\/index.php?rest_route=\/wp\/v2\/posts\/12831\/revisions\/12833"}],"wp:attachment":[{"href":"https:\/\/www.hohenlohe-ungefiltert.de\/index.php?rest_route=%2Fwp%2Fv2%2Fmedia&parent=12831"}],"wp:term":[{"taxonomy":"category","embeddable":true,"href":"https:\/\/www.hohenlohe-ungefiltert.de\/index.php?rest_route=%2Fwp%2Fv2%2Fcategories&post=12831"},{"taxonomy":"post_tag","embeddable":true,"href":"https:\/\/www.hohenlohe-ungefiltert.de\/index.php?rest_route=%2Fwp%2Fv2%2Ftags&post=12831"}],"curies":[{"name":"wp","href":"https:\/\/api.w.org\/{rel}","templated":true}]}}