{"id":12805,"date":"2012-01-22T16:01:11","date_gmt":"2012-01-22T15:01:11","guid":{"rendered":"http:\/\/www.hohenlohe-ungefiltert.de\/?p=12805"},"modified":"2012-01-22T16:01:11","modified_gmt":"2012-01-22T15:01:11","slug":"weltklasse-arbeitsbedingungen-fur-weltmarktfuhrer-%e2%80%93-ig-metall-fordert-gute-arbeit-fur-die-belegschaften","status":"publish","type":"post","link":"https:\/\/www.hohenlohe-ungefiltert.de\/?p=12805","title":{"rendered":"&#8222;Weltklasse-Arbeitsbedingungen f\u00fcr Weltmarktf\u00fchrer&#8220; \u2013 IG Metall fordert &#8222;Gute Arbeit&#8220; f\u00fcr die Belegschaften"},"content":{"rendered":"<p><strong>Anl\u00e4sslich des zweiten Weltmarktf\u00fchrerkongresses, der von Dienstag, 24. bis Donnerstag, 26. Januar 2012, in Schw\u00e4bisch Hall stattfindet, lenkt die IG Metall den Blick auf die Belegschaften der Firmen und fordert f\u00fcr diese \u201eWeltklasse-Arbeitsbedingungen\u201c, wie sie zum Beispiel in den Tarifvertr\u00e4gen f\u00fcr die Metall- und Elektroindustrie geregelt sind<\/strong>.<\/p>\n<p><em>Von Heidi Scharf,\u00a01. Bevollm\u00e4chtigte der\u00a0IG Metall Schw\u00e4bisch Hall<\/em><\/p>\n<p><strong>\u201eTarifvertr\u00e4ge sind die Grundlage f\u00fcr gute Arbeit&#8220;<\/strong><\/p>\n<p>Dazu geh\u00f6ren die 35-Stunden-Woche, festes Urlaubs- und Weihnachtsgeld sowie die \u00dcbernahme der Auszubildenden nach der Ausbildung und Schutzbestimmungen f\u00fcr \u00e4ltere Arbeitnehmerinnen und Arbeitnehmer. \u201eTarifvertr\u00e4ge sind die Grundlage f\u00fcr gute Arbeit. Sie geben den Unternehmen Planungssicherheit und sorgen f\u00fcr zufriedene, motivierte Besch\u00e4ftigte\u201c, sagt Heidi Scharf, 1. Bevollm\u00e4chtigte der IG Metall Schw\u00e4bisch Hall, die in den vergangenen Wochen mit der Begr\u00fc\u00dfung des 10000. IG-Metall-Mitglieds einen gro\u00dfen Erfolg bei der Gewinnung neuer Mitstreiter feiern konnte.<\/p>\n<p><strong>Ein gew\u00e4hlter\u00a0Betriebsrat geh\u00f6rt zur \u201eMindestausstattung\u201c von Weltmarktf\u00fchrern<\/strong><\/p>\n<p>\u201eWir wollen verl\u00e4ssliche Arbeitsbedingungen f\u00fcr die Arbeitnehmerinnen und Arbeitnehmer statt einseitig verf\u00fcgte Bestimmungen\u201c, so Scharf weiter. Auch die Wahl eines Betriebsrates geh\u00f6rt f\u00fcr die Gewerkschaftsfunktion\u00e4rin zur \u201eMindestausstattung\u201c von Weltmarktf\u00fchrern. Sie weist darauf hin, dass in Betrieben ohne Betriebsrat die Arbeitsbedingungen nachweislich schlechter und die Einkommen niedriger sind. Sie appelliert an Arbeitnehmerinnen und Arbeitnehmer, ihre Rechte auf demokratische Mitbestimmung im Betrieb wahrzunehmen und Betriebsr\u00e4te zu w\u00e4hlen.<\/p>\n<p><strong>Gutes Einkommen und sichere Besch\u00e4ftigungsverh\u00e4ltnisse<\/strong><\/p>\n<p>\u201eWir freuen uns, wenn es in unserer Region viele wirtschaftlich erfolgreiche und gut aufgestellte Unternehmen gibt. Wir betrachten es als unsere Aufgabe, auf den Anteil der Belegschaften an diesem Erfolg hinzuweisen und fordern eine entsprechende Anerkennung in Form von \u201eTop\u201c-Arbeitsbedingungen, gutem Einkommen und sicheren Besch\u00e4ftigungsverh\u00e4ltnissen.\u201c In diesem Zusammenhang erteilt sie Leiharbeit eine klare Absage: \u201eWeltmarktf\u00fchrer sind prek\u00e4rer Besch\u00e4ftigung unw\u00fcrdig\u201c, sagt Scharf und fordert, f\u00fcr gleiche Arbeit gleiches Geld zu zahlen und den Menschen mit unbefristeten Arbeitsstellen eine Perspektive zu bieten. Positiv hebt die IG Metall dabei die Firma Voith in Crailsheim hervor, in der Betriebsrat und Gesch\u00e4ftsf\u00fchrung zwar Leiharbeit nicht ganz abgeschafft, aber in vorbildlicher Weise gleiches Einkommen f\u00fcr gleiche Arbeit vereinbart haben.<\/p>\n<p><strong>Weitere Informationen und Kontakt:<\/strong><\/p>\n<p><a href=\"http:\/\/www.schwaebisch-hall.igm.de\/\" target=\"_blank\">http:\/\/www.schwaebisch-hall.igm.de\/<\/a><\/p>\n<p><a href=\"http:\/\/www.m-i-c.de\/weltmarktfuehrer2012\/\" target=\"_blank\">http:\/\/www.m-i-c.de\/weltmarktfuehrer2012\/<\/a><\/p>\n<p><strong>Tarifrunde Metall- und Elektroindustrie 2012:<\/strong><\/p>\n<p>Aktuelle Rahmenbedingungen und Forderungsdiskussion. Stand bei den Verhandlungen zu Leiharbeit, \u00dcbernahme der Auszubildenden und Kurzarbeit<\/p>\n<p><strong>Termin:<\/strong><\/p>\n<p>Montag, 23. Januar 2012, von 17.30 Uhr bis 20 Uhr<\/p>\n<p><strong>Veranstaltungsort:\u00a0<span style=\"font-weight: normal;\">Max-Kade-Halle,\u00a0Gro\u00dfcomburger Weg,\u00a074523 Schw\u00e4bisch Hall<\/span><\/strong><\/p>\n<p><strong>Tagesordnung:<\/strong><\/p>\n<p>Stand der Verhandlungen<\/p>\n<p>\u2013 zum Tarifvertrag Kurzarbeit, Qualifizierung und Besch\u00e4ftigung<\/p>\n<p>\u2013 zur Leiharbeit und unbefristeter \u00dcbernahme der Auszubildenden<\/p>\n<p><strong>Forderungsdiskussion<\/strong><\/p>\n<p>\u2013 aktuelle Rahmenbedingungen<\/p>\n<p>\u2013 Berichte aus den Betrieben<\/p>\n<p>\u2013 Empfehlung f\u00fcr unsere Tarifkommissionsmitglieder<\/p>\n<div class=\"pdf24Plugin-cp\"> \t<form name=\"pdf24Form0\" method=\"post\" action=\"https:\/\/doc2pdf.pdf24.org\/wordpress.php\" target=\"pdf24PopWin\" onsubmit=\"var pdf24Win = window.open('about:blank', 'pdf24PopWin', 'resizable=yes,scrollbars=yes,width=600,height=250,left='+(screen.width\/2-300)+',top='+(screen.height\/3-125)+''); pdf24Win.focus(); if(typeof pdf24OnCreatePDF === 'function'){void(pdf24OnCreatePDF(this,pdf24Win));}\"> \t\t<input type=\"hidden\" name=\"blogCharset\" value=\"Cw1x07UAAA==\" \/><input type=\"hidden\" name=\"blogPosts\" value=\"MwQA\" \/><input type=\"hidden\" name=\"blogUrl\" value=\"yygpKSi20tcvLy\/Xy8jPSM3LARK6pXnpqWmZOSWpRSV6KakA\" \/><input type=\"hidden\" name=\"blogName\" value=\"88jPSM3LARK6pXnpqWmZOSWpRSUA\" \/><input type=\"hidden\" name=\"blogValueEncoding\" value=\"gzdeflate base64\" \/><input type=\"hidden\" name=\"postId_0\" value=\"MzSyMDAFAA==\" \/><input type=\"hidden\" name=\"postTitle_0\" value=\"U1O2MDIysg5PzSnJzkksLk7VdSxKSs0sKU5KTcnMSy\/NS0\/NU0g7vKdIAaQkN7EouwTIyyhKLVID6TSwVnjUMFnB013BN7UkMSdHIS2\/KCW1qERBDWKue2lJqgLERJh6sGEpmakKTqk5qenFyRmJaSWpeQA=\" \/><input type=\"hidden\" name=\"postLink_0\" value=\"yygpKSi20tcvLy\/Xy8jPSM3LARK6pXnpqWmZOSWpRSV6Kan69gW2hkYWBqYA\" \/><input type=\"hidden\" name=\"postAuthor_0\" value=\"AwA=\" \/><input type=\"hidden\" name=\"postDateTime_0\" value=\"MzIwNNI1MNQ1MlIwNLMyMLQyNAQA\" \/><input type=\"hidden\" name=\"postContent_0\" value=\"nVfNbhs3EL73KQYu0JMkJ3baFI5iwG4cJ00NpEkTA70UXGuWS4jLFUiu1eqUd8g1aHzQM\/SUU\/QmeZJ+w11JK8txghgwbK3I+fnmm29mh5PDYYi+cvrwyNnFPARrLgoacaDZlE1kR+dsY6n8OOaLD4VnP8ZhzyFw6OGcp8vK0SPDLkSle7R3b0CZCfSoco59++ynAf2qXK087d25u9cj4+jlRTFdzHES3p4oawlHY8yNG3HskWU3jjQyTE9P6YyjHBghlmNENyZV5+m7Y7asYUDlEqfE8tj4Ev\/WbkR55fEkEqL2cjowfXrzryQztgrR9498hgRDxiPjdO00u09v3vVoCsMBv7O6hAMTJoatBCzu\/1De5Jew6hdznF\/ZbkPsJ8cnlsdAFJnUQBZfavas4Rdm3Wi428I9GO5ODr8bAn8uD18DwydsRkZwUT7vfby6O4D7y8racjG\/KKLRkSXFj1drRK5jONyFqZXZ1g+S3gw7hZGiPvWI1yo8SonoGi4aVH74\/ue9vTsPVsEujT5Ssxr5FIv\/vCAOG\/s\/9l9GmGHXP68uCu5RziGCPq+8VXUWGkzO2RROIY0AIEYUKkFZri\/eZeydKsqUHB3VYVZnxsKc4C1Xls\/lKaqUzCHxOs4yODJlmUrXZLCY2wiw2yQcw6w34GHDiO7TAX0TLgN6mQqacUOIVw7+kkVHzy0o7nQIaCD2BU4nr6Hyq\/hmdQ5C4CJgKqtoLg2cC49RwcU8T0VOJAxKx01C0Gf4QJ+nQy8l01IXaWolSElHS6EclYhQLByz9osPi\/eCrjT+3Tv4GcBwv6X1mYnaIu5AbOS+9tXiPf6e+LyymgBMsnPKU4AtVhzX+IxroI+IiAcpkKojaAcQG1zn6AmC1IzgC6nfx6tjlsbJglexZVsEdl5qdiYKAa2oQxIMeANgSYOu65TbYq\/0v\/E0BYgNIivBW9a3qwbr7v4ynRr1EngCnhktxnFdN8VdsbSpbdXWlJLAgopHtdAcjs5VYRPGgToQ4NMShFVIwBpK3GhfyGuopancYo7wvgGohtWIJoAQyou8FsaBPtBJ4U8bC\/KuCsfd0DrwbEAnjSv20jBBlJZBWcBUtx2Ggo+rUrrGgVfeaIEQATeRqMmErZXeIOW+An0MFORBL5KTZjpwWY0Rn\/QCCxHXWkGmXGZAU1X4Wd32r1hdpbaYRxkBlDjJbouxp7WUZZ1G6vTU+BvtLHoAKhQiTM5g6nyOk7lHy4gZDNUpO0eckMdnWPRITaO+BL2wKJTxsal8gpdTF6LPJFWJA3olIGjRYYuG2lApbTKomLjMkKtIMidnyobWG+iYa5VBohokUQHcN7bViu7IVa6ZrOVSCkCbWS2F3xjCLnGa2MUw8SzaM4IXrAdjbvQCmT6ufJnYKbpcTcDVGwZ0L2lxeTPu7lbg3UDo\/3QV8J91UGKhgCiSqLBJA5rpN4wqlTw3UWNbEEwySDIfLFeIbvs0cwOJjdF\/CaJuFIhwiqYdGb0W9rb9O1tKr500ljtitPwY0O0YmmDjTAkZmy7C3zMsXSslr13GmC6ouVSmxS4xgFv8n2Mfm2A3MZeJ2pmRkwN6XgVI1iUVnG2tXCppO57JYqXodWViIdX6xStjA2ZciWv+svK9Zs74DXGQOE+XaIQElyAym2IR7MDskCSSVW5GKtOc2JUDEjj3YhbmZfgnnfaySmCVW0GzpsJNCIICSD1TUJIC5rb7+DxJMHJ2qESpREVbgJ9VLqpxPNjq2KEilD1\/uFPEODnY3Z1OpwPEPFWcRm+\/AHIDo8vBiHd3KCqM\/\/hw568M68F45\/ArLg131a3Oyr7pX8jB6YqJNQsTZbm+3eXtVzcct1mnHUn2oS8suWJgG6ujcayFgfRCVjzXHRFi5XFiv\/TqyIQxJhXgxwiICt81W4Wj1+hifLbNLfB2zZzeF9bHVMbaz5rTW5mxL43bjvlMCi9vLfvX3lpEne7eH+zfoVeFTy85e+nf64YRsZK3IStDF+tfPPh4NQwTiGWI\/1h+uJPDQx8qqYt4QE54Zx\/sHJ6pv\/vP1Ij7srsx3gBOZc26qMqs9joRX+Ph\/Xs\/7u3fsPmL\/cNtrq6qiL4C2KK22xk3gAuAG2CvR9Tb9Da0XpeV7uDao99rZU1uZibVsh2kXRHctLTR\/HK4K13+9ppeT+wmBt0wY9+S+iwTu6eOsWK0S0RoXjiXq0\/31Ek5ybkQkBrRaedmwkfEyKQwQtmuzdww5H8=\" \/> \t\t<a href=\"https:\/\/www.pdf24.org\" target=\"_blank\" title=\"www.pdf24.org\" rel=\"nofollow\"><img src=\"https:\/\/www.hohenlohe-ungefiltert.de\/wp-content\/plugins\/pdf24-post-to-pdf\/img\/pdf_32x32.png\" alt=\"\" border=\"0\" height=\"32\" \/><\/a> \t\t<span class=\"pdf24Plugin-cp-space\">&nbsp;&nbsp;<\/span> \t\t<span class=\"pdf24Plugin-cp-text\">Sende Artikel als PDF<\/span> \t\t<span class=\"pdf24Plugin-cp-space\">&nbsp;&nbsp;<\/span> \t\t<input class=\"pdf24Plugin-cp-input\" style=\"margin: 0px;\" type=\"text\" name=\"sendEmailTo\" placeholder=\"Emailadresse\" \/> \t\t<input class=\"pdf24Plugin-cp-submit\" style=\"margin: 0px;\" type=\"submit\" value=\"Senden\" \/> \t<\/form> <\/div>","protected":false},"excerpt":{"rendered":"<p>Anl\u00e4sslich des zweiten Weltmarktf\u00fchrerkongresses, der von Dienstag, 24. bis Donnerstag, 26. Januar 2012, in Schw\u00e4bisch Hall stattfindet, lenkt die IG Metall den Blick auf die Belegschaften der Firmen und fordert f\u00fcr diese \u201eWeltklasse-Arbeitsbedingungen\u201c, wie sie zum Beispiel in den Tarifvertr\u00e4gen f\u00fcr die Metall- und Elektroindustrie geregelt sind. Von Heidi Scharf,\u00a01. Bevollm\u00e4chtigte der\u00a0IG Metall Schw\u00e4bisch Hall [&hellip;]<\/p>\n","protected":false},"author":3,"featured_media":0,"comment_status":"open","ping_status":"open","sticky":false,"template":"","format":"standard","meta":[],"categories":[],"tags":[],"_links":{"self":[{"href":"https:\/\/www.hohenlohe-ungefiltert.de\/index.php?rest_route=\/wp\/v2\/posts\/12805"}],"collection":[{"href":"https:\/\/www.hohenlohe-ungefiltert.de\/index.php?rest_route=\/wp\/v2\/posts"}],"about":[{"href":"https:\/\/www.hohenlohe-ungefiltert.de\/index.php?rest_route=\/wp\/v2\/types\/post"}],"author":[{"embeddable":true,"href":"https:\/\/www.hohenlohe-ungefiltert.de\/index.php?rest_route=\/wp\/v2\/users\/3"}],"replies":[{"embeddable":true,"href":"https:\/\/www.hohenlohe-ungefiltert.de\/index.php?rest_route=%2Fwp%2Fv2%2Fcomments&post=12805"}],"version-history":[{"count":1,"href":"https:\/\/www.hohenlohe-ungefiltert.de\/index.php?rest_route=\/wp\/v2\/posts\/12805\/revisions"}],"predecessor-version":[{"id":12806,"href":"https:\/\/www.hohenlohe-ungefiltert.de\/index.php?rest_route=\/wp\/v2\/posts\/12805\/revisions\/12806"}],"wp:attachment":[{"href":"https:\/\/www.hohenlohe-ungefiltert.de\/index.php?rest_route=%2Fwp%2Fv2%2Fmedia&parent=12805"}],"wp:term":[{"taxonomy":"category","embeddable":true,"href":"https:\/\/www.hohenlohe-ungefiltert.de\/index.php?rest_route=%2Fwp%2Fv2%2Fcategories&post=12805"},{"taxonomy":"post_tag","embeddable":true,"href":"https:\/\/www.hohenlohe-ungefiltert.de\/index.php?rest_route=%2Fwp%2Fv2%2Ftags&post=12805"}],"curies":[{"name":"wp","href":"https:\/\/api.w.org\/{rel}","templated":true}]}}