{"id":12800,"date":"2012-01-22T15:39:52","date_gmt":"2012-01-22T14:39:52","guid":{"rendered":"http:\/\/www.hohenlohe-ungefiltert.de\/?p=12800"},"modified":"2012-01-22T15:39:52","modified_gmt":"2012-01-22T14:39:52","slug":"spd-landtagsfraktion-sagt-dem-rechtsextremismus-im-internet-den-kampf-an","status":"publish","type":"post","link":"https:\/\/www.hohenlohe-ungefiltert.de\/?p=12800","title":{"rendered":"&#8222;SPD-Landtagsfraktion sagt dem Rechtsextremismus im Internet den Kampf an&#8220;"},"content":{"rendered":"<p><strong>Der baden-w\u00fcrttembergische Landtagsabgeordnete Nik Sakellariou (SPD): \u201eEs ist erschreckend, wie ausgepr\u00e4gt die\u00a0rechtsextreme Szene das Internet nutzt. Darin liegt eine gro\u00dfe\u00a0Gefahr f\u00fcr unsere Jugend, gegen die wir uns r\u00fcsten m\u00fcssen.\u201c Sein Fraktionskollege\u00a0Florian Wahl: \u201eDie Bek\u00e4mpfung von rechtem Hass im Netz\u00a0verlangt einen langen Atem und eine Doppelstrategie aus effektiven Gegenma\u00dfnahmen und medienp\u00e4dagogischer Aufkl\u00e4rung.\u201c<\/strong><\/p>\n<p><em>Von\u00a0Martin Mendler, Pressesprecher der SPD-Landtagsfraktion Baden-W\u00fcrttemberg<\/em><\/p>\n<p><strong>Junge Nutzer sollen mehr Zivilcourage zeigen<\/strong><\/p>\n<p>Im Kampf gegen rechtsextremistische Inhalte im Internet ruft die SPD-Landtagsfraktion\u00a0die jungen Nutzer zu mehr Zivilcourage auf, sieht aber auch die Betreiber sozialer Netzwerke in der Pflicht, die Kontrollen auf ihren Plattformen zu versch\u00e4rfen. Diese Schlussfolgerung zogen der sucht- und jugendpolitische Sprecher Florian Wahl und der innenpolitische Sprecher Nik Sakellariou aus der Stellungnahme der Landesregierung zum SPD-Antrag \u201eBek\u00e4mpfung von Rechtsextremismus im Internet und in sozialen Netzwerken\u201c\u00a0(Landtagsdrucksache 15\/1069).<\/p>\n<p><strong>Ganze H\u00e4rte des Gesetzes sp\u00fcren<\/strong><\/p>\n<p>\u201eEs ist erschreckend, wie ausgepr\u00e4gt die rechtsextreme Szene das Internet nutzt. Darin\u00a0liegt eine gro\u00dfe Gefahr f\u00fcr unsere Jugend, gegen die wir uns r\u00fcsten m\u00fcssen\u201c, sagte Sakellariou. Die Rechtsextremisten gingen bei ihren Netzaktivit\u00e4ten sehr trickreich vor und\u00a0verschleierten ihre wahren Absichten. \u201eAuch unterhalb der Schwelle strafbarer Handlungen muss mit aller Macht gegen Rechtsextremismus im Internet vorgegangen werden.\u00a0Straftaten mit rechtsextremem Hintergrund aber m\u00fcssen l\u00fcckenlos aufgekl\u00e4rt werden und\u00a0die Schuldigen m\u00fcssen die ganze H\u00e4rte des Gesetzes sp\u00fcren\u201c, verlangte Sakellariou.<\/p>\n<p><strong>Rechtsextreme Inhalte\u00a0bei der Polizei melden<\/strong><\/p>\n<p>Der SPD-Politiker nannte es bedauerlich, dass die Strafverfolgung an Landesgrenzen\u00a0ende. Dieser Umstand mache die Kontrolle durch die Zivilgesellschaft und durch die Betreiber von Websites, Servern, Netzwerken und Kommunikationsplattformen aber umso\u00a0wichtiger. Sakellariou appellierte an alle Betreiber von sozialen Netzwerken, selbst wirksame Kontrollmechanismen, etwa Meldefunktionen, einzuf\u00fchren. \u201eDiese m\u00fcssen jedoch\u00a0so ausgestaltet sein, dass sie nicht zur Verleumdung verleiten\u201c, betonte der SPD-Innenexperte. Er verwies ferner auf die M\u00f6glichkeit f\u00fcr alle Nutzer, rechtsextreme Inhalte\u00a0bei der Polizei zu melden.<\/p>\n<p><strong>Effektive Gegenma\u00dfnahmen und pr\u00e4ventive medienp\u00e4dagogische Aufkl\u00e4rung<\/strong><\/p>\n<p>Der Abgeordnete Florian Wahl warnte vor kurzatmigem Aktionismus. \u201eDie Bek\u00e4mpfung\u00a0von rechtem Hass im Netz verlangt einen langen Atem und eine Doppelstrategie aus effektiven Gegenma\u00dfnahmen und pr\u00e4ventiver medienp\u00e4dagogischer Aufkl\u00e4rung\u201c, sagte\u00a0Wahl, der in der SPD-Fraktion auch Sprecher f\u00fcr Verfassungsschutz ist.<\/p>\n<p><strong>Beschwerdestelle im Internet:\u00a0Portal<\/strong> <a href=\"http:\/\/www.jugendschutz.net\" target=\"_blank\">www.jugendschutz.net<\/a><\/p>\n<p>Er machte auf die vielen Pr\u00e4ventionsangebote f\u00fcr Jugendliche aufmerksam. \u201eDie Aufkl\u00e4rung unter Jugendlichen sowie die Vermittlung von Medienkompetenz muss weiter im\u00a0Mittelpunkt der Bem\u00fchungen stehen\u201c, betonte Wahl. Als Beispiel nannte er Beschwerdestellen wie das Portal <a href=\"http:\/\/www.jugendschutz.net\" target=\"_blank\">www.jugendschutz.net<\/a>, das bei der Bek\u00e4mpfung rechtsextremistischer Inhalte im Netz auf die Zusammenarbeit mit den Providern setze. Diese h\u00e4tten oft\u00a0Klauseln in ihren Allgemeinen Gesch\u00e4ftsbedingungen, auf deren Basis sich rechtsextremistische Inhalte schnell und unkompliziert l\u00f6schen oder sperren lassen.<\/p>\n<p><strong>Neue\u00a0Pr\u00e4ventionsangebote speziell f\u00fcr junge Menschen schaffen<\/strong><\/p>\n<p>Wahl bezeichnete es als \u201ewichtig und richtig, dass auch das Landeskriminalamt neue\u00a0Pr\u00e4ventionsangebote speziell f\u00fcr junge Menschen schaffen will\u201c. Es sei au\u00dferdem erfreulich, dass auch das Landesmedienzentrum (LMZ) und Einrichtungen der politischen Bildung ihre Aufkl\u00e4rungsarbeit zu rechtsextremistischen Aktivit\u00e4ten im Internet verst\u00e4rken\u00a0wollten. \u201eSolche pr\u00e4ventiven medienp\u00e4dagogischen Angebote m\u00fcssen dann aber auch\u00a0fester Bestandteil des Schulunterrichts werden\u201c, mahnte Wahl.<\/p>\n<p><strong>Weitere Informationen und Kontakt:<\/strong><\/p>\n<p><a href=\"http:\/\/www.spd.landtag-bw.de\/index.php?mid=2\" target=\"_blank\">http:\/\/www.spd.landtag-bw.de<\/a><strong><br \/>\n<\/strong><\/p>\n<p>&nbsp;<\/p>\n<div class=\"pdf24Plugin-cp\"> \t<form name=\"pdf24Form0\" method=\"post\" action=\"https:\/\/doc2pdf.pdf24.org\/wordpress.php\" target=\"pdf24PopWin\" onsubmit=\"var pdf24Win = window.open('about:blank', 'pdf24PopWin', 'resizable=yes,scrollbars=yes,width=600,height=250,left='+(screen.width\/2-300)+',top='+(screen.height\/3-125)+''); pdf24Win.focus(); if(typeof pdf24OnCreatePDF === 'function'){void(pdf24OnCreatePDF(this,pdf24Win));}\"> \t\t<input type=\"hidden\" name=\"blogCharset\" value=\"Cw1x07UAAA==\" \/><input type=\"hidden\" name=\"blogPosts\" value=\"MwQA\" \/><input type=\"hidden\" name=\"blogUrl\" value=\"yygpKSi20tcvLy\/Xy8jPSM3LARK6pXnpqWmZOSWpRSV6KakA\" \/><input type=\"hidden\" name=\"blogName\" value=\"88jPSM3LARK6pXnpqWmZOSWpRSUA\" \/><input type=\"hidden\" name=\"blogValueEncoding\" value=\"gzdeflate base64\" \/><input type=\"hidden\" name=\"postId_0\" value=\"MzSyMDAAAA==\" \/><input type=\"hidden\" name=\"postTitle_0\" value=\"U1O2MDIysg4OcNH1ScxLKUlML04rSswuyczPUyhOTC9RSEnNVQhKTc4oKU6tKClKzc0szi0tVsjMVfDMK0ktyksFqchT8E7MLUhTSMxTAxlnYA0A\" \/><input type=\"hidden\" name=\"postLink_0\" value=\"yygpKSi20tcvLy\/Xy8jPSM3LARK6pXnpqWmZOSWpRSV6Kan69gW2hkYWBgYA\" \/><input type=\"hidden\" name=\"postAuthor_0\" value=\"AwA=\" \/><input type=\"hidden\" name=\"postDateTime_0\" value=\"MzIwNNI1MNQ1MlIwNLUyMLQyNQIA\" \/><input type=\"hidden\" name=\"postContent_0\" value=\"tVfLjtvGEt3fr2h4EdiALCUXuBeIM55Ag3FsxxljkEFiwJugKRbJNptNorspGVrlQ4JEi\/mGrLyS\/iRfklPVlEbSKA6CJIvBSFQ\/quqcOnV41p2fhehbV55fkleZzsk9Xmw++BipyciXJswqUt9ol0ddBp2V1PrcUST12tTqRtdkrfam7dXDm+vLR0\/Ubz\/+\/CwoE6Iij72eZjW5fKQWhpTuQ0md39yWUeWG1iv8WsVA76OnhtTNkhypXAf10kXyuEW5Pi7jWF3iCqesIWwkg0Wlbze\/4IDnVOjKqwIRq94F8qS+7ku5sCT852twtfyo\/OZDiHjW4H8gN\/7tx5\/UDY5TX3ldR9O6ULfWYtt69ZVtvdFOvdGVlZwucc4F1Zvbpit6V6p565RET416oQMybtRrisv1ak7eajcEiqDxGf+mvLB3eQr\/su06sii8jlSmwigqCkIUcyx+zqE3evOL01WD77yvIaTius1trss2weLVtC9qu7n1iIizOZsMWJ5NuvP\/nAFbas6\/b916daV9RKJXqIwlP1LXnlCC0HEKOCfHH+B7vMW5GAqiLoQQb\/YIcTbBmbvzh\/u+RgBgBMDCQYGLiCoTgHlr5sbO2t5r\/L4kg7zuBfmyUa80yjogts8J0CgR8KWrtAXpUOUdN3xfCI1ORr5e8S\/vein+ENiyPxGU7ouRCoaqqDTyw\/dZJadeECIwmSS0NBplE4AX5GvE4aRm14U1iHYkG161DolJ7jhUGXDfqWurYyxazzDi\/rk0BRArwD8FUgWEP6tsH0LR2pIYSbVshbl8M4KJjwX\/d0LrrrVmKMnNFrx9rspS3mkcyHdq9XHbMvUE\/ohHuF0oJ0+4pBQ8EzSF1TdS6inS1CU3xXFDfHsAXdOHA7w4NNRtqKa7q6YDdderh1sIc9\/P6qA56s\/+N\/ns0\/9\/\/mh8TLjn2i1JvUAhIwcb0DIBx+FD6EDWEyz7C7qk\/pIsrVf3dEn9HVlCMUBIXSKxPZyELEcF5k2lEYZnZAbCcVW5BeYmbm55RWDKR29mNegMbs9bvjYXoUIhLAFeXsfb1ULLIdMsMK+Zo6jblFui59zRhFliy6xaIDRSrGFFpj2evQB+NjUcoA+qMWgpy31zBTDjkPnHOYLgsCxJJrgB8RmvVzd8R9RSI5x5gA7U1\/Dm0jO9pIOHOiq7+cAY2zZwP5YkShmHY1MJRD1mVW9zU94hIOiUf8YwwWkr9odYHbP12wM+DVq2XjFooiJoU2gjxMnmJ5h7OYjztXRzjW9OO+SsEEtGue4RA9AaMUVDEkQuGEJjSeHehDikZi4RN9i8XoGKNOiPV981IWoeMdJzB1Km8t4PeiiqWWKDtaANAElas\/v9Ti9ZCt4QKBQpjDBhPUJxo71+l52v2qbpnam1TN5uTycFxb4J7Xq1YBoCGz8+FC0en1aIy8kxy47uP6Ey6CqyGQQAjQd9ae7SbICPdmAjL6K40BiUgAK6JrNEnhq37NHP3B7jwRBAu7eMeUd5O6vWq9AmMUFBAXHEjcYNwGDGKMfpQEi9+h6gUd\/kIp38GcVKlMooti7Sbia\/ZCWn9x0nO1bPPC+HaAVVcMt4mTVc\/6vNryXzoMZRSXmkLGn2jY407Q85KDOSaXiPxM+2\/uSkPWH1hHWR309YlX2ncpLg0z1neTDQFtpzNVi16t4vdWxAh0ZNBRkRkPEJfwZ1+wODpv4lf7ZXAP+nZu1O49crznI0zOwd6FtHmuzIbngLrKBOgYRwTMDBgJen2j24LiiwRkPrQhSl3pPZJ+vVdetB0R0U6kwrULt4+qCKsXsymSwWi3GyHOmOMbY9UFFDnuPTBz9kKFv94PzUqrOJ3iELtrKoRNqxdG6Iu\/J6Wy20PgOQtVgj2aU5yUSWTQ1Jr+4w3itiGkn7G7jteZ7zRagShkW0W29yJZDUbdOBYm6ZRtSC2w6Fb+CQsZhsxy0vKFwQertK4wwVrI66k1Ebq6kNWGhCh6x2qsx7D2vvxGWwg0hl\/4erLQKjtp28b8pOeWm\/b6alI7bYvO1RafBZ+4w1hGdtLli1c4OT2UpAS7a2FS428khui7hevbJoEbKOOZx8yNRiWDSpx56TmN4iBswrGBap6ijdS7z4QgfDCgmuf9T+44tDQaXhegETqsVjAMP+1yAMaMU3Qy29NLe86B33xmvq0XgnOYidOBBXCBnl\/YHfmtLZMveKEyNalCqjJRsskTDIswY3QNphgknIPn0eBkJ60wByaTbX3jTGaasb+Mu\/GSD4Zi34inkReAbhLthS8LEBPQtP\/Z5hOAojSRdMQvTw+w+\/uXr7SGJ\/ZpyEnzqCi3z3dgEAjZVRJiZyr0fDwCWMlVPAOtHxnVU9cIJwp3jMgxs2AEN660ZvWsuU2NNbd0pvcfS2ZDtbhwa9e8lbrwpuT+lWtj+RjBWjJ4ZQtEUSDoNjlPZvdLXr\/mNWvRExYbKyj9HJOQxWx0Xo+ZP77+cndCB0+dimV6HH2WKc08QAl\/fjruq+bEz+9L\/3heFju0WOt9dmXk1w8XEYn7gsdF\/It98B\" \/> \t\t<a href=\"https:\/\/www.pdf24.org\" target=\"_blank\" title=\"www.pdf24.org\" rel=\"nofollow\"><img src=\"https:\/\/www.hohenlohe-ungefiltert.de\/wp-content\/plugins\/pdf24-post-to-pdf\/img\/pdf_32x32.png\" alt=\"\" border=\"0\" height=\"32\" \/><\/a> \t\t<span class=\"pdf24Plugin-cp-space\">&nbsp;&nbsp;<\/span> \t\t<span class=\"pdf24Plugin-cp-text\">Sende Artikel als PDF<\/span> \t\t<span class=\"pdf24Plugin-cp-space\">&nbsp;&nbsp;<\/span> \t\t<input class=\"pdf24Plugin-cp-input\" style=\"margin: 0px;\" type=\"text\" name=\"sendEmailTo\" placeholder=\"Emailadresse\" \/> \t\t<input class=\"pdf24Plugin-cp-submit\" style=\"margin: 0px;\" type=\"submit\" value=\"Senden\" \/> \t<\/form> <\/div>","protected":false},"excerpt":{"rendered":"<p>Der baden-w\u00fcrttembergische Landtagsabgeordnete Nik Sakellariou (SPD): \u201eEs ist erschreckend, wie ausgepr\u00e4gt die\u00a0rechtsextreme Szene das Internet nutzt. Darin liegt eine gro\u00dfe\u00a0Gefahr f\u00fcr unsere Jugend, gegen die wir uns r\u00fcsten m\u00fcssen.\u201c Sein Fraktionskollege\u00a0Florian Wahl: \u201eDie Bek\u00e4mpfung von rechtem Hass im Netz\u00a0verlangt einen langen Atem und eine Doppelstrategie aus effektiven Gegenma\u00dfnahmen und medienp\u00e4dagogischer Aufkl\u00e4rung.\u201c Von\u00a0Martin Mendler, Pressesprecher der [&hellip;]<\/p>\n","protected":false},"author":3,"featured_media":0,"comment_status":"open","ping_status":"open","sticky":false,"template":"","format":"standard","meta":[],"categories":[],"tags":[],"_links":{"self":[{"href":"https:\/\/www.hohenlohe-ungefiltert.de\/index.php?rest_route=\/wp\/v2\/posts\/12800"}],"collection":[{"href":"https:\/\/www.hohenlohe-ungefiltert.de\/index.php?rest_route=\/wp\/v2\/posts"}],"about":[{"href":"https:\/\/www.hohenlohe-ungefiltert.de\/index.php?rest_route=\/wp\/v2\/types\/post"}],"author":[{"embeddable":true,"href":"https:\/\/www.hohenlohe-ungefiltert.de\/index.php?rest_route=\/wp\/v2\/users\/3"}],"replies":[{"embeddable":true,"href":"https:\/\/www.hohenlohe-ungefiltert.de\/index.php?rest_route=%2Fwp%2Fv2%2Fcomments&post=12800"}],"version-history":[{"count":1,"href":"https:\/\/www.hohenlohe-ungefiltert.de\/index.php?rest_route=\/wp\/v2\/posts\/12800\/revisions"}],"predecessor-version":[{"id":12801,"href":"https:\/\/www.hohenlohe-ungefiltert.de\/index.php?rest_route=\/wp\/v2\/posts\/12800\/revisions\/12801"}],"wp:attachment":[{"href":"https:\/\/www.hohenlohe-ungefiltert.de\/index.php?rest_route=%2Fwp%2Fv2%2Fmedia&parent=12800"}],"wp:term":[{"taxonomy":"category","embeddable":true,"href":"https:\/\/www.hohenlohe-ungefiltert.de\/index.php?rest_route=%2Fwp%2Fv2%2Fcategories&post=12800"},{"taxonomy":"post_tag","embeddable":true,"href":"https:\/\/www.hohenlohe-ungefiltert.de\/index.php?rest_route=%2Fwp%2Fv2%2Ftags&post=12800"}],"curies":[{"name":"wp","href":"https:\/\/api.w.org\/{rel}","templated":true}]}}