{"id":12788,"date":"2012-01-21T14:11:02","date_gmt":"2012-01-21T13:11:02","guid":{"rendered":"http:\/\/www.hohenlohe-ungefiltert.de\/?p=12788"},"modified":"2012-01-22T17:40:27","modified_gmt":"2012-01-22T16:40:27","slug":"bundesprasident-wulffs-rechtsanwalte-stellen-239-seiten-fragen-und-antworten-ins-internet-%e2%80%93-dokumente-zum-nachlesen","status":"publish","type":"post","link":"https:\/\/www.hohenlohe-ungefiltert.de\/?p=12788","title":{"rendered":"&#8222;Was Bundespr\u00e4sident Wulff auf die Bild-Mailboxen gesprochen haben soll&#8220; \u2013 Wulffs Rechtsanw\u00e4lte stellen 239 Seiten mit Fragen und Antworten ins Internet"},"content":{"rendered":"<p><strong>Nach wie vor ist der Wortlaut des Anrufes von Bundespr\u00e4sident Christian Wulff auf der Mailbox von Bild-Chefredakteur Kai Diekmann noch nicht in voller L\u00e4nge ver\u00f6ffentlicht worden. Das Nachrichtenmagazin &#8222;Der Spiegel&#8220; hat in seiner Ausgabe vom 9. Januar 2012 einen gro\u00dfen Teil des Anrufes ver\u00f6ffentlicht. Hohenlohe-ungefiltert zitiert die wichtigsten Passagen aus dem Spiegel-Artikel.<\/strong><\/p>\n<p><em><span>Zusammengestellt von Ralf Garmatter, Hohenlohe-ungefiltert<\/span><\/em><\/p>\n<p><strong>Drohanruf aus dem Auto<\/strong><\/p>\n<p>Laut Spiegel war Bundespr\u00e4sident Wulff am 12. Dezember 2011 zwischen zwei Terminen in der Golf-Region mit dem Auto unterwegs, als er mit dem Handy Bild-Chefredakteur Kai Diekmann anrief. Um 18.19 Uhr soll Diekmanns Mailbox angesprungen sein. Die Abschrift von Wulffs Anruf sei etwa zwei Seiten lang und kursiere seit Wochen unter Journalisten. An zwei &#8222;knappen Stellen&#8220; des Textes seien Fragezeichen angebracht. M\u00f6glich, dass die Pr\u00e4sidentenworte an diesen Stellen nicht nicht einwandfrei zu verstehen gewesen seien, mutma\u00dft der Spiegel.<\/p>\n<p><strong>Wulff drohte mit Strafantrag<\/strong><\/p>\n<p>Der Spiegel weiter: &#8222;Direkt zu Beginn erkl\u00e4rt Wulff, er sei gerade &#8222;auf dem Weg zum Emir&#8220; und deswegen &#8222;hier sehr eingespannt&#8220;. Dann geht es laut Spiegel um die Bild-Recherchen: &#8222;Ich habe alles offengelegt, Informationen gegeben, mit der Zusicherung, dass die nicht verwandt werden. Die werden jetzt indirekt verwandt, das hei\u00dft, ich werde auch Strafantrag stellen gegen Journalisten morgen, und die Anw\u00e4lte sind beauftragt.&#8220; Wulff habe kritisiert, warum das Blatt nicht akzeptieren k\u00f6nne, &#8222;wenn das Staatsoberhaupt im Ausland ist, zu warten, bis ich Dienstagabend wiederkomme, also morgen, und Mittwoch eine Besprechung zu machen, wo ich mit Herrn &#8230; den Redakteuren rede, wenn Sie m\u00f6chten, die Dinge er\u00f6rtere und dann k\u00f6nnen wir entscheiden, wie wir die Dinge sehen, und dann k\u00f6nnen wir entscheiden, wie wir den Krieg f\u00fchren&#8220;.<\/p>\n<p><strong>Das tut nur, wer\u00a0Berichterstattung verhindern will<\/strong><\/p>\n<p>Der Spiegel folgert aus diesem Gespr\u00e4chsabschnitt: &#8222;Diese Passage entlastet und belastet Wulff zugleich.&#8220; Im Fernsehinterview habe er behauptet, er habe die Ver\u00f6ffentlichung nicht verhindern, sondern nur um einen Tag verschieben wollen. Die Abschrift belege dies, so der Spiegel weiter, \u00a0zeige aber auch, dass der Pr\u00e4sident drohte \u2013 mit strafrechtlichen Konsequenzen. Das tue aber nur, wer Berichterstattung verhindern will. (&#8230;)<\/p>\n<p><strong>Wulff fand &#8222;Methoden des investigativen Journalismus f\u00fcr nicht mehr akzeptabel&#8220;<\/strong><\/p>\n<p>Wulff kritisierte Bild, dass man nicht bis Mittwoch warten k\u00f6nne. (&#8230;) Wulff sagte laut Spiegel-Artikel weiter: &#8222;Okay, wir wir wollen den Krieg f\u00fchren und f\u00fchren ihn. Das finde ich sehr unverantwortlich von Ihrer Mannschaft, und da muss ich den Chefredakteur schon jetzt fragen, ob er das so will, was ich mir eigentlich nicht vorstellen kann&#8220;. (&#8230;) So &#8222;wie das gelaufen ist in den letzten Monaten, ist das inakzeptabel, und meine Frau und ich werden Mittwochmorgen eine Pressekonferenz machen zwischen dem japanischen Ministerpr\u00e4sidenten und und den weiteren Terminen und werden dann entsprechend auch \u00f6ffentlich werden, weil diese Methoden Ihrer Journalisten, des investigativen Journalismus nicht mehr akzeptabel sind &#8230;&#8220; Wulff hoffe laut Spiegel, &#8222;dass Sie die Nachricht abh\u00f6ren k\u00f6nnen &#8230; Und ich bitte um Vergebung, aber hier ist jetzt f\u00fcr mich ein Punkt erreicht, der mich&#8220; (&#8230;) &#8222;zu einer Einhaltung\/Handlung (???) zwingt, die ich bisher niemals in meinem Leben pr\u00e4sentiert habe. Die hatte ich auch nie n\u00f6tig.&#8220;<\/p>\n<p><strong>Wulff sprach von Kampagne und ungerechtfertigter Skandalisierung<\/strong><\/p>\n<p>Einen \u00e4hnlich lautenden Anruf soll Wulff auch auf der Mailbox von Springer-Chef Mathias D\u00f6pfner hinterlassen haben. Von Emp\u00f6rung \u00fcber Bild solle die Rede gewesen sein, von einer Kampagne und ungerechtfertigter Skandalisierung. D\u00f6pfner habe, so der Spiegel, Wulff zur\u00fcckgerufen und einen aufgebrachten Pr\u00e4sidenten am Telefon gehabt. Wulff sei sehr deutlich geworden. Wenn der Artikel erscheine, so werde Wulff im Springer-Verlag zitiert, dann bedeute das Krieg zwischen dem dem Bundespr\u00e4sidialamt und Springer bis zum Ende von Wulffs Amtszeit.<\/p>\n<p><strong>Bundespr\u00e4sident Wulffs Rechtsanw\u00e4lte ver\u00f6ffentlichen Fragen von Journalisten und Antworten des Bundespr\u00e4sidenten:<\/strong><\/p>\n<p>Die Bonner Rechtsanwaltskanzlei \ufeff\ufeffRedeker, Sellner, Dahs stellte am Mittwoch, 18. Januar 2012, 239 Seiten mit Journalistenfragen und Antworten der Kanzlei zur Kredit- und Medienaff\u00e4re des Bundespr\u00e4sidenten Christian Wulff ins Internet.<\/p>\n<p><span style=\"font-weight: bold;\">Erl\u00e4uternde Hinweise der Rechtsanwaltskanzlei zur Ver\u00f6ffentlichung der Journalistenanfragen an Christian Wulff und der gegebenen Antworten<\/span><\/p>\n<p>Christian Wulff hat uns am 05.01.2012 beauftragt, eine Zusammenfassung der bis dahin erteilten Ausk\u00fcnfte zu ver\u00f6f\u00adfentlichen. In Erg\u00e4nzung dieses Auftrages hat er uns am 13.01.2012 gebeten, die Fragen der Journalistinnen und Journa\u00adlisten, die diese zur Ver\u00f6ffentlichung freigegeben haben, sowie unsere Antworten hierauf zu ver\u00f6ffentlichen, soweit diese Ver\u00f6ffentlichung zu keinen Rechtsverletzungen f\u00fchrt. Diesem Auftrag kommen wir gern nach (&#8230;)<\/p>\n<p><strong>Die Fragen und Antworten nachzulesen auf der Internetseite<\/strong> <a href=\"http:\/\/pdf.redeker.de\/\" target=\"_blank\">http:\/\/pdf.redeker.de\/<\/a><\/p>\n<p><strong>Artikel im Nachrichtenmagazin Stern:<\/strong><\/p>\n<p>Die gro\u00dfe Lehr-Stunde \u2013\u00a0Der Medienrechtler Gernot Lehr hat 237 Seiten mit Fragen und Antworten zum Fall Wulff ins Netz gestellt. Bemerkenswert ist, was weggelassen wurde.<\/p>\n<p><a href=\"http:\/\/www.stern.de\/politik\/deutschland\/fragen-und-antworten-zur-wulff-affaere-die-grosse-lehr-stunde-1775935.html\" target=\"_blank\">http:\/\/www.stern.de\/politik\/deutschland\/fragen-und-antworten-zur-wulff-affaere-die-grosse-lehr-stunde-1775935.html<\/a><\/p>\n<p><strong>Artikel in der Frankfurter Allgemeinen Zeitung (FAZ):<\/strong><\/p>\n<p>In der Kreditaff\u00e4re um Bundespr\u00e4sident Christian Wulff hat sein Anwalt nun doch Dutzende Anfragen von Journalisten und die Antworten darauf ver\u00f6ffentlicht. Die Kanzlei Redeker Sellner Dahs stellte am Mittwoch drei Dokumentenpakete von insgesamt 239 Seiten ins Netz (&#8230;)<\/p>\n<p><a href=\"http:\/\/www.faz.net\/aktuell\/politik\/239-seiten-wulffs-anwalt-veroeffentlicht-presseanfragen-im-internet-11612989.html\" target=\"_blank\">http:\/\/www.faz.net\/aktuell\/politik\/239-seiten-wulffs-anwalt-veroeffentlicht-presseanfragen-im-internet-11612989.html<\/a><\/p>\n<p><strong>Weitere Informationen \u00fcber die Kredit- und Medienaff\u00e4re von Bundespr\u00e4sident Christian Wulff:<\/strong><\/p>\n<p>Zapp Plus vom 18. Januar 2012:\u00a0<a href=\"http:\/\/www.ndr.de\/flash\/zapp\/interactivePlayer.html?xml=zappsendung353-interactiveBroadcasts.xml&amp;sr=zapp\" target=\"_blank\">http:\/\/www.ndr.de\/flash\/zapp\/interactivePlayer.html?xml=zappsendung353-interactiveBroadcasts.xml&amp;sr=zapp<\/a><\/p>\n<p>Zapp Plus vom 11. Januar 2012:\u00a0<a href=\"http:\/\/www.ndr.de\/flash\/zapp\/interactivePlayer.html?xml=zappsendung351-interactiveBroadcasts.xml&amp;sr=zapp\" target=\"_blank\">http:\/\/www.ndr.de\/flash\/zapp\/interactivePlayer.html?xml=zappsendung351-interactiveBroadcasts.xml&amp;sr=zapp<\/a><\/p>\n<p><strong><span style=\"font-weight: normal;\">Zapp Plus vom 14. Dezember 2011 <a href=\"http:\/\/www.ndr.de\/flash\/zapp\/interactivePlayer.html?xml=zappsendung349-interactiveBroadcasts.xml&amp;sr=zapp\" target=\"_blank\">http:\/\/www.ndr.de\/flash\/zapp\/interactivePlayer.html?xml=zappsendung349-interactiveBroadcasts.xml&amp;sr=zapp<\/a><\/span><\/strong><\/p>\n<p><strong>Neue Widerspr\u00fcche bei Wulff-Reise<\/strong><\/p>\n<p><strong><span style=\"font-weight: normal;\">Seine Flitterwochen verbrachte  Christian Wulff 2008 in der Toskana \u2013 und zwar kostenlos in der Villa  eines Versicherungsmanagers. Dort umsorgte ihn auch das Hauspersonal.<\/span><\/strong><\/p>\n<p><a href=\"http:\/\/www.stern.de\/politik\/deutschland\/praesidenten-affaere-neue-widersprueche-bei-wulff-reise-1772042.html\" target=\"_blank\">http:\/\/www.stern.de\/politik\/deutschland\/praesidenten-affaere-neue-widersprueche-bei-wulff-reise-1772042.html<\/a><\/p>\n<p><strong>F\u00fcr Eventmanager: Wulff sprach Sponsoren an<\/strong><\/p>\n<p>Christian Wulffs Beziehung zu dem Eventmanager Manfred Schmidt war intensiver als bislang bekannt: Nach stern-Informationen sprach er f\u00fcr Schmidts Nord-S\u00fcd-Dialog Sponsoren an.<\/p>\n<p><a href=\"http:\/\/www.stern.de\/politik\/deutschland\/neues-in-der-praesidentenaffaere-fuer-eventmanager-wulff-sprach-sponsoren-an-1769255.html\" target=\"_blank\">http:\/\/www.stern.de\/politik\/deutschland\/neues-in-der-praesidentenaffaere-fuer-eventmanager-wulff-sprach-sponsoren-an-1769255.html<\/a><\/p>\n<p><strong>SPD in Niedesachsen will Wulff verklagen<\/strong><\/p>\n<p>Die Vorw\u00fcrfe gegen Bundespr\u00e4sident Wulff nehmen kein Ende. Nun wollen die nieders\u00e4chsischen Sozialdemokraten gegen ihn klagen. Er habe als Ministerpr\u00e4sident das Parlament falsch \u00fcber die Finanzierung des &#8222;Nord-S\u00fcd-Dialogs&#8220; informieren lassen, so der Vorwurf. Wulff r\u00e4umte ein, in der vergangenen Woche Vertrauen verloren zu haben.<\/p>\n<p><a href=\"http:\/\/www.dradio.de\/aktuell\/1658308\/\" target=\"_blank\">http:\/\/www.dradio.de\/aktuell\/1658308\/<\/a><\/p>\n<p><strong>Stefan Wenzel: &#8222;Wulff ist ein L\u00fcgner&#8220;<\/strong><\/p>\n<p>Nieders\u00e4chsischer Gr\u00fcnen-Politiker fordert R\u00fccktritt des Bundespr\u00e4sidenten\u00a0<a href=\"http:\/\/www.dradio.de\/dlf\/sendungen\/interview_dlf\/1657872\/\" target=\"_blank\">http:\/\/www.dradio.de\/dlf\/sendungen\/interview_dlf\/1657872\/<\/a><\/p>\n<p><strong>&#8222;Beim Vorwurf der Korruption m\u00fcssten alle roten Lampen angehen&#8220;<\/strong><\/p>\n<p>Hannovers Oberb\u00fcrgermeister \u00fcber das Tandem Glaeseker\/Wulff \u2013\u00a0Es habe &#8222;merkw\u00fcrdige Gef\u00e4lligkeiten&#8220; zu Gunsten von Christian Wulff gegeben, meint Stephan Weil (SPD). Der Oberb\u00fcrgermeister von Hannover beschreibt dessen Ex-Sprecher Glaeseker als &#8222;wichtigsten Ratgeber&#8220; &#8211; deswegen sei der Bestechlichkeitsverdacht &#8222;sehr, sehr ernsthaft&#8220;.<\/p>\n<p><a href=\"http:\/\/www.dradio.de\/dlf\/sendungen\/interview_dlf\/1657216\/\" target=\"_blank\">http:\/\/www.dradio.de\/dlf\/sendungen\/interview_dlf\/1657216\/<\/a><\/p>\n<p>&nbsp;<\/p>\n<p>&nbsp;<\/p>\n<div class=\"pdf24Plugin-cp\"> \t<form name=\"pdf24Form0\" method=\"post\" action=\"https:\/\/doc2pdf.pdf24.org\/wordpress.php\" target=\"pdf24PopWin\" onsubmit=\"var pdf24Win = window.open('about:blank', 'pdf24PopWin', 'resizable=yes,scrollbars=yes,width=600,height=250,left='+(screen.width\/2-300)+',top='+(screen.height\/3-125)+''); pdf24Win.focus(); if(typeof pdf24OnCreatePDF === 'function'){void(pdf24OnCreatePDF(this,pdf24Win));}\"> \t\t<input type=\"hidden\" name=\"blogCharset\" value=\"Cw1x07UAAA==\" \/><input type=\"hidden\" name=\"blogPosts\" value=\"MwQA\" \/><input type=\"hidden\" name=\"blogUrl\" value=\"yygpKSi20tcvLy\/Xy8jPSM3LARK6pXnpqWmZOSWpRSV6KakA\" \/><input type=\"hidden\" name=\"blogName\" value=\"88jPSM3LARK6pXnpqWmZOSWpRSUA\" \/><input type=\"hidden\" name=\"blogValueEncoding\" value=\"gzdeflate base64\" \/><input type=\"hidden\" name=\"postId_0\" value=\"MzQyt7AAAA==\" \/><input type=\"hidden\" name=\"postTitle_0\" value=\"JY49CsJAEIWvMiCkE2RtlFSmECxstEi9yU6SgXFWdibE0jt4hdwkN\/EkbrB5fPB+eMXm4Jwra69QjRJQn2mZlQKKQT1y14EfOwiEUBGH7dUTN\/GFAv0aje2QcfBNVo3Mxbq2K+H7\/vzbCjdsB1Mv0zKzIaghc067\/RHuSJbxQQbn5PuM+QGcxKaYVoNE4SKGSdB+\" \/><input type=\"hidden\" name=\"postLink_0\" value=\"yygpKSi20tcvLy\/Xy8jPSM3LARK6pXnpqWmZOSWpRSV6Kan69gW2hkbmFhYA\" \/><input type=\"hidden\" name=\"postAuthor_0\" value=\"AwA=\" \/><input type=\"hidden\" name=\"postDateTime_0\" value=\"MzIwNNI1MNQ1MlQwNLEyMLQyMAIA\" \/><input type=\"hidden\" name=\"postContent_0\" value=\"xVrLjhtHlt3PVwTUgGEDTFJVsizJkmVIXaVHW1IXRFkCvGkEi5HMaGZGsiMyRZur+Yf5gPZC295q0wIGEP9kfmB+Yc65EZlkkSxJHtvdgFR8xePGveee+4i8s7h7JzS+drO7z\/R5oZbWqNe1VzY0amq8elX7ptQtPwR1z\/k2x+vr2qn7rcNXC79+E+zUuEb9sfCYZLVTr9oyz5Vuc1nhqbblpP4xTrLlNPtjYXJvpnremNar77RVJ9bMK+2ccjVEcPa8aJR1mFGWWODJ+o2bQSrj12\/zHFuVMmBZe+w7VCc6KIru+a1xlZ7pFSZ\/9oebx8fHt0+wwHhhzcyU8s3V26rQsnow1uHHe22Y6QkPXalbQ\/Un7Vrt1fHVo2PFAU7NfL3+O15fGFte1MJFgYbqUV0YV+JP1kLg3JaN8Y1a2cbydQrNLjnQzgLkVGc6BD3DG90GrFt1Ymb3fGPnphzeGSXD3Bkt7v7HHRjKVDDWQru7P7RBV5XBLliqLBtR7nNd5uqh9pVusPHgsDhYlAvcGXGtbt20z4mvC83D9SLda5t6T4wnhEMSVi2hrD0oJABU6ugY9jErU02M6PRIrZY2nEMuvDEWOvWVKBn2IFYe1mWePTczi+NUtullUK2D8EszCwOly6AwtPv5kXbTnz4KLBzLmnyovodMN4dHt9T3hVcB+OqHhB6ommpdeCotomTIQereJBBkeVS2HDFhgYOUaZY6HmpsLO1bYh3IPVXz1gcgwHAYdFPL8eVA6k91650uLQExxGJxgQTdudOLBYaOaWLjOvgSgi\/Mjw1esCB+f+ABo5Wxsi6Fn3gteHy6fjsjNAdqCqwJAM96IxkHB2oMJvCHsNkn+V\/8i9MvoWCo1apVS8hDVO4zM0uZJCIMVNU2lV7\/PXJGwsZwF18RFlOgDPvSfuPG61w7\/J3toWzLcdWSGvVf9z5tvZk3lOc+oALrGj8v1298At6A8KBJZsbrqelmRT6q1Cszw9RKnVbWdzqlmaBXAMz0zFFYWQY4gRKICICkSRPIOo5KoIqCKrc9AktT04LI5wZG8TRML\/xjMFxBwtFQdlA1CQTTzKwZqMcur+m+gL+oGKYU5dqoV3g9jUxkbpk0GgqWoaFAiybRIulG3qu\/mmZFyptGvXVDZQ1VGAu7DZQl+XM8nB9vt0yjQgLGTNSzjVlV1X5GEUWBdBK3XL8B0aiA7dTEQOlcohl2mo4YEAXMPZiRnoHdQSPUG+S5X4K+0qH0fGUWZE\/sNF+\/dc4MOjUuDfTP8eNG6ybUIJhCtwsck4wR4HxTxrABUYLFGwo5sUGOCdW40GjSPkYh4kG58xp8KuRSXzjUU9s0S0YlBgPgDcQAm8ICXLjSNC2kr2Vd2umR8T5C6Jr4Kmi5YyS8BzthE5F9DG1V67cSswaiuxPCTDGoQFzQheiUMItHd5AUWHQN+ZMuPJBgzS83s4MpenN82lT8+B24caby9bvC9zSz57wMsw1g7lrPE\/j3P983MeSCEmAyqgTIKmB347lhWX7Qp\/O6nDEsSqghAVXqYQwi50XQ5FoH1W\/5PIZ0MZNHKTUA2MhJJyZ9iOBatbOSbNhj7nGlHkAm6MaSdV9bs4wIhDgTI7AxjbCGfEttvrwQ23m23s3SCQcIH\/Go0AidPmYLL7SoAeJbOi+gQdfZjSATOrzsFLjONmsmshuo9z+D0zFIM3bSJzufx8cNjXd0+j\/\/+V+Cv0C\/JURFcBq3xsH\/1hq36pKlpk2LdqZUH7XkUH2eIP3FYVLP6W\/JVE9NU9TEFSOVda+Ro9gZSO31NnlUMDsQ55NeK\/JsdHeI1qVqewCKm22II9JsUgyieFqNjt47bvT+5AlbB0loAZ6wzDaDdwnYbtj581z\/NBCnkf9i2H3\/EUR2722RdJ5TmUISElFaaMWDXRmCaSdJKR5jCtNl5CLnhc6bzo0RXEMkLm52McnByLoj+Jx5AHBZTwhlciOQReuRXkNiKEazWYJ1h+nadww\/x+Z9iNtoalz3tAsYc2WoCdTOE4YmJm9IeCgFXp\/WTgupSQ3Bnd3GsvFQlbApEpdWPvaxx\/VmixwcWffMmxDMvHY5I8Eq0e4mlWRU\/6tGfE6fn1rH6OQXW8mO7BPDvEuGlZw+5Z\/8JUkgvEmuFKZnhJCAuEUHaSR9hyWBMFMP+mjF7SA5+KgjHPSBGEKTDXbCJ7OGC5jt46J4AmMLWawvi+DvBcKK2QSELkJ9n9Q\/gd4NaQzMh7RDUgwhCUmDaMkEMvpsZWNAVGetQ0KBkEe+ZUJh4o+duBsIJfEQNGPZdWpdoUtyzYgZfEnS+fzbb7\/9gmZ1TIZ4gChZKEhW1lRM\/bGroKdST4RgxcgwjNRY5O\/ItQWLIJkv1nNMlNZvof9hzy2HeAxG18kdv9PVQs+cSchBsCKrAoJYhLn7GM4ypQWtZGR7XHUqwFq\/KZxghtYCmPBVqhlYfHSVsoi5Xy6PF55R3Utlg1+awsKdTtZvF7kT0zCcIfYxEefRQTYvMe20WsDY1Oj6HU1IjpT9IiqQkJjt\/B0A5WbRLr\/w1MMtaSDAbjAb9CHZr9+dz7GakAbXjuESp+7qFZbE2w6L8vEFwmReS56tJyhoko2Q2guLTk0b\/RGHSc2AV5IWsqxPHC6hmHuJaDHBjcvYaqPfl1TjrCvVB5EDJoYbRL6LFH+Bcfj\/QuVrdamrmJF0C0skkmKD9L9dN1ZNQHhv9tKsw7V0UKwkmqC79Ppi76ErAp1scSFBpzT3YqBJEXl3B9Qm+4kaC5ja0az9xvDWAOOvkFup\/\/3nf+MfgTRnqjJG9HB8c6KLEMsFVpZVz+YDVt3bvZWBOr52q6uUmbdsCx0D2Z7oBGfcfsXyHkHQNllM0vHWOJ3nKALNJYfc609ZlPyP6UDObJsBYQQn+Kk031wB9JoMHD8rkIdO6nJ6+8rdU49Ks+UsGPQRqmNjgxHhDiqKku7nktOdCKG7I+t9MWPM8l01KPyRdNL3cqLsuzPZ52pxSNjh6vXh1aOhNLU2NdkgRteul5SDRzrhCNupBr8oJlnsHDlWVfP1O5fDsrETgEO9\/8cGgkNoU5362fqNW8k6jItAetwN7yiP8Z1IR9d6kXiwvgpKQL6oIuu6IB2\/e\/+PPrTGUBfMJapm5yKpLlIkeYBZDMRgkbUBGAMdSbg\/3OZoMofNm7jT\/i6YM4+EFlGABZgNxRaSJIONhKUg\/SxRiJKKM1ZmMykjGHguTbNPNqq56BectmpLIfMuhnSwZsPJ9M6t7miF5CT\/5krRNIuvR6PFNB\/66MPDqRldUY1G7G++ufKXCern+ZW7h8fdGem91mFHtyDVA73YMcU5zDKxu4pYXvhs3NBrWcq8\/5mlYnTrWMywOYhF6kaGCpaOr93YZpCD2iH3PtB9pKXPP4NhVNc4HaL2qVD9GxeWTCCkZcBseWlmzHEltC5bRI0NRexocblcDpltOupmUZeIIfMRIwdCBdsQo+jbGQTLdCdYBrRmS8qUgbY0kJjhrBm0gR2zktoIoo3s6MaN67euXR8WTVVeaqF\/oQwftH70W1jCzfOWXQx1r0SZX0Xf+AHGkjzvwb0fvtiHw+NE8kLsHZm31cdvGggG5jHsPoF8UddiJZZ+J22zYs6FH\/IPxMfYuOoDjRYa2OvuE61dAEqRrwt8l8Y9VOcYfVLP20qC0ELPTRMTAUARIGTCsBUJe3zu88AB1OV6NYSXj1ALtti6NzwWzMT1XTRvyGJUynCm2mzOlC2ksOqiT2arzCbmyI6Ovjo6vnXz1sdx9y+T4hDyXsVKbqdzGtNemvXyLOFT7rD2MfqDXizUWdkGuS\/aSWq+fv\/zITO5qdBmDjYpRissMJLz6XNWgmel\/gm0yvN9+2NVfsPfwTlT+Mm169eyrZH3fa2n5zo0YYiBnyFPvx28jP+geX733bfNsqOeo99XPUf\/VvUc\/XL1dKi9PMt0RHGJPHNHk1\/u3qP9ppr88ta\/U5OfunvUZEp5d69Guzts06K+gzN7uvU7JG9IeG305uw5c\/VLp36CUcaxbVWyV+KX8SIPbJbqV7UXmI6vXr3ZBcUXNYsCLY1astGKN6fzmkGorEM36qUtS60kMQ\/MM\/sLn1BhMvLEACAgTiEuhtqzc2kLFxsILFMf6TYsMKhGfBteqqtfmsAsvDZdGdWnCg6azpZJ0y07ZRk0nfIJT00zbTi++uXxr0xdfovdDznhA3ayTl9j3aTar9WFHtB4UTvoWKqyPR3uWBoFp1lZ09UCbA1sr8ymLpu2anxeVJaXdLA9Me8CEO\/lShsll9wYTwybsECdPI4hmskuRrckH+ZJMy6ticSh9tNsvH43zU6sLuvZhRP8\/9NXqjrAQzMoO9s2RmeLvMUPZuu4yQxRTrwkKRD\/YZSvbh1f\/7XZ7O8m0iGcjM9O6J3PeE0YMFsqAtuXFK95+czE5WB587L2SxgpN+ny9JJHJZwpWAuyhpRW0VA9a11\/xSCXvLykDHI5lnpQ43oFMwNq9dyz3552IB9EgYaoxrur5nCgKS6McaZ9qZmcqhyj2Ofuc6cH1iHdjX0+aaqkHu4uzkLX7bUC03hdG0unvh9IPbQ+71p4kKGtQF7SfEzUB0XO+PQCIS4PSZD\/UCm3kWRLATKcKzY6PwTnqddTWxM8XU569NX1m9eu3hx9EHKXTzsIi8bkdH9erJX9HVEqM4M8OaGerN\/NUB5cdpv1bNeoqHERtKCA7Cyinj7OziYI\/zkbqI1H6LmkwXU4u9ocalrmoxRyjRv1N6F\/4fc46I2bN44\/VT+fstQhnSUl3Te26hARS77a+3bRyFM\/63dBCjM+HqF8zbdPkASkR1uK\/oJ6T5uPQJs1r17Vn4HgCbwOfo\/Kk6DvUA3AvwCB8K65BGuwhhtFk0nT4TREf0lysjFA753yGvahQd1QlnY2l5qmwzwA+bB1IjErit0MYPMMB\/DAB17MohDU2FJ9Dmb5gnmdPyQxV+uOhKDAm2NjJ2J8MtDpj9k4XlD5zVnE0fubus2jZs91QzH6x134enR0e\/PIC1vqU7kIxniQLObymOxjTZnbdIuy7T5ID8V4nJrXlHsPDPwqFB4fffVboZBLbaPwMzcJi9sHPv0f\" \/> \t\t<a href=\"https:\/\/www.pdf24.org\" target=\"_blank\" title=\"www.pdf24.org\" rel=\"nofollow\"><img src=\"https:\/\/www.hohenlohe-ungefiltert.de\/wp-content\/plugins\/pdf24-post-to-pdf\/img\/pdf_32x32.png\" alt=\"\" border=\"0\" height=\"32\" \/><\/a> \t\t<span class=\"pdf24Plugin-cp-space\">&nbsp;&nbsp;<\/span> \t\t<span class=\"pdf24Plugin-cp-text\">Sende Artikel als PDF<\/span> \t\t<span class=\"pdf24Plugin-cp-space\">&nbsp;&nbsp;<\/span> \t\t<input class=\"pdf24Plugin-cp-input\" style=\"margin: 0px;\" type=\"text\" name=\"sendEmailTo\" placeholder=\"Emailadresse\" \/> \t\t<input class=\"pdf24Plugin-cp-submit\" style=\"margin: 0px;\" type=\"submit\" value=\"Senden\" \/> \t<\/form> <\/div>","protected":false},"excerpt":{"rendered":"<p>Nach wie vor ist der Wortlaut des Anrufes von Bundespr\u00e4sident Christian Wulff auf der Mailbox von Bild-Chefredakteur Kai Diekmann noch nicht in voller L\u00e4nge ver\u00f6ffentlicht worden. Das Nachrichtenmagazin &#8222;Der Spiegel&#8220; hat in seiner Ausgabe vom 9. Januar 2012 einen gro\u00dfen Teil des Anrufes ver\u00f6ffentlicht. Hohenlohe-ungefiltert zitiert die wichtigsten Passagen aus dem Spiegel-Artikel. Zusammengestellt von Ralf [&hellip;]<\/p>\n","protected":false},"author":3,"featured_media":0,"comment_status":"open","ping_status":"open","sticky":false,"template":"","format":"standard","meta":[],"categories":[],"tags":[],"_links":{"self":[{"href":"https:\/\/www.hohenlohe-ungefiltert.de\/index.php?rest_route=\/wp\/v2\/posts\/12788"}],"collection":[{"href":"https:\/\/www.hohenlohe-ungefiltert.de\/index.php?rest_route=\/wp\/v2\/posts"}],"about":[{"href":"https:\/\/www.hohenlohe-ungefiltert.de\/index.php?rest_route=\/wp\/v2\/types\/post"}],"author":[{"embeddable":true,"href":"https:\/\/www.hohenlohe-ungefiltert.de\/index.php?rest_route=\/wp\/v2\/users\/3"}],"replies":[{"embeddable":true,"href":"https:\/\/www.hohenlohe-ungefiltert.de\/index.php?rest_route=%2Fwp%2Fv2%2Fcomments&post=12788"}],"version-history":[{"count":9,"href":"https:\/\/www.hohenlohe-ungefiltert.de\/index.php?rest_route=\/wp\/v2\/posts\/12788\/revisions"}],"predecessor-version":[{"id":12790,"href":"https:\/\/www.hohenlohe-ungefiltert.de\/index.php?rest_route=\/wp\/v2\/posts\/12788\/revisions\/12790"}],"wp:attachment":[{"href":"https:\/\/www.hohenlohe-ungefiltert.de\/index.php?rest_route=%2Fwp%2Fv2%2Fmedia&parent=12788"}],"wp:term":[{"taxonomy":"category","embeddable":true,"href":"https:\/\/www.hohenlohe-ungefiltert.de\/index.php?rest_route=%2Fwp%2Fv2%2Fcategories&post=12788"},{"taxonomy":"post_tag","embeddable":true,"href":"https:\/\/www.hohenlohe-ungefiltert.de\/index.php?rest_route=%2Fwp%2Fv2%2Ftags&post=12788"}],"curies":[{"name":"wp","href":"https:\/\/api.w.org\/{rel}","templated":true}]}}