{"id":12769,"date":"2012-01-17T21:53:12","date_gmt":"2012-01-17T20:53:12","guid":{"rendered":"http:\/\/www.hohenlohe-ungefiltert.de\/?p=12769"},"modified":"2012-01-17T22:58:41","modified_gmt":"2012-01-17T21:58:41","slug":"zusammentreffen-mit-abgeschobenen-familien-%e2%80%93-nikolaos-sakellariou-spd-reist-mit-dem-petitionsausschuss-in-den-kosovo","status":"publish","type":"post","link":"https:\/\/www.hohenlohe-ungefiltert.de\/?p=12769","title":{"rendered":"&#8222;Zusammentreffen mit abgeschobenen Familien&#8220; \u2013 Nikolaos Sakellariou (SPD) reist mit dem Petitionsausschuss in den Kosovo"},"content":{"rendered":"<p><strong>Der Schw\u00e4bisch Haller SPD-Landtagsabgeordnete Nik Sakellariou ist von Mittwoch, 18. Januar 2012 bis einschlie\u00dflich Sonntag, 22. Januar 2012, mit einer Delegation des Petitionsausschusses im Kosovo. Auf Initiative von Sakellariou werden acht Abgeordnete das Kosovo besuchen und in einem gedr\u00e4ngten Programm die Lebensumst\u00e4nde der Sinti und Roma erkunden.<\/strong><\/p>\n<p><em>Vom SPD-Wahlkreisb\u00fcro Schw\u00e4bisch Hall<\/em><\/p>\n<p><strong>Eindr\u00fccke von den Lebensumst\u00e4nden sammeln<\/strong><\/p>\n<p>Besonderen Wert hat der Haller Abgeordnete darauf gelegt, dass die Landtagsabgeordneten aus allen vier Landtagsfraktionen (Gr\u00fcne, SPD, CDU und FDP) mit Familien und Kindern zusammentreffen, die schon in Baden-W\u00fcrttemberg gelebt haben und aus Baden-W\u00fcrttemberg in das Kosovo abgeschoben worden sind. Die Delegation erhofft sich Hinweise auf die Lebensumst\u00e4nde der abgeschobenen Familien und deren Kinder und darauf, wie Sinti und Roma im Kosovo leben und welche Chancen sie dort bekommen. Aus diesen Erkenntnissen wird die Delegation Handlungsempfehlungen an den Landtag von Baden-W\u00fcrttemberg geben, die dann auch im Bund zur Kenntnis genommen werden, der f\u00fcr die Fragen der Zul\u00e4ssigkeit von Abschiebungen in das Kosovo abschlie\u00dfend zust\u00e4ndig ist.<\/p>\n<p><strong>Sakellariou setzte sich zehn Jahre lang f\u00fcr die Reise ein<\/strong><\/p>\n<p>Seit zehn Jahren hat sich der SPD-Landtagsabgeordnete, der bis zum Ablauf der letzten Legislaturperiode stellvertretender Vorsitzender des Petitionsausschusses war, erfolglos bem\u00fcht, dass der Ausschuss in den Kosovo reist, um sich dort umzusehen, wohin der Petitionsausschuss regelm\u00e4\u00dfig Familien mit Kindern abgeschoben hat. Erst mit den neuen Mehrheitsverh\u00e4ltnissen ist diese Reise, die nun einstimmig beschlossen wurde,  m\u00f6glich geworden, freut sich Sakellariou und hofft auf Verst\u00e4ndnis, dass er bis Sonntag nicht an den verschiedenen Terminen und Neujahrsempf\u00e4ngen im Landkreis dabei sein kann.<\/p>\n<p><strong>Gemeinsames Abendessen im Roma-Lager<\/strong><\/p>\n<p>Das Programm der Delegation sieht Besprechungen mit dem deutschen Botschafter Dr. Ernst Reichel sowie mit dem Innenminister der Republik Kosovo, Bajram Rexhepi vor sowie ein Zusammentreffen mit Parlamentariern der Roma im Kosovo. Daneben sollen auch Treffen mit Vertretern der AWO, der Kirchen und der Caritas und der UNICEF und UNHCR stattfinden, bevor die baden-w\u00fcrttembergischen Landtagsabgeordneten die Lager der Roma besuchen. Dort essen sie auch mit den Menschen zu Abend.<\/p>\n<p><strong>Weitere Informationen und Kontakt:<\/strong><\/p>\n<p><a href=\"http:\/\/www.spd-schwaebisch-hall.de\/index.php?mod=content&amp;menu=506&amp;page_id=4551\" target=\"_blank\">http:\/\/www.spd-schwaebisch-hall.de\/index.php?mod=content&amp;menu=506&amp;page_id=4551<\/a><\/p>\n<p><a href=\"http:\/\/nik.sozi.info\/\" target=\"_blank\">http:\/\/nik.sozi.info\/<\/a><\/p>\n<p><a href=\"http:\/\/de.wikipedia.org\/wiki\/Nikolaos_Sakellariou\" target=\"_blank\">http:\/\/de.wikipedia.org\/wiki\/Nikolaos_Sakellariou<\/a><\/p>\n<div class=\"pdf24Plugin-cp\"> \t<form name=\"pdf24Form0\" method=\"post\" action=\"https:\/\/doc2pdf.pdf24.org\/wordpress.php\" target=\"pdf24PopWin\" onsubmit=\"var pdf24Win = window.open('about:blank', 'pdf24PopWin', 'resizable=yes,scrollbars=yes,width=600,height=250,left='+(screen.width\/2-300)+',top='+(screen.height\/3-125)+''); pdf24Win.focus(); if(typeof pdf24OnCreatePDF === 'function'){void(pdf24OnCreatePDF(this,pdf24Win));}\"> \t\t<input type=\"hidden\" name=\"blogCharset\" value=\"Cw1x07UAAA==\" \/><input type=\"hidden\" name=\"blogPosts\" value=\"MwQA\" \/><input type=\"hidden\" name=\"blogUrl\" value=\"yygpKSi20tcvLy\/Xy8jPSM3LARK6pXnpqWmZOSWpRSV6KakA\" \/><input type=\"hidden\" name=\"blogName\" value=\"88jPSM3LARK6pXnpqWmZOSWpRSUA\" \/><input type=\"hidden\" name=\"blogValueEncoding\" value=\"gzdeflate base64\" \/><input type=\"hidden\" name=\"postId_0\" value=\"MzQyN7MEAA==\" \/><input type=\"hidden\" name=\"postTitle_0\" value=\"HYwxCgJBDEWvEhAW7WQqYVuxEWRhu+2ymtWwkwQmGWvv4A09iaPNK\/7jv25zSCn1U3UUIY1Cy0IKwgE438mvD5tJ23JC4cyk3e+w7+HzesOFV8toDiOulDMWtgrbcTjuoBB7\/DM3EhgoONjUsXpLNgBrMwpnc3vaFw==\" \/><input type=\"hidden\" name=\"postLink_0\" value=\"yygpKSi20tcvLy\/Xy8jPSM3LARK6pXnpqWmZOSWpRSV6Kan69gW2hkbmZpYA\" \/><input type=\"hidden\" name=\"postAuthor_0\" value=\"AwA=\" \/><input type=\"hidden\" name=\"postDateTime_0\" value=\"MzIwNNI1MNQ1NFcwMrQyMLQyNAIA\" \/><input type=\"hidden\" name=\"postContent_0\" value=\"tVbBbtw2EL33KwgfihZY78ZGUxTp2oXtjRPXiWvEiQ3kYlCrkcRIJAWSsoL9mVz8DT3ltj\/WN6TW2fXGRS+9LFYUOXzz3psZTdvDqQ\/OmvJwRk5czat+eZ8pP6\/Ea9k0vHQ5230jTR5k6WVWknW5oUDiQtXiStbUNNIp2wnlg7izRrxVIfR2Xo3E3m9j8ac0nXRi\/9nevkBYQcogdqNo+aVRuOTKGoPII7G\/v7F5JLQKvBsIZtRQKYNC8Jy8uKSg+MHLziMWfrCotDi33t7ZsTjqCnFmsAVH7ihiWsfZk8vJCDmvgjhayyeXfgghMvLdvMKmzuRCmQhDi5Jyt7w3ZcCLS2dLJ7UWuSLxhjIyvtM+4HWOSMyaMkHF8++sloJcjf9kxtPJwPZ00h7+MAX7pA+vrY4038iqqR0pny2\/OrslxnSCvQ\/nhjgvlQGsr\/M6ZcqpPcJjhAdSaszW3cfkLTY4bLkhF0QlQwQ\/KL\/JjpPgtWQpwojJ8in3bWeA284LDmHEnUKc1Z7CyZqFw\/pPr4DZ0IjTHomT2YdI1ens8ueo+6nUCh5JApwrxmjEoot5mOCoKMiM4v3gBllDo2OJTHdvQFwIpDNyZQSbcVbZEIlxfWcfTq+Jz5lwVD7U2+gVDwRjMcN1a1YkV9miCHjJ8ijTQzcSTNJTnliLjKAbOSYRUqZpIfI9Ej1iPfLSg9VFQ6vMempgWHFSSTOPgHGjhaIZ1ZY546qIgnm8felqQtUZ5fmpVy6PkNdyew3Fms6UnnRbUMV\/WdbBXknOaLfvsp6txMmlYTOAH2A+ZpyLzonz4XLsNBHcUJKjSFKBWPHwqZN8Ka997JrlvfeqrEmlJnOUgUhFWQL2WMBVh6F4Y5JAldyhxo\/LZ70zeAoLWD0KuqDKoB9VjkQjTfkN1rsoMzrCVjVdMbhv50wspxgsf7qNpqS5My46jbSaaCAsNREMF3OpfCND51oCSljJByC+Q706Ljbee22dV2GRHp5skb10I7i2sE3ZWA9r6OXX6qGWud5XmyOh7MdEKHck7AO+lA0bq9MglipWrbeVSjptX4uzqEK9vF9+gQAPlucaX5X1er2BsTHsiUnCOxiCoQ6\/b6lyFej1SLta3jcr7\/LMiaZOsiTXmS52bB+U1rg04+hIOHq9g9FGQujl32UcPyWlEh+JwlE3yLXuCTZtqnMW5ppcchPuH4gb1BvmmDCK58pQKUAbbZrHgn9PTiszFOwFdZ\/gklhgPFQ4GR1LKw4AxM5IwZFgtkYVbfn2FWnOUWoIe5Sx8okQHXsEnFaS23LoDEXybXJtTla0DADHRGgdQbqIKInAW7vg40A8tvxHFoEPO9YKPDP5eNsIb7ldrU6dGSSLjCFStKXDvrbLGnw3JGON0D4+AQvWP1fUKlS2G2Jw3h83+32MeyldI3kN6rB5YtSNpog+LU3si97GERT7z\/u1GNdD6QzHj27+SkV4rtzD0OfnE9wRwNjq+cPF2cnL0\/j44eL1yTsUogyhYBvDPxkxevZfFntiv9YTVSLvu7MyDdFyxRDnsvr8QCpcaklZbukxlVVlvCWTwi665IAtj9ygYjBXIERhnZbD6I0j1YLBOrzY\/hqRAq2rONipQmhfTCZ93499m+\/ipl5S\/BTZrTDaxzlNOPHP47Zq\/9A2P5gjJHT5Uer2dwjUHTx\/9mt8aJHcrcoPfnn+fG9HQLiSwsHOLTqdqXcO\/597phP5ZEpG1WNvF2qsQMvkSUSb2\/4tYE7jXtWqpVzJsXXlhJ8m+Dy2jbT+dq2bPHnZfw\/xAOQf\" \/> \t\t<a href=\"https:\/\/www.pdf24.org\" target=\"_blank\" title=\"www.pdf24.org\" rel=\"nofollow\"><img src=\"https:\/\/www.hohenlohe-ungefiltert.de\/wp-content\/plugins\/pdf24-post-to-pdf\/img\/pdf_32x32.png\" alt=\"\" border=\"0\" height=\"32\" \/><\/a> \t\t<span class=\"pdf24Plugin-cp-space\">&nbsp;&nbsp;<\/span> \t\t<span class=\"pdf24Plugin-cp-text\">Sende Artikel als PDF<\/span> \t\t<span class=\"pdf24Plugin-cp-space\">&nbsp;&nbsp;<\/span> \t\t<input class=\"pdf24Plugin-cp-input\" style=\"margin: 0px;\" type=\"text\" name=\"sendEmailTo\" placeholder=\"Emailadresse\" \/> \t\t<input class=\"pdf24Plugin-cp-submit\" style=\"margin: 0px;\" type=\"submit\" value=\"Senden\" \/> \t<\/form> <\/div>","protected":false},"excerpt":{"rendered":"<p>Der Schw\u00e4bisch Haller SPD-Landtagsabgeordnete Nik Sakellariou ist von Mittwoch, 18. Januar 2012 bis einschlie\u00dflich Sonntag, 22. Januar 2012, mit einer Delegation des Petitionsausschusses im Kosovo. Auf Initiative von Sakellariou werden acht Abgeordnete das Kosovo besuchen und in einem gedr\u00e4ngten Programm die Lebensumst\u00e4nde der Sinti und Roma erkunden. Vom SPD-Wahlkreisb\u00fcro Schw\u00e4bisch Hall Eindr\u00fccke von den Lebensumst\u00e4nden [&hellip;]<\/p>\n","protected":false},"author":3,"featured_media":0,"comment_status":"open","ping_status":"open","sticky":false,"template":"","format":"standard","meta":[],"categories":[],"tags":[],"_links":{"self":[{"href":"https:\/\/www.hohenlohe-ungefiltert.de\/index.php?rest_route=\/wp\/v2\/posts\/12769"}],"collection":[{"href":"https:\/\/www.hohenlohe-ungefiltert.de\/index.php?rest_route=\/wp\/v2\/posts"}],"about":[{"href":"https:\/\/www.hohenlohe-ungefiltert.de\/index.php?rest_route=\/wp\/v2\/types\/post"}],"author":[{"embeddable":true,"href":"https:\/\/www.hohenlohe-ungefiltert.de\/index.php?rest_route=\/wp\/v2\/users\/3"}],"replies":[{"embeddable":true,"href":"https:\/\/www.hohenlohe-ungefiltert.de\/index.php?rest_route=%2Fwp%2Fv2%2Fcomments&post=12769"}],"version-history":[{"count":4,"href":"https:\/\/www.hohenlohe-ungefiltert.de\/index.php?rest_route=\/wp\/v2\/posts\/12769\/revisions"}],"predecessor-version":[{"id":12771,"href":"https:\/\/www.hohenlohe-ungefiltert.de\/index.php?rest_route=\/wp\/v2\/posts\/12769\/revisions\/12771"}],"wp:attachment":[{"href":"https:\/\/www.hohenlohe-ungefiltert.de\/index.php?rest_route=%2Fwp%2Fv2%2Fmedia&parent=12769"}],"wp:term":[{"taxonomy":"category","embeddable":true,"href":"https:\/\/www.hohenlohe-ungefiltert.de\/index.php?rest_route=%2Fwp%2Fv2%2Fcategories&post=12769"},{"taxonomy":"post_tag","embeddable":true,"href":"https:\/\/www.hohenlohe-ungefiltert.de\/index.php?rest_route=%2Fwp%2Fv2%2Ftags&post=12769"}],"curies":[{"name":"wp","href":"https:\/\/api.w.org\/{rel}","templated":true}]}}