{"id":12748,"date":"2012-01-15T21:12:09","date_gmt":"2012-01-15T20:12:09","guid":{"rendered":"http:\/\/www.hohenlohe-ungefiltert.de\/?p=12748"},"modified":"2012-01-15T23:21:19","modified_gmt":"2012-01-15T22:21:19","slug":"das-remstal-ist-keine-idylle-fur-migranten-%e2%80%93%c2%a0am-montag-beginnt-in-stuttgart-ein-prozess-wegen-rechtsextrem-motiviertem-brandanschlag-in-winterbach","status":"publish","type":"post","link":"https:\/\/www.hohenlohe-ungefiltert.de\/?p=12748","title":{"rendered":"&#8222;Das Remstal ist keine Idylle f\u00fcr Migranten&#8220; \u2013\u00a0Am Montag beginnt in Stuttgart ein Prozess wegen rechtsextrem-motiviertem Brandanschlag in Winterbach"},"content":{"rendered":"<p><strong>Das Remstal ist keine Idylle f\u00fcr Migranten. Morgen, Montag, 16. Januar 2012, um 9 Uhr beginnt vor der 3. Gro\u00dfen Jugendkammer des Stuttgarter Landgerichts ein Prozess gegen zwei 21 und 22 Jahre alte M\u00e4nner, die mutma\u00dflich der rechten Szene angeh\u00f6ren \u2013 und in Winterbach bei Schorndorf eine Gartenlaube anz\u00fcndeten, in denen t\u00fcrkischst\u00e4mmige Jugendliche vor ihnen Schutz suchten. Das Dorf reagierte geschockt und solidarisiert sich mit den Opfern.<\/strong><\/p>\n<p><em>Informationen des Deutschlandfunks<\/em><\/p>\n<p><strong>Manuskript der Radiosendung:<\/strong><\/p>\n<p><a href=\"http:\/\/www.dradio.de\/dlf\/sendungen\/hintergrundpolitik\/1652008\/\" target=\"_blank\">http:\/\/www.dradio.de\/dlf\/sendungen\/hintergrundpolitik\/1652008\/<\/a><\/p>\n<p><strong>Audiodatei der Radiosendung:<\/strong><\/p>\n<p><a href=\"http:\/\/ondemand-mp3.dradio.de\/file\/dradio\/2012\/01\/15\/dlf_20120115_1840_f646b029.mp3\" target=\"_blank\">http:\/\/ondemand-mp3.dradio.de\/file\/dradio\/2012\/01\/15\/dlf_20120115_1840_f646b029.mp3<\/a><\/p>\n<p><strong>Das Landgericht Stuttgart, 3. Gro\u00dfe Jugendkammer, schreibt als Vorank\u00fcndigung zum Verfahrensbeginn am Montag, 16. Januar 2012, 9 Uhr:<\/strong><\/p>\n<p>Beginn: 16. Januar 2012  09.00 Uhr; Fortsetzung: 18., 23., 25., 30. Januar 2012, 01., 06., 08., 13., 15., 27., 29. Februar  2012, 05., 07., 12., 14., 19., 21., 26., 28. M\u00e4rz  2012, 18., 23., 25., 30. April 2012, 02., 07., 09., 14., 16., 21.  und 23. Mai 2012  jeweils  09.00 Uhr<\/p>\n<p><strong>Tatvorwurf: versuchter Mord u.a.; Tatort: Winterbach<\/strong><\/p>\n<p>Die beiden Angeklagten, die heute 21 und 22 Jahre alt sind, sollen in der Nacht vom 09. auf den 10.04.2011 G\u00e4ste einer Geburtstagsfeier auf einem Gartengrundst\u00fcck in Winterbach gewesen sein. In unmittelbarer N\u00e4he sollen auf einem anderen Gartengrundst\u00fcck einige junge M\u00e4nner zum Grillen zusammen gekommen sein. Kurz vor 2.00 Uhr morgens soll sich eine Gruppe von Teilnehmern der Geburtstagsfeier, darunter die beiden Angeklagten, zum Nachbargrundst\u00fcck aufgemacht haben, um den dortigen Personen eine Abreibung zu verpassen. Aus Angst vor der nahenden Personengruppe sollen drei junge M\u00e4nner in die dort befindliche Gartenh\u00fctte gefl\u00fcchtet sein, w\u00e4hrend die weiteren Personen durch die Streuobstwiesen gefl\u00fcchtet seien. Der j\u00fcngere der beiden Angeklagten soll dann aus dem Lagerfeuer einen brennenden Ast genommen und damit die Gartenh\u00fctte angez\u00fcndet haben. Hierbei sollen die beiden Angeklagten es in Kauf genommen haben, dass die in der H\u00fctte befindlichen jungen M\u00e4nner durch den Brand zu Tode kommen. Zwischenzeitlich sollen noch zwei weitere Personen, die auf der Flucht waren, Zuflucht in der H\u00fctte gesucht haben. Erst nach geraumer Zeit sollen sich die in der H\u00fctte befindlichen Personen entschlossen haben, diese zu verlassen und durch die Streuobstwiesen zu fl\u00fcchten. Die vermeintlich gesch\u00e4digten Personen sollen unter anderem Rauchvergiftungen erlitten haben, die Gartenh\u00fctte soll vollst\u00e4ndig niedergebrannt sein.<\/p>\n<p><strong>Weitere Informationen:<\/strong><\/p>\n<p><a href=\"http:\/\/www.landgericht-stuttgart.de\/servlet\/PB\/menu\/1223061\/index.html?ROOT=1169294\" target=\"_blank\">http:\/\/www.landgericht-stuttgart.de\/servlet\/PB\/menu\/1223061\/index.html?ROOT=1169294<\/a><\/p>\n<div class=\"pdf24Plugin-cp\"> \t<form name=\"pdf24Form0\" method=\"post\" action=\"https:\/\/doc2pdf.pdf24.org\/wordpress.php\" target=\"pdf24PopWin\" onsubmit=\"var pdf24Win = window.open('about:blank', 'pdf24PopWin', 'resizable=yes,scrollbars=yes,width=600,height=250,left='+(screen.width\/2-300)+',top='+(screen.height\/3-125)+''); pdf24Win.focus(); if(typeof pdf24OnCreatePDF === 'function'){void(pdf24OnCreatePDF(this,pdf24Win));}\"> \t\t<input type=\"hidden\" name=\"blogCharset\" value=\"Cw1x07UAAA==\" \/><input type=\"hidden\" name=\"blogPosts\" value=\"MwQA\" \/><input type=\"hidden\" name=\"blogUrl\" value=\"yygpKSi20tcvLy\/Xy8jPSM3LARK6pXnpqWmZOSWpRSV6KakA\" \/><input type=\"hidden\" name=\"blogName\" value=\"88jPSM3LARK6pXnpqWmZOSWpRSUA\" \/><input type=\"hidden\" name=\"blogValueEncoding\" value=\"gzdeflate base64\" \/><input type=\"hidden\" name=\"postId_0\" value=\"MzQyN7EAAA==\" \/><input type=\"hidden\" name=\"postTitle_0\" value=\"Fc09CsJAEIbhq3wgpBMklZBKsbEIiCmsN8m4GdydwOz4W3kHL+BBrPQmnsT1AO\/zFpN5WZbVyiVsKSZzAZwMB2IhrPtrCIT956Wo2asTIyn+xazC9\/54PxcR9SjmPFryLGJgQWNHM+\/UkBVsdLxRSjiTJ4FSN1iiiynFaRyNT0xqFLHMeu8kdUPIWu52nG\/aum74AQ==\" \/><input type=\"hidden\" name=\"postLink_0\" value=\"yygpKSi20tcvLy\/Xy8jPSM3LARK6pXnpqWmZOSWpRSV6Kan69gW2hkbmJhYA\" \/><input type=\"hidden\" name=\"postAuthor_0\" value=\"AwA=\" \/><input type=\"hidden\" name=\"postDateTime_0\" value=\"MzIwNNI1MNQ1NFUwMrQyACJLAA==\" \/><input type=\"hidden\" name=\"postContent_0\" value=\"rVbLUhtHFN3nK26xlucFKAhjUriI8SPELkPsKm+oFtMz09ZMj6ofyNEq\/5AP8IZvyIqd\/iRfknN7RkIIyKPizcBo+r7Ouff0PZgeHlhnWl0eHgtL72VjnahJWUcTqbSkV\/mvdS2pWNwYOlWlEdpJHdFpa0qpB\/irnSgHlA4jei20F4ayJM0G5Bsa0S+VobEsldaOrlpDuTS0HdGJaRdfpabXHj7yiWgayd8snTnvXCmMw\/tPQuelNOqycpaQCr0z7VxaS6WEFc1nUlGWktc5ZRliV0aSqJ2k08W11tIMKFeSGu8asfhaw02IbiT8wfxsLlGc0KWsFn8Y\/PDnb78HXwj0UaFGMxYwGSPI2WXVGp23pqCAyAnnp2vhx+xgvrjRuXSMBUxzeNXkANZE2cvKusV106hS9qVyGjIgoSo+CNfezcn6kFRETMExBzJSlEoiDqqFn\/Zy4kJ2tq1VLoyy\/JEsV9Uox2Hp7bSQRkcHcU\/nQTw9\/O4A9Mrm8JUuWtMIp1qOykgfS+\/guAbIhdcTexDj2Mqkd3EKQu3EqKkL2L0XuWotyvC63L8fRxAoKJ5tVc5N9+N4NptFuWGTKJdxXhdxbyp1XAWES4OSpqjIqUmcDnezJNmLt8gJtJZ7tnUxRnaTrcP\/5+8gFvfqOvLwkgsHcv97XS3obgDbk2a6vZZQoWpkFV5jnoA4SeN0l\/O84NckTXcv0r2d5KIY7gzHSTaKYP9osd8yyEMIcKOtDdjt4A1u5\/POeA4I3WKkGjsMmaUPLYRgwq2vSqBGc4z7B2kKnkJtu5En0TwuD0Eb7oP9PFjub54nSkZRkrDNU3rRGmelmzNblO5FA8q2+bGLx3ayESdJ8Wsy5AefTPlkyiez7\/kxiuiFHBs+vzTgjwl\/TDN+7PBjxGfZU8aesr2IRcbMlzYPJHE0NapeusyWLpPRyuWwc0mdgAH0U6H6Wj9LaBtAvi16k75z4SAiM2+KfbqSptMPw6Kck49E9JRwAjDtr2nZPayPIY\/QN9aOI0zRpBZlkDGWzQryIB+SV2iOzgesQzXsguIZ+llwD121DWdMwhdBkNIkSnYibko6WVxb+GP5NHQixx4Moi9sIaFjwYA\/Nb20hjmGdN5cTjbkuAQyGFSyOB7RK430IH9O1mNhOI\/FNeS1z+3WK\/pcssTf947vLM6fWUWW90bo5ROwx07m3nL7a0SetOGfLvQbD\/ZZx7OeIWrChWhD9E6Yu8vC+OmUJV\/TOUjVssIwdaht4gDkBXJjIvNHqOHUGGyUu14GSi0hF0xCJcZ8EOfYGJeWU3xbvkOTBO0PSR2NeZK7ueX+mQpr+fo58pbj2dvLWosKErDmoOzq6THO4WcDPW4JZM+RUUKhlpdeB361uHHhUitqZI6mdQHQAc1AHTjKgzHa3wXGVmnn3vAFjm9nzkjfjq2bqdAKG67CLYo0PkObIG4yVHEfyo6mXLBKoWiILeQQ5wvpcZ5B0gSQUFGo\/giQAMauA3gkchGuXbVRF+8T\/ULQMRHRSzDLW8QSsQeZJdzIAO4N9+wqTk9lDnKCWT9sL7tQa9jqjgK94qBHC788h0znzPJ5m0vqWjiiTzNeTqSeA+ewGfXJ6Rb\/h8WqZ2BFQKcK3WQbelGz4NAMQ4cvn3zRvd9NEIuLX3VkRD8aYKi7ITbC88b3CUGWocPE\/EOVt02sw+7ScteuYOJ26Pu5Dv3cEfVo4+DosnO4Z3AClg2o7yAJe9fiGvebWw\/dp9uNaScsDRYIVArrUhWuYwI5sC6tZ3e3U0L\/XeHBKyLfoqSVhLcSt5HgdTnozKbuf+xpubPP\/btVrL697Z\/Y5W3PO4WV5qqWLn73PEZz+DjNsu1kmMbAXX6JKtfUP7x\/+\/b8WZoOR9lo52\/3s28VZLWy\/AU=\" \/> \t\t<a href=\"https:\/\/www.pdf24.org\" target=\"_blank\" title=\"www.pdf24.org\" rel=\"nofollow\"><img src=\"https:\/\/www.hohenlohe-ungefiltert.de\/wp-content\/plugins\/pdf24-post-to-pdf\/img\/pdf_32x32.png\" alt=\"\" border=\"0\" height=\"32\" \/><\/a> \t\t<span class=\"pdf24Plugin-cp-space\">&nbsp;&nbsp;<\/span> \t\t<span class=\"pdf24Plugin-cp-text\">Sende Artikel als PDF<\/span> \t\t<span class=\"pdf24Plugin-cp-space\">&nbsp;&nbsp;<\/span> \t\t<input class=\"pdf24Plugin-cp-input\" style=\"margin: 0px;\" type=\"text\" name=\"sendEmailTo\" placeholder=\"Emailadresse\" \/> \t\t<input class=\"pdf24Plugin-cp-submit\" style=\"margin: 0px;\" type=\"submit\" value=\"Senden\" \/> \t<\/form> <\/div>","protected":false},"excerpt":{"rendered":"<p>Das Remstal ist keine Idylle f\u00fcr Migranten. Morgen, Montag, 16. Januar 2012, um 9 Uhr beginnt vor der 3. Gro\u00dfen Jugendkammer des Stuttgarter Landgerichts ein Prozess gegen zwei 21 und 22 Jahre alte M\u00e4nner, die mutma\u00dflich der rechten Szene angeh\u00f6ren \u2013 und in Winterbach bei Schorndorf eine Gartenlaube anz\u00fcndeten, in denen t\u00fcrkischst\u00e4mmige Jugendliche vor ihnen [&hellip;]<\/p>\n","protected":false},"author":3,"featured_media":0,"comment_status":"open","ping_status":"open","sticky":false,"template":"","format":"standard","meta":[],"categories":[],"tags":[],"_links":{"self":[{"href":"https:\/\/www.hohenlohe-ungefiltert.de\/index.php?rest_route=\/wp\/v2\/posts\/12748"}],"collection":[{"href":"https:\/\/www.hohenlohe-ungefiltert.de\/index.php?rest_route=\/wp\/v2\/posts"}],"about":[{"href":"https:\/\/www.hohenlohe-ungefiltert.de\/index.php?rest_route=\/wp\/v2\/types\/post"}],"author":[{"embeddable":true,"href":"https:\/\/www.hohenlohe-ungefiltert.de\/index.php?rest_route=\/wp\/v2\/users\/3"}],"replies":[{"embeddable":true,"href":"https:\/\/www.hohenlohe-ungefiltert.de\/index.php?rest_route=%2Fwp%2Fv2%2Fcomments&post=12748"}],"version-history":[{"count":4,"href":"https:\/\/www.hohenlohe-ungefiltert.de\/index.php?rest_route=\/wp\/v2\/posts\/12748\/revisions"}],"predecessor-version":[{"id":12751,"href":"https:\/\/www.hohenlohe-ungefiltert.de\/index.php?rest_route=\/wp\/v2\/posts\/12748\/revisions\/12751"}],"wp:attachment":[{"href":"https:\/\/www.hohenlohe-ungefiltert.de\/index.php?rest_route=%2Fwp%2Fv2%2Fmedia&parent=12748"}],"wp:term":[{"taxonomy":"category","embeddable":true,"href":"https:\/\/www.hohenlohe-ungefiltert.de\/index.php?rest_route=%2Fwp%2Fv2%2Fcategories&post=12748"},{"taxonomy":"post_tag","embeddable":true,"href":"https:\/\/www.hohenlohe-ungefiltert.de\/index.php?rest_route=%2Fwp%2Fv2%2Ftags&post=12748"}],"curies":[{"name":"wp","href":"https:\/\/api.w.org\/{rel}","templated":true}]}}