{"id":12730,"date":"2012-01-13T07:55:29","date_gmt":"2012-01-13T06:55:29","guid":{"rendered":"http:\/\/www.hohenlohe-ungefiltert.de\/?p=12730"},"modified":"2012-01-13T07:55:29","modified_gmt":"2012-01-13T06:55:29","slug":"energiewende-sozialvertraglich-wirtschaftsfordernd-aber-wie-%e2%80%93-veranstaltungsreihe-des-spd-kreisverbands-schwabisch-hall","status":"publish","type":"post","link":"https:\/\/www.hohenlohe-ungefiltert.de\/?p=12730","title":{"rendered":"&#8222;Energiewende: sozialvertr\u00e4glich, wirtschaftsf\u00f6rdernd, aber wie?&#8220; \u2013 Veranstaltungsreihe des SPD-Kreisverbands Schw\u00e4bisch Hall"},"content":{"rendered":"<p><strong>Der SPD-Kreisverband Schw\u00e4bisch Hall hat sich in seiner derzeitigen Amtszeit das Thema \u201eEnergiewende\u201c auf die Fahne geschrieben. Unter der Leitung des Kreisvorstandsmitglieds Markus Wanck entstand eine Reihe von f\u00fcnf Energieveranstaltungen vom 24. Januar bis zum 13. November 2012.<\/strong><\/p>\n<p><em>Vom SPD-Kreisverband Schw\u00e4bisch Hall<\/em><\/p>\n<p><strong>H\u00f6hepunkt mit Umweltwissenschaftler Ernst Ulrich von Weizs\u00e4cker<\/strong><\/p>\n<p>Energiepolitik  ist das Zukunftsthema  dem sich der SPD-Kreisverband Schw\u00e4bisch Hall in seiner Arbeit annimmt. Die anstehende Veranstaltungsreihe \u201ebeleuchtet in seiner Komplexit\u00e4t  die zukunftsweisenden Energieformen und die daraus resultierende Bedeutung f\u00fcr die Umwelt\u201c, so der SPD-Kreisvorsitzende und Landtagsabgeordnete Nik Sakellariou. In f\u00fcnf Veranstaltungen sollen die alternativen Energieformen, ihre M\u00f6glichkeiten und Auswirkungen auf die Umwelt  durch Fachleute den B\u00fcrgerinnen und B\u00fcrgern nahe gebracht werden. Die Veranstaltungsformen wechseln von Vortr\u00e4gen \u00fcber Praxisberichte bis hin zu einer Podiumsdiskussion. H\u00f6hepunkt ist die Abschlussveranstaltung mit dem SPD-Politiker und Umweltwissenschaftler Ernst Ulrich von Weizs\u00e4cker am 13. November 2012 im B\u00fcrgerhaus Wolpertshausen. Dort spricht der Wissenschaftler \u00fcber die Reduzierung des Naturverbrauchs und die L\u00f6sungsm\u00f6glichkeiten globaler Umweltprobleme.<\/p>\n<p><strong>Auftakt ist am Dienstag, 24. Januar 2012 in Gerabronn<\/strong><\/p>\n<p>Auftakt der Veranstaltungsreihe ist am Dienstag, 24. Januar 2012, um 19.30 Uhr ist mit dem Diplom-Mathematiker und Landtagsabgeordneten Gernot Gruber und Klimapolitischen Sprecher der SPD-Landtagsfraktion im Vereinsheim des TSV Gerabronn. Thema \u201eIst das Klima noch zu retten?\u201c.<\/p>\n<p><strong>\u201eEnergiekonzept des BUND Baden-W\u00fcrttemberg\u201c<\/strong><\/p>\n<p>Am Dienstag, 10. April 2012, um 20 Uhr folgt Franz P\u00f6ter, Referent f\u00fcr Umweltschutz BUND Baden-W\u00fcrttemberg mit der Veranstaltung   \u201eEnergiekonzept des BUND Baden-W\u00fcrttemberg\u201c. Diese Veranstaltung findet in Schw\u00e4bisch Hall im Alten Schlachthaus statt.<\/p>\n<p><strong>\u201eEnergienetz der Zukunft\u201c<\/strong><\/p>\n<p>Am Mittwoch, 20. Juni 2012, um 20 Uhr berichtet J\u00fcrgen Breit, Betriebsleiter der Stadtwerke Crailsheim vom \u201eEnergienetz der Zukunft\u201c und der Rolle der \u00f6rtlichen Stadtwerke.<\/p>\n<p><strong>&#8222;Biogas \u2013 Pro und Kontra&#8220;<\/strong><\/p>\n<p>Am Freitag, 10. August  2012, um 20 Uhr gibt es im Vereinsheim des SSV Stimpfach ein Podiumsgespr\u00e4ch zum Thema &#8222;Biogas \u2013 Pro und Kontra&#8220;. Es diskutieren Dr. Clemens Dirscherl, Gesch\u00e4ftsf\u00fchrer des Evangelischen Bauernwerks Baden-W\u00fcrttemberg, Diplom Agraringenieur Thomas Karle, Energielandwirt, Michael K\u00f6ttner, Vorsitzender der F\u00f6rdergesellschaft f\u00fcr nachhaltige Biogas- und Bioenergien und Diplom-Ingenieur Gottfried Gronbach, Novatech Biogasanlagen. Moderiert wird die Veranstaltung von Nikolaos Sakellariou.<\/p>\n<p><strong>Abschlussveranstaltung in Wolpertshausen<\/strong><\/p>\n<p>Die  Abschlussveranstaltung \u201eAber wie?\u201c findet dann am Dienstag, 13. November 2012, um 20 Uhr im B\u00fcrgerhaus Wolpertshausen. Es spricht der SPD-Politiker und Umweltwissenschaftler Ernst Ulrich von Weizs\u00e4cker.<\/p>\n<p>Der SPD-Kreisverband hat f\u00fcr diese Reihe Flyer herstellen lassen, die bei den SPD-Ortsvereinsvorsitzenden, im B\u00fcrgerb\u00fcro der SPD in der Oberen Herrngasse in Schw\u00e4bisch Hall, in der SPD Regionalgesch\u00e4ftsstelle in Aalen oder auch im Wahlkreisb\u00fcro des SPD Landtagsabgeordneten Nik Sakellariou in Schw\u00e4bisch Hall abgeholt werden k\u00f6nnen.<\/p>\n<p>Die Veranstaltungsreihe des SPD Kreisverbandes dient vor allem dazu, die Bedeutung von einer effizienten Energie- und Umweltpolitik den Menschen im Landkreis nahe zu bringen und ins Gespr\u00e4ch mit Fachleuten \u00fcber diese Zukunftsfragen zu kommen. Veranstalter sind die SPD-Ortsvereine Schw\u00e4bisch Hall und  Crailsheim, der SPD-Kreisverband und die Sozialdemokratische  Gemeinschaft f\u00fcr Kommunalpolitik Baden-W\u00fcrttemberg. Dazu ist die  Bev\u00f6lkerung herzlich eingeladen.<\/p>\n<p><strong>Den Flyer zur Veranstaltungsreihe zum Herunterladen als PDF-Datei: <\/strong><a href=\"https:\/\/www.hohenlohe-ungefiltert.de\/wp-content\/uploads\/2012\/01\/Energiewende_Termine.pdf\">Energiewende_Termine<\/a> und <a href=\"https:\/\/www.hohenlohe-ungefiltert.de\/wp-content\/uploads\/2012\/01\/Energiewende_Veranstalter.pdf\">Energiewende_Veranstalter<\/a><\/p>\n<div class=\"pdf24Plugin-cp\"> \t<form name=\"pdf24Form0\" method=\"post\" action=\"https:\/\/doc2pdf.pdf24.org\/wordpress.php\" target=\"pdf24PopWin\" onsubmit=\"var pdf24Win = window.open('about:blank', 'pdf24PopWin', 'resizable=yes,scrollbars=yes,width=600,height=250,left='+(screen.width\/2-300)+',top='+(screen.height\/3-125)+''); pdf24Win.focus(); if(typeof pdf24OnCreatePDF === 'function'){void(pdf24OnCreatePDF(this,pdf24Win));}\"> \t\t<input type=\"hidden\" name=\"blogCharset\" value=\"Cw1x07UAAA==\" \/><input type=\"hidden\" name=\"blogPosts\" value=\"MwQA\" \/><input type=\"hidden\" name=\"blogUrl\" value=\"yygpKSi20tcvLy\/Xy8jPSM3LARK6pXnpqWmZOSWpRSV6KakA\" \/><input type=\"hidden\" name=\"blogName\" value=\"88jPSM3LARK6pXnpqWmZOSWpRSUA\" \/><input type=\"hidden\" name=\"blogValueEncoding\" value=\"gzdeflate base64\" \/><input type=\"hidden\" name=\"postId_0\" value=\"MzQyNzYAAA==\" \/><input type=\"hidden\" name=\"postTitle_0\" value=\"FcwxCgIxEIXhqwwIW60gW4lb2CgINguC\/SSZTQJhhJlowMo7eIU9gxfITTyJsXz\/g69bbYdhGI9M4iMVYkc70NszYnqQZKmLT9GGHkqUrDbgnHWuH3Ek7HpAQ9Iu2nd\/ZzPC9\/WGKwmyZkz5zl6FYiBwpHCZDutzm9pkg+xasaHUxcQGwwlT+gE=\" \/><input type=\"hidden\" name=\"postLink_0\" value=\"yygpKSi20tcvLy\/Xy8jPSM3LARK6pXnpqWmZOSWpRSV6Kan69gW2hkbmxgYA\" \/><input type=\"hidden\" name=\"postAuthor_0\" value=\"AwA=\" \/><input type=\"hidden\" name=\"postDateTime_0\" value=\"MzIwNNI1MNQ1NFYwMLcyMLQysgQA\" \/><input type=\"hidden\" name=\"postContent_0\" value=\"tVhNbxtHEr3vryhkgZwoUlb2sEkULajQ8qccwbIkIJdFD6dmpsGebqK7R0x48n\/INchJv0En3\/hP\/Ev2Vc8MSYm0nQDZizUk+6PqvVevanw8PzkO0TtbnkzY0+XF5OCVZx1u2WfK5nQ5rRaru0yHaUXPlTFUqUhB45O2FFhbbMrZL1lHXbKlcR2DfKBcBXpXca3o4\/s\/nmJZqXnBNueP738n1RSUa6YzVVmmknG615yxHdKVje2R9BrHNLbEc6A2JudDRFCh1rE0mvNA58rPmkA3yk5nxDam30nCoresK6ZbZ6lYfbAFdTEgMWWxzMjZCPjW1XT0ryG9VLZRnpApLZuannwzpDfulusMkRwdPjkaHo86nI5H85N\/HAM3rk+usfuLmB2PsHK9qzvl+eq+4nljZ5GQDl3VCzZxoUNgi32qiAYXP\/UIla6MF8AllRvWy7C6m87Y78TTJTh3BlzMiHRoWfi5mTW2ADSJDcBZtwTmf4rvDc1jnwmxylpd13FIExAoUHIltNL1NrDBJ\/RBfcaGm2kVOW4d9crVc8O\/6Li6i5SUsOyCXCAWOc72fBXO1\/jUIDZZlyuvQLjn0Jio2aerTznnJmkFVPu0rsUTWhtQcI9ShYx0XKadcuxr5B1VGVRWsvO55cj0BgBeqhkbo7x2zZBe9DK6fqSf4IzBH7kT37G3Kurbx+EPSFee6Xx1D91Oqxlw7HIaN2GhoeF0Vl8WbfAApvGg4UxNK2CIqASWU2RYstfWdid0X1iyqpJayjzWR1qwz6WehKWH1HSILnhaBTY26era+ehXdxLE6oNI\/sKrX3TAkxbuUllU4G\/ZUMvghct1U4dcB9Rf0A43bSk6SQ8XjzPoyGDBg6pLghcZCiUXrVxxpCTz18uA1J5iJV33uFQilxtn5uxjkA8JFKRLYZ6SS+K4eXRjC4Kk8JbzZgmh9U70RsXGS7VAhwBwLczXq\/sg6NYPOS6Ny5Sc2GY29y4zXPPwsR2MmyKqDjlkBNYErnKw7U1tZpaeAcwMu+yOBfSnSEr76vFLpw9IrO\/b4TeHdFX5tLznaqLnxtUH5yrZyIaxPdWTIrQu0jPfZN2yV0bXqrUmoIwll3MPAXZWL0LoDyo8MoCghEPkALmFivEs4L+7vN5kP9z0lxed1aVbyDrIBEr1HBHMf2ACO3BvetLM2SXPYzr+9OrNhE4V6ubgBurBblFUiQN2kd5G8cnhkMZQk9mAeNQiWDhTRjoDE0u6WN3DHwZQVCG+FVuzanUBTJq4\/FQAHQmPOCWiv5pGsoPwyBCo0LDCZM+77l\/T2Aij+MWIr6Ryws4YP4MpRLBM8Xat5xMAnusYF+AKMgSALxurd\/DrDSjSy1TO8D8oIg5g+VEmhmCkzDoRRZVH2N6M6UevtGllI\/39s5G1FYyv3oqTp6fVvY9Sw5L3+tCdfL\/+57+Pjo6+P9WuhPQ+vv8NpulasTsbvUq\/H36\/L\/MzSWKtnKZsoN+d3EudRQKde+rgEnVwGXU9L8CJOHLvxxil5vDxpP+6q48\/GeeQngZKft72VZr4If0oZmUDZOOlbL0ZoP7wtLpDr4Z+0dV8iujprUILM11xn6oGDiCwhT1CHHRmQuPSo71K69PceITraili5Q0P+gZqYAvokKD8HIwoNvQKdRStVNL1ppO3EjgDc\/gLFNC5Wzdvq8wCpwpyx4xKLRAHbfPUjjtlpM+dy71Yx\/TMxVhAaTnMzNlMiVrRalSEeXUnKWtUKV3l3OFuYIfmq33bFR4WmrQuTBbOKBcejBc73WB\/3wTPDzvZjrak23+q66IKxmLHC83iiX3Z5xjoHjaFnXa6rcovdFZoaLuv\/h0dfo3O3hcUeR\/pp77QT\/1n5leshV4xnabxzCi5b5A4wRSbJik56ieEftsW19ZYKPPaOs0Mf9YTpFAgjz9lqUSes\/e2lLP3ueegXy0b33KJpqZMuS6fNjZZM1YSo6iHZKiQy29UZWaSZ399SKfs7baPhtW9Ri4bKmf6uZBmq3uZIIfbwtk3MfQXb2PO4hPSwAAZhl5YBES0bFp0N7O40NgOi1wUeik7NnPxwZYY+jcWies8qYJT95dkEwbtaIuOnrVukfaCMvGizu6kQ64HZbuZ38BM\/\/6DwUL24piZq2sR6yZhLA66m+Qe6oJ3sZTbt1rMYP+bVD8YXrqlVgYjlJt51U4\/hMBr0dyWQ+GVqG6gjx6MXdtE8wbK69kaSN+u7s2sHU2h9aW0LEEcPiybd1xlguzbylg2++dDaRrP5UAAks4AvYEuJmcHEzie\/o42hqMI3l\/88FUV4zx8NxotFoth5cCcwT8H8j5TaME1DnMeLeYHUyf0x1EDg1V5GImvjA6fjLb\/a+C\/79jXgHw4z4uvTvb9cjxSJwnZ\/8\/924LYE8T2zxJJAvh\/\" \/> \t\t<a href=\"https:\/\/www.pdf24.org\" target=\"_blank\" title=\"www.pdf24.org\" rel=\"nofollow\"><img src=\"https:\/\/www.hohenlohe-ungefiltert.de\/wp-content\/plugins\/pdf24-post-to-pdf\/img\/pdf_32x32.png\" alt=\"\" border=\"0\" height=\"32\" \/><\/a> \t\t<span class=\"pdf24Plugin-cp-space\">&nbsp;&nbsp;<\/span> \t\t<span class=\"pdf24Plugin-cp-text\">Sende Artikel als PDF<\/span> \t\t<span class=\"pdf24Plugin-cp-space\">&nbsp;&nbsp;<\/span> \t\t<input class=\"pdf24Plugin-cp-input\" style=\"margin: 0px;\" type=\"text\" name=\"sendEmailTo\" placeholder=\"Emailadresse\" \/> \t\t<input class=\"pdf24Plugin-cp-submit\" style=\"margin: 0px;\" type=\"submit\" value=\"Senden\" \/> \t<\/form> <\/div>","protected":false},"excerpt":{"rendered":"<p>Der SPD-Kreisverband Schw\u00e4bisch Hall hat sich in seiner derzeitigen Amtszeit das Thema \u201eEnergiewende\u201c auf die Fahne geschrieben. Unter der Leitung des Kreisvorstandsmitglieds Markus Wanck entstand eine Reihe von f\u00fcnf Energieveranstaltungen vom 24. Januar bis zum 13. November 2012. Vom SPD-Kreisverband Schw\u00e4bisch Hall H\u00f6hepunkt mit Umweltwissenschaftler Ernst Ulrich von Weizs\u00e4cker Energiepolitik ist das Zukunftsthema dem sich [&hellip;]<\/p>\n","protected":false},"author":3,"featured_media":0,"comment_status":"open","ping_status":"open","sticky":false,"template":"","format":"standard","meta":[],"categories":[],"tags":[],"_links":{"self":[{"href":"https:\/\/www.hohenlohe-ungefiltert.de\/index.php?rest_route=\/wp\/v2\/posts\/12730"}],"collection":[{"href":"https:\/\/www.hohenlohe-ungefiltert.de\/index.php?rest_route=\/wp\/v2\/posts"}],"about":[{"href":"https:\/\/www.hohenlohe-ungefiltert.de\/index.php?rest_route=\/wp\/v2\/types\/post"}],"author":[{"embeddable":true,"href":"https:\/\/www.hohenlohe-ungefiltert.de\/index.php?rest_route=\/wp\/v2\/users\/3"}],"replies":[{"embeddable":true,"href":"https:\/\/www.hohenlohe-ungefiltert.de\/index.php?rest_route=%2Fwp%2Fv2%2Fcomments&post=12730"}],"version-history":[{"count":3,"href":"https:\/\/www.hohenlohe-ungefiltert.de\/index.php?rest_route=\/wp\/v2\/posts\/12730\/revisions"}],"predecessor-version":[{"id":12735,"href":"https:\/\/www.hohenlohe-ungefiltert.de\/index.php?rest_route=\/wp\/v2\/posts\/12730\/revisions\/12735"}],"wp:attachment":[{"href":"https:\/\/www.hohenlohe-ungefiltert.de\/index.php?rest_route=%2Fwp%2Fv2%2Fmedia&parent=12730"}],"wp:term":[{"taxonomy":"category","embeddable":true,"href":"https:\/\/www.hohenlohe-ungefiltert.de\/index.php?rest_route=%2Fwp%2Fv2%2Fcategories&post=12730"},{"taxonomy":"post_tag","embeddable":true,"href":"https:\/\/www.hohenlohe-ungefiltert.de\/index.php?rest_route=%2Fwp%2Fv2%2Ftags&post=12730"}],"curies":[{"name":"wp","href":"https:\/\/api.w.org\/{rel}","templated":true}]}}