{"id":12641,"date":"2012-01-04T18:20:02","date_gmt":"2012-01-04T17:20:02","guid":{"rendered":"http:\/\/www.hohenlohe-ungefiltert.de\/?p=12641"},"modified":"2012-01-06T10:40:19","modified_gmt":"2012-01-06T09:40:19","slug":"bundesprasident-wulff-tritt-heute-mittwoch-vor-die-fernsehkamera-%e2%80%93-ard-zdf-und-deutschlandradio-ubertragen-zeitgleich-um-20-15-uhr","status":"publish","type":"post","link":"https:\/\/www.hohenlohe-ungefiltert.de\/?p=12641","title":{"rendered":"&#8222;Bundespr\u00e4sident Wulff tritt heute (Mittwoch) vor die Fernsehkamera&#8220; \u2013 ARD, ZDF und Deutschlandradio \u00fcbertragen das Interview zeitgleich um 20.15 Uhr"},"content":{"rendered":"<p><strong>In einem Interview mit ARD und ZDF will sich Bundespr\u00e4sident Christian Wulff heute Abend (Mittwoch, 4. Januar 2012, um 20.15 Uhr) zu den gegen ihn erhobenen Vorw\u00fcrfen \u00e4u\u00dfern. Tagesschau extra bringt bereits ab 18.25 Uhr Ausz\u00fcge des Interviews mit Wulff <\/strong><a href=\"http:\/\/www.tagesschau.de\/multimedia\/livestreams\/index.html\" target=\"_blank\">http:\/\/www.tagesschau.de\/multimedia\/livestreams\/index.html<\/a><strong>.<br \/>\n<\/strong><\/p>\n<p><em>Informationen von den Internetseiten des Deutschlandradios, der ARD, des ZDF, des Deutschen Journalistenverbands (DJV) und der dju (verdi)<\/em><\/p>\n<p><strong>Merkel: Fragen umfassend beantworten<\/strong><\/p>\n<p>Bundeskanzlerin Angela Merkel (CDU) geht davon aus, dass das Staatsoberhaupt auch zu seinen Telefonaten mit Verantwortlichen des Springer-Verlags etwas sagen wird. Ein Regierungssprecher sagte, Merkel habe volles Vertrauen, dass der Bundespr\u00e4sident auch weiterhin alle anstehenden Fragen umfassend beantworten werde. Er wies zugleich darauf hin, &#8222;jeder in der Politik&#8220; wisse, dass ein hohes Amt es mit sich bringen k\u00f6nne, erh\u00f6hter Aufmerksamkeit ausgesetzt zu sein.<\/p>\n<p>Der Deutschlandfunk \u00fcbertr\u00e4gt das etwa 20-min\u00fctige Interview mit Christian Wulff ab 20.15 Uhr live.<\/p>\n<p><a href=\"http:\/\/www.dradio.de\/aktuell\/1644027\/\" target=\"_blank\">http:\/\/www.dradio.de\/aktuell\/1644027\/<\/a><\/p>\n<p><strong>Informationen der ARD:<\/strong><\/p>\n<p>\u00dcbertragung des etwa 20-min\u00fctigen Interviews um 20.15 Uhr.<\/p>\n<p><a href=\"http:\/\/www.tagesschau.de\/inland\/wulff708.html\" target=\"_blank\">http:\/\/www.tagesschau.de\/inland\/wulff708.html<\/a><\/p>\n<p><strong>Informationen des ZDF:<\/strong><\/p>\n<p>\u00dcbertragung des etwa 20-min\u00fctigen Interviews im ZDF-Spezial um 20.15 Uhr<\/p>\n<p><a href=\"http:\/\/www.heute.de\/ZDFheute\/inhalt\/13\/0,3672,8440365,00.html?dr=1\" target=\"_blank\">http:\/\/www.heute.de\/ZDFheute\/inhalt\/13\/0,3672,8440365,00.html?dr=1<\/a><\/p>\n<p><strong>So stellt sich Wulff den Fragen von ARD und ZDF<\/strong> (nach Informationen des ZDF auf seiner Internetseite)<strong>:<\/strong><\/p>\n<p><strong>Die Details zum Interview:<\/strong><br \/>\n<strong> <\/strong><\/p>\n<p><strong>Wie kam das Interview mit Christian Wulff zustande?<\/strong><\/p>\n<p>Das ZDF-Hauptstadtstudio hat vor Weihnachten eine regul\u00e4re Interview-Anfrage an die Sprecher des Bundespr\u00e4sidenten gestellt. Nach Weihnachten wurde diese Anfrage noch einmal erneuert. Heute meldete sich das Pr\u00e4sidialamt und beschied die Interviewanfrage positiv, bat aber um ein gemeinsames Interview von ARD und ZDF.<\/p>\n<p><strong>Warum gibt der Pr\u00e4sident nur ARD und ZDF ein Interview?<\/strong><\/p>\n<p>Diese Entscheidung liegt beim Bundespr\u00e4sidenten. Die Gr\u00fcnde kennt das ZDF nicht.<\/p>\n<p><strong>Wie genau l\u00e4uft das Interview ab?<\/strong><\/p>\n<p>Es handelt sich um ein ganz klassisches Fernseh-Format. Die Sendung hei\u00dft schlicht &#8222;ZDF spezial: Das Interview mit Bundespr\u00e4sident Wulff&#8220; und wird in einem Fernseh-Studio aufgezeichnet. Es gibt einen Interviewgast, Bundespr\u00e4sident Christian Wulff, und zwei Interviewer, ZDF-Hauptstadtstudiochefin Bettina Schausten und Ulrich Deppendorf, Leiter des ARD-Hauptstadtstudios.<\/p>\n<p><strong>Hat das Pr\u00e4sidialamt Einfluss auf die Fragen?<\/strong><\/p>\n<p>Nein! Es gibt keinerlei inhaltliche Absprachen und keine Beschr\u00e4nkungen der Fragen.<\/p>\n<p><strong>Warum wird das Interview aufgezeichnet und nicht live gesendet?<\/strong><\/p>\n<p>Das ist bei unseren Interviewformaten (z.B. Was nun&#8230;?) h\u00e4ufig so. Auf diese Weise haben wir auch die M\u00f6glichkeit, gegebenenfalls die L\u00e4nge im Hinblick auf unseren Programmablauf am Abend anzupassen. Es gibt keine nachtr\u00e4gliche Ver\u00e4nderungsm\u00f6glichkeit durch den Gespr\u00e4chsgast.<\/p>\n<p><strong>Wann werden welche Inhalte aus dem Interview ver\u00f6ffentlicht?<\/strong><\/p>\n<p>Um 18 Uhr, so die Bitte des Bundespr\u00e4sidialamtes, k\u00f6nnen Agenturjournalisten sich das Interview ansehen und daraus zitieren. Das Video wird zu diesem Zeitpunkt auch an andere Medien gegeben. Ausz\u00fcge sind dann bis zu einer L\u00e4nge von maximal drei Minuten freigegeben, das komplette Interview erst nach der Ausstrahlung bei ARD und ZDF. Diese l\u00e4uft ab 20.15 Uhr auf beiden Sendern. Nat\u00fcrlich werden heute.de und die heute-Sendung um 19 Uhr schon vor dieser Ausstrahlung \u00fcber das Gespr\u00e4ch mit Ausz\u00fcgen berichten.<\/p>\n<p><strong>Weitere Informationen der ARD zum Interview mit Christian Wulff:<\/strong><\/p>\n<p><strong>Einzelheiten zum Interview mit Bundespr\u00e4sident Wulff<\/strong><\/p>\n<p><strong>Warum die Sperrfrist ver\u00e4ndert wurde<\/strong><\/p>\n<p>Nach langem Schweigen will Bundespr\u00e4sident Christian Wulff abermals zu den Vorw\u00fcrfen Stellung nehmen &#8211; allerdings nicht in einer \u00f6ffentlichen Pressekonferenz. Vielmehr entschied Wulff, sich in einem Interview den Fragen von Ulrich Deppendorf (ARD) und Bettina Schausten (ZDF) zu stellen.<\/p>\n<p>Urspr\u00fcnglich war vorgesehen, dass das gesamte Gespr\u00e4ch um 19.00 Uhr ver\u00f6ffentlicht werden darf \u2013 f\u00fcr die ARD zun\u00e4chst auf tagesschau.de. Um 20.15 Uhr sollte das Interview dann zeitgleich im Ersten und im ZDF ausgestrahlt werden. Auf Initative des Bundespr\u00e4sidialamtes wurde diese Sperrfrist im Nachhinein ver\u00e4ndert, um andere Medienvertreter nicht zu benachteiligen: Ab 18 Uhr k\u00f6nnen nun Agenturjournalisten das Interview ansehen und daraus zitieren. Die Aufzeichnung wird zu diesem Zeitpunkt auch an andere Medien gegeben, die dann bis zu drei Minuten Material aus dem Gespr\u00e4ch verwenden d\u00fcrfen.<\/p>\n<p>Das Erste sendet Ausz\u00fcgen aus dem Interview in einer Tagesschau-Extraausgabe um 18.25 Uhr, um 19 Uhr folgt eine Extraausgabe der Tagesthemen im Livestream von tagesschau.de und auf EinsExtra \u2013\u00a0 dort werden die Aussagen des Bundespr\u00e4sidenten eingeordnet. Um 20.15 Uhr schlie\u00dflich \u00fcbertr\u00e4gt das Erste das Gespr\u00e4ch in voller L\u00e4nge. Erst dann ist auch das komplette Interview freigegeben. Eine inhaltliche Absprache der Fragen fand nicht statt. F\u00fcr den Gespr\u00e4chsgast gibt es keine M\u00f6glichkeit, das Interview nachtr\u00e4glich zu ver\u00e4ndern.<\/p>\n<h2><strong><span style=\"font-size: 13px;\">Journalistenverband kritisiert Exklusivinterview:<\/span><\/strong><\/h2>\n<p>Der Deutsche Journalisten-Verband kritisierte das exklusive Interview von ARD und ZDF. Von der Einflussnahme Wulffs auf die Berichterstattung sei nach jetzigem Kenntnisstand ausschlie\u00dflich die Tagespresse betroffen gewesen, sagte der DJV-Bundesvorsitzende Michael Konken &#8211; der Pr\u00e4sident solle sich den Fragen aller Journalisten der Hauptstadtmedien stellen. Nur so k\u00f6nne er glaubhaft den Dissens zwischen seinen \u00f6ffentlichen Bekenntnissen zur Pressefreiheit und seinen Interventionen gegen unliebsame Berichterstattung aufkl\u00e4ren, sagte Konken weiter.<\/p>\n<p>Auch die RTL-Mediengruppe, die ProSiebenSat.1-Gruppe und der Nachrichtensender N24 wandten sich in einer gemeinsamen Protestnote beim Bundespr\u00e4sidialamt &#8222;gegen diese Ungleichbehandlung&#8220;. Die Grundlagen des dualen Fernsehsystems verpflichteten auch private Rundfunkstationen zu einer umfassenden politischen Berichterstattung. &#8222;Diesem Informationsauftrag k\u00f6nnen wir durch Ihre heutige Entscheidung nicht gerecht werden&#8220;, hie\u00df es.<\/p>\n<p>Der stellvertretende Chefredakteur Fernsehen im ARD-Hauptstadtstudio, Rainald Becker, sagte in der<em> Tagesschau<\/em>, es bestehe durchaus die Gefahr, dass sich Wulff den Missmut anderer Medien zuziehe. Dies sei aber eine Entscheidung des Bundespr\u00e4sidenten und seiner Berater. &#8222;Und er will keine weitere Erkl\u00e4rung abgeben&#8220;, sagte Becker weiter.<\/p>\n<p><strong>Zum Thema Bundespr\u00e4sident \u2013\u00a0DJV erwartet klare Aussagen<\/strong><\/p>\n<p>Der Deutsche Journalisten-Verband hat seine Erwartung bekr\u00e4ftigt, dass Bundespr\u00e4sident Christian Wulff am heutigen Mittwoch die gegen ihn erhobenen Vorw\u00fcrfe ausr\u00e4umt, Einflussnahme auf die Berichterstattung von Medien versucht zu haben. Dass sich der Bundespr\u00e4sident heute \u00e4u\u00dfern wolle, sei ein Schritt in die richtige Richtung, sagte DJV-Bundesvorsitzender Michael Konken. Als kritikw\u00fcrdig bezeichnete es der DJV-Vorsitzende aber, dass sich Wulff nur den Fragen von ARD und ZDF in einem gemeinsamen Interview stellen wolle. \u201eVon der Einflussnahme Wulffs auf die Berichterstattung war nach jetzigem Kenntnisstand ausschlie\u00dflich die Tagespresse betroffen\u201c, sagte Konken. \u201eDer Pr\u00e4sident sollte sich den Fragen aller Journalistinnen und Journalisten der Hauptstadtmedien stellen.\u201c Nur so k\u00f6nne er glaubhaft den Dissens zwischen seinen \u00f6ffentlichen Bekenntnissen zur Pressefreiheit und seinen Interventionen gegen unliebsame Berichterstattung aufkl\u00e4ren.<\/p>\n<p>Nach Informationen des DJV wird sich Bundespr\u00e4sident Christian Wulff am Nachmittag in einem gemeinsamen Interview von ARD und ZDF Fragen zu seinen Anrufen bei kritischen Medien stellen. Das Gespr\u00e4ch soll auf beiden Sendern am Abend ausgestrahlt werden.<\/p>\n<p><strong>Referat Presse- und \u00d6ffentlichkeitsarbeit des DJV:<\/strong><\/p>\n<p>Hendrik Z\u00f6rner, bei R\u00fcckfragen: Tel. 030\/72 62 79 20, Fax 030\/726 27 92 13<\/p>\n<p><strong>Internet:<\/strong> <a href=\"http:\/\/www.djv.de\/SingleNews.20+M5b8aa285595.0.html\" target=\"_blank\">http:\/\/www.djv.de\/SingleNews.20+M5b8aa285595.0.html<\/a><\/p>\n<p><strong>dju in der Gewerkschaft verdi: Auch Politik den Anspr\u00fcchen an Pressefreiheit verpflichtet <\/strong>(<span style=\"font-weight: normal;\">2. Januar 2012)<\/span><\/p>\n<p>Aus gegebenem Anlass mahnt die Deutsche Journalistinnen- und Journalisten-Union (dju) in ver.di f\u00fcr das neue Jahr einen demokratischen und den Anspr\u00fcchen an Pressefreiheit und Aufkl\u00e4rung angemessenen und verpflichteten Umgang vor allem der Politik mit Medien und Journalisten an.\u00a0&#8222;Wer in der \u00d6ffentlichkeit steht, einen \u00f6ffentlichen gesellschaftlichen Auftrag hat und dem Gemeinwohl verpflichtet ist, muss auch das Interesse der \u00d6ffentlichkeit an seinem Verhalten akzeptieren. Auch der Bundespr\u00e4sident muss sich selbstverst\u00e4ndlich kritische Berichterstattung gefallen lassen&#8220;, betonte Ulrich Jan\u00dfen, dju-Vorsitzender. Dazu geh\u00f6re auch das Ertragen von Recherche und Berichterstattung ohne jede Einflussnahme sowie eine eigenst\u00e4ndige und vollst\u00e4ndige korrekte Information der \u00d6ffentlichkeit.<\/p>\n<p>&#8222;Es ist folgerichtig Aufgabe von Journalisten, auch bei Amtstr\u00e4gern wie dem Bundespr\u00e4sidenten, genau hinzugucken, nachzuhaken und Ungereimtheiten offen zu legen&#8220;, sagte Jan\u00dfen, und weiter: &#8222;Der Respekt vor dem hohen Amt des Bundespr\u00e4sidenten gebietet es geradezu, den Amtsinhaber kritisch zu begleiten.&#8220;\u00a0Die dju werde auch im neuen Jahr keine Verletzung dieser Prinzipien und keine Beeintr\u00e4chtigung der Arbeitsm\u00f6glichkeiten ihrer Kolleginnen und Kollegen aller Medien hinnehmen, sondern im Gegenteil auch weiterhin allen den R\u00fccken st\u00e4rken, die sich dagegen zur Wehr setzen. &#8222;Wir m\u00fcssen uns gegen alle Versuche wehren, Journalisten an ihrer Aufgabe zu hindern. Ber\u00fchmtheit oder Prominenz d\u00fcrfen dabei keine Rolle spielen&#8220;, betonte der dju-Vorsitzende.<\/p>\n<p>Deutsche Journalistinnen- und Journalisten-Union (dju) in ver.di<\/p>\n<p>Bundesgesch\u00e4ftsf\u00fchrung,\u00a0Cornelia Ha\u00df<\/p>\n<p>Telefon: 030 69 56-23 22<\/p>\n<p>Fax: 030 69 56-36 57<\/p>\n<p>E-Mail: cornelia.hass@verdi.de<\/p>\n<p><strong>Internet:<\/strong> <a href=\"http:\/\/dju.verdi.de\" target=\"_blank\">http:\/\/dju.verdi.de<\/a><\/p>\n<div class=\"pdf24Plugin-cp\"> \t<form name=\"pdf24Form0\" method=\"post\" action=\"https:\/\/doc2pdf.pdf24.org\/wordpress.php\" target=\"pdf24PopWin\" onsubmit=\"var pdf24Win = window.open('about:blank', 'pdf24PopWin', 'resizable=yes,scrollbars=yes,width=600,height=250,left='+(screen.width\/2-300)+',top='+(screen.height\/3-125)+''); pdf24Win.focus(); if(typeof pdf24OnCreatePDF === 'function'){void(pdf24OnCreatePDF(this,pdf24Win));}\"> \t\t<input type=\"hidden\" name=\"blogCharset\" value=\"Cw1x07UAAA==\" \/><input type=\"hidden\" name=\"blogPosts\" value=\"MwQA\" \/><input type=\"hidden\" name=\"blogUrl\" value=\"yygpKSi20tcvLy\/Xy8jPSM3LARK6pXnpqWmZOSWpRSV6KakA\" \/><input type=\"hidden\" name=\"blogName\" value=\"88jPSM3LARK6pXnpqWmZOSWpRSUA\" \/><input type=\"hidden\" name=\"blogValueEncoding\" value=\"gzdeflate base64\" \/><input type=\"hidden\" name=\"postId_0\" value=\"MzQyMzEEAA==\" \/><input type=\"hidden\" name=\"postTitle_0\" value=\"FcwxCsIwFIfxq\/xBEAWRGhCETkopOLgIIrjF5rUJtqm8vLTg5B28gsdw6008iXX7lu83nWyUUukuekPhzsM7OENecI51WULYicBSFMLsMHbfFnaOrmUYR8iJfSB70w2xnv6lJMX3+cL2mC1wyXKMLLJxD4WttTesjWsxfK7EwroiD6MD9l6IO0c9HuSkqskVFrGBSparNU6Wfw==\" \/><input type=\"hidden\" name=\"postLink_0\" value=\"yygpKSi20tcvLy\/Xy8jPSM3LARK6pXnpqWmZOSWpRSV6Kan69gW2hkZmJoYA\" \/><input type=\"hidden\" name=\"postAuthor_0\" value=\"AwA=\" \/><input type=\"hidden\" name=\"postDateTime_0\" value=\"MzIwNNI1MNQ1MFEwtLAyMLQyMAIA\" \/><input type=\"hidden\" name=\"postContent_0\" value=\"1VrLctxGlt3PV+RoIiao6CqQLFkvSpabMilLtqlwkKIU4c1ElioLSAHIqshMsNS16n+YiFl1tL3wN2jFletP+kv63JsJFFAAKds9m97wgUc+7uOcc2\/i6fLZU+ftwqTPXhmhtFGleGW8sldarUSpvTg+PxGVmYkfT16IlS4K4fT7TDzHJeWWdvOL0zNlvPg6s9p5LY14VxXzuchU5ZU4niq8unemvV8t3mcj8UUivpWmklZMDg4nI1GV+CM5vC8uM3tXrCuBwUSqUvzUGRZkswWGwH9vF3a1ubZz\/Ln5pdr8pKxJxBuZKufeZ7IS6qO3UkytNqkXU2WV9k7IqTh8lEx4dHFcufXmOlWYwm336HiTYc1P96MpnkqRWTX\/8k7m\/fJof3+1WiW+mSuZqf2yKrwu1UzL\/UJfKbynZOn2NazyMcl8WdwRXtpU+S\/v\/M+0kCa\/8+yPj\/V0XzZeSp5Ordh\/9h\/bte4v8R\/cqEq4cL6wpfR6QSa7Whg2J+\/VKO9gE2V4+yfwDubHwmZWzvTCjXDZkq9HfB\/OHrUfxGvfLiprZAEnK3Ol7BSvOrF38u3buxwe9PrsQyX2cG+m7z7dx3KapcWlnimbq+JIvLCSHFyVc+kcBchUSYMAsRi6t68Qabk060LBu+LYpKqQIowl9r4+ubyLgMm8mEnasKxoLxiXfogLL6V3CCELWy897iJ2EWWOIt2IN6pQ84WRZBYKg7fKxoUUmjdNJrhYUlApO8bdQqZOKL\/C0I73sNJ2lohTrOtcpVrZyqQOaaHwtqVHvBrVS83kVMEnRYExMRTCtVKmXiue7qUUL3ZFTrMZJpB4U0gD+2Nl5NfbzIj37ExhZRZLxITrKi0UJe5MYl6kp8bU\/\/1fjyaTyZMPiqbXhlfxw6LQXud86+AJXsbQcZGwmcgWGUY7Lr1QIXMYDTjtMGm++WQMHseCN58yTxFVzUts38kyx0bIO4h85de+9kJS+\/kET7fCcl6ZXGyup2SozS+pZ3eS5YEX41KbzbXXyOUuVu2CEPK\/QRdBudXMNpThIRUoI2XuK1UU+4cPvvjiYPJw\/9Zkvvk1ztudHOimaEy6o17Ub\/7GO5cpAoqjsLd108awNozeuscu8mhDpt5fkbEeHjz6vcA19Ppv2TPjy7+8Z13SMOOLpVprWXRMcJsFmJho9XiZ\/8Y2Mln4\/cN7+wejew8eTkaP4L57D+6PDg54S1\/N7JeHt5rlD445ZKuLhUCGF0XMrBDHrWwnjGtRcmNEsWcknh80taCMZ8izXTK4W8\/ad0Z950QrpKWXuiAQaYmD1iuRkeqV3DjWO4yVy5JT+fbEXVfOI7TUV72xTiRvafyS8BwPzfCjQv4BXj2MY8U7BeEAUxAI0paFVWlVbH6xLbAYH5s5mRNwKmZY1EWN2GSwXRxmQRJ8kojXZOT2FKsKOEuDOKidOKqB1KG5S4QlGbtCWCfiJSuiUhUzhd8ugLETP4SJEMISqFoxjCPDtJrx0po1yzj4cuEA0FcjMcWGQSmWIp+gOVUlfgFp2\/JmN16Snk+kxfupnvoA\/1v6MZXtiD+aoxl3wDFsglPDckHPKIcLrViMIVP7Rk0EhdY3dnONOyJXxgSMp6kMjOOTofBBCkDswZ3V3O\/EkZz2F3XqEBcYv06n2lRQEyIvQGqaVuvEC7jJqWz8gpMnLO0ClEq7wG42P+F98BItq2ZNWqcL2HMkTnoR3WNzDuyaVsmmJB2IdYPorldwEaIZGZuqNTE2chU07oKLgmxpZkql86PPavERT7eGkti+qexoMI1gjTnW9Fx5r40UFwT1pPh4iMvCkhFP1HIJ2ywsRv6e5QnnDWKlN5zrOfGl9ANhDwE1LypoDEIqCvuAdn2HvoYF\/rMxR86YBmEjAt6yakPRAWNI1m+0an4IO4IDMafJK5YqFOxhkhtSgt2zE2Ftp\/DYHKisLAgjSJb5YciCPygR8JJDbdJyYYBrXNlbJ88T8Q7PmspQnNw7ePLVXZFRqOtUuEVCYioiDRAIP0lRsgQNUpHsdrb5lJIVSG2NuJDi8mkO8ej4ge9hAqAIUvKlNlM8mrPN63X9YBeplWUpQXK4DLAOJRwSplqyzEy61hcMhCTRgvGhbDHDLCjhsrUaMassLRKTfBOi9X3mKIAH7G+ifqVfBY36it2rSD9ihHaJinJj82mOspCdP2D9yxI1IImCEWzIJniOalT1oT6EokL5EGQscBPR4Sv7oVX5bHG7FRaUuDHYWF6DKQHRZM+EkeEt0nIRAooqXPIgtAtssoTIjTofyUpABZY6QyUYi+ApjdDUrU7zBDDOVBMZi8Do0aME9KX8qIl0Zih\/xZk2Fa14jn\/iYCzkRb4ol4UiG2z3oCwClBUES1KkIoRYVhD+Udi2GUQEpI8Y3JHYFDJ4nBxH6Mk1+mvpUbeTc2qf1mopGAwO4QvjGm+Re4ePeThk7MIwqbPNdtbFxQFvqImn0LCI9jLUBtDM0v0QY9hSYlCNd3XOkD65WS4ByNaqyEKl3R9nmBVuFkyMREGhKGvntAiOeM4wH8RHHyPJjdCoEAQE4CulQ6VaFJ9v25CgQAS5uhXTartckAQiwxuVlfifMOrw8AnXpSj5ke4RDiOnWdFKTIYWlA4qX5g5ZcY6QVqoolTws2LRQIon8hUnme73o3Z0cI+PxB7cF\/oRfQbbQ\/Byi4m1XCsoLi1Z5NqkIUilpZAjOM+29TmiDFcIH1rRxpGaHBxwsO4AUR3sAIS5+Mdf\/1fMYUZ2ZYgww\/jnOWU6VVUiLluVDDCrIODrIg6DAIjIx6IeaH5qG5oOhVGstTld6tUECnlltEfIX92CgR1Z24o9DE3RlcEvcM82ErmR18GvKyrlFGmDEBSwOwCIRbMuKCCPwCwRmRvABfMNgu7vwVuycDUPLE3R+sdgd8SuaoNtB1PPQNmWqs6akLZBgY2vQn9mFhInaesAdpMISqGFVH1ea5Jo2+Mcn1KPk9xKnSQKvrq3OWqB5nxRpEEois7zs3osnylKX7jy+6bbyOnUCUO2LgUnEM3xQBTFv\/4skGfb4GZju9AKu6F2UtQaWtgZ69huaJOiVpufOO12Wz3BUF10p5Cj\/lnNeQk\/FbykXfToTQzXokFu2KlhzdgShmIuG4kHTeux\/hecxD0JE8W5i5KoK8K6wduRSxRXTRLVgZJNGvx\/6pYIUOf\/Uqgv78wXxo+dXqsjcXhv+fHJnWcDLVmRW6SC08QOpx9zaGp9pdslOwZ81mIMTLbTfFOdTi81PXfGDV5RcXB1S60J9gikWst7I8EcAeS3Uv95ZGnLNqaUdcg01iIflF9rorHvqDw02nFXgLKlEzs0Cof2kikGQIPtERQjm1cky0ehFctrOfn27TiEKVAepfSachGJjbhXhfhuYfIWt+2UxATGdem+pSImwI7V+L1tLVQGaKl5R7yuCNcj6kF6iRRie5pJKmnx3An1XA1AZ6VD6z12q7t0+lzltVFYathIsBTnpD\/YC65dMOLdoHPC+UplYMEp9QsGXADn5Nw0aWwXLRP60Q2mHdeFx\/mb78cBQlNbgY8DgKKcuNCUcheoqg\/H3\/Ct5ryAqCQqNEZEXJl8AQI2s0ZpNzC47W5wkQKO8gY\/B7oLsaSMZXrYayCySxP4cqqoKUBaJtbjdS8CwxQNls0qWZCTQ2Hu\/gL3lY7SdTlnhleegRuLXFp9BUIQ51XoW5MVg6Ubkd406XFxyS12F724Y\/mkXvhJ4KuWQnVwCrVHG7qkyi9UVa8yG2Q09cQ7PZgAX6miBleN23HXI5FRCgG3Ok14DtOavik3vs4oqGYy9wpRFu0RGGSo5h+JcwnlVZAGe59ToyEEUDhgoGOqFqfxOdGIoHOq+GQjbIj5kFyi5pLojUXYTkP0DJFfVj7yt60JfF2tNcYJZQpDCTfJAiG2LXMDXzVpY8k5xPONSy5xS9mgpAPSr2IdcWo5WzhzpswxjY3D5oMpdrOnxvkfQd9vQMuyL9CZdIFZmBjKFEFHfSu7pd1+t+GzUE6dUhfswWOGIi\/HnHPEj4\/W\/nypUNYRR74IB7zstFuPbwm8MWZVYp4uLdzMB8Qr0buIS1dFPcntD66wXY3JA6do4SC6PjMWK4LwEccFSdgLQiDPNQvNzTNTDp3TH5i79t8ga9gd2oC8RuXETJnTbmeaDFs3jBRFec1Ab1vcQ\/HZD3Fqv97c999WR21g3FJx5Jqw3QRR9Pc\/yMVUDv2\/cPE\/\/vq3LpXwqk76BOs\/z7Ca4Y9M8dtZF\/P\/exFv0qnn+wc7BApc3Py2DzJkKN1KRDso5DPhsxtt0Q\/bk\/NjY6s5t1h0lIZsm7MdpXPS0e\/k3YEeUavLOFCy7mLluZoTLEejj3mJm\/9rHESa20k75Y5jsFK\/W\/MSk1mdix83n6yh5KNtnG+u3+d8xoLa9I0qEnFw72D\/4UQ8mIiHj1G3jMQL+TFefCAmD8XjCZR4\/7AzHLBtZxWDh80frujA8EKTJnmtVi6ZHPzp7P70kZSTR\/fvP76fHHz+OPa3DjJ00Egfa8Qz\/2\/oPCAnPp5ze2mmUZyTsIkfA3ByHBvukrCbpdmN+bYs2h4A7vULGOpGZf5IGIrmAkXMpPNF0N2mRKn1pWu62IgSQ2c2opQZHRbxyWSP6Bgbxj1wGF8apI7Yw7bvitC7SGY6dmWo6a4qjCIzG89YUI0vcsRZDOwgWT9nBXrqOCYwJzP14OiJGq521ONlmUrmN8sQV7a\/wOB+YcynHtJJk\/z6c1Ql77Yfb+zkAeVhBp4dQjHqbxVF8Hm8dBzlJemDsF\/qaxA8rBZZ0XWxpoOnMpzYtBvijPlDS5ERTUs6IeBmPnaRr9WybtyESmKIwXkaBjkseeo8aQBPNTMTToM+A2CaKjr4wEwFi+9Gk4GUEIuqbiAi\/iAOqOfzoWozsyUAA+alKgNQqO1WT\/kzhcjK53x0TAsIfcfdRSxA\/oK+sdmhXrdYIYJZh3GHNuyJxAdHCrByeyVfWKty32lYD5m5QcsYG6fh5Il6QipqG3JzGj5F6n7UNQr743Z\/CQqlJgUrJmqEqaEj3FE8js20WVdpBYWLSyQW1lUm8\/rQkL6dQpHmY1M8FOawakFkuCOTG0\/wASmL5aOmIMJ2z7EA2CGcCWBN9DmS4c+Rbjy5n2pFAasIR6ycqXU1CpmMPVIHiIqDOoZCl5KKRDo0iGuD\/CYLAC6ZkYKVUPsQYpgAGaEYoO\/DIJK4tgjnFT9YWEYv9c5JJH55ZkS4I1QiVhwzZXVOzFhEU2XzHYm4dCt6wv+NLoogkdED1Jmng65ArJoSmPqpShdDn5OF7wOZ+Ji1AVt53fuMB11BspDKeUetevp2i7K1xh5UoOXmmpVQZVwUOPyl2tug1KlGyriNsANgcW91NK45jMKREXJoc52FiBGL0INZlARi67qpipWx9GCLnoe2DOxcDCR5\/DKxnditevdf44\/uR4opnTFTFeVAKxkxwOjXn79eQA0UWkKZbn6qn48fHh6RmhAPHov7D8aTe2Iyqe9DaLTv3Xsg7j9svmkYn0ldHIn3ceAkA7j9mWk7odOg3y1HsKWkfv1GudF+qJET\/wQ=\" \/> \t\t<a href=\"https:\/\/www.pdf24.org\" target=\"_blank\" title=\"www.pdf24.org\" rel=\"nofollow\"><img src=\"https:\/\/www.hohenlohe-ungefiltert.de\/wp-content\/plugins\/pdf24-post-to-pdf\/img\/pdf_32x32.png\" alt=\"\" border=\"0\" height=\"32\" \/><\/a> \t\t<span class=\"pdf24Plugin-cp-space\">&nbsp;&nbsp;<\/span> \t\t<span class=\"pdf24Plugin-cp-text\">Sende Artikel als PDF<\/span> \t\t<span class=\"pdf24Plugin-cp-space\">&nbsp;&nbsp;<\/span> \t\t<input class=\"pdf24Plugin-cp-input\" style=\"margin: 0px;\" type=\"text\" name=\"sendEmailTo\" placeholder=\"Emailadresse\" \/> \t\t<input class=\"pdf24Plugin-cp-submit\" style=\"margin: 0px;\" type=\"submit\" value=\"Senden\" \/> \t<\/form> <\/div>","protected":false},"excerpt":{"rendered":"<p>In einem Interview mit ARD und ZDF will sich Bundespr\u00e4sident Christian Wulff heute Abend (Mittwoch, 4. Januar 2012, um 20.15 Uhr) zu den gegen ihn erhobenen Vorw\u00fcrfen \u00e4u\u00dfern. Tagesschau extra bringt bereits ab 18.25 Uhr Ausz\u00fcge des Interviews mit Wulff http:\/\/www.tagesschau.de\/multimedia\/livestreams\/index.html. Informationen von den Internetseiten des Deutschlandradios, der ARD, des ZDF, des Deutschen Journalistenverbands (DJV) [&hellip;]<\/p>\n","protected":false},"author":3,"featured_media":0,"comment_status":"open","ping_status":"open","sticky":false,"template":"","format":"standard","meta":[],"categories":[],"tags":[],"_links":{"self":[{"href":"https:\/\/www.hohenlohe-ungefiltert.de\/index.php?rest_route=\/wp\/v2\/posts\/12641"}],"collection":[{"href":"https:\/\/www.hohenlohe-ungefiltert.de\/index.php?rest_route=\/wp\/v2\/posts"}],"about":[{"href":"https:\/\/www.hohenlohe-ungefiltert.de\/index.php?rest_route=\/wp\/v2\/types\/post"}],"author":[{"embeddable":true,"href":"https:\/\/www.hohenlohe-ungefiltert.de\/index.php?rest_route=\/wp\/v2\/users\/3"}],"replies":[{"embeddable":true,"href":"https:\/\/www.hohenlohe-ungefiltert.de\/index.php?rest_route=%2Fwp%2Fv2%2Fcomments&post=12641"}],"version-history":[{"count":12,"href":"https:\/\/www.hohenlohe-ungefiltert.de\/index.php?rest_route=\/wp\/v2\/posts\/12641\/revisions"}],"predecessor-version":[{"id":12666,"href":"https:\/\/www.hohenlohe-ungefiltert.de\/index.php?rest_route=\/wp\/v2\/posts\/12641\/revisions\/12666"}],"wp:attachment":[{"href":"https:\/\/www.hohenlohe-ungefiltert.de\/index.php?rest_route=%2Fwp%2Fv2%2Fmedia&parent=12641"}],"wp:term":[{"taxonomy":"category","embeddable":true,"href":"https:\/\/www.hohenlohe-ungefiltert.de\/index.php?rest_route=%2Fwp%2Fv2%2Fcategories&post=12641"},{"taxonomy":"post_tag","embeddable":true,"href":"https:\/\/www.hohenlohe-ungefiltert.de\/index.php?rest_route=%2Fwp%2Fv2%2Ftags&post=12641"}],"curies":[{"name":"wp","href":"https:\/\/api.w.org\/{rel}","templated":true}]}}