{"id":12628,"date":"2012-01-04T10:34:54","date_gmt":"2012-01-04T09:34:54","guid":{"rendered":"http:\/\/www.hohenlohe-ungefiltert.de\/?p=12628"},"modified":"2012-01-04T14:40:12","modified_gmt":"2012-01-04T13:40:12","slug":"der-hohenlohische-bundestagsabgeordnete-christian-von-stetten-ist-neuer-vorsitzender-der-cducsu-mittelstandsvereinigung","status":"publish","type":"post","link":"https:\/\/www.hohenlohe-ungefiltert.de\/?p=12628","title":{"rendered":"&#8222;Der hohenlohische Bundestagsabgeordnete Christian von Stetten ist neuer Vorsitzender der CDU\/CSU-Mittelstandsvereinigung&#8220;"},"content":{"rendered":"<p><strong>Zum neuen Vorsitzenden des Parlamentskreises Mittelstand der CDU-\/CSU-Fraktion im Deutschen Bundestag wurde der hohenlohische CDU-Bundestagsabgeordnete Christian von Stetten (41) gew\u00e4hlt.<\/strong><\/p>\n<p><em>Informationen von der Internetseite des Parlamentskreises Mittelstand der CDU-\/CSU-Bundestagsfraktion<\/em><\/p>\n<p><strong>Nachzulesen auf der Internetseite<\/strong> <a href=\"http:\/\/www.cducsu.de\/Titel__parlamentskreis_mittelstand\/TabID__13\/SubTabID__16\/AGID__37\/arbeitsgruppen.aspx\" target=\"_blank\">http:\/\/www.cducsu.de\/Titel__parlamentskreis_mittelstand\/TabID__13\/SubTabID__16\/AGID__37\/arbeitsgruppen.aspx<\/a><\/p>\n<p><strong>Nachrichten und Kommentare zur Mittelstandspolitik im PKM-Journal <\/strong><strong>VI\/2011 <\/strong><strong>vom 19. Dezember 2011:<\/strong><\/p>\n<p><strong>Neuer PKM-Vorstand<\/strong><\/p>\n<p>Turnusm\u00e4\u00dfig zur Halbzeit der Legislaturperiode fand am 29. November 2011 die Neuwahl des gesamten PKM-Vorstandes statt. Zum neuen mittelstandspolitischen Sprecher der Unionsfraktion und Vorsitzenden des PKM wurde einstimmig und in geheimer Wahl der 41-j\u00e4hrige baden-w\u00fcrttembergische Unternehmer Christian Freiherr von Stetten gew\u00e4hlt. Von Stetten folgt Dr. Michael Fuchs, der den PKM-Vorsitz seit 2006 und seit 2009 in Personalunion mit dem Amt des Stellvertretenden Fraktionsvorsitzenden f\u00fcr den Bereich Wirtschaft innehatte; er wurde zum Ehrenvorsitzenden gew\u00e4hlt.<\/p>\n<p>Erster stellvertretender Vorsitzender bleibt Ernst Hinsken; die weiteren Stellvertreter sind Marie-Luise D\u00f6tt sowie Andreas L\u00e4mmel und Dr. Mathias Middelberg. Die PKM-Plenarversammlung hat dar\u00fcber hinaus beschlossen, das Amt des Justiziars beim PKM einzurichten. Mit diesem Amt wurde Gitta Connemann betraut.<\/p>\n<p><strong>Zum Antritt in seinem Amt schreibt der neue PKM-Vorsitzende Christian von Stetten an die Leser des PKM-Journals:<\/strong><\/p>\n<p>Liebe Leserinnen und Leser,<\/p>\n<p>Ende November haben mich die Mitglieder des Parlamentskreis Mittelstand zum neuen Vorsitzenden und zum Nachfolger von Dr. Michael Fuchs gew\u00e4hlt. Ich freue mich auf diese neue Aufgabe und danke ihm f\u00fcr seine erfolgreiche Arbeit, von der der deutsche Mittelstand in den letzten Jahren nachhaltig profitiert hat. Er bleibt als stellvertretender Fraktionsvorsitzender f\u00fcr den Bereich Wirtschaft unser wichtigster Ansprechpartner in allen wirtschaftspolitischen Fragen.<\/p>\n<p>Wir stehen vor spannenden Monaten und besch\u00e4ftigen uns neben allen mittelstandspolitischen Themen insbesondere mit der Staatsschuldenkrise der EuroL\u00e4nder und ihren realwirtschaftlichen Auswirkungen. Dies bleibt ein gro\u00dfes Thema f\u00fcr die gesamte Wirtschaft, angefangen vom kleinen Mittelst\u00e4ndler, der sich um seine Kreditkonditionen sorgen muss, bis hin zum internationalen Gro\u00dfkonzern, dessen Absatzm\u00e4rkte bei einer weiteren Versch\u00e4rfung der Krise wegbrechen k\u00f6nnten. Gleiches gilt f\u00fcr das Management der Energiewende, wenn die Energiepreise mit R\u00fccksicht auf Wirtschaft und Verbraucher nicht in den Himmel wachsen sollen. Ganz zu schweigen von der Notwendigkeit, Erfolge bei der Haushaltskonsolidierung mit wachstumsorientierten Politikimpulsen zu kombinieren. Bei solchen politischen Megabaustellen liegt es in der Natur der Sache, wenn die Diskussion um den besten Weg auch einmal emotional gef\u00fchrt wird. Gerade der PKM ist dann als F\u00fcrsprecher eines ordnungspolitischen Kurses pr\u00e4destiniert, Sachargumenten das erforderliche Geh\u00f6r zu verschaffen. Gleiches gilt in der Steuerpolitik, in der Sozialpolitik, beim B\u00fcrokratieabbau und generell \u00fcberall dort, wo es darum geht, ein ausgewogenes Verh\u00e4ltnis zwischen unternehmerischer Freiheit und staatlicher Regulierung zu verwirklichen. Mittelstandspolitik ist insofern eine herausfordernde, aber eben auch sehr, sehr reizvolle Querschnittsaufgabe; ich freue mich darauf, sie gemeinsam mit den Mitstreitern im Parlamentskreis Mittelstand wahrzunehmen.<\/p>\n<p>Ihr<\/p>\n<p>Christian Frhr. von Stetten, Vorsitzender des Parlamentskreis Mittelstand der CDU\/CSU-Bundestagsfraktion<\/p>\n<p><strong>Weitere Informationen und Kontakt:<\/strong><\/p>\n<p><a href=\"http:\/\/www.christian-stetten.de\/\" target=\"_blank\">http:\/\/www.christian-stetten.de\/<\/a><\/p>\n<div class=\"pdf24Plugin-cp\"> \t<form name=\"pdf24Form0\" method=\"post\" action=\"https:\/\/doc2pdf.pdf24.org\/wordpress.php\" target=\"pdf24PopWin\" onsubmit=\"var pdf24Win = window.open('about:blank', 'pdf24PopWin', 'resizable=yes,scrollbars=yes,width=600,height=250,left='+(screen.width\/2-300)+',top='+(screen.height\/3-125)+''); pdf24Win.focus(); if(typeof pdf24OnCreatePDF === 'function'){void(pdf24OnCreatePDF(this,pdf24Win));}\"> \t\t<input type=\"hidden\" name=\"blogCharset\" value=\"Cw1x07UAAA==\" \/><input type=\"hidden\" name=\"blogPosts\" value=\"MwQA\" \/><input type=\"hidden\" name=\"blogUrl\" value=\"yygpKSi20tcvLy\/Xy8jPSM3LARK6pXnpqWmZOSWpRSV6KakA\" \/><input type=\"hidden\" name=\"blogName\" value=\"88jPSM3LARK6pXnpqWmZOSWpRSUA\" \/><input type=\"hidden\" name=\"blogValueEncoding\" value=\"gzdeflate base64\" \/><input type=\"hidden\" name=\"postId_0\" value=\"MzQyM7IAAA==\" \/><input type=\"hidden\" name=\"postTitle_0\" value=\"FY2xCsMwDER\/RVDIVlo8FbLVWTuFdHfrwxYEGSQ5Q7++znDLce\/ddHmEEOYFSrVVyN4q27eCnl0yzFOx9ClomgUOilXZnJPQ0YRWhzuERkWCPhzvpsb+w2CVzsRlu8V1u754LPfhk2wHFCxcupTpvL\/Pfw==\" \/><input type=\"hidden\" name=\"postLink_0\" value=\"yygpKSi20tcvLy\/Xy8jPSM3LARK6pXnpqWmZOSWpRSV6Kan69gW2hkZmRhYA\" \/><input type=\"hidden\" name=\"postAuthor_0\" value=\"AwA=\" \/><input type=\"hidden\" name=\"postDateTime_0\" value=\"MzIwNNI1MNQ1MFEwNLAyMLQyNQEA\" \/><input type=\"hidden\" name=\"postContent_0\" value=\"vVdNb9w2EL33VxA5tYC9W7dFizSOASd2Esd2kOYT6MWgVpTEiqIWQ9Jb7J\/pxb8hp9z2j\/XNUNqPrpOilx7i7Gopzsyb996Qx\/OT4xCp9\/XJ76lT3iTj1Yeego1L40t8KU1QrzU53RkfQ0vGBjy5tjEaF6L2JVaQenr2\/nD69O37w2ek22h7r2ynzkyKYdZgkycJe2F1rRaJSiOvND1+cX1jeYlssF4VdFGbnkpvIn5pyIZotVe32PZtNIjs1bc\/HX2narNY3TUuTo6nQxHH0\/nJN8coynQnF77qqdOcjckvc9gLHw1h42BsNP+1uk2G1VDn8RSR1lGHLF7pWbNMzgTE1anaj7vOVx1r1ZCpHj9oYpz\/Op0uFovJrEyzkCalmb7DWndzM9\/N8Kbb5Dd9p4uLs5ubox+nb1Mxfvl5evqcP\/z4y1RTgYihpjSfGz\/RYf7nAxU11SY+fnBTOO3bByf\/Y\/Djqb4XL7KzhhsLhNVl33FATUYtE223I8x7Z6NtmV6vL68PX\/aJvHZqQ4Dh\/w8X0x++Pzra\/+G279TRwwnIuTRdgcbwsl\/3CTSmBkWQhGJVcAp7S98hhRS61d3qL1tLwi+0K5YoXBp\/ZWobnI6J5oZsD\/ZXzCvdqR+Qxqv+dpOGKq1RiLjQjRNq1ibojlHZTgDP8X+ME7WRbLcHURbe2zkZfCDJ5L0HYdfMFaT3pX55PWjUWA\/ZdR1q4pXWI5vG2A4bfcz5kfrp6PAPKJBsbVShscfhYvWZkAqXVGdlv8\/Eb\/jFjZafgUvIi3ZEvdYz8to8rXpXR3VGExBh1mjj1LM0a8KBZFBugYNCFMsLWH7\/syQ9fnvI6b82FHqQJTEMjBhe7tRpF6VwRHPu1lAkmI7AMVpZuN0GqUKBEvWJQQmzRn20xC6nq4ggqBOdMY8UUsswLtGjc0jc7+yy5VyZROfoLd4J\/8iCtjtEqnDGFlGdE1qjXqBBrfGPhDULthUyfrcObGgBw7Umaw6vEsxNna0+xahCv8BLp74ko4O6Wt1BcE4gE5x1bKxmHyxL47iV0AvWM9CvnfGaEADM7IBlrVCxKjWtPjONG+t1CqowgMT1AQ6IPmGrEeaXCf1fWk28JouYmQbVZP1zkyNXFIbeZBSfg99aPe0BcKe9x7uRdNrAtz3ETn0kLOeWo\/9+2Af5kIDHOLJotmnD6H5h0OAr43uFhGhUyGg7Yd83rqwphtXMhqwy+XqwbjUHW+u+0YXoF0ziOKi+dtaUY7Bd892ZTMv7B3YafmJTZemYrLE9\/Wyp7QLBK2JMJA8ZWdyBjNNpqmokKRuXGBdG2abLOhB8wXWOI2rAarH8g\/W8zf\/yQWAnfetFRs7EJeP8UrNIlEfWjXYRrjOnvoKRgcpMsQlYP\/IfyN+jlPv0Sl\/Va\/Lc1AUzz9aiv1MfxDEx9KLHdySpHRiPReNbO\/6KmDVIO7YWe3NijZw38HGumQMc\/RrOM443EcfqrkJQeRKAM5MgR\/qSlb9rDIiAjALe77k2M5gYgaxax4B1ySFYSyx0fn6eqIe4BQgxccEYmnebepyV7U9TwLMWgmYRQu1hRNuw9VO\/+guPOAk9YAq2DvNpC9MDCKY2Ff9hDDrVOuaIX7ees3FQg+QXuCHgaubRJZnSxha12eHQFnrifboUYPcF+A97EXJbGSpyttMM2nPOD28u8ZS3ZuNRp0XQcYnBTC1yBC25FG746JUf4GLcCarYxzihS4FuYepC5qZX7eqT9+JLz50QHLqxLg4QsEdqDwqwRDPingefWXDXD7CRz\/YxPJ7LAVPa9mb1edZy\/VH0tsPKkjMrYHAyur0sGuTywopTLyCTIAAxZ5Cc9ksAwy6H6uqt8+6rPnIytm5Fluei1YwG\/\/wCbs16CwAPm1kkSwwGpyhBYurQBYv6WIk8bfMJzHbz5DgFRG37rrDeMqYT6MxyWoLeNn+vDVwE0Vi3rHtrMNUBpx3y5BNSJjPCbmN3ZkMLAsiRpRMQIADO5KOpFWPEbe1wCDRdnwkBXqI\/DYwDlC6BjiE93Dp43sDl2ci8+MgzNDKMpyTmR1B88wAGO+q7TMQ3gzmt7vgGINUCTs4VZ+nE\/ecTFAjBboiRRaIrhG5Wn4hBuhWy6araJ9MAAUYODpvDCfdg\/bTHuHTrpzI1nyDpviXw3+gCoApn0HV0wDklkxhmosqec1z0DDMmNNDDEQ5PWNHoBAZAzy8Fphtk4KKHxJaLoeS0ObjJExoObTZTNLDnSJGk3pg6uYE5uVT2kuwsk\/vP74HLDn2FEAK7wj7IKWMn4tE8HrMxcpODaeAa\/BcGZpe3zHz1WxJUPSIEnefUI2V3xxkqx094VQyr43MtDt\/ZOsWXMMLFEeTS+rWJi3M5LZNAsvH8i4bGj9vH2wbzdusccbB7kPu32T7cOr946dw99XzMhqZ2b7z5JoVrVBvvud\/cd+8c0z8MOWm+BX79snjfG+sb3t8=\" \/> \t\t<a href=\"https:\/\/www.pdf24.org\" target=\"_blank\" title=\"www.pdf24.org\" rel=\"nofollow\"><img src=\"https:\/\/www.hohenlohe-ungefiltert.de\/wp-content\/plugins\/pdf24-post-to-pdf\/img\/pdf_32x32.png\" alt=\"\" border=\"0\" height=\"32\" \/><\/a> \t\t<span class=\"pdf24Plugin-cp-space\">&nbsp;&nbsp;<\/span> \t\t<span class=\"pdf24Plugin-cp-text\">Sende Artikel als PDF<\/span> \t\t<span class=\"pdf24Plugin-cp-space\">&nbsp;&nbsp;<\/span> \t\t<input class=\"pdf24Plugin-cp-input\" style=\"margin: 0px;\" type=\"text\" name=\"sendEmailTo\" placeholder=\"Emailadresse\" \/> \t\t<input class=\"pdf24Plugin-cp-submit\" style=\"margin: 0px;\" type=\"submit\" value=\"Senden\" \/> \t<\/form> <\/div>","protected":false},"excerpt":{"rendered":"<p>Zum neuen Vorsitzenden des Parlamentskreises Mittelstand der CDU-\/CSU-Fraktion im Deutschen Bundestag wurde der hohenlohische CDU-Bundestagsabgeordnete Christian von Stetten (41) gew\u00e4hlt. Informationen von der Internetseite des Parlamentskreises Mittelstand der CDU-\/CSU-Bundestagsfraktion Nachzulesen auf der Internetseite http:\/\/www.cducsu.de\/Titel__parlamentskreis_mittelstand\/TabID__13\/SubTabID__16\/AGID__37\/arbeitsgruppen.aspx Nachrichten und Kommentare zur Mittelstandspolitik im PKM-Journal VI\/2011 vom 19. Dezember 2011: Neuer PKM-Vorstand Turnusm\u00e4\u00dfig zur Halbzeit der Legislaturperiode fand am [&hellip;]<\/p>\n","protected":false},"author":3,"featured_media":0,"comment_status":"open","ping_status":"open","sticky":false,"template":"","format":"standard","meta":[],"categories":[],"tags":[],"_links":{"self":[{"href":"https:\/\/www.hohenlohe-ungefiltert.de\/index.php?rest_route=\/wp\/v2\/posts\/12628"}],"collection":[{"href":"https:\/\/www.hohenlohe-ungefiltert.de\/index.php?rest_route=\/wp\/v2\/posts"}],"about":[{"href":"https:\/\/www.hohenlohe-ungefiltert.de\/index.php?rest_route=\/wp\/v2\/types\/post"}],"author":[{"embeddable":true,"href":"https:\/\/www.hohenlohe-ungefiltert.de\/index.php?rest_route=\/wp\/v2\/users\/3"}],"replies":[{"embeddable":true,"href":"https:\/\/www.hohenlohe-ungefiltert.de\/index.php?rest_route=%2Fwp%2Fv2%2Fcomments&post=12628"}],"version-history":[{"count":3,"href":"https:\/\/www.hohenlohe-ungefiltert.de\/index.php?rest_route=\/wp\/v2\/posts\/12628\/revisions"}],"predecessor-version":[{"id":12630,"href":"https:\/\/www.hohenlohe-ungefiltert.de\/index.php?rest_route=\/wp\/v2\/posts\/12628\/revisions\/12630"}],"wp:attachment":[{"href":"https:\/\/www.hohenlohe-ungefiltert.de\/index.php?rest_route=%2Fwp%2Fv2%2Fmedia&parent=12628"}],"wp:term":[{"taxonomy":"category","embeddable":true,"href":"https:\/\/www.hohenlohe-ungefiltert.de\/index.php?rest_route=%2Fwp%2Fv2%2Fcategories&post=12628"},{"taxonomy":"post_tag","embeddable":true,"href":"https:\/\/www.hohenlohe-ungefiltert.de\/index.php?rest_route=%2Fwp%2Fv2%2Ftags&post=12628"}],"curies":[{"name":"wp","href":"https:\/\/api.w.org\/{rel}","templated":true}]}}