{"id":12619,"date":"2012-01-04T12:23:36","date_gmt":"2012-01-04T11:23:36","guid":{"rendered":"http:\/\/www.hohenlohe-ungefiltert.de\/?p=12619"},"modified":"2012-01-06T10:41:27","modified_gmt":"2012-01-06T09:41:27","slug":"bundesprasident-christian-wulff-cdu-fordert-pressefreiheit-%e2%80%93-allerdings-in-agypten-%e2%80%93-faz-umfrage-87-prozent-sind-fur-rucktritt-wulffs","status":"publish","type":"post","link":"https:\/\/www.hohenlohe-ungefiltert.de\/?p=12619","title":{"rendered":"&#8222;Bundespr\u00e4sident Christian Wulff fordert Pressefreiheit \u2013 allerdings in \u00c4gypten&#8220; \u2013 FAZ-Umfrage: 87 Prozent sind f\u00fcr R\u00fccktritt Wulffs"},"content":{"rendered":"<p><strong>Die Luft f\u00fcr Bundespr\u00e4sident Christian Wulff (ruhende CDU-Mitgliedschaft) wird d\u00fcnn. In einer Umfrage auf der Internetseite der Frankfurter Allgemeinen Zeitung (FAZ) stimmten 87 Prozent (von 22.478 Abstimmenden) daf\u00fcr, dass Wulff zur\u00fccktreten soll. \u00c4hnliche Ergebnisse gab es bei einer Umfrage des Fernsehsenders ARD. Wulff ist wegen eines Privatkredits, eines extrem zinsg\u00fcnstigen Kredits bei der Landesbank Baden-W\u00fcrttemberg, einer Falschaussage im Landtag von Niedersachsen und wegen Drohungen gegen\u00fcber dem Chefredakteur der Bildzeitung und dem Springer-Verlagschef in die Kritik geraten. <\/strong><\/p>\n<p><em>Von Ralf Garmatter, Hohenlohe-ungefiltert<\/em><\/p>\n<p><strong>Umfrage auf der Internetseite des \u00f6ffentlich-rechtlichen Fernsehsenders ARD:<\/strong><\/p>\n<p><strong>Sollte Bundespr\u00e4sident Wulff zur\u00fccktreten?<\/strong><br \/>\nDer umstrittene Hauskredit und vor allem der Versuch, die Berichterstattung dar\u00fcber zu verhindern, bringen Christian Wulff immer mehr in Bedr\u00e4ngnis. Die Zahl derer, die Wulffs Amtszeit als beendet ansehen, steigt. Was meinen Sie \u2013 sollte er zur\u00fccktreten? (Stand: Mittwoch, 4. Januar 2012, 14 Uhr)<\/p>\n<p><strong>Ja: <\/strong>88.2 Prozent (85.134 Stimmen)<br \/>\n<strong>Nein:<\/strong> 9.4 Prozent (9094 Stimmen)<br \/>\nWei\u00df nicht. \/ Ist mir egal: 2.3 Prozent (2245 Stimmen)<br \/>\nStimmen gesamt: 96.473<br \/>\nHinweise: Das Ergebnis dieser Umfrage ist nicht repr\u00e4sentativ. Rundungsbedingt kann es zu Abweichungen kommen. <a href=\"http:\/\/umfrage.tagesschau.de\/umfrage\/poll_dbdata.php?oid=wulff674\" target=\"_blank\">http:\/\/umfrage.tagesschau.de\/umfrage\/poll_dbdata.php?oid=wulff674<\/a><\/p>\n<p><strong>Umfrage auf der Internetseite der Frankfurter Allgemeinen Zeitung (FAZ):<\/strong><\/p>\n<p><strong>Ist Christian Wulff als Bundespr\u00e4sident noch tragbar?<\/strong> 22478 Stimmen wurden abgegeben (Stand: Mittwoch, 4. Januar 2012, 12 Uhr)<br \/>\n<strong>13 Prozent:<\/strong> Ja, die Aufregung ist \u00fcbertrieben. Au\u00dferdem hat er sich entschuldigt.<br \/>\n<strong>87 Prozent:<\/strong> Nein, es reicht endg\u00fcltig. Wulff muss zur\u00fccktreten.<\/p>\n<p><a href=\"http:\/\/www.faz.net\/aktuell\/politik\/\" target=\"_blank\">http:\/\/www.faz.net\/aktuell\/politik\/<\/a><\/p>\n<p><strong>Vor einigen Monaten hat sich Christian Wulff noch f\u00fcr die Pressefreiheit stark gemacht \u2013 allerdings in \u00c4gypten<\/strong><\/p>\n<p><strong>Redemanuskript von der Internetseite des Bundespr\u00e4sidialamts (Stand 4. Januar 2012):<\/strong><\/p>\n<p>Am 3. Februar 2011 haben sich Bundespr\u00e4sident Christian Wulff und UN-Generalsekret\u00e4r Ban Ki-moon zu einem Gespr\u00e4ch in Schloss Bellevue getroffen. Anschlie\u00dfend \u00e4u\u00dferten sie vor der Presse ihre Besorgnis \u00fcber die Entwicklung in \u00c4gypten. Bundespr\u00e4sident Wulff forderte ein Ende der Gewalt gegen Demonstranten und Journalisten. Der UN-Generalsekret\u00e4r bezeichnete die Lage in Kairo als v\u00f6llig inakzeptabel. Der Bundespr\u00e4sident und er seien &#8222;sehr beunruhigt angesichts der Einsch\u00fcchterung und der Restriktionen gegen internationale Medien&#8220;.<\/p>\n<p><strong>Bundespr\u00e4sident Christian Wulff bei der Pressekonferenz:<\/strong><\/p>\n<p>&#8222;In sehr ernster Lage haben wir uns heute Abend \u00fcber die Agenda der Vereinten Nationen f\u00fcr dieses Jahr unterhalten und \u00fcber die geplanten UN-Reformen, an die auch Deutschland wichtige Erwartungen kn\u00fcpft. Aber zun\u00e4chst zur Lage in \u00c4gypten: Aufgrund der aktuellen Entwicklung in Kairo ist die Internationale Staatengemeinschaft gefordert, ein ganz klares Signal zu geben: Die Gewalt gegen friedliche Demonstranten und auch gegen Journalisten muss ein Ende haben. Es muss der Weg frei gemacht werden f\u00fcr einen Prozess, in dem die Pressefreiheit, die Versammlungsfreiheit und andere Freiheiten dauerhaft in \u00c4gypten gew\u00e4hrleistet sind. Ich bin in gr\u00f6\u00dfter Sorge um den inneren und \u00e4u\u00dferen Frieden in der Region. Deutschland wird jede Hilfe leisten, um eine freiheitliche demokratische Entwicklung zu unterst\u00fctzen. Wir weisen jeden Versuch zur\u00fcck, mittels Gewalt Fakten schaffen zu wollen. Das ist der falsche Weg.&#8220;<\/p>\n<p><strong>Chronologie der Ereignisse um Bundespr\u00e4sident Wulff auf Grundlage der Informationen des Bundespr\u00e4sidialamts (Stand: 4. Januar 2012):<\/strong><\/p>\n<p><strong>Zur heutigen Berichterstattung der BILD-Zeitung \u201eHat Wulff das Parlament get\u00e4uscht?\u201c, erkl\u00e4rt der Sprecher von Bundespr\u00e4sident Christian Wulff, Olaf Glaeseker:<\/strong><\/p>\n<p><strong>13. Dezember 2011<\/strong><\/p>\n<p>Die Anfrage der Abgeordneten Wenzel und Helmhold wurde im Nieders\u00e4chsischen Landtag korrekt beantwortet. Die Anfrage bezog sich auf gesch\u00e4ftliche Beziehungen zu Herrn Egon Geerkens oder zu einer Firma, an der Herr Geerkens beteiligt war. Solche gesch\u00e4ftlichen Beziehungen bestanden und bestehen nicht. Es bestand eine Vereinbarung mit Frau Edith Geerkens zu einem Darlehen aus ihrem Privatverm\u00f6gen. Dementsprechend wurde die unmissverst\u00e4ndliche Anfrage wahrheitsgem\u00e4\u00df verneint.<\/p>\n<p>Durch den privaten Darlehensvertrag mit der mit dem Bundespr\u00e4sidenten seit vielen Jahren befreundeten Frau Edith Geerkens wurde 2008 der Kauf des privaten Einfamilienhauses der Eheleute Christian und Bettina Wulff in Burgwedel zu einem Zinssatz von vier Prozent finanziert. Die f\u00e4lligen Zinsen wurden fristgerecht gezahlt. Im Fr\u00fchjahr 2010 ist dieses Privatdarlehen durch eine Bankfinanzierung mit niedrigerem Zinssatz abgel\u00f6st worden.<\/p>\n<p>Der BILD-Zeitung und anderen Journalisten wurde dieser Sachverhalt in den zur\u00fcckliegenden Wochen ausf\u00fchrlich mit Dokumenten dargelegt. Dabei wurde auch der Name der Kreditgeberin gegen die Zusage genannt, diesen aus Gr\u00fcnden des Datenschutzes und des Schutzes von Pers\u00f6nlichkeitsrechten nicht zu ver\u00f6ffentlichen, weil es sich um eine Privatperson handelt.<\/p>\n<p><strong>Bundespr\u00e4sident Christian Wulff erkl\u00e4rt:<\/strong><\/p>\n<p><strong>15. Dezember 2011<\/strong><\/p>\n<p>\u201eDie Wahrnehmung \u00f6ffentlicher \u00c4mter verlangt zu jedem Zeitpunkt ein hohes Ma\u00df an Integrit\u00e4t und Verantwortungsbewusstsein. Dies gilt in ganz besonderer Weise f\u00fcr das Amt des Bundespr\u00e4sidenten. Ich habe bei \u00dcbernahme meines Amtes zugesagt, meine Pflichten gewissenhaft zu erf\u00fcllen und Gerechtigkeit gegen jedermann zu \u00fcben. Dieser Anspruch ist mir Verpflichtung.<\/p>\n<p>In den zur\u00fcckliegenden Tagen ist \u00fcber einen Vorgang aus meiner Amtszeit als nieders\u00e4chsischer Ministerpr\u00e4sident berichtet worden. Mir ist daran gelegen, diesen Vorgang vollst\u00e4ndig klarzulegen. Bei den zitierten parlamentarischen Anfragen aus dem Nieders\u00e4chsischen Landtag ging es darum, ob gesch\u00e4ftliche Beziehungen zwischen mir oder dem Land Niedersachsen auf der einen Seite und Herrn Egon Geerkens, einem weiteren Unternehmer oder Firmen, an denen diese beteiligt waren, auf der anderen Seite bestanden. Das war nicht der Fall. Dementsprechend habe ich die gestellten Fragen beantwortet und keine Veranlassung gesehen, den privaten Darlehensvertrag mit Frau Geerkens zu erw\u00e4hnen.<br \/>\nIch erkenne an, dass hier ein falscher Eindruck entstehen konnte. Ich bedauere das. Es w\u00e4re besser gewesen, wenn ich auf die Anfrage der nieders\u00e4chsischen Abgeordneten im Landtag \u00fcber die konkreten Fragen hinaus auch diesen privaten Vertrag mit Frau Geerkens erw\u00e4hnt h\u00e4tte, denn in der Sache hatte und habe ich nichts zu verbergen. Meine Frau und ich haben im Zusammenhang mit dem Kauf unseres Eigenheims in Burgwedel am 25. Oktober 2008 zun\u00e4chst einen Privatkredit zu einem Zinssatz von 4 Prozent bei Frau Edith Geerkens aufgenommen. Zu ihr besteht eine langj\u00e4hrige und pers\u00f6nliche Freundschaft. Im Dezember 2009 \u2013 also vor den Anfragen im nieders\u00e4chsischen Landtag \u2013 habe ich Gespr\u00e4che mit einem Privatkundenberater der BW-Bank aufgenommen. Diese von Herrn Geerkens angeregten Gespr\u00e4che f\u00fchrten am 21. M\u00e4rz 2010 zur Unterzeichnung eines kurzfristigen und rollierenden Geldmarktdarlehens mit g\u00fcnstigerem Zinssatz als zuvor. Mit den Mitteln dieses Kreditvertrages wurde das private Darlehen zur\u00fcckgezahlt. Inzwischen habe ich das Geldmarktdarlehen in ein langfristiges Bankdarlehen festgeschrieben.<br \/>\nIch verstehe das Interesse der \u00d6ffentlichkeit und der Medien. Um Transparenz herzustellen, habe ich vor s\u00e4mtlichen Berichterstattungen den anfragenden Journalisten den Kreditvertrag und die private Kreditgeberin offengelegt. Auch im Interesse der Trennung von Amt und Person werde ich die Vertragsunterlagen und weitere Papiere bei einem Anwaltsb\u00fcro hinterlegen, damit interessierte Medien sie einsehen k\u00f6nnen.\u201c<\/p>\n<p><strong>Kontakt Anwaltsb\u00fcro:<\/strong><\/p>\n<p><strong>15. Dezember 2011<\/strong><\/p>\n<p>Bundespr\u00e4sident Christian Wulff wird, wie in seiner heutigen Erkl\u00e4rung angek\u00fcndigt, Herrn Rechtsanwalt Gernot Lehr, Partner der Soziet\u00e4t Redeker Sellner Dahs, beauftragen, anfragenden Journalisten in die Vertragsunterlagen bez\u00fcglich seines Kreditvertrages Einsicht zu gew\u00e4hren.<\/p>\n<p><strong>Kontakt:<\/strong><\/p>\n<p>Rechtsanwalt Gernot Lehr, Mozartstra\u00dfe 4\u201310, 53115 Bonn<\/p>\n<p>Telefon: +49 228 72625-117<\/p>\n<p>Fax: +49 228 72625-99<\/p>\n<p>E-Mail: lehr@redeker.de<\/p>\n<p>Die Unterlagen werden Herrn Lehr \u00fcbermittelt. Die Akteneinsicht wird im Berliner B\u00fcro der Soziet\u00e4t Redeker Sellner Dahs in der kommenden Woche organisiert. Wenn Sie sich f\u00fcr einen Termin zur Einsichtnahme anmelden wollen, kontaktieren Sie bitte Herrn Lehr unter oben genannter E-Mail-Adresse.<\/p>\n<p><strong>22. Dezember 2011:<\/strong><\/p>\n<p>Der Chef des Bundespr\u00e4sidialamtes, Staatssekret\u00e4r Prof. Dr. Lothar Hageb\u00f6lling, hat den Sprecher des Bundespr\u00e4sidenten, Herrn Olaf Glaeseker, heute von seinen dienstlichen Aufgaben entbunden. Die Aufgaben des Sprechers des Bundespr\u00e4sidenten und Leiters des Kommunikationsstabes im Bundespr\u00e4sidialamt werden ab sofort kommissarisch von Frau Petra Diroll wahrgenommen.<\/p>\n<p><strong>2. Januar 2012:<\/strong><\/p>\n<p>Das Bundespr\u00e4sidialamt teilt mit: \u201eDie Presse- und Rundfunkfreiheit ist f\u00fcr den Bundespr\u00e4sidenten ein hohes Gut. Er hat deshalb zu den Krediten f\u00fcr sein Eigenheim und zu Urlaubsaufenthalten Transparenz hergestellt, Erkl\u00e4rungen abgegeben und mehrere Hundert Medienanfragen beantwortet. \u00dcber Vieraugengespr\u00e4che und Telefonate gibt der Bundespr\u00e4sident aber grunds\u00e4tzlich keine Auskunft.\u201c<\/p>\n<p><strong>Kontakt f\u00fcr Journalistinnen und Journalisten:<\/strong><br \/>\nTelefon: (030) 2000 &#8211; 2021<br \/>\nFax: (030) 2000 &#8211; 1926<br \/>\npresse@bpra.bund.de<\/p>\n<p><strong>Kritische Stimmen zu Bundespr\u00e4sident Christian Wulff (CDU):<\/strong><\/p>\n<p>Wulff will sich in ARD-Interview \u00e4u\u00dfern \u2013 <a href=\"http:\/\/www.tagesschau.de\/inland\/wulff708.html\" target=\"_blank\">http:\/\/www.tagesschau.de\/inland\/wulff708.html<\/a><\/p>\n<p>Wulff stellt sich Fragen \u2013 TV-Interview am Mittwochabend &#8211; Gr\u00fcne: Fall Wulff wird zum Problem Merkels <a href=\"http:\/\/www.heute.de\/ZDFheute\/inhalt\/27\/0,3672,8439163,00.html?dr=1\" target=\"_blank\">http:\/\/www.heute.de\/ZDFheute\/inhalt\/27\/0,3672,8439163,00.html?dr=1<\/a><\/p>\n<p>DER ANRUF BEI BILD UND DAS VERHEERENDE PRESSEECHO Wulff \u00e4u\u00dfert sich im TV! <a href=\"http:\/\/www.bild.de\/politik\/inland\/christian-wulff\/bundespraesident-will-erklaerung-abgeben-21898670.bild.html\" target=\"_blank\">http:\/\/www.bild.de\/politik\/inland\/christian-wulff\/bundespraesident-will-erklaerung-abgeben-21898670.bild.html<\/a><\/p>\n<p>DROHANRUF-AFF\u00c4RE DES BUNDESPR\u00c4SIDENTEN <a href=\"http:\/\/www.bild.de\/politik\/inland\/christian-wulff\/drohanruf-affaere-druck-auf-bundespraesident-christian-wulff-waechst-21878420.bild.html\" target=\"_blank\">http:\/\/www.bild.de\/politik\/inland\/christian-wulff\/drohanruf-affaere-druck-auf-bundespraesident-christian-wulff-waechst-21878420.bild.html<\/a><\/p>\n<p>Bundespr\u00e4sident Wulff will sich heute (Mittwoch, 4. Januar 2012) erkl\u00e4ren <a href=\"http:\/\/www.welt.de\/politik\/deutschland\/article13797681\/Bundespraesident-Wulff-will-sich-heute-erklaeren.html\" target=\"_blank\">http:\/\/www.welt.de\/politik\/deutschland\/article13797681\/Bundespraesident-Wulff-will-sich-heute-erklaeren.html<\/a><\/p>\n<p>Bundespr\u00e4sident in der Kritik \u2013 Wulff will Erkl\u00e4rung abgeben <a href=\"http:\/\/www.faz.net\/aktuell\/politik\/bundespraesident-in-der-kritik-wulff-will-erklaerung-abgeben-11591332.html\" target=\"_blank\">http:\/\/www.faz.net\/aktuell\/politik\/bundespraesident-in-der-kritik-wulff-will-erklaerung-abgeben-11591332.html<\/a><\/p>\n<p>KEINE R\u00dcCKTRITTSPL\u00c4NE Christian Wulff &#8211; der Pattex-Pr\u00e4sident <a href=\"http:\/\/www.handelsblatt.com\/politik\/deutschland\/christian-wulff-der-pattex-praesident\/6017708.html\" target=\"_blank\">http:\/\/www.handelsblatt.com\/politik\/deutschland\/christian-wulff-der-pattex-praesident\/6017708.html<\/a><\/p>\n<p>&#8222;ER MUSS GEHEN&#8220; Erste R\u00fccktrittsforderung an Wulff aus der CDU <a href=\"http:\/\/www.handelsblatt.com\/politik\/deutschland\/erste-ruecktrittsforderung-an-wulff-aus-der-cdu\/6017260.html\" target=\"_blank\">http:\/\/www.handelsblatt.com\/politik\/deutschland\/erste-ruecktrittsforderung-an-wulff-aus-der-cdu\/6017260.html<\/a><\/p>\n<p>Wulff vs. Bild: Das schreiben die Medien <a href=\"http:\/\/www.horizont.net\/aktuell\/medien\/pages\/protected\/Wulff-vs.-Bild-Das-schreiben-die-Medien_104756.html?openbox=0\" target=\"_blank\">http:\/\/www.horizont.net\/aktuell\/medien\/pages\/protected\/Wulff-vs.-Bild-Das-schreiben-die-Medien_104756.html?openbox=0<\/a><\/p>\n<p>Wulff und die Presse \u2013 Der endg\u00fcltige Bruch <a href=\"http:\/\/www.faz.net\/aktuell\/politik\/inland\/wulff-und-die-presse-der-endgueltige-bruch-11588739.html\" target=\"_blank\">http:\/\/www.faz.net\/aktuell\/politik\/inland\/wulff-und-die-presse-der-endgueltige-bruch-11588739.html<\/a><\/p>\n<p>Aff\u00e4re des Bundespr\u00e4sidenten \u2013 Kopfsch\u00fctteln in der Koalition \u00fcber Wulff <a href=\"http:\/\/www.faz.net\/aktuell\/politik\/inland\/affaere-des-bundespraesidenten-kopfschuetteln-in-der-koalition-ueber-wulff-11589452.html\" target=\"_blank\">http:\/\/www.faz.net\/aktuell\/politik\/inland\/affaere-des-bundespraesidenten-kopfschuetteln-in-der-koalition-ueber-wulff-11589452.html<\/a><\/p>\n<p>Berichterstattung \u00fcber Privatkredit \u2013 Wulff intervenierte auch bei Springer-Chef D\u00f6pfner <a href=\"http:\/\/www.faz.net\/aktuell\/berichterstattung-ueber-privatkredit-wulff-intervenierte-auch-bei-springer-chef-doepfner-11588618.html\" target=\"_blank\">http:\/\/www.faz.net\/aktuell\/berichterstattung-ueber-privatkredit-wulff-intervenierte-auch-bei-springer-chef-doepfner-11588618.html<\/a><\/p>\n<p>Kommentar: Die Leere des Raumes <a href=\"http:\/\/www.faz.net\/aktuell\/politik\/inland\/kommentar-die-leere-des-raumes-11590398.html\" target=\"_blank\">http:\/\/www.faz.net\/aktuell\/politik\/inland\/kommentar-die-leere-des-raumes-11590398.html<\/a><\/p>\n<p>Risikoaufschlag erlassen \u2013 Wulffs g\u00fcnstige Kredite <a href=\"http:\/\/www.faz.net\/aktuell\/wirtschaft\/wirtschaftspolitik\/risikoaufschlag-erlassen-wulffs-guenstige-kredite-11588921.html\" target=\"_blank\">http:\/\/www.faz.net\/aktuell\/wirtschaft\/wirtschaftspolitik\/risikoaufschlag-erlassen-wulffs-guenstige-kredite-11588921.html<\/a><\/p>\n<p>Wulffs Drohung \u2013 Der Anruf des Bundespr\u00e4sidenten <a href=\"http:\/\/www.faz.net\/aktuell\/feuilleton\/debatten\/wulffs-drohung-der-anruf-des-bundespraesidenten-11588714.html\" target=\"_blank\">http:\/\/www.faz.net\/aktuell\/feuilleton\/debatten\/wulffs-drohung-der-anruf-des-bundespraesidenten-11588714.html<\/a><\/p>\n<p>Kreditaff\u00e4re \u2013 Wulff sieht keinerlei Interessenkollision mit LBBW <a href=\"http:\/\/www.faz.net\/aktuell\/politik\/inland\/kreditaffaere-wulff-sieht-keinerlei-interessenkollision-mit-lbbw-11587639.html\" target=\"_blank\">http:\/\/www.faz.net\/aktuell\/politik\/inland\/kreditaffaere-wulff-sieht-keinerlei-interessenkollision-mit-lbbw-11587639.html<\/a><\/p>\n<p>Erkl\u00e4rung des Bundespr\u00e4sidenten: \u201e\u00dcber Telefonate gibt der Pr\u00e4sident keine Auskunft\u201c <a href=\"http:\/\/www.faz.net\/aktuell\/politik\/inland\/erklaerung-des-bundespraesidenten-ueber-telefonate-gibt-der-praesident-keine-auskunft-11587828.html\" target=\"_blank\">http:\/\/www.faz.net\/aktuell\/politik\/inland\/erklaerung-des-bundespraesidenten-ueber-telefonate-gibt-der-praesident-keine-auskunft-11587828.html<\/a><\/p>\n<p>Wulff soll Manager bei der Suche nach Sponsoren geholfen haben <a href=\"http:\/\/www.sueddeutsche.de\/politik\/bundespraesident-in-der-kritik-linke-fordert-ruecktritt-von-wulff-1.1249564-2\" target=\"_blank\">http:\/\/www.sueddeutsche.de\/politik\/bundespraesident-in-der-kritik-linke-fordert-ruecktritt-von-wulff-1.1249564-2<\/a><\/p>\n<p>Linke fordert R\u00fccktritt von Wulff <a href=\"http:\/\/www.sueddeutsche.de\/politik\/bundespraesident-in-der-kritik-linke-fordert-ruecktritt-von-wulff-1.1249564\" target=\"_blank\">http:\/\/www.sueddeutsche.de\/politik\/bundespraesident-in-der-kritik-linke-fordert-ruecktritt-von-wulff-1.1249564<\/a><\/p>\n<p><strong>Lebenslauf von Bundespr\u00e4sident Christian Wulff:<\/strong><\/p>\n<p>Christian Wulff wird am 19. Juni 1959 im nieders\u00e4chsischen Osnabr\u00fcck als zweites Kind von Rudolf und Dagmar Wulff geboren. Am Ernst-Moritz-Arndt-Gymnasium legt er das Abitur ab. Christian Wulff engagiert sich fr\u00fch als Sch\u00fclersprecher, Studentenvertreter und in den Jugendverb\u00e4nden Sch\u00fcler Union und Junge Union.<\/p>\n<p>Von 1980 bis 1986 studiert Christian Wulff Rechtswissenschaften mit wirtschaftswissenschaftlichem Schwerpunkt an der Universit\u00e4t Osnabr\u00fcck. 1987 leistet er sein Referendarexamen in Hannover, danach sein Referendariat am Oberlandesgericht Oldenburg und legt 1990 sein Assessorenexamen in Hannover ab. 1990 tritt Christian Wulff in eine Rechtsanwaltskanzlei ein.<\/p>\n<p>1986 wird Christian Wulff f\u00fcr die CDU Mitglied im Rat der Stadt Osnabr\u00fcck, von 1989 bis 1994 ist er deren Fraktionsvorsitzender. Christian Wulff bleibt Ratsmitglied bis 2001. 1994 wird er in den nieders\u00e4chsischen Landtag gew\u00e4hlt. Im M\u00e4rz des Jahres wird er Fraktionsvorsitzender, im Juni Landesvorsitzender seiner Partei in Niedersachsen. 1998 wird Christian Wulff zu einem der stellvertretenden Bundesvorsitzenden der CDU gew\u00e4hlt.<\/p>\n<p>Christian Wulff heiratet 1988 Christiane Vogt, mit der er eine Tochter hat. Annalena wird 1993 geboren. 2006, nach 18 gemeinsamen Jahren, trennen sich die Eheleute einvernehmlich. 2008 heiratet Christian Wulff Bettina K\u00f6rner. Gemeinsam mit ihr hat er einen Sohn. Linus Florian wird 2008 geboren. Bettina Wulff bringt einen Sohn, Leander, geboren 2003, in die Ehe mit.<\/p>\n<p>Nach den Landtagswahlen 2003 wird Christian Wulff am 4. M\u00e4rz von den Abgeordneten des nieders\u00e4chsischen Landtags zum Ministerpr\u00e4sidenten gew\u00e4hlt und in dieser Position am 26. Februar 2008 best\u00e4tigt. Das Amt des Ministerpr\u00e4sidenten hat er bis zum 30. Juni 2010 inne, dem Tag der 14. Bundesversammlung. Die Bundesversammlung w\u00e4hlt Christian Wulff zum zehnten Pr\u00e4sidenten der Bundesrepublik Deutschland. Seitdem ruht auf seinen Wunsch seine Mitgliedschaft in der CDU.<\/p>\n<p>Christian Wulff ist seit 2001 Schirmherr des Bundesverbandes der Deutschen Multiple Sklerose Gesellschaft. Christian Wulff ist katholisch. Er ist Ehrendoktor der Tongji-Universit\u00e4t in Shanghai, China, und der Universit\u00e4t Tokyo-Tsukuba, Japan.<\/p>\n<p>2011 wurde Christian Wulff durch den Zentralrat der Juden in Deutschland mit dem Leo-Baeck-Preis ausgezeichnet. Im gleichen Jahr bekam er die Ehrenmedaille des Deutschen Olympischen Sportbundes verliehen.<\/p>\n<p><strong>Lebenslauf der Bundespr\u00e4sidentengattin Bettina Wulff:<\/strong><\/p>\n<p>Bettina Wulff, evang.-luth., wurde am 25.10.1973 als zweites Kind von Inge und Horst K\u00f6rner in der nieders\u00e4chsischen Landeshauptstadt Hannover geboren. Sie wuchs in Gro\u00dfburgwedel im Umland von Hannover auf. Bettina Wulff legte 1993 am Leibnizgymnasium in Hannover ihr Abitur ab. Sie studierte Medienmanagement und angewandte Medienwissenschaften am Institut f\u00fcr Journalistik und Kommunikationsforschung Hannover.<\/p>\n<p>Ihre berufliche Karriere startete Bettina Wulff bei einer Internetagentur. Sie arbeitete zun\u00e4chst als PR-Assistentin. Im Anschluss war sie als Pressereferentin bei einem Automobilzulieferer sowie bei einer Drogeriehandelskette in Hannover angestellt. Frau Wulff hat zwei S\u00f6hne. Leander Balthasar wurde 2003 und Linus Florian 2008 geboren.<\/p>\n<p>In bew\u00e4hrter Tradition ihrer Vorg\u00e4ngerinnen widmet sich Bettina Wulff vielen sozialen Projekten. Sie ist Schirmherrin der Stiftung &#8222;Eine Chance f\u00fcr Kinder&#8220;, die sich f\u00fcr Schwangere, junge M\u00fctter und Kleinstkinder in schwierigen sozialen Lagen einsetzt. Au\u00dferdem hat sie die Schirmherrschaft \u00fcber das M\u00fcttergenesungswerk, das Elly Heuss-Knapp als Ehefrau des ersten Bundespr\u00e4sidenten Theodor Heuss gegr\u00fcndet hatte, und \u00fcber die Deutsche Kinder- und Jugendstiftung sowie \u00fcber UNICEF Deutschland \u00fcbernommen.<\/p>\n<div class=\"pdf24Plugin-cp\"> \t<form name=\"pdf24Form0\" method=\"post\" action=\"https:\/\/doc2pdf.pdf24.org\/wordpress.php\" target=\"pdf24PopWin\" onsubmit=\"var pdf24Win = window.open('about:blank', 'pdf24PopWin', 'resizable=yes,scrollbars=yes,width=600,height=250,left='+(screen.width\/2-300)+',top='+(screen.height\/3-125)+''); pdf24Win.focus(); if(typeof pdf24OnCreatePDF === 'function'){void(pdf24OnCreatePDF(this,pdf24Win));}\"> \t\t<input type=\"hidden\" name=\"blogCharset\" value=\"Cw1x07UAAA==\" \/><input type=\"hidden\" name=\"blogPosts\" value=\"MwQA\" \/><input type=\"hidden\" name=\"blogUrl\" value=\"yygpKSi20tcvLy\/Xy8jPSM3LARK6pXnpqWmZOSWpRSV6KakA\" \/><input type=\"hidden\" name=\"blogName\" value=\"88jPSM3LARK6pXnpqWmZOSWpRSUA\" \/><input type=\"hidden\" name=\"blogValueEncoding\" value=\"gzdeflate base64\" \/><input type=\"hidden\" name=\"postId_0\" value=\"MzQyM7QEAA==\" \/><input type=\"hidden\" name=\"postTitle_0\" value=\"Jc0xCsJAEEDRqwwI6QTZxmAqFaxFEMFucWc3g3ESZiaFVhbewCt4jHR7E0+i0f7zfjEpnXPVqueA2kl+KQVkg3UtpEae4dA3MUJsJaAYbAVVMQpSjWTwvj\/BNw1KIE4KxJAf6doZcjHCs+pXbJbH6f4SxSdcQDn\/Iu1tnChxgJgHgV0eTmcTMvv\/9AM=\" \/><input type=\"hidden\" name=\"postLink_0\" value=\"yygpKSi20tcvLy\/Xy8jPSM3LARK6pXnpqWmZOSWpRSV6Kan69gW2hkZmhpYA\" \/><input type=\"hidden\" name=\"postAuthor_0\" value=\"AwA=\" \/><input type=\"hidden\" name=\"postDateTime_0\" value=\"MzIwNNI1MNQ1MFEwNLIyMLQyNgMA\" \/><input type=\"hidden\" name=\"postContent_0\" value=\"xVzLchvHkt3PV9R4IiasGDRIgBRfV7YvKUIiRT0YfEgR2tyoJgpAG93ViKpuwsbKC\/\/BRMzKMd7oG7TSDn\/iL5mTWVXdjQdFybI8G1sEuiuz8nkyKwuPJt8\/soXJ9fD740SJ5+WgEIP5ByOOSt1XdmLm72zSV7oQj0cmsUUitXhTpoOB+NaUI4VnxOPj6+hFUgzTRPXtzUgOigdimpi+6M8\/aN0Wp1qoRCsjrrOBkUMlZDkQffx9qgtltCqsSgrFnzwxUo8HpcHn4jBNhyqjN7V4iydKPRTfPjl8+0CAiywr8PHerjg3+Yy4+\/Y216LbbW\/v7onDmJ8g5vQD0Ze0nxb+b61nfVaa+YebcWEUrWLzNG2L+a8jnSY3IyV6ZqhinVirxFDGQlkRq2RpCxCNeALmrRpZomOsOLw4bvv1IScxVUPlNm7BZHIri7FR\/aSwLf+h+gn0MzFLtB1CUGCZXjhzDzFJkshzSWqIIRZxJLGf6A02UxQqi5UZtjxXT2RKgi+tJd6SjN8q5FCQUF5CLeBP3hCnAlr1rB2bfASZ4l9D+nv+ASuCZAZFqwG4kONClYaZOErS\/syrgBagpy4nJsHbJnqtTCqHoK+wcS36sKIzkxTJGOsaCQG3xaMNb2KPNibf\/9sjmJzKvn8N3i5kOhBPpckktgQdneQwqRT\/iYizQZLi0+LRBp6u3vQr3WdLVszfDwawDNJpZNTNiP+F3a6q7WCVP\/\/3JUwDy634whoz+qFeJDZi4\/t\/OwZXZYbPEuxNK3EC\/TgTYBne5kbINIUkiX0I0ZY3oxaL70gZsIr92AJyIaH3pXH6mZXiVplRQrzrlohZB3rFN8n6jcjUyJBKjlQfrOshbLotyMvfylFKZEnkRJBfgiiywpKawRcZIAkI\/yZhKdCyhUqGBUxcWuHd8hLv\/vHLf7MHQUzMX1Mk4tvLApZ4IBAeimlO+9tui2dSl9KI7man2xKdbXE9Mg+WBf9MHtRWs7fX7taOvvew3dnaFpfOxR94aYcXX4KzWp9iv71dv7m\/ub\/y3huVzH8XmuTdFhviFJ6bJUaooUwPRLe9Vb\/d7W4\/XH7b\/wlLtzIrDsT+DgLQlv\/yJNFTlVh1II4hshBVSOC2EUkoVjB5YRRbGIjJIrltiwuYCZRvY9iMHhZiLLWmaAQbOIyx8o1333FOPMDLpBgZNfjum1FRTA42NkpHoY1AoCzHh3ZfhU83JtDZv\/pxXxayPRlNfsiT\/ndTsoOd3e1vRCHBbvHdN\/+KU4Seb77\/4iUfbcjP9uFPzAd3uy9pc9k1yLZX\/FnDNkUBZmJpakdGPqF0EpQ8LQ0eFjKmeBnjX59g3V1n3Ys22qmsqmGpz6TzxcMSwXdImyPLYK9HCCF6bXw3\/10Zir4jWZC7WRiBwDpQRZn2yT2XSNUZskGKfKRFlmQUGx4cHRkoRQIKCSxDKln05XYl2yUrm06n7YGctaG3DaSMUqUpGQIlgI077ehjL62zlNcIlmCaM+SLXFNWYRHw\/pc1zMpkDEPyPDewVEpoyYhCG0KqocyUSdo5BS8KwoY8zFKsnP86\/HmC5e+0qQtk0ww6RixPJgVn2PX5Z8HIEpkiQFhvMkt2ssaCDzOx1Uaqio1\/qIP9ks3xju\/FZpRgrl9GT5F3DAxeIe8U83dI5HjiLImyHFwjjJAzZeKpWwrrYv+XN6M0h\/KPoBJ1WwICKXBGmRTmp2FnQHkwQqw\/f8fWyAgKcqZ8RoJw8hYJjASL2NxQ2hEeXeC5ni6myc04ZQuv5d2+K8kOchi8oeyCp3uEN4nKUzWVaeGQizhWWQ78hFhReITzLC+NlilkQitTJl4njVjNyAGgNcWsPed4DAnJxOQcKG7n79M0IUbleKYmBVSQuvVWuCWy5JEqAQ\/\/+R973W73H5YScKxKDagM50QuRdgkl7O8iV5CAoWPUa6vsZURF4pgw7hIch3gGVggA5P0mUyVeIGkoDTT2fxHe9lI7zWQAC+dtsa5HgAN6NmqIfqdAMPzZgg7FQxLISpnkYD6YNyKkSohx8OYbaNS9yF478uAcVTCKnop\/daCl1r4yzM5ooWw+giq9YqsFxqqSeoUDFVeKJhFRqhEOsQpAZ6gl5IiYUoeNiUxI14g706lKXymBMqdDJDoDx2W0mT1iLKIdJXyg0EeUCQemqASH6WUXjZgZywUq4mP00UtwdspVrm85WojbMSbNKN3lBh6JsaphCKAp4Z4jTyTE8wBg7UFUx8gFfRdmbJq9SwE91zTAVw0r9yHtdYWPes+p829UUNBEbKKi1PFqY7V4zIuZxGL4oUgPoHWldDq0hcBWZllJB1bBV1mjiCrQkZ3n2HJvixJ1xBJQ+xgYTp\/NzKpIt4pwus+SkhsLE7ICcTQzN\/PfycbvERsUYDYos\/uocmCndG4yERYn8TF33q\/GkIx7SVDQaX6I54SJ0k6UMIRhmVhYdq6CLtwUsfe8zHKmsRyqdiwBWiNrdcW8w\/FjET8Bp7BCFAzAR1QfsisLUBN1AaIM17HT6jmgqeRoSDi0pLTnIyuzRCSjQzbGHC5p0htbR8BlgMA\/D3XeZoPExcve9jE0NW02NcdoZZw2FOy+NSVuJTVyM+Ct96T1Q7uT2uBvbdwOIoXnNDXlDsUYE+fH0cB5\/3xy\/+eyMAmCnlxLlF0ZsT6kGJ5CXkUP\/zxy2\/wKTNOEdydpFCkovLDPyhN3xcUW+JVKiGBVCIejZW5m\/3OFtnQjItwTs4rT5LjHurQKwB4BWiE12tuOLxBpFUpm+qJSrNRnvYduKTS3ZfrHJnYyHRVzY9zY9S4QPCGz09zJMXC1XOBEhJaPnQQgXSJZIP08m7gTfdIzRLlawZY1okyBiFhCMk8VZCaQgzP+67G9G2FBLp3IRZ\/0fP1kzF2kqSU1BBe2\/DFlEgsUtQLJGMkNQoCzkfpL6orQ+nVs+EB53UuWQCOk\/rhJlQKlKKH6nlUM1FBmGOYA6+GGpuhR+Z7LiiWs\/n7oUMBZC\/WWYQOEqeYVeoMnnHLrvtO+\/AaZDpFWiL3t4iN83eoFW8J5yGPVUn3uDQQOG1swjQJkXh+aFEqK3gHJET3\/1UPJK+nSHmbKMoxlAtZZAg+9GTBsWxVAG4P3c3NPV79zFVStmYEEGMgMyhKaeoPKQ88RqBC2br2ANLJkSoKIJ3QQyCPMcMpzDGtJf0WeczKYsYeBW5NVSAP8KqGuo03ysH8HWEnqtbwTl0\/DYjkUHFLBgYzk6MUb5xm2OD8w+hHQgFwqc2QUm3VP+sHJfdZ4GwmR1QfBsLBVDRcyCREosEvlW3p\/D115ij91gXN8XKwqbPVUh6tLIbq90skyluHVVx60SGsQ9hD7j2KN\/mNN0pkUuQ0ckxi8Dgfl5nTep8KpFRRY+VYEipzRDiVk6peIso53XLriHCBSQImJON9W3LTD39KrV0Stt4RnoId5oNM4pjsgepE5CbrkaYluO8+IHWeU9x5z13QMVk8qyi4qG89NbpqlCSR3lKqJDnmhIzp1DXBajmVaWAhLT4fooZA\/pEw\/PC+MIy8Qab4Bkal1Sgj7TY3YAA7MoISt9TDpB4LNkmpOuMOw6TUiLYEnEb5CJt8IeH+4I9A3tAkCBYO2iBW+YDs2jVT4CoqBDU7ghXDxNkIQz1EuZyNi2AXsIHHwJLbb6splq3EASACbgzc57\/FBDJHsIzM9ZLxKjeGqA81hBFkTg+DNHEaBKii3K8ZbZEvG1BlNEv8P3XOmAxJ6960SAqI\/ppTBaFwvxnKZRrMkX0mvlmG\/U8cKey\/UvTpHU5xJbmcCc0Njy9R4UM8Q7bbzKWfhXakXk6LRrxINPmladhQ7KFE5eR4yLhIIqEjwa5Gduu9JFC9BcpywR\/FHoHxWckPoirlQgnbSIrEFbuTAD2k8fnZpwrndGQ8H8nhwwTkKAwjs2UtkccfzdJT\/zZJmXMzrU5LLXX1QwfNt2W5B+HgxUqOb\/lAPqWHKMRdu87FiDrGTIPSfiitlHZhxqrFjM\/fe6IhVjqyVZp3mBXP+vjRdwcV6WomZsOmAOLqPOg0TX3Gc8Chgju8qXEACFKn0lpyarzkmtT3Z2FOowsIwlDBoSkjuN4Z+Rp\/DSpS+4OjUeLEG8A3V+99uMGY+28Oy6COhjB9uaK4vlH0OsMbUDEsHvIhOCQZIAVQuFgAbP0l1KhX7WgBSDZOeupCGUyMjWrIb4T8CMN0KcXZfSWi13dKxoulELBNFCks2qqQouRHlWTh7azSoHbdDZcr6IiKfZAVxsvTw4mPZcw\/pS\/qro6kHlboiHFMCdBARXGPMAQQWGYXIYnMRBcJ4NW4yF38BwiqS\/pQtdYHb3dgmPp8gELrOpAFZsCBb7K\/LQlfevjqyAhKHT9S0Ur9BtrhpE6kXPHiM1f8M85ppKzNfd+CtLlvoDWiCaSj7w4k9F4l9qqFp1iGbpt+85RNdMxHcf40701EsGlxXxzbWSAuZtS7p0M+4BOlm1QYz9BnpIUOVAzjnjncRs0UjimuuUbu6ZLUuDQzBn8MCklOBmE3odjR59XTfibNuMJ5lvdSnY0uormUjAwiowhfsNxecC2tA2Z0eMl7vgpQmfKsN\/66aPApqsaiugq8dWiSdpVDMkiKCWQAYWeWMWn1xEAR2MVivoffiDFccKiRY4obR9w5JRXN\/6cCKePQQKHPXdevLa4zcYXwZycUiWcopZGwOGxSSKl4JouC7WR1NbZUaCuXoqW3uP4y4O1XB9IhgjIjCDJBhouolPvEAc4eMkTIlnZ2BYbZJsjUCPHQiucOKnLXqUoEPjRZbqqkclgdXnPeEudyQqZTnc1ncBxqotgYeCqnoEev+WwvyZISzwjncS9Kbl1Tb87FbzgtJYI\/fvltGWue5Uj4QINNIl+CTO+Fv9SXQnpIuClpHSKqWiY9h41JjuSfY8L5CQE\/57wXBOesZFYJ3em8EM\/VyLSob1JoHwcucyANBrF0pjGmT2BB9O2xHAEnIO+WA\/YeBgN32Ig\/8l+jrVjN5h+GXPRYFwGWfZIa4KG28H2\/5knTouhXpX33Nl\/kM2yUmqPz35XYRqzsbLbEw61O56E4QpIOK1zBVge5PhD\/tb0vut09sdvd6T6MOp3d8MQT+dPyt\/v74cte9EIm6YGAq5t\/GifEdl81m0DXtTx8U9WpiPh0Sdv1AEMnhxqAKoiFe5NwIThuygZwxLZ9v\/JCnnZHw1UpKhjuJtYV6W8oodMRPhdvjV7vFTHFYbHSkKs2pM4QAmkruQs1Y6eaxOE\/LBXTZppbZHsAzOUihEtUgk4st+iwz3FhReHd7pL3rKqeinaaU7mrJ6lgv9x8t\/VxD\/L8AAsjZTzPixFw6QnUEvMJjx62+DyR9lb1DNfXYsHHFnuFLX\/8QVHNOilSeLEh9NJZAkMerBGXHh670173ORfjnrK9gzTHv+cc\/9wjZ1BvqZMxN2hRc2Ily\/ayKpBgfTIWNh8ATLNtoCh0VQwzzuDnXMFrwBvlZm5+VRhhRU0L3d41OpJrVSOojKDCsTgQvj53BwkR74+mHgYovKvDA6reXI2s9Dqh1PX505IaicZr0o5kGlNkqbNYONKwfBgScCWTxXPX8NMytgh6WNifQS1l2VCctBoReGEkgJaisRvKTCfEKwTtMk0IoIvdWy7lxWs4kETxTseDAWHRSj48UaIdJrEroVYSh6QV+KAKub6Ycbx1JdJhaYH+gDo\/ks9YHnVAp2OU1SPUg+XZpipufru5tfmAgOwmn3l2Ov\/AH92Of4yD55pHOvvdHf\/IhFX\/z3hiZJscoxE+K1ZpmowPPMIkBpR1\/3ji4+PrNScQIbnCuDnswRAOL44jBim3iZqGwyPNAHvdsMPi7Eui6RRpg8dcdjf32qMiSz869nD\/680BCMeuMzrHsC\/qiLur1w2+AcTDHIrkM9ggbO4CqgOuvRvYAkKkEiGPaQTtBYF9QOp1++XARry+PX7C\/wbT5B0b3d2NzdbWzm63tbe9td\/Z2WptbvIGfuib7zofFcKfXLMpmePehTh8eXH9RBz1TrmBK65fHovjw0vxundx0utd9F4e98T5Re\/ystd7fPLK7z2MLXj1A0i\/\/ve1+46TlKyxmkvxqroJdhax0jZib4hIBGyIEdlWRM1LyR3piIIDFBJ1O3v7ezu7m27he+3k65NfkObFqxOWZnT45Mn814ueOO5diiNItHd5fjH\/9fL0uPfyqvfySyTVNzmqfFMOIjkYgDsVcf8kQsCNVrax9HI0lYrqetrG7t529y+W4ldirSnhO85c60jkAMS3dw2TPQgNcTj\/OiVMCUM2dtqvz7g3gIWTm1R1tnb3d3f2OhtHy1t64zZCpkO8RMxLsCKk\/nvl\/NWpf1SUHu36sWMKjQ3hNmsl5wvic2bYVtSf6AjEojETCyZwh9Oh3tjvbG117xfg1yfflOBZ7\/RlT1zMf3t8dnVxenV1ef58\/is+WU6iIYfwqBB1+36Kzmuxr80WfNxjscGiaN\/k2VqLWPYg2tDELV\/vdGNns7P7SSn1K9FsCsyPQSHnvLi+vBRPeye9l370AgaG\/Axh8qwkvNe6+R5XnFejFe7kFaDkz4uN+0WRKdUKoajaFgjx1m76JW+mu7P5FwnwS6ivQppb2+ZrBW44mvpjKon9kaZvzayVU26SGaDrgq9k\/PzGhJDVxsTkhbopVH\/DhRUQiohQBDpRRSfCG5Gj86\/O5vbuwx2HMvKJ0nH+03ebH5fX38XFqtxCA86PWVKso1q4HuFV4ogP5z4nxjVRaAQKzJdD5qxOWh0v0OpRTKtTZNnb293a\/\/OB7QtpNiVzOBjw2codVTPJ6CyfDHjW0vWIQ8LIJTGD0tcdnzgR\/wnJVahB2RW8ADWPHfVSMfUqhAfqUUn9U+9CtMv97YfdL5bs1+JpIROvjG45QS6cu9T5mDuwt0q7DiwfSFH7trpKxB2d4\/n7yYAaWZ+ih3iZAc\/3pMGA38QC8YiIRyAe2UCcLjBF\/VwxcWdsO529z1fD38PSQjbn\/gxYdAOjz5XyznAhy0zZP2PQ47Aku2WqgiEZXpGBxebW\/t4XG+nn0Glu+SKxCWy1HHB2GgrqsdKAQ21stj45Ct2fTxIEauPCHdY1\/mkD22aRbhToOoXaCCHL0YycopXT2n638\/mi+qqcrGQWGy4EVjnlkAqiu4Lqp4hyoEoAU1XkGkAiJqylNzx3fUeLY44rvO4IUy7od7Y\/X3x\/OfUFl2OZSp946ghnEzoV5vYbjTDXh196TGedlnINnUU9Pzp686f8MtDl0O6iCNOMKppRskozAs0ojeMp72h35y9I3H8tJ03ZNgq29cbHfWPXOV3XIW1UKIt90D9++e3PyLxRWN1hJi7AFxUvEfHiKoy6cGNeCCEzL277e90vD6F\/A3trOpJ0OvBCaoBdU10muSypSasl0vrlJNc2N3zqM8rTgT9KXx83bKn6vtJQzSbCPbVvmuixivxlikZhEt3moR7ptDvd7f2HO9tR96Mi\/ls4aErxOb0Z7jY1akc+h7kbhv4NfP5\/y2nd9b\/n1M2wKU0Ffcog\/2rXf93hOnXMO\/tt8azUCf7xcP+OgZtXVsuYB0Tc1AkPIFhxlvAlbi0uyj4MnAuzYznMZCgjhiomB2iLw0z06NpU9AJlYzGLDo3uF9HTnzMtbVJmgsYl6OoYz4DGSVEaIeP26jysHsphUnWuBzQtzRxdUl2Tgmt\/fEgnn6VzfT5qV3TkyoNXbqLjGZ009Wk+iwYela4WENea8hOf\/tDBlvu7OvejC\/ud\/b1NESeW\/rEjLOgwR8u8upN5N3PqcItyea8BZJrf8ilpRoxMlXFjt\/7WAVigORk3bFurok0M7IpwS0j5M70LxffY+tKon2hGk7Z8IrXOb\/mqu+TYtPRkIgsyhVcxzwDDsIYOwItXdNQdl8ZNvbCWOvv7m+79QzBvOcKtUmL18aPOp1du57vfhVgY07BjqWepm2WpJM5CZltdXqK63koNpfDjG2TAF9LffClkvymwFtsqFtz36tvf5pNVNwvihgX5wqG9zUncM\/55hFUrjMEj8izI2CyQpQW7m5udtluWGVYmmNtHZtjczIcf\/3cjZH1\/E5Amtvw6azlr0WbZdd0vZDS\/C+MyNOwCiSZLv4HBbO6tl2s1I8jL0LFbcCFdHz83aOmqq1ft5a6YM1IJzeCREe3t1YSVeJ3zyLa\/IeKneMVVzkUkHWbTzVu6TqilYxrsb9XhBZLfabms29kT\/qohm6S7RdKCFSo+1rVhtKq6\/4FHb93wL3lg2w1RVowu7yDcDzmbv8c7MI6ngRhzT3OR\/l66n0POR+APqa604kmK4Ce12wCTqTaweO2Ef9KiaKzQQkErncr9K\/T+VitMHvXc0GMl95fS38bxVmancpT6l9YrHfxvhxFGd597ac6WjPJuM7Z8lLo6jV5dZkyLKvy6Cfrz3Lq2E01P7jTveUMuNFqKYJe4KyH1tYC1BLy8yQOJia1Nn8\/cDRpovcUDtVfSXapDJRNsuL6n6SZRVj4WnvVVF8nETI2Y\/HmTl3o6wahJGafJuHnRss3z4cSMKRFcKZf7QZk3JWUB95dY\/CGh0KiDg93pVxTF+O4UhSBKIYnJRnRXrS4eKNdxlODFPFM0MlqmRTKhe7pjpL\/c0mVbC58Pw7rrSI1lAUBLFsCzJvRRj9ysn48LfwX+CtDjxyRaSF10tZ5mnEcyaWFd2HurmupcePAqH\/+cR1e2HJcxnnkmJ7JOCPxDAG6SdZm3fnUL7S3UYWRqfCZ4VvobsM1br2HS+rnKoyMJPBadG+RSOqcYVrfiOSwPU+VGmPh+dqzGsNlwlZ\/2nam+pDrbXTKqRPsq\/TmbeD9BMWDc1JPlmzYJDVu2PwLy1s25EPyhOLEYLlah3sLXLaFuIfR2lJbFqN0Kl6t4cryz2e7s726tB3Wn2o9ynyDWFyHiBXO8IxbQyFE5KSyn3goMVHGO5uOmKJF4Ou+pyee\/x9UwO5LZdcaa4RHsCkiUg+X4SDhEuRQgSX9JrJPZsAKTTRhCAbkBKHnUzyO2cMiScQmXhR8woGHSKUW18P0ShJM0zgurK8rVyaExr7A4kgbIb\/lnaiqm6utBIx7eNeXAjcmfSWN4oJd+oaOgn2RYygvVb3CFn9qgORjszW1MmphUiNfqOwCk2fOLCFCNp5gKupB1mvmfsaC773Q5hQaA+UFuVBgHC8nOGoPFZZFneZyksxK2O+C7Wzan0dyaqWOTE25U\/ihtTG31RUyow\/BY2w3aeVQALyXrE5fz9\/C5dkh24gigcCQtOKwueW65AcCFfLqQShtXr2I3TlvwyLXsu3RDN2MNX3qin4OikW3NP+DQz5SvKhZl7m+j2nyWEPygcaEf1bgIxkyxr4634WpIkQz4JCAcmVJUfwyx3Pirbmf841X+8NT9aEA9gEoVgLtx0BI\/cg3ygs9sXAFzlhLcKMa8As9F43EYDc9EV1w+l\/6X16wqZsXyr+aQvolmzbhPNf4GDTKuJ4lVFN0usqhJxnwNSPTS9GdxomA70ZmWkwlbTo9+L02WHAD5kHTtmOLVSOX93Li36ZKdu5xZuFs0raVfuwiB1Esr8kUZFW42CNiZoHvn+uXp496ThRDPXzRHN\/8P\" \/> \t\t<a href=\"https:\/\/www.pdf24.org\" target=\"_blank\" title=\"www.pdf24.org\" rel=\"nofollow\"><img src=\"https:\/\/www.hohenlohe-ungefiltert.de\/wp-content\/plugins\/pdf24-post-to-pdf\/img\/pdf_32x32.png\" alt=\"\" border=\"0\" height=\"32\" \/><\/a> \t\t<span class=\"pdf24Plugin-cp-space\">&nbsp;&nbsp;<\/span> \t\t<span class=\"pdf24Plugin-cp-text\">Sende Artikel als PDF<\/span> \t\t<span class=\"pdf24Plugin-cp-space\">&nbsp;&nbsp;<\/span> \t\t<input class=\"pdf24Plugin-cp-input\" style=\"margin: 0px;\" type=\"text\" name=\"sendEmailTo\" placeholder=\"Emailadresse\" \/> \t\t<input class=\"pdf24Plugin-cp-submit\" style=\"margin: 0px;\" type=\"submit\" value=\"Senden\" \/> \t<\/form> <\/div>","protected":false},"excerpt":{"rendered":"<p>Die Luft f\u00fcr Bundespr\u00e4sident Christian Wulff (ruhende CDU-Mitgliedschaft) wird d\u00fcnn. In einer Umfrage auf der Internetseite der Frankfurter Allgemeinen Zeitung (FAZ) stimmten 87 Prozent (von 22.478 Abstimmenden) daf\u00fcr, dass Wulff zur\u00fccktreten soll. \u00c4hnliche Ergebnisse gab es bei einer Umfrage des Fernsehsenders ARD. Wulff ist wegen eines Privatkredits, eines extrem zinsg\u00fcnstigen Kredits bei der Landesbank Baden-W\u00fcrttemberg, [&hellip;]<\/p>\n","protected":false},"author":3,"featured_media":0,"comment_status":"open","ping_status":"open","sticky":false,"template":"","format":"standard","meta":[],"categories":[],"tags":[],"_links":{"self":[{"href":"https:\/\/www.hohenlohe-ungefiltert.de\/index.php?rest_route=\/wp\/v2\/posts\/12619"}],"collection":[{"href":"https:\/\/www.hohenlohe-ungefiltert.de\/index.php?rest_route=\/wp\/v2\/posts"}],"about":[{"href":"https:\/\/www.hohenlohe-ungefiltert.de\/index.php?rest_route=\/wp\/v2\/types\/post"}],"author":[{"embeddable":true,"href":"https:\/\/www.hohenlohe-ungefiltert.de\/index.php?rest_route=\/wp\/v2\/users\/3"}],"replies":[{"embeddable":true,"href":"https:\/\/www.hohenlohe-ungefiltert.de\/index.php?rest_route=%2Fwp%2Fv2%2Fcomments&post=12619"}],"version-history":[{"count":10,"href":"https:\/\/www.hohenlohe-ungefiltert.de\/index.php?rest_route=\/wp\/v2\/posts\/12619\/revisions"}],"predecessor-version":[{"id":12621,"href":"https:\/\/www.hohenlohe-ungefiltert.de\/index.php?rest_route=\/wp\/v2\/posts\/12619\/revisions\/12621"}],"wp:attachment":[{"href":"https:\/\/www.hohenlohe-ungefiltert.de\/index.php?rest_route=%2Fwp%2Fv2%2Fmedia&parent=12619"}],"wp:term":[{"taxonomy":"category","embeddable":true,"href":"https:\/\/www.hohenlohe-ungefiltert.de\/index.php?rest_route=%2Fwp%2Fv2%2Fcategories&post=12619"},{"taxonomy":"post_tag","embeddable":true,"href":"https:\/\/www.hohenlohe-ungefiltert.de\/index.php?rest_route=%2Fwp%2Fv2%2Ftags&post=12619"}],"curies":[{"name":"wp","href":"https:\/\/api.w.org\/{rel}","templated":true}]}}