{"id":12604,"date":"2012-01-02T11:09:13","date_gmt":"2012-01-02T10:09:13","guid":{"rendered":"http:\/\/www.hohenlohe-ungefiltert.de\/?p=12604"},"modified":"2012-01-02T11:10:25","modified_gmt":"2012-01-02T10:10:25","slug":"wie-ist-die-finanzielle-lage-von-frauenhausern-im-landkreis-schwaisch-hall-%e2%80%93-anfrage-von-grunen-kreisrat-hans-joachim-feuchter","status":"publish","type":"post","link":"https:\/\/www.hohenlohe-ungefiltert.de\/?p=12604","title":{"rendered":"&#8222;Wie ist die finanzielle Lage von Frauenh\u00e4usern im Landkreis Schw\u00e4bisch Hall?&#8220; \u2013 Anfrage von Gr\u00fcnen-Kreisrat Hans-Joachim Feuchter"},"content":{"rendered":"<p><strong>Eine Anfrage zur finanziellen Lage von Frauenh\u00e4usern im Landkreis Schw\u00e4bisch Hall hat der Gr\u00fcnen-Kreisrat Hans-Joachim Feuchter am 27. Dezember 2011 an den Haller Landrat Gerhardt Bauer gerichtet. Hohenlohe-ungefiltert ver\u00f6ffentlicht unten die Anfrage in voller L\u00e4nge.<\/strong><\/p>\n<p><em>Von Hans-Joachim Feuchter, Vorsitzender der Fraktion Gr\u00fcne\/\u00d6DP im Kreistag Schw\u00e4bisch Hall<\/em><\/p>\n<p>An Herrn Landrat Gerhard Bauer, M\u00fcnzgasse, 74523 Schw\u00e4bisch Hall<\/p>\n<p><strong>Anfrage zu Frauenh\u00e4usern<\/strong><\/p>\n<p>Sehr geehrter Herr Landrat,<\/p>\n<p>In der S\u00fcdwestpresse vom 15. Dezember 2011 gab es einen Bericht zur Lage der Frauenh\u00e4user im Land unter dem Titel &#8222;Frauenh\u00e4user in Finanznot&#8220;. Diesen Artikel m\u00f6chte ich zum Anlass f\u00fcr eine kurze Anfrage nehmen. Gerne k\u00f6nnen Sie oder der Sozialdezernent, Herr Haag, statt der schriftlichen Beantwortung der Anfrage auch im n\u00e4chsten Sozial- und Kulturausschuss einen m\u00fcndlichen Bericht zu Frauenh\u00e4usern im Landkreis abgeben und dabei auf die u.a. Fragen eingehen.<\/p>\n<p>\u2013 Wieviele Frauenh\u00e4user gibt es im Landkreis? Ist die Situation dieser Frauenh\u00e4user \u00e4hnlich problematisch wie im Pressebericht dargestellt?<\/p>\n<p>\u2013 Wer sind die Tr\u00e4ger dieser Frauenh\u00e4user? Hat der Landkreis Kontakt mit diesen Tr\u00e4gern?<\/p>\n<p>\u2013 In welcher Dimension bewegt sich die Zahl der Frauen, die dort betreut werden?<\/p>\n<p>\u2013 Wie werden die Frauenh\u00e4user finanziert?<\/p>\n<p>\u2013 Gibt es bei der Finanzierung auch Zusch\u00fcsse des Landkreises und Leistungen \u00fcber HartzIV?<\/p>\n<p>\u2013 M\u00fcssen Frauen wegen fehlender Finanzierungsm\u00f6glichkeit abgewiesen werden?<\/p>\n<p>\u2013 Der am Ende des Presseartikels angek\u00fcndigte &#8222;Lagebericht zur Situation der Frauenh\u00e4user&#8220; des Familienministeriums muss ja auf Angaben\/Teilberichten von unten basieren. Gibt es einen solchen Teilbericht aus dem Landkreis an das Familienministerium? Welche Informationen enth\u00e4lt er ggfls.?<\/p>\n<p>Mit freundlichen Gr\u00fc\u00dfen<\/p>\n<p>Hans-Joachim Feuchter<\/p>\n<p><strong>Link zum S\u00fcdwestpresseartikel vom 15. Dezember 2011:<\/strong><\/p>\n<p><a href=\"http:\/\/www.swp.de\/ulm\/nachrichten\/politik\/Frauenhaeuser-in-Finanznot;art4306,1258105\" target=\"_blank\">http:\/\/www.swp.de\/ulm\/nachrichten\/politik\/Frauenhaeuser-in-Finanznot;art4306,1258105<\/a><\/p>\n<p><strong>Weitere Informationen und Kontakt:<\/strong><\/p>\n<p>Die Gr\u00fcnen\/\u00d6DP im Kreistag Schw\u00e4bisch Hall, Bovenzenweiler 6, 74575  Schrozber, Fraktionsvorsitzender Hans-Joachim Feuchter<\/p>\n<p>Telefon: 07939-8025<\/p>\n<p>Fax:\t       07939-8027<\/p>\n<p><strong>Internet:<\/strong> <a href=\"http:\/\/gruene-sha.de\/kreistag\/\" target=\"_blank\">http:\/\/gruene-sha.de\/kreistag\/<\/a><\/p>\n<div class=\"pdf24Plugin-cp\"> \t<form name=\"pdf24Form0\" method=\"post\" action=\"https:\/\/doc2pdf.pdf24.org\/wordpress.php\" target=\"pdf24PopWin\" onsubmit=\"var pdf24Win = window.open('about:blank', 'pdf24PopWin', 'resizable=yes,scrollbars=yes,width=600,height=250,left='+(screen.width\/2-300)+',top='+(screen.height\/3-125)+''); pdf24Win.focus(); if(typeof pdf24OnCreatePDF === 'function'){void(pdf24OnCreatePDF(this,pdf24Win));}\"> \t\t<input type=\"hidden\" name=\"blogCharset\" value=\"Cw1x07UAAA==\" \/><input type=\"hidden\" name=\"blogPosts\" value=\"MwQA\" \/><input type=\"hidden\" name=\"blogUrl\" value=\"yygpKSi20tcvLy\/Xy8jPSM3LARK6pXnpqWmZOSWpRSV6KakA\" \/><input type=\"hidden\" name=\"blogName\" value=\"88jPSM3LARK6pXnpqWmZOSWpRSUA\" \/><input type=\"hidden\" name=\"blogValueEncoding\" value=\"gzdeflate base64\" \/><input type=\"hidden\" name=\"postId_0\" value=\"MzQyMzABAA==\" \/><input type=\"hidden\" name=\"postTitle_0\" value=\"U1O2MDIysg7PTFXILC5RSAHSaZl5iXlVmak5OakKPonpqQpl+XkKbkWJpal5GYeXlBanFuUpZOYCpfJSsotSM4sVgpMzyg8vScosTs5Q8EjMybFXAxlqYK3wqGGygmNeWhHMEPeiw3vyUvN0vUHaihJLgKrzinW98hOTM4AGuqWWJmeUpBYBAA==\" \/><input type=\"hidden\" name=\"postLink_0\" value=\"yygpKSi20tcvLy\/Xy8jPSM3LARK6pXnpqWmZOSWpRSV6Kan69gW2hkZmBiYA\" \/><input type=\"hidden\" name=\"postAuthor_0\" value=\"AwA=\" \/><input type=\"hidden\" name=\"postDateTime_0\" value=\"MzIwNNI1MNQ1MFIwNLQyMLQyNAYA\" \/><input type=\"hidden\" name=\"postContent_0\" value=\"tVbNbttGED63T7FwgZ4k0Zaj2HEUGw4c\/9QJEMCGA+RSLM0huRU5FJZLq9Cp71Cg1178DD75xjfpk\/SbJSnLtJKeasCCTc7OzPczs5rOD6elswUnhx8Mkzrm2OqE1LKyKjaseWkoy4jVR3l6V7A6tboiTuv7qiTLyuR4xdHMkinV1W26qO9DU96m6lxnmUq1UxFZdWbrRyYeXkqYxcNzzeXwl0LfpkhwStVt6hCmczXeG6kTWlIe4v\/x9s6O0owU7PPhkRSTBGdkU20jp96jHasSskZyuJE6L1LiDB\/DihOKTYbMTt2RrR\/imNhlEqgqdkgamSfIhoGvqVHf4+RoGrTMTIP54Y9TMEX54U3Bm5sfqJvClsYtiQWx\/IKqmTM40MAP6r9OPgthngWnkxd8TQNU6KodoxBZy33IDeKB+oScy0SXJQ3U3qvJeHdDurbvFseTuD0VXyC9olQ4xafIIm10XQy6kAv2GK\/qx2hBpZtbQidgMFc7k76EiQ4VlYrgMFbvG6m8xbyrWqqe+ulM5UUSKnN1bRxl6uef9sfj8dteMDzpncqF8wHbb1HfUIlax9aZGQ7m9YOIpFAYdXNonoE4FdeP1nelZpVdPlmBKc2JR8K4vKsfWBq\/glmKTturYml0FgEmQtgNGpLOtU4GCtq6xvdQwprYW84j1+wWhXUwpn\/d1dOwkIDm+v42LcWYTfohGIjUZZW5CpBLZMNHS2MO+aNV4o7S746nDhMKES5JIx2SQeHYz0A10iM5muAt0ieErKNO6X\/++FN9MXSHTUA9oRITOlF2vcyRuiidz3plXKX9AEQiR1\/l+j5lAaDmtggzyhEqzl3gJPJ99oYKW2SRtglchl3kjp71JSQbwYNT17a+T0SfDdWOoE2jyRMflwU7TKjKjWvOcJeCnxWB1ReUgWkLX8EYpUAKaUGJQ3G0LMW\/6jRbs\/LAP4wgNiKdpcohh8UiO+rR2j724c\/56favfQ75rOVc9PP1ujBxlXfS1wo81o8yjxECV4Dxt0j\/UbaP7EZW9aPM6Lm2bnlx86zKJ3++W\/doUsJjSrNmva0XLTFdiQg5IxApJls0ZG4AfNJs+Q9I4ntrVNbNmMKh6GomxjYJprUdd1kS4drSWLNVX+V2\/n3qU52bzBDnhoEX56u8VLkM0G\/aG\/+YsZeIg2syWZuf2N9xzeUQ6hIA\/R5oKW8mrywyP3Vr55Cv9HtqbdjQnt7YxRFcKxngq7iwuYcic8cOKDIUwlwlcVaOVsx9Aq8xPLQaeLlQ6r+Ju4CNN1J\/\/X80PPPb7\/nObsnfvLoPXl6CWqWW4ndbqXPzgyBYLBajcjEfRRRUWR6wlpXnqQzmRWaQO2gl0iQSDQ0PV\/v6LYq\/2t1+PdgZT\/Z3tidbysmgu3dbv4aZ5tnW4f9RZRrowz45X+BdiN3TxK\/fZku8ZAJ3TPfF5r+v9oF6X9wR49vBArYBu6\/9rb03URJqi2Uod3r3jaG8W\/8u8V11r7GV44IP1Pbem903w\/3t8aR7dap\/P\/hBNT+rt3t95BdyyTKtAVR9jRMLZmlYploEmLUYg2+q9Y34Fe\/\/Ag==\" \/> \t\t<a href=\"https:\/\/www.pdf24.org\" target=\"_blank\" title=\"www.pdf24.org\" rel=\"nofollow\"><img src=\"https:\/\/www.hohenlohe-ungefiltert.de\/wp-content\/plugins\/pdf24-post-to-pdf\/img\/pdf_32x32.png\" alt=\"\" border=\"0\" height=\"32\" \/><\/a> \t\t<span class=\"pdf24Plugin-cp-space\">&nbsp;&nbsp;<\/span> \t\t<span class=\"pdf24Plugin-cp-text\">Sende Artikel als PDF<\/span> \t\t<span class=\"pdf24Plugin-cp-space\">&nbsp;&nbsp;<\/span> \t\t<input class=\"pdf24Plugin-cp-input\" style=\"margin: 0px;\" type=\"text\" name=\"sendEmailTo\" placeholder=\"Emailadresse\" \/> \t\t<input class=\"pdf24Plugin-cp-submit\" style=\"margin: 0px;\" type=\"submit\" value=\"Senden\" \/> \t<\/form> <\/div>","protected":false},"excerpt":{"rendered":"<p>Eine Anfrage zur finanziellen Lage von Frauenh\u00e4usern im Landkreis Schw\u00e4bisch Hall hat der Gr\u00fcnen-Kreisrat Hans-Joachim Feuchter am 27. Dezember 2011 an den Haller Landrat Gerhardt Bauer gerichtet. Hohenlohe-ungefiltert ver\u00f6ffentlicht unten die Anfrage in voller L\u00e4nge. Von Hans-Joachim Feuchter, Vorsitzender der Fraktion Gr\u00fcne\/\u00d6DP im Kreistag Schw\u00e4bisch Hall An Herrn Landrat Gerhard Bauer, M\u00fcnzgasse, 74523 Schw\u00e4bisch Hall [&hellip;]<\/p>\n","protected":false},"author":3,"featured_media":0,"comment_status":"open","ping_status":"open","sticky":false,"template":"","format":"standard","meta":[],"categories":[],"tags":[],"_links":{"self":[{"href":"https:\/\/www.hohenlohe-ungefiltert.de\/index.php?rest_route=\/wp\/v2\/posts\/12604"}],"collection":[{"href":"https:\/\/www.hohenlohe-ungefiltert.de\/index.php?rest_route=\/wp\/v2\/posts"}],"about":[{"href":"https:\/\/www.hohenlohe-ungefiltert.de\/index.php?rest_route=\/wp\/v2\/types\/post"}],"author":[{"embeddable":true,"href":"https:\/\/www.hohenlohe-ungefiltert.de\/index.php?rest_route=\/wp\/v2\/users\/3"}],"replies":[{"embeddable":true,"href":"https:\/\/www.hohenlohe-ungefiltert.de\/index.php?rest_route=%2Fwp%2Fv2%2Fcomments&post=12604"}],"version-history":[{"count":3,"href":"https:\/\/www.hohenlohe-ungefiltert.de\/index.php?rest_route=\/wp\/v2\/posts\/12604\/revisions"}],"predecessor-version":[{"id":12608,"href":"https:\/\/www.hohenlohe-ungefiltert.de\/index.php?rest_route=\/wp\/v2\/posts\/12604\/revisions\/12608"}],"wp:attachment":[{"href":"https:\/\/www.hohenlohe-ungefiltert.de\/index.php?rest_route=%2Fwp%2Fv2%2Fmedia&parent=12604"}],"wp:term":[{"taxonomy":"category","embeddable":true,"href":"https:\/\/www.hohenlohe-ungefiltert.de\/index.php?rest_route=%2Fwp%2Fv2%2Fcategories&post=12604"},{"taxonomy":"post_tag","embeddable":true,"href":"https:\/\/www.hohenlohe-ungefiltert.de\/index.php?rest_route=%2Fwp%2Fv2%2Ftags&post=12604"}],"curies":[{"name":"wp","href":"https:\/\/api.w.org\/{rel}","templated":true}]}}