{"id":12571,"date":"2011-12-24T22:18:24","date_gmt":"2011-12-24T21:18:24","guid":{"rendered":"http:\/\/www.hohenlohe-ungefiltert.de\/?p=12571"},"modified":"2011-12-27T13:25:45","modified_gmt":"2011-12-27T12:25:45","slug":"weihnachtsansprache-2011-des-angeschlagenen-bundesprasidenten-christian-wulff-cdu-%e2%80%93-kritische-stimmen-zur-kreditaffare","status":"publish","type":"post","link":"https:\/\/www.hohenlohe-ungefiltert.de\/?p=12571","title":{"rendered":"Weihnachtsansprache 2011 des Bundespr\u00e4sidenten Christian Wulff (CDU) \u2013 Kritische Stimmen zur Kreditaff\u00e4re"},"content":{"rendered":"<p><strong>Hohenlohe-ungefiltert ver\u00f6ffentlicht die Weihnachtsansprache 2011 von Bundespr\u00e4sident Christian Wulff (CDU) im Wortlaut.<\/strong><\/p>\n<p><em>Vom Bundespr\u00e4sidialamt Berlin<\/em><\/p>\n<p><strong>Fr\u00f6hliche Weihnachten, liebe Mitb\u00fcrgerinnen und Mitb\u00fcrger!<\/strong><\/p>\n<p>An diesem Weihnachtsfest gr\u00fc\u00dfe ich Sie alle: die Gl\u00e4ubigen, die heute der Geburt Jesu Christi gedenken \u2013 und all diejenigen, die einen anderen Zugang zu diesem Fest haben. Mit mir gr\u00fc\u00dfen aus dem Schloss Bellevue Frauen und M\u00e4nner, die meine Frau und ich in diesem Jahr kennengelernt haben. Sie haben uns alle beeindruckt, weil sie auf ganz unterschiedliche Art und Weise f\u00fcr andere da sind. Einfach so \u2013 weit \u00fcber all das hinaus, was man eigentlich erwarten k\u00f6nnte. Sie helfen ihren Mitmenschen und stiften den Zusammenhalt, der unsere Gesellschaft letztlich tr\u00e4gt. Auf diesen Zusammenhalt wird es auch weiterhin entscheidend ankommen.<\/p>\n<p><strong>Bekommen wir die Staatsschuldenkrise in Europa in den Griff?<\/strong><\/p>\n<p>Menschen machen sich Sorgen, nicht zuletzt um die Zukunft ihrer Kinder: Bekommen wir die Staatsschuldenkrise in Europa in den Griff? Was wird aus unserem Europa, das wir seit Jahrzehnten als Garant f\u00fcr Frieden und Wohlstand erleben? Ich bin zuversichtlich: Regierung und Opposition haben in den vergangenen Monaten unter h\u00f6chstem Druck gemeinsam weitreichende Entscheidungen getroffen. In diesem Geist der Gemeinsamkeit wird es auch mit unseren Freunden in Europa und der Welt gelingen, den Weg aus der Krise zu gehen.<\/p>\n<p><strong>Europa ist unsere gemeinsame Heimat und unser kostbares Erbe<\/strong><\/p>\n<p>Wichtig ist: Europa ist unsere gemeinsame Heimat und unser kostbares Erbe. Es steht f\u00fcr die gro\u00dfen Werte der Freiheit, der Menschenrechte und der sozialen Sicherheit. All das ist in unserem Europa nur gemeinsam zu erhalten. Wer etwas anderes sagt, findet vielleicht kurzfristig Beifall. Aber er irrt sich. Wir Deutschen haben selber immer wieder europ\u00e4ische Solidarit\u00e4t erfahren, und wir sind auch zuk\u00fcnftig solidarisch gegen\u00fcber Europa. Alle m\u00fcssen in unserem Land in Sicherheit leben k\u00f6nnen. Das gilt f\u00fcr jede und f\u00fcr jeden. Umso st\u00e4rker hat uns alle schockiert, dass rassistisch verblendete Verbrecher \u00fcber viele Jahre Menschen ausl\u00e4ndischer Herkunft geplant ermordet haben. Das haben wir nie f\u00fcr m\u00f6glich gehalten. Ich habe dann die Angeh\u00f6rigen getroffen. Die Gespr\u00e4che mit ihnen haben mich tief bewegt. Viele haben erz\u00e4hlt, dass sie nicht nur einen geliebten Menschen verloren haben, sondern pl\u00f6tzlich selbst verd\u00e4chtigt wurden. Sogar Freunde und Verwandte zogen sich teilweise zur\u00fcck.<\/p>\n<p><strong>Kein Platz f\u00fcr Fremdenhass, Gewalt und politischen Extremismus<\/strong><\/p>\n<p>In unserem Land gibt es aber keinen Platz f\u00fcr Fremdenhass, Gewalt und politischen Extremismus. Wir schulden den Angeh\u00f6rigen und Freunden der Ermordeten und den Verletzten Mitgef\u00fchl und Respekt. Wir schulden nicht nur den Opfern die l\u00fcckenlose Aufkl\u00e4rung dieser Verbrechen und die unnachsichtige Verfolgung der T\u00e4ter und ihrer gewissenlosen Unterst\u00fctzer. Wir schulden uns allen Wachsamkeit und die Bereitschaft, f\u00fcr unsere Demokratie und das Leben und die Freiheit aller Menschen in unserem Land einzustehen. Das f\u00e4ngt schon im Alltag an: Es h\u00e4ngt auch von mir selbst ab, welches geistige Klima in meiner eigenen Familie, in meiner religi\u00f6sen Gemeinde, in meinem Stadtteil oder in meinem Verein herrscht.<\/p>\n<p><strong>Deutsche Soldaten leisten einen Beitrag dazu, dass unsere Welt besser wird<\/strong><\/p>\n<p>Offenheit f\u00fcr Fremde und Fremdes f\u00e4ngt ganz im Kleinen an \u2013 und vor allen Dingen bei den Kleinen. Mein dreieinhalbj\u00e4hriger Sohn freut sich, wenn ich ihm abends das Buch \u201eIrgendwie anders\u201c vorlese. Er schl\u00e4ft dann selig ein, weil er wei\u00df, es ist gut, dass wir alle verschieden sind. Wir k\u00f6nnen gar nicht fr\u00fch genug begreifen, wie dumm und sch\u00e4dlich Ausgrenzung oder gedankenlose Vorurteile sind. Lassen Sie uns gemeinsam an einer offenen Gesellschaft arbeiten. Eine offene Gesellschaft stellt sich auch ihrer Verantwortung f\u00fcr das Wohl der Menschen in anderen Teilen der Welt. Wir denken heute Abend deshalb auch an diejenigen, die sich weit weg von zu Hause f\u00fcr Frieden, Sicherheit und menschenw\u00fcrdige Lebensbedingungen einsetzen, gerade an unsere Soldatinnen und Soldaten. Sie leisten n\u00e4mlich einen Beitrag dazu, dass unsere Welt besser wird.<\/p>\n<p><strong>Gro\u00dfe Hilfsbereitschaft<\/strong><\/p>\n<p>Deutschland hat in der Welt einen guten Ruf. Auch deshalb, weil fast nirgendwo sonst die Bereitschaft anderen zu helfen so gro\u00df ist, wie bei uns \u2013 bei Katastrophen, Ungl\u00fccksf\u00e4llen und bei den regelm\u00e4\u00dfigen Aufrufen der gro\u00dfen Hilfsorganisationen. Daf\u00fcr sagen mir viele im Ausland immer wieder ihren Dank \u2013 und diesen Dank will ich heute an Sie alle weitergeben. Denn wir k\u00f6nnen stolz sein auf unser Land.<\/p>\n<p>Liebe Mitb\u00fcrgerinnen und Mitb\u00fcrger, liebe G\u00e4ste hier im Schloss Bellevue, Weihnachten ist das Fest des Friedens und der Gemeinschaft. Jede Gemeinschaft braucht Zeit. Das gilt f\u00fcr Partnerschaften, f\u00fcr Familien und f\u00fcr Freundschaften. Nehmen wir uns alle diese Zeit f\u00fcreinander.<\/p>\n<p>Meine Frau und ich w\u00fcnschen Ihnen frohe, gesegnete Weihnachten und dann ein gutes, erf\u00fclltes neues Jahr 2012!<\/p>\n<p><strong>Weitere Informationen und Kontakt:<\/strong><\/p>\n<p>Die Rede ist im Wortlauf ebenfalls nachzulesen auf der Internetseite <a href=\"http:\/\/www.bundespr\u00e4sident.de\" target=\"_blank\">www.bundespr\u00e4sident.de<\/a><\/p>\n<p>Bundespr\u00e4sidialamt, 11010 Berlin<\/p>\n<p>Telefon: 030 2000-2021\/-1926<\/p>\n<p>E-Mail: presse@bpra.bund.de<\/p>\n<p><strong>Internet:<\/strong> <a href=\"http:\/\/www.bundespr%C3%A4sident.de\/\" target=\"_blank\">www.bundespr\u00e4sident.de<\/a><\/p>\n<p><strong>Ausstrahlungstermine der Weihnachtsansprache im deutschen Fernsehen:<\/strong><\/p>\n<p>Sonntag, 25. Dezember 2011, 19.08 Uhr im ZDF<\/p>\n<p>Sonntag, 25. Dezember 2011, 20.10 Uhr im Ersten sowie auf Phoenix mit Geb\u00e4rdensprache<\/p>\n<p><strong>Kritische Stimmen zu Christian Wulffs Kreditaff\u00e4re:<\/strong><\/p>\n<p><a href=\"http:\/\/www.tagesschau.de\/inland\/wulff602.html\" target=\"_blank\">http:\/\/www.tagesschau.de\/inland\/wulff602.html<\/a><\/p>\n<p><a href=\"http:\/\/www.tagesschau.de\/multimedia\/video\/video1032810.html\" target=\"_blank\">http:\/\/www.tagesschau.de\/multimedia\/video\/video1032810.html<\/a><\/p>\n<p><a href=\"http:\/\/www.tagesschau.de\/multimedia\/video\/video1032956.html\" target=\"_blank\">http:\/\/www.tagesschau.de\/multimedia\/video\/video1032956.html<\/a><\/p>\n<p><a href=\"http:\/\/www.tagesschau.de\/multimedia\/video\/video1032728.html\" target=\"_blank\">http:\/\/www.tagesschau.de\/multimedia\/video\/video1032728.html<\/a><\/p>\n<p>Der seltsame Abgang von Wulffs bestem Mann <a href=\"http:\/\/www.spiegel.de\/politik\/deutschland\/0,1518,805558,00.html\" target=\"_blank\">http:\/\/www.spiegel.de\/politik\/deutschland\/0,1518,805558,00.html<\/a><\/p>\n<p>Wulffs Erkl\u00e4rung kann die Debatte nicht beenden <a href=\"http:\/\/www.zeit.de\/news\/2011-12\/23\/bundespraesident-wulffs-erklaerung-kann-die-debatte-nicht-beenden-23155602\" target=\"_blank\">http:\/\/www.zeit.de\/news\/2011-12\/23\/bundespraesident-wulffs-erklaerung-kann-die-debatte-nicht-beenden-23155602<\/a><\/p>\n<p>Wulff bekam Schn\u00e4ppchenkredit der BW-Bank <a href=\"http:\/\/www.spiegel.de\/politik\/deutschland\/0,1518,805228,00.html\" target=\"_blank\">http:\/\/www.spiegel.de\/politik\/deutschland\/0,1518,805228,00.html<\/a><\/p>\n<p>Wahrheit in Happen: Die Chronik einer Polit-Aff\u00e4re <a href=\"http:\/\/www.focus.de\/politik\/deutschland\/christian-wulff-wahrheit-in-happen-die-chronik-einer-polit-affaere_aid_696704.html\" target=\"_blank\">http:\/\/www.focus.de\/politik\/deutschland\/christian-wulff-wahrheit-in-happen-die-chronik-einer-polit-affaere_aid_696704.html<\/a><\/p>\n<p>&#8222;Ein Pr\u00e4sident, der sich auf sehr d\u00fcnnem Eis bewegt&#8220;\u00a0<a href=\"http:\/\/www.dradio.de\/dkultur\/sendungen\/interview\/1636115\/\" target=\"_blank\">http:\/\/www.dradio.de\/dkultur\/sendungen\/interview\/1636115\/<\/a><\/p>\n<p>Wulff-Aff\u00e4re ist &#8222;ein Kommunikationsdesaster&#8220; <a href=\"http:\/\/www.dradio.de\/dkultur\/sendungen\/interview\/1635080\/\" target=\"_blank\">http:\/\/www.dradio.de\/dkultur\/sendungen\/interview\/1635080\/<\/a><\/p>\n<p>&#8222;Der typische Skandalverlauf&#8220; <a href=\"http:\/\/www.dradio.de\/dlf\/sendungen\/interview_dlf\/1633919\/\" target=\"_blank\">http:\/\/www.dradio.de\/dlf\/sendungen\/interview_dlf\/1633919\/<\/a><\/p>\n<div class=\"pdf24Plugin-cp\"> \t<form name=\"pdf24Form0\" method=\"post\" action=\"https:\/\/doc2pdf.pdf24.org\/wordpress.php\" target=\"pdf24PopWin\" onsubmit=\"var pdf24Win = window.open('about:blank', 'pdf24PopWin', 'resizable=yes,scrollbars=yes,width=600,height=250,left='+(screen.width\/2-300)+',top='+(screen.height\/3-125)+''); pdf24Win.focus(); if(typeof pdf24OnCreatePDF === 'function'){void(pdf24OnCreatePDF(this,pdf24Win));}\"> \t\t<input type=\"hidden\" name=\"blogCharset\" value=\"Cw1x07UAAA==\" \/><input type=\"hidden\" name=\"blogPosts\" value=\"MwQA\" \/><input type=\"hidden\" name=\"blogUrl\" value=\"yygpKSi20tcvLy\/Xy8jPSM3LARK6pXnpqWmZOSWpRSV6KakA\" \/><input type=\"hidden\" name=\"blogName\" value=\"88jPSM3LARK6pXnpqWmZOSWpRSUA\" \/><input type=\"hidden\" name=\"blogValueEncoding\" value=\"gzdeflate base64\" \/><input type=\"hidden\" name=\"postId_0\" value=\"MzQyNTcEAA==\" \/><input type=\"hidden\" name=\"postTitle_0\" value=\"FYuxDYAwDARXcQkdMALQUSJEHRFHsQQWsp2Gih1YgU3YhEkI1Z9O9zNSZLdEU8e6SyaEpqpr8KjQJs6zy3MreWRDhi4KqZFjmNMaAhRdP5XwnhcMQkb6\/0ejbcvtkSRb9GQuhOcW\/AA=\" \/><input type=\"hidden\" name=\"postLink_0\" value=\"yygpKSi20tcvLy\/Xy8jPSM3LARK6pXnpqWmZOSWpRSV6Kan69gW2hkam5oYA\" \/><input type=\"hidden\" name=\"postAuthor_0\" value=\"AwA=\" \/><input type=\"hidden\" name=\"postDateTime_0\" value=\"MzIwNNQ1NNI1MlEwMrIyNLIyMgEA\" \/><input type=\"hidden\" name=\"postContent_0\" value=\"vVnLchvHFd3nK9pKOZVUAcRDJk3RtBzKpCiZUqwSLbFKG1WD0zPTxkwPqntGcLDyP2SbirPgN2jFVfAn\/pKcc3sGBAnaliwlVSoSxEx338c5597b2p\/d3w+1r1x2\/1GVG1fgR79xmUltURtfqzfGL9+mqXF1Yc\/zWiXWqDNjc6fxV9AuzDw+GTUejkbqTeXUg8YlBt8uL4JNsEx9nXsbaqudOmuKNFV\/\/vrwxV+ULdVZ5etCN\/XW\/qA1YX8wu\/+HfZhkyvsvq\/L6XlYXuqzVA+ML6\/YHeGX1erv8IUzNaeaaicb1VGHNxKintp4sL31mvHXOOIW91777ZMOIA0dngynX\/E1NqFXml5fLn4zCQeoU4dBFYfYkMMfF8qKZ2IyH8u\/cNLVRifHq2EwaRPMbE5ouICoziM8Ulvz84z\/EGmzEZd8bd7WFsbRVIw4ev181mXaZWjSdaQ9pUK4nxm3RGVVa39mHVU3A4aU6Pc+LKgSEDpa+aYx66HXTRWB5gWj4eFjJ0+SpPKODdhWFb3TuFcyFPZkpjHergxkE+YhVQcKhJgZbJb45n9Y9NTe2UIGRalIFBxZ4D+AK57k1SczXAYLDIxHqYFSKnLQ+q0RjqUu21JF1KZKgQiUBw6a1Wl5OEFyJmw4qtw4u4zx8LoE3wzAKbpXxc+0BBjVdvnU4vDXaFEC2sjlji\/CVxsGoNjJIUcoVicQ96BJPc13AHyYUntK6Y4SmKLBIp7UqTL2Ix9WAbFZvqQM4LOG7voWaW58og1g1eJmeGA\/jFazl+eQN0OCmFRds3YT5AxMfcBdJ22mtdR2wsimIKM8QYrejxlczLRnEy8fepulXGyh\/2rlcavkVBNWVFwA6ofyiEcdUU8ppr5pp4+Ato+bViWWa9tSHGKXOkDAJCREbI1u2b\/Yks9w0MOEE4cLkjonRRVDH2msAUQDz0FsyKuKoyotQA0LIfAH2u6\/UYzg2wbmLBppGNyVVe+q5yazx0DxZ+O1sVgVbWyhZhHRrKdaQeoZsfFo5XctByJvKl2\/P81DD4kPiHbQmjZBsSaw3xDdipI665FJeHV5DIiisW+rximPHgH\/dCka7y5RuX8NLaes2SA4+G2qkWwstveAOZwZAA1Oti2KCl85M1ooCEicZgZJkJr8FZF2eQnfWlV9GPTK21JGw8lBNq1BPtIeFR35iNkB2xmjbjLvtqQ\/ZGSoQQEyTtykn0DJfidqdoVxFsUVQLALdMrVDuDcsB6vwhGqBioJ1p0yQ5\/vga6skNM66G1BUrvFr2UXosAxsZgpxuDI1hSfKFqzUGQxISQ9UUUvpFTZNG79IpQBkII1NIV44lzKGf9ZDB4lN7AjIH6J+RHZGLEJr+KIF0TwwYeiHoW3LC8v3QNzCJtrbenlRY79UU9l64rNQyFJXiKFFM11egsUwIrRrsAG8A1aiqEafJSQoDMvLECLKupg8IbnseviUEC0qLGNyiGhkaCNiqr6HtWLI6i+88qKEmgdY66dkkmS+rSAwpzqfgpm1SEBQHj8YNtoJNk4KsgoJfYnPzC02iJYz2EaUwqyST9ijOLtE4uSBMx9VLDOzggpifFl5pqqtaTQ+Bp2Bc7YtSuXybSYKD9a0qaeu8E1Y6YTI6gCMgyp4e4Pnh1YKBvsZJos8RmOxym4plcOaFNVzblg+Xoon8anxi+VFXnTRYDmN8kxUxi6BZDcTKtPKbQSqqHx3RA\/JJjydmhXLt\/VCPCGogjR6Ce0CJKA3jZf8nFaZ9p3ISPZespK6BHFfVFlXL2oU+LmJeoLm43y6IScnsFA9K3S96LTalAmLYUC9PjZzFkVuPwMYJcXY+ugHqGdpQ9mEDUV5fAOImZ3UIpAEwDSG4\/cfF9nX1S6Rzms55dKV8pKERy162mf8+iULD8pm7CzQUC8v80KePgcEzLS+cchVMvnXt7OUaSKaCgaUnTnCi35iChhLtZKS4a\/g3x5tmSd2qyGKrhAkrYpM1mDBd9AGaWCStoRnZm7Jbp7g1AtpzerlZb0w\/oaNHTkhtjygLU7dsejM8WfshXox7q3AH5qymnpd21Z+wa0nZrJmcafYsvuVZG\/oDRK7aKj\/HUVTcBp4pVg4zhRQq1qjyLk9Voo8PhXF42xSShshcNcT9qUFToFIGZFjo04KVB8eKo2wjw0kq6wuLajVW3vkwbXMLt8yZLFWJ2vPS7Y\/SU1eqIpBv3rwklECH41nA1xvMKXTfGp5Im1GQfOoAILqB2wq4GKiF02rBW2UpeBPTAhSHHyyQZpvKUMS5jVSdGDGx1U4pUdHNE+KbvxYzShvKt9C4FAaCxxoBbHtuxhD6F4CJ\/EbGjn5HrJF2nh4lDuVgjexxjEBUEyZMvKS1HVJEHA8YMJ+\/vFfj9mGJnNODpSt8POP\/6QBBYCPTkCACTZAxUV6A1PCKLUTB8Ng7PKnHoWBFT1rOvWkpkuVedONISJlHDMI+LaEKYpf5GUKWaPouyaDxxm8SymnNC1pyjIODOfAm8wz4GnAO8AqOCf5x6ynXcfil5XHMAgTTXvmEy3V9VT4EdZ6DB2z7pVUEIHa2ryh0RFZqUFHnNviO9dfAXDAiKjSQoNIeYAQRW+OAZwWxlYKcWfXfK1nIm672fM7GuxWrWWMVDvBxkH3gBnEV4Fpj8dptzHRii0yvaHICS3RST1CfTbX2vjeemfB8HbD2RwvJWSrSEiYmARAjD01owbN5WLgTSfETceOSKer0b+jV5wEO4655UUZB8b3JNsGj4+lLVWPbJHCxitl3GBlS\/iC+sYOyF7FuKvrDU173qQcKGFbG+EW5qkGtJ2NVKlY4UO9ocerLCLW7dSLzktaZ1IjIplUJv7IdX4+0bWmsbOcEX3hMilFASIhAsAoduz3aByLcnmx\/EkKJOqUb9IWLV2DLqGoOEbZoDlhRRGXpKNbNlGfY\/dGKUfHJj3mercbR\/VDcGmlSO18Ld\/NLRp4pi8CUrvVBU07ZWcmdncUnvka00NdFQuOmE4uKeLswZKzyuuTd7hE6q6ajpcXQJOCrrBZ37h\/6a1fT4kykXxylUMRbgkQVqNKOwtKIrfUN2yk179SE0+u1eqVzDDX2+5n2tdORE6nchkWORYLmrtqyGM70722pf5m8m6aX7XkEmk5RdbAAEHV1tVdwsb1EcjaKslj6XRTX+WG7Awmc+ze1yMRewMnPBbQo1lD77K8hIQhLs40+CnXUOPhaPzJTcadSYYNxum08mWLMNn0pHK1ntZ7m9wDOp4znjLwra4kU0WYcDTDqTCONyDBRGgwIY\/ZI8F8XkkYta8VUJl+eSev69neYDCfz7cmN25BtxJzR9UaIKm\/vPN6AmBP79z\/hRf3B3pl4C03oD01Gg1Hw9VFaHzxO7AmrdD2DO8OEZ7hsD8ejkeD\/ujeeKd756j\/VNtiT808deuvk5nXcr6ceT2WnYdXIftVNz\/9+u6nB5+tPBj8Ll+7s0F8fNJ5AVEHjXxJVEVJ3Lx3RtKS1ZT8EDYHNoebmT6tHDCQ9dR4m\/RfmJKTAm+tEc97W8Nd9SIXsr46fPgua8bDLeSgXXPkpXiEat5ecj7LK5S8H2TEOzYTdOwkdDR5YzTy7QiCntHKFdqiuXlpHtSJR52rdQrx9WbTvduSA9MNL+B0w5RYRzUdzLndznC8lddlsZmm91p+LXm\/aUDZFPAPXujBG6S\/ij9Hw7vj3dHwfc357c0+lnH3tnc+nnHdZh\/LuM\/Hux\/PuG6zdeMOjUxMtVzOHUzkfx\/YsrWoRAPEi8+nFO3b\/Agzy8aA58ZRezpIrtqdwbA32h7t9naH29vbu73hO6Dg92y47k9r95FfjdHT7tbm0Ew0Jra24Z8YI9P9bV4tWGdhgTPzMKAc9EfjwfjuoNM3baK+9YUtoW9wmpYr5j5P6+O0fhJP68tp\/fa0\/vjuaHsb9PrVGPzvj9+IGMIx1dLIoEGezSi2UxEk0eUHZ\/0H7L4+CAHj8UdGwNqG1\/xB\/yAzBXqMR3o2Q7GQizkobuXstJ23nnHr\/kGU21sdS6vzJvySFeedfMcc9OftoX3r+rkcKlk4j2f25cy+bNSHxCNZ5rW2yeudezufDz\/77Zj8n21ZD+ef\/rg7Ho+\/OOL13qqwx4v3duhMISAokwk6Qd5\/HNnQ3m\/K0uEX\/\/n3beFNML7Zij4lUyhW4wdowOJ\/naAWoSvAnDAfjHbu7oxG24Nfjc77bbWB\/RUK2CO27rJBPanKskHEpNEMYJ5ms9I6pT7Ip+3h7vAj+SRb3ZIwCnv991nbeEAXEl3wshj5ekcXivS2M1\/ze5x7997o3ju78A5brVz4Lw==\" \/> \t\t<a href=\"https:\/\/www.pdf24.org\" target=\"_blank\" title=\"www.pdf24.org\" rel=\"nofollow\"><img src=\"https:\/\/www.hohenlohe-ungefiltert.de\/wp-content\/plugins\/pdf24-post-to-pdf\/img\/pdf_32x32.png\" alt=\"\" border=\"0\" height=\"32\" \/><\/a> \t\t<span class=\"pdf24Plugin-cp-space\">&nbsp;&nbsp;<\/span> \t\t<span class=\"pdf24Plugin-cp-text\">Sende Artikel als PDF<\/span> \t\t<span class=\"pdf24Plugin-cp-space\">&nbsp;&nbsp;<\/span> \t\t<input class=\"pdf24Plugin-cp-input\" style=\"margin: 0px;\" type=\"text\" name=\"sendEmailTo\" placeholder=\"Emailadresse\" \/> \t\t<input class=\"pdf24Plugin-cp-submit\" style=\"margin: 0px;\" type=\"submit\" value=\"Senden\" \/> \t<\/form> <\/div>","protected":false},"excerpt":{"rendered":"<p>Hohenlohe-ungefiltert ver\u00f6ffentlicht die Weihnachtsansprache 2011 von Bundespr\u00e4sident Christian Wulff (CDU) im Wortlaut. Vom Bundespr\u00e4sidialamt Berlin Fr\u00f6hliche Weihnachten, liebe Mitb\u00fcrgerinnen und Mitb\u00fcrger! An diesem Weihnachtsfest gr\u00fc\u00dfe ich Sie alle: die Gl\u00e4ubigen, die heute der Geburt Jesu Christi gedenken \u2013 und all diejenigen, die einen anderen Zugang zu diesem Fest haben. Mit mir gr\u00fc\u00dfen aus dem Schloss [&hellip;]<\/p>\n","protected":false},"author":3,"featured_media":0,"comment_status":"open","ping_status":"open","sticky":false,"template":"","format":"standard","meta":[],"categories":[],"tags":[],"_links":{"self":[{"href":"https:\/\/www.hohenlohe-ungefiltert.de\/index.php?rest_route=\/wp\/v2\/posts\/12571"}],"collection":[{"href":"https:\/\/www.hohenlohe-ungefiltert.de\/index.php?rest_route=\/wp\/v2\/posts"}],"about":[{"href":"https:\/\/www.hohenlohe-ungefiltert.de\/index.php?rest_route=\/wp\/v2\/types\/post"}],"author":[{"embeddable":true,"href":"https:\/\/www.hohenlohe-ungefiltert.de\/index.php?rest_route=\/wp\/v2\/users\/3"}],"replies":[{"embeddable":true,"href":"https:\/\/www.hohenlohe-ungefiltert.de\/index.php?rest_route=%2Fwp%2Fv2%2Fcomments&post=12571"}],"version-history":[{"count":4,"href":"https:\/\/www.hohenlohe-ungefiltert.de\/index.php?rest_route=\/wp\/v2\/posts\/12571\/revisions"}],"predecessor-version":[{"id":12573,"href":"https:\/\/www.hohenlohe-ungefiltert.de\/index.php?rest_route=\/wp\/v2\/posts\/12571\/revisions\/12573"}],"wp:attachment":[{"href":"https:\/\/www.hohenlohe-ungefiltert.de\/index.php?rest_route=%2Fwp%2Fv2%2Fmedia&parent=12571"}],"wp:term":[{"taxonomy":"category","embeddable":true,"href":"https:\/\/www.hohenlohe-ungefiltert.de\/index.php?rest_route=%2Fwp%2Fv2%2Fcategories&post=12571"},{"taxonomy":"post_tag","embeddable":true,"href":"https:\/\/www.hohenlohe-ungefiltert.de\/index.php?rest_route=%2Fwp%2Fv2%2Ftags&post=12571"}],"curies":[{"name":"wp","href":"https:\/\/api.w.org\/{rel}","templated":true}]}}