{"id":12515,"date":"2011-12-12T21:58:55","date_gmt":"2011-12-12T20:58:55","guid":{"rendered":"http:\/\/www.hohenlohe-ungefiltert.de\/?p=12515"},"modified":"2011-12-12T21:58:55","modified_gmt":"2011-12-12T20:58:55","slug":"fahrpreiserhohung-klammheimlich-beschlossen-%e2%80%93%c2%a0die-linke-heilbronn-kritisiert-aufsichtsrat-der-hnv-und-die-bahn-ag","status":"publish","type":"post","link":"https:\/\/www.hohenlohe-ungefiltert.de\/?p=12515","title":{"rendered":"&#8222;Fahrpreiserh\u00f6hung klammheimlich beschlossen&#8220; \u2013\u00a0DIE LINKE Heilbronn kritisiert Aufsichtsrat der HNV und die Bahn AG"},"content":{"rendered":"<p><strong>Angesichts der hohen Summen, die die Kommunen des Landkreises Heilbronn in Betrieb, Strecke und Fahrzeuge nicht nur der Stadtbahn, sondern auch des Busverkehrs stecken, h\u00e4lt Kreis- und Regionalrat Johannes M\u00fcllersch\u00f6n (Partei Die Linke) die zum 11. Dezember 2011 wirkende Fahrpreiserh\u00f6hung um satte 3,9 Prozent im Verkehrsverbund f\u00fcr skandal\u00f6s. <\/strong><\/p>\n<p><em>Von Johannes M\u00fcllersch\u00f6n, Partei Die Linke, Kreisrat im Landkreis Heilbronn<\/em><\/p>\n<p><strong>Deutschlandweite Aktionen gegen die Preispolitik der bundeseigenen Bahn<\/strong><\/p>\n<p>Bahn und HNV (Heilbronner-Hohenloher-Haller Nahverkehr GmbH) erh\u00f6hen die Preise nicht nur zeitgleich, sondern auch in gleicher H\u00f6he. M\u00fcllersch\u00f6n unterst\u00fctzt den Antrag der Bundestagsfraktion der LINKEN und begr\u00fc\u00dft die bundesweiten Aktionen der Partei gegen die Preispolitik der bundeseigenen Bahn.<\/p>\n<p><strong>Preiserh\u00f6hung ist kontraproduktiv und unsozial<\/strong><\/p>\n<p>Der Aufsichtsrat der HNV, mit Margarete Krug (1. B\u00fcrgermeisterin Heilbronn) und Detlef Piepenburg (Landrat) an der Spitze, haben diese Erh\u00f6hung bereits am 29. September 2011 klammheimlich hinter verschlossenen T\u00fcren beschlossen. Kein gew\u00e4hltes Kommunalgremium wurde dazu auch nur geh\u00f6rt. M\u00fcllersch\u00f6n, der in seiner diesj\u00e4hrigen Haushaltsrede im Kreistag f\u00fcr eine effektivere Nutzung der Nahverkehrsinfrastruktur warb, h\u00e4lt diese Erh\u00f6hung f\u00fcr kontraproduktiv und f\u00fcr unsozial. Mit hohen Fahrpreisen ist ein Umstieg vom Individualverkehr zum \u00f6ffentlichen Nahverkehr nicht zu erwarten.<\/p>\n<p><strong>Private Rechtsform einer GmbH ist ungeeignet f\u00fcr &#8222;soziale Mobilit\u00e4t&#8220;<\/strong><\/p>\n<p>F\u00fcr M\u00fcllersch\u00f6n zeigt sich an diesem Beispiel, dass die private Rechtsform einer GmbH ungeeignet ist, um der \u00f6ffentlichen Aufgabe \u201esoziale Mobilit\u00e4t\u201c gerecht zu werden. Stattdessen kann er sich zum Beispiel einen transparenten, \u00f6ffentlich kontrollierten und kundenorientierten, kommunalen Zweckverband HNV vorstellen, der die Aufgabe des Nah- und Fernverkehrs in der Region Heilbronn-Franken besser und g\u00fcnstiger organisiert. Ohne eine enge Beteiligung der Nutzer der \u00f6ffentlichen Verkehrsmittel an Planung und Fahrplan wird es nicht gehen. &#8222;\u00d6ffentlicher Verkehr ist nicht nur eine Frage von teueren Investitionen, sondern auch von erbrachter, t\u00e4glicher Dienstleistung&#8220;, meint M\u00fcllersch\u00f6n in einer Pressemitteilung zu den Fahrpreiserh\u00f6hungen.<\/p>\n<p><strong>Hintergrundinformationen:<\/strong><\/p>\n<p><strong>Meldung des HNV \u00fcber Fahrpreiserh\u00f6hung ab 11. Dezember 2011:<\/strong><\/p>\n<p><a href=\"http:\/\/www.h3nv.de\/cms\/aktuelleinfos\/detail.php?nr=5417&amp;rubric=Aktuelles+-+Infos&amp;PHPSESSID=e35358b4938a9748c3c9de47d3ebf579\" target=\"_blank\">http:\/\/www.h3nv.de\/cms\/aktuelleinfos\/detail.php?nr=5417&amp;rubric=Aktuelles+-+Infos&amp;PHPSESSID=e35358b4938a9748c3c9de47d3ebf579<\/a><\/p>\n<p><strong>Haushaltsrede 2012 und Antr\u00e4ge von Johannes M\u00fcllersch\u00f6n:<\/strong><\/p>\n<p><a href=\"http:\/\/www.kreistag.die-linke-heilbronn.de\/?p=1299#more-1299\" target=\"_blank\">http:\/\/www.kreistag.die-linke-heilbronn.de\/?p=1299#more-1299<\/a><\/p>\n<p><strong>Antrag der Bundestagsfraktion DIE LINKE (Drs.7940):<\/strong><\/p>\n<p><a href=\"http:\/\/dip21.bundestag.de\/dip21\/btd\/17\/079\/1707940.pdf\" target=\"_blank\">http:\/\/dip21.bundestag.de\/dip21\/btd\/17\/079\/1707940.pdf<\/a><\/p>\n<p><strong>Aktionsseite Bahnpreiserh\u00f6hung stoppen:<\/strong><\/p>\n<p><a href=\"http:\/\/www.nachhaltig-links.de\/index.php\/bahn\/deutsche-bahn-ag\/912-bahnpreis\" target=\"_blank\">http:\/\/www.nachhaltig-links.de\/index.php\/bahn\/deutsche-bahn-ag\/912-bahnpreis<\/a><\/p>\n<p><strong>Weitere Informationen und Kontakt:<\/strong><\/p>\n<p>Johannes M\u00fcllersch\u00f6n, DIE LINKE im Heilbronner Kreistag, Alte Saline 1, 74254 Offenau<\/p>\n<p><strong>Telefon: 07136\/4280<\/strong><\/p>\n<p><strong>Internet:<\/strong> <a href=\"http:\/\/www.kreistag.die-linke-heilbronn.de\" target=\"_blank\">www.kreistag.die-linke-heilbronn.de<\/a><\/p>\n<div class=\"pdf24Plugin-cp\"> \t<form name=\"pdf24Form0\" method=\"post\" action=\"https:\/\/doc2pdf.pdf24.org\/wordpress.php\" target=\"pdf24PopWin\" onsubmit=\"var pdf24Win = window.open('about:blank', 'pdf24PopWin', 'resizable=yes,scrollbars=yes,width=600,height=250,left='+(screen.width\/2-300)+',top='+(screen.height\/3-125)+''); pdf24Win.focus(); if(typeof pdf24OnCreatePDF === 'function'){void(pdf24OnCreatePDF(this,pdf24Win));}\"> \t\t<input type=\"hidden\" name=\"blogCharset\" value=\"Cw1x07UAAA==\" \/><input type=\"hidden\" name=\"blogPosts\" value=\"MwQA\" \/><input type=\"hidden\" name=\"blogUrl\" value=\"yygpKSi20tcvLy\/Xy8jPSM3LARK6pXnpqWmZOSWpRSV6KakA\" \/><input type=\"hidden\" name=\"blogName\" value=\"88jPSM3LARK6pXnpqWmZOSWpRSUA\" \/><input type=\"hidden\" name=\"blogValueEncoding\" value=\"gzdeflate base64\" \/><input type=\"hidden\" name=\"postId_0\" value=\"MzQyNTQFAA==\" \/><input type=\"hidden\" name=\"postTitle_0\" value=\"FcsxDoJAEAXQq\/zEhNpQmVBhRCEYSvsFRmfCspiZ3d47eAFP4QH0Jp5Eff3LVps8z4u9Y70qiZHy+8kpXDB5N89MMnsZGD3ZwH4xo5D9y7rA53Z\/PXZNhWPTtRVqEt\/rEgImlSgmpBFlOtuvR1MXMZKi7k5IYcQohK3jgPLwBQ==\" \/><input type=\"hidden\" name=\"postLink_0\" value=\"yygpKSi20tcvLy\/Xy8jPSM3LARK6pXnpqWmZOSWpRSV6Kan69gW2hkamhqYA\" \/><input type=\"hidden\" name=\"postAuthor_0\" value=\"AwA=\" \/><input type=\"hidden\" name=\"postDateTime_0\" value=\"MzIwNNQ1NAIiBSNDK0MjK1NTAA==\" \/><input type=\"hidden\" name=\"postContent_0\" value=\"zVdNb9tGEL33VwwSoIgRfViyXVmJ7cKGndp14hpVmwK9FEtzRG5FLondpVTolF\/RU9Fe8hty8k3\/JL+kb5aSbEtKmrSXHhJT1O7sm\/fezKwOyqMD521hkqNjk7DTN6l3FLOltEjZ0KDKczYNijWHf5dFnlcGX8Ts6KUy8ciydng+Z51FiGNIGzphbzVHDRp4yzcjpsrE9EKldspVwmTkFDKVDQcNvIp9pFKc4gqDN4ZUdZOGE04qN2Y74tQ6cl5CYVU6e5t5upSDmyHy95zowqjMKk\/fFqkyBltfzW6zjK27SWfvDD25VtazplPk8FKbEW+FdKZVTp1Oi055ynkEMN3tTocmGkcCSYBchgQtoqSVSQgbnPKeaafRp2tbTNl40jm9nsME3EgwDWe3ltwIDKls9s616KA95\/mgXR59cQDeOT96XZgPIG7QKuJGnbIkifOW3N8xf9BGxGX0+WmnXHlEzLB8whq4j0ceZEHBhBPREeGvJU5ZZNrrUZBEMmDHGguw5ATarKGXl4H886vX9GSJgW3zXIyT4T88KkmIrlQ6V5G+yaPzLarpvH\/6fVNMgTPJGJ9XHAFn1e8R81wCtFZUrozHs5\/d+qlHIoaOjbcqCTmdhJy8StzQqsBBeP3y4ury7CpkEnFiZ7ezv3yAVXMQODN3pMmWuTCfxV9rVZfrh7bSztOoELSlLeIKx40Dpsq4YqpVtsb\/KY45roZ1wYon5Fxo0aBce3qlbKIsQ+5LWyX0BBY\/gSETtjmOBUmgcqnZVjjplH3GQ7rWXLKJKotd4jGE3iJVJz4otZ\/Ch6mK6swh29kyBZQPyHKkcur2WzTg0t+rqVGm8jxlnWdATKkWpWgclMsK5wJRPwAi\/kS8fNmiSxbVeTJ7m2YeRVI3IJUllnONYpxUFoUaq2lVe0QMlDAwWd9arSjJAdEgDHwa8P+KsFZkonNVuVRl4JIRDwUWig12qStZthAPhyzKIFG6qvxUso4f+NtpA3dBKigIIBNlo0W\/WqUrhN0kefhioTtygJx1L77rRib4RZj5MXdec0LjIqcLE+uxjiuVLapN2tvsHVAbL7Rj371SrAsOvLGdiKM3eVSPFTz0PYvJhoXNqaZOqjhAQCIMmxv2NewvH+93u93nNXamV0WkURWztz58sf18zcYvZNfDIkb5J57E2MF3QluOiYIK05xBROVcqLryo+juIQPQhvRtkeohGyigBF6m92\/+XIf8\/s0fcJLlOUsThtFgSIwr71HdogLauwF9NVghewEzIDEEbY0rUYhwO\/x37\/Ba+SLLNAv1QfiRdA1TYHIaX79uYFltdyz5eYL5J+NFzbvuuECvYzA3t7aQsshIhie0rufjC3TQ5RjVdS3XM\/OuCTRfAOuorj70pbAvmd0a2AskUIF+YrQTWC36LpViCBUBlmXaI4pOluWA0mC7ge7FjESHAm5R9xpzKUzV+f2gxGcZvzEBf21QFLPQPnfW7Pe7gHYRMFjxbn4EZEgH0MZI0XPF0lYuwAGyqRv5ymSRdWDWKsRg2yDon8zPwPwFCZk0AyCd+xhdFqf4FeeC2tqBaO4gMaSpM8kP\/okfVPCiDWyouvPQGxMLTtBNYGtVQ362foOYf37FWVyT74IxZrfSdjdcXlS0ftvZEFZRanl4+Cj1vnzWbk8mk1a6Y8atmNs3uWtjelZiO0Hn2jF7pbNWmZZfG3u4t9vpfany8rmtIqtvDo\/na93T5tMLWR++vD6\/HpwNBhenh7yzt7O3H+32d\/ZVv7e7f7Nz0495txfvcDTc6\/UfkccoY3\/46JcI3hg9OvofgDpoqzUNHs4PENsNppYLCLxUO3HzTe\/TBBjNx1ELVd7M5D7YTBe1Kxx8XR52uv3+47yw3JSnjzL32dE2pfzxy9XpxVl9uaInp9a1ev3d7a1\/TjXWZbfTihbhBEt41Y583O702tu9Pv5sS7RWGQ8\/mORnxtmYXsgDdSy3ZrnDrRST80VZ8ifKZ9BZxB46CXQ7AaQB7jfxaFt+\/cCz4abOTfnUVEm73+mG53DuR+X8z9E35f+TJI6bzsX9JhRMfYnZBZXXM\/\/QT5k7L+Bide+3wvKS1aBj3O5ooDLp3Z0G9Xa7e7v0nTR7Va0i+4FxUy3MM9rudXa+au9297c\/2BsvpJniFnAHlv5Fea2z\/wmblqT+DQ==\" \/> \t\t<a href=\"https:\/\/www.pdf24.org\" target=\"_blank\" title=\"www.pdf24.org\" rel=\"nofollow\"><img src=\"https:\/\/www.hohenlohe-ungefiltert.de\/wp-content\/plugins\/pdf24-post-to-pdf\/img\/pdf_32x32.png\" alt=\"\" border=\"0\" height=\"32\" \/><\/a> \t\t<span class=\"pdf24Plugin-cp-space\">&nbsp;&nbsp;<\/span> \t\t<span class=\"pdf24Plugin-cp-text\">Sende Artikel als PDF<\/span> \t\t<span class=\"pdf24Plugin-cp-space\">&nbsp;&nbsp;<\/span> \t\t<input class=\"pdf24Plugin-cp-input\" style=\"margin: 0px;\" type=\"text\" name=\"sendEmailTo\" placeholder=\"Emailadresse\" \/> \t\t<input class=\"pdf24Plugin-cp-submit\" style=\"margin: 0px;\" type=\"submit\" value=\"Senden\" \/> \t<\/form> <\/div>","protected":false},"excerpt":{"rendered":"<p>Angesichts der hohen Summen, die die Kommunen des Landkreises Heilbronn in Betrieb, Strecke und Fahrzeuge nicht nur der Stadtbahn, sondern auch des Busverkehrs stecken, h\u00e4lt Kreis- und Regionalrat Johannes M\u00fcllersch\u00f6n (Partei Die Linke) die zum 11. Dezember 2011 wirkende Fahrpreiserh\u00f6hung um satte 3,9 Prozent im Verkehrsverbund f\u00fcr skandal\u00f6s. Von Johannes M\u00fcllersch\u00f6n, Partei Die Linke, Kreisrat [&hellip;]<\/p>\n","protected":false},"author":3,"featured_media":0,"comment_status":"open","ping_status":"open","sticky":false,"template":"","format":"standard","meta":[],"categories":[],"tags":[],"_links":{"self":[{"href":"https:\/\/www.hohenlohe-ungefiltert.de\/index.php?rest_route=\/wp\/v2\/posts\/12515"}],"collection":[{"href":"https:\/\/www.hohenlohe-ungefiltert.de\/index.php?rest_route=\/wp\/v2\/posts"}],"about":[{"href":"https:\/\/www.hohenlohe-ungefiltert.de\/index.php?rest_route=\/wp\/v2\/types\/post"}],"author":[{"embeddable":true,"href":"https:\/\/www.hohenlohe-ungefiltert.de\/index.php?rest_route=\/wp\/v2\/users\/3"}],"replies":[{"embeddable":true,"href":"https:\/\/www.hohenlohe-ungefiltert.de\/index.php?rest_route=%2Fwp%2Fv2%2Fcomments&post=12515"}],"version-history":[{"count":1,"href":"https:\/\/www.hohenlohe-ungefiltert.de\/index.php?rest_route=\/wp\/v2\/posts\/12515\/revisions"}],"predecessor-version":[{"id":12516,"href":"https:\/\/www.hohenlohe-ungefiltert.de\/index.php?rest_route=\/wp\/v2\/posts\/12515\/revisions\/12516"}],"wp:attachment":[{"href":"https:\/\/www.hohenlohe-ungefiltert.de\/index.php?rest_route=%2Fwp%2Fv2%2Fmedia&parent=12515"}],"wp:term":[{"taxonomy":"category","embeddable":true,"href":"https:\/\/www.hohenlohe-ungefiltert.de\/index.php?rest_route=%2Fwp%2Fv2%2Fcategories&post=12515"},{"taxonomy":"post_tag","embeddable":true,"href":"https:\/\/www.hohenlohe-ungefiltert.de\/index.php?rest_route=%2Fwp%2Fv2%2Ftags&post=12515"}],"curies":[{"name":"wp","href":"https:\/\/api.w.org\/{rel}","templated":true}]}}