{"id":1247,"date":"2009-03-30T00:10:43","date_gmt":"2009-03-29T23:10:43","guid":{"rendered":"http:\/\/www.hohenlohe-ungefiltert.de\/?p=1247"},"modified":"2009-03-31T11:06:02","modified_gmt":"2009-03-31T10:06:02","slug":"gedenkfeier-am-5-april-2009-erinnert-an-den-beginn-des-todesmarschs-von-kz-haftlingen-in-hessental-1945","status":"publish","type":"post","link":"https:\/\/www.hohenlohe-ungefiltert.de\/?p=1247","title":{"rendered":"Gedenkfeier am 5. April 2009 erinnert an den Beginn des Todesmarschs von KZ-H\u00e4ftlingen in Hessental 1945"},"content":{"rendered":"<div id=\"attachment_1253\" style=\"width: 160px\" class=\"wp-caption alignleft\"><a href=\"https:\/\/www.hohenlohe-ungefiltert.de\/wp-content\/uploads\/2009\/03\/001_ge.jpg\"><img aria-describedby=\"caption-attachment-1253\" loading=\"lazy\" class=\"size-thumbnail wp-image-1253\" title=\"001_ge\" src=\"https:\/\/www.hohenlohe-ungefiltert.de\/wp-content\/uploads\/2009\/03\/001_ge-150x150.jpg\" alt=\"Luftbild des KZ Hessental\" width=\"150\" height=\"150\" srcset=\"https:\/\/www.hohenlohe-ungefiltert.de\/wp-content\/uploads\/2009\/03\/001_ge-150x150.jpg 150w, https:\/\/www.hohenlohe-ungefiltert.de\/wp-content\/uploads\/2009\/03\/001_ge-300x298.jpg 300w, https:\/\/www.hohenlohe-ungefiltert.de\/wp-content\/uploads\/2009\/03\/001_ge.jpg 425w\" sizes=\"(max-width: 150px) 100vw, 150px\" \/><\/a><p id=\"caption-attachment-1253\" class=\"wp-caption-text\">Luftbild des KZ Hessental<\/p><\/div>\n<p><strong>Die Gedenkfeier der KZ-Gedenkst\u00e4tte Schw\u00e4bisch Hall-Hessental findet am Sonntag, 5. April 2009, um 11 Uhr auf dem Gel\u00e4nde des ehemaligen Hessentaler Konzentrationslagers beim Bahnhof statt. Als Gastredner spricht israelische P\u00e4dagoge und Historiker Gideon Greif. Die Gedenkfeier wird von Jochen Narci\u00df musikalisch begleitet.<\/strong><\/p>\n<p><em>Von der KZ-Gedenkst\u00e4tteninitiative Schw\u00e4bisch Hall-Hessental<\/em><\/p>\n<p>Gideon Greif wurde 1951 in Tel Aviv geboren und ist seit 1983 Mitarbeiter des Forschungsinstituts und P\u00e4dagogischen Zentrums an der israelischen Gedenkst\u00e4tte Yad Vashem in Jerusalem. Als promovierter P\u00e4dagoge und Historiker hat er den Holocaust und vor allem die Geschichte des Konzentrationslagers Auschwitz-Birkenau erforscht. Er hat mehrere B\u00fccher geschrieben sowie Rundfunkreportagen und Dokumentarfilme \u00fcber den Holocaust ver\u00f6ffentlicht.<\/p>\n<div id=\"attachment_1255\" style=\"width: 549px\" class=\"wp-caption aligncenter\"><a href=\"https:\/\/www.hohenlohe-ungefiltert.de\/wp-content\/uploads\/2009\/03\/ws_ti.jpg\"><img aria-describedby=\"caption-attachment-1255\" loading=\"lazy\" class=\"size-full wp-image-1255\" title=\"ws_ti\" src=\"https:\/\/www.hohenlohe-ungefiltert.de\/wp-content\/uploads\/2009\/03\/ws_ti.jpg\" alt=\"Die Gedenkst\u00e4tte des Konzentrationslagers Hessental\" width=\"539\" height=\"340\" srcset=\"https:\/\/www.hohenlohe-ungefiltert.de\/wp-content\/uploads\/2009\/03\/ws_ti.jpg 539w, https:\/\/www.hohenlohe-ungefiltert.de\/wp-content\/uploads\/2009\/03\/ws_ti-300x189.jpg 300w\" sizes=\"(max-width: 539px) 100vw, 539px\" \/><\/a><p id=\"caption-attachment-1255\" class=\"wp-caption-text\">Die Gedenkst\u00e4tte des Konzentrationslagers Hessental<\/p><\/div>\n<p><strong>Weitere Infos zum Hessentaler KZ gibt es im Internet auf der Seite <\/strong><a href=\"http:\/\/de.wikipedia.org\/wiki\/KZ_Hessental\" target=\"_blank\">de.wikipedia.org\/wiki\/KZ_Hessental<\/a><strong>, au\u00dferdem: <\/strong><a href=\"http:\/\/de.wikipedia.org\/wiki\/Hessentaler_Todesmarsch\" target=\"_blank\">de.wikipedia.org\/wiki\/Hessentaler_Todesmarsch<\/a><strong>. Die KZ-Gedenkst\u00e4tte Hessental berichtet auf ihrer Internetseite <\/strong><a href=\"http:\/\/www.kz-hessental.de\/\" target=\"_blank\">www.kz-hessental.de\/<\/a><strong> \u00fcber den Todesmarsch, der am 5. April 1945 begann:<\/strong><\/p>\n<p>&#8222;Anfang April 1945, als die amerikanischen Truppen unaufhaltsam n\u00e4her r\u00fcckten, begannen die Vorbereitungen zur Evakuierung des Hessentaler Lagers. Am 3. April wurden zw\u00f6lf gedeckte G\u00fcterwaggons ins Lager geschoben. Tags zuvor waren ungef\u00e4hr 200 weitere H\u00e4ftlinge im Lager eingetroffen. Sie stammten aus dem Lager Kochendorf und waren krank und v\u00f6llig ersch\u00f6pft von H\u00fctten, wo ein etwa 1500 Mann starker H\u00e4ftlingstreck biwakiert hatte, nach Hessental gebracht worden. An den folgenden beiden Tagen war keine Lokomotive verf\u00fcgbar, so dass die H\u00e4ftlinge nicht verladen werden konnten.<\/p>\n<p>Am fr\u00fchen Morgen des 5. April traf mit SS-Untersturmf\u00fchrer Heinrich Wicker der f\u00fcr die Evakuierung verantwortliche Kommandof\u00fchrer in Hessental ein. Er befahl, die H\u00e4ftlinge sofort zu verladen. Da immer noch keine Lokomotive greifbar war, wurden die Waggons mit den H\u00e4ftlingen an den regul\u00e4ren Personenzug 2065 nach Crailsheim angeh\u00e4ngt. Mit 40 Minuten Versp\u00e4tung verlie\u00df der Zug um 7.50 Uhr den Hessentaler Bahnhof. Es ist dies der Beginn des Evakuierungsmarsches der Hessentaler H\u00e4ftlinge, der unter dem Begriff &#8222;Hessentaler Todesmarsch&#8220; in die historische Literatur eingegangen ist. Sein Ziel war das Au\u00dfenlager Allach des KZ\u2019s Dachau.<\/p>\n<p>Nach nur wenigen Kilometern Fahrt geriet der Zug bei Sulzdorf in einen Angriff amerikanischer Jagdbomber. Die Lokomotive wurde schwer besch\u00e4digt, so dass eine Weiterfahrt unm\u00f6glich wurde. Die H\u00e4ftlinge wurden in zwei gro\u00dfen Marschkolonnen von ungef\u00e4hr 500 bzw. 200 M\u00e4nnern zusammengefasst und zu Fu\u00df weitergetrieben. Zur\u00fcck blieben die ersten 17 Toten der Evakuierungsaktion. Sie waren bei dem Angriff sowie bei Fluchtversuchen ums Leben gekommen. Andere wurden, weil sie vollkommen marschunf\u00e4hig waren, von den Begleitmannschaften erschossen.<\/p>\n<p>In den folgenden Tagen schleppte sich der Zug der v\u00f6llig ausgemergelten H\u00e4ftlinge in Richtung Osten. Die Marschroute f\u00fchrte \u00fcber B\u00fchlertann, Rosenberg, Ellwangen, R\u00f6hlingen, Z\u00f6bingen und Wallerstein bis nach N\u00f6rdlingen, wo die \u00dcberlebenden wieder in einen Zug verladen wurden (andere Aussagen sprechen von Augsburg als dem Ort der Verladung). Entlang dieser Strecke spielten sich schreckliche Szenen ab: Die H\u00e4ftlinge wurden von der SS unbarmherzig vorangetrieben. Unz\u00e4hlige starben an Entkr\u00e4ftung oder wurden &#8211; ersch\u00f6pft liegen geblieben &#8211; von den Wachleuten erschlagen oder erschossen.<\/p>\n<p>Am 11. April erreichte der Transport Karlsfeld bei M\u00fcnchen. Von dort mu\u00dften die H\u00e4ftlinge nach Allach weiter marschieren, wo sie in den darauf folgenden Tagen eintrafen. In den nur noch unvollst\u00e4ndig vorhandenen Unterlagen des KZ\u2019s Dachau sind am 14. und 15. April 1945 293 Zug\u00e4nge aus Hessental verzeichnet.<\/p>\n<p>F\u00fcr viele der Hessentaler KZ-H\u00e4ftlinge war Dachau-Allach allerdings noch nicht die Endstation ihres Leidensweges. Die SS trieb sie nach kurzem Aufenthalt von dort weiter in die geplante &#8222;Alpenfestung&#8220; der Nazis. Ende April 1945 wurden sie im bayerischen Voralpenland von den Amerikanern befreit.<\/p>\n<p>\u00dcber die Zahl der Opfer des &#8222;Hessentaler Todesmarsches&#8220; gibt es sehr unterschiedliche Angaben. Sie schwanken zwischen 50 und \u00fcber 300 Todesopfern. Nach den Ermittlungen in den ersten Nachkriegsjahren muss davon ausgegangen werden, dass 100 bis 150 Menschen bei der Evakuierung des KZ-Lagers Hessental ums Leben kamen.<\/p>\n<p>Nicht unerw\u00e4hnt bleiben soll, dass in einigen F\u00e4llen die Bev\u00f6lkerung der angrenzenden Ortschaften H\u00e4ftlingen Hilfe zuteil werden lie\u00df. In einem Fall versteckten Wilhelm Nass und seine Frau Barbara zwei geflohene polnische Juden in einem Taubenschlag in Neunstadt. Sie gaben ihnen solange ausreichend Essen, bis die amerikanischen Truppen den Ort besetzt hatten. \u00dcber die Bedingungen des &#8222;Hessentaler Todesmarsches&#8220; berichtet eine Vielzahl von Zeitzeugenaussagen aus den Jahren nach 1945.<\/p>\n<div class=\"pdf24Plugin-cp\"> \t<form name=\"pdf24Form0\" method=\"post\" action=\"https:\/\/doc2pdf.pdf24.org\/wordpress.php\" target=\"pdf24PopWin\" onsubmit=\"var pdf24Win = window.open('about:blank', 'pdf24PopWin', 'resizable=yes,scrollbars=yes,width=600,height=250,left='+(screen.width\/2-300)+',top='+(screen.height\/3-125)+''); pdf24Win.focus(); if(typeof pdf24OnCreatePDF === 'function'){void(pdf24OnCreatePDF(this,pdf24Win));}\"> \t\t<input type=\"hidden\" name=\"blogCharset\" value=\"Cw1x07UAAA==\" \/><input type=\"hidden\" name=\"blogPosts\" value=\"MwQA\" \/><input type=\"hidden\" name=\"blogUrl\" value=\"yygpKSi20tcvLy\/Xy8jPSM3LARK6pXnpqWmZOSWpRSV6KakA\" \/><input type=\"hidden\" name=\"blogName\" value=\"88jPSM3LARK6pXnpqWmZOSWpRSUA\" \/><input type=\"hidden\" name=\"blogValueEncoding\" value=\"gzdeflate base64\" \/><input type=\"hidden\" name=\"postId_0\" value=\"MzQyMQcA\" \/><input type=\"hidden\" name=\"postTitle_0\" value=\"DYoxDsJADAS\/sh8ABcQVKUNDJFoqulOyuVhcHGSfeBE\/4WO4GY1Gc+NMfS0UGvKGdMTwNqk4d10PmqjSGrIiNlxZIoQ6Hntwy+bT6vjsivvzMP6+S6uiJVZRjHSntlxx6i\/pDw==\" \/><input type=\"hidden\" name=\"postLink_0\" value=\"yygpKSi20tcvLy\/Xy8jPSM3LARK6pXnpqWmZOSWpRSV6Kan69gW2hkYm5gA=\" \/><input type=\"hidden\" name=\"postAuthor_0\" value=\"AwA=\" \/><input type=\"hidden\" name=\"postDateTime_0\" value=\"MzIwsNQ1MNY1NlAwMLAyMLYyMQYA\" \/><input type=\"hidden\" name=\"postContent_0\" value=\"tVjLbhw3Ft3PVxA9wCAB+im5E8uWBEiTyPJLCSI\/MNoY7C5WFVMsVoNkqexezW8MMEA2+gatvOs\/mS+Zcy+ru8t6eJJAs0jc6mZdXt577jmHtZ\/oS6GTg54MQc7zUtnwYbIz3e0JHz4ZddBrdBLyJ2Ly3XjxsSfmRnqPLxeDuVwEXVkhjc6sUWnoHe5LkTuVHvTyEBb+yWjUNM0wr3JlDf43qG2mUm2CcmGYqBHFqGzAhqN6YSqZ+NHOeLw3Gu+OxuPJh0wNf11kCKrLTEin5SBRfu70TCWzTwe9dvvBNu1BTJsiaZsd9Ixcftok7PVSDUJelzMrtRHYW5cyU+0zQQc6atwWJ3fzhzrDYDIdf8R\/fBbUKhz0XtVpmGmTCJxHvLwQp8p7BJCmJ7jWBz2s74lc6SwP7R\/IyKvw\/0hK4N+mLx4o8O54\/HFn7zEHxucHC8wBH+1MG5QCnURDvynlx8Eam1Ng81sxGY8vsSP\/1ROjw\/2RPNxfMLjvRcstPA+C+ggo39uk\/dECgTE0h3\/ZxycfXGWzwx+0Es9UomyRKq0cnnJ4ahC\/8mF1FYIS5\/O8WV3NtJ\/n4lQaM9gEFam2iQpCluK8svgm64vpUBwtHLBKleiLuhSTiXibOyHrFPFL7GdWV3iMU1S5KmkSld2mSjlUdonPTtLRvAHinRczpUtxLHObVymmHDXBVsaLZxKnUYnFcx47z\/MgtHdSGcpYiZ9XV4nMqkyJ2ibiVPtQOV1g8TOdKBDBM6d0OhQ3S9Fol4hL\/P6iQhQrzqSb69Vvoqy9LiTHRkaZUTqoMNwftRWlOnOFVXn4Dk\/fVVGrrQ4aZ7v8WnH3RwixDtfNVTS1Q\/kme9OJ0Fa8UUYcXYINMzWrHDKlY+KUwiM1rHq8K17rIN2MMnVc9ZPKYT+A2WvrQSJ18PzUulRcOCsuqAV16YWM5+hU1YovMfIPmYh30qOblNIL5WqPRpaxQQtXldUlikr739uOXAbB+QEKlanmssYZaM1lBfAYRBMJ9wj7U5MjgO5EylGNNY0Oy8GxdoWyskbklA8NzPwY9yoVSN8pcbz6jAM5lA8\/O61mSMBXDbb6BbuntS2cWlQO4G5r+0NV1DSK0oEKSiVWn2e38r5UbnWdplhlKNdh7OPdmjW9qVnTR3tf0aw5HlPuAVWr8R+C\/hOiNf2qaKW1+VKvphu94g0fSK62yUeV2o7xGpr3ouS2gE1397YCtvvoAQVsk6bAHg8gLxyPZWvyeG8jW3eqDDbsqAz\/9btUZnq\/yvyZIt8tQO+ZlJR4btPKiyXU4gsZuBCZnoEWvAD1PyfcW5IbVhInzulhsaXe7kCgtokaNrrQC5VoOaxcNqK\/Ri8vPnQajyHOqL8fZkbaonf4v5\/hurU79pHK6jcFNi6f\/NE8Ouf88KZC\/UpJ\/PR7U7rn8W52UdNuyflWvUFbTKSxoprocFNk\/\/XaEm6L5SBfxyK43k79rlXdDDvU2TlDn5sLT7GxEpO9R1MSW2ntk1tK+7e\/Pt7Z2Xl6ZFNps84DaA60hyRDljhoIW2rXG9cvVgwl+PYOVjDYy+7uiIRcBCDAhPXb7fDMorwroJ8QnsDTagFTp348VIWNTQN3zD6u7h9xdhH9qXYXZ+BRRuPNqtrk0JsEkUbiWerzyh4I7MMMwPt9PHhqEYVtGgo3siMRoNksJFR4EETyNeRxxJNO0Knq6sUaoPfaFhiFEV\/olykRENxjpPAN5UlDoiWe7ZjceFLNjlJ5VKWuLhP4dDFKMFIGtoDFUVWq+tFGtganSJ5LlZT0VZChUaSjx2L16gd7eVI2TeZkU+bF2KmG1mQHSAdDqovrCT3s8EljIyTZOOaimqGClrGSFoZVJ8+wcswaFiTkawosL0Sr6oCToN9FQQ4XX3OZtL1oeYiAZFxJztVsmwVsdBICtYoblBBRhabruGFHqZABQHnNaaPAIFub6AJuktFCaN1fj54S7PjQ+1KbM3TdIq0aMbEez0vWn+N3xyn0kUQspA24LzsFzC1VVlK9GMdSHf8MZWaXcxMpTI3\/Zvn8hWsTgBiNmcDE0iAAmMgLBp9u1oZ+UrUimrZX0OVwr5vgUknZIez2cZGV2iFU1kNR0+A+RnHrzAzyzoDNL+bxsb+3eHqCmsIVGJCVQ73n8GGwZSKR0CKtjXh8R2eXYCh2moYrWC2qV4XCAZd+H44HfM9IrlxV2hvBKiIZ9uLtD0\/eKwybWO7OqVuSaZd0w20PVtkoNpGv1xSJKfTVLRU032ow1v86\/gp9YpKl0dry3eQVzSiEsiIE5lJLiAWDEnE4LQ1TDzhGDiFe4WmWNZP2GdDJYy3uf\/8818enZznst7A84x+tgjc4FpBQV9qU5WKSFycyBw4QBitwqaUGB1xXpslzzrNrCaSO7LxhF9QpRMvZJbMqhLcF8WkA5l4CSGfrQiJxAtXic7CdtwYZFHgU86ktuXqOiOAx6djzA5yW+BpokmkmbmKKgEyofIWMNdMyMQ8WwoktpktmyFz4Wtgy9LRl7h\/AO+0CqnEewQG4gSlbQmTeJHN\/hBlYdoXMxPdP3WPBhkfJ9+jw0HF+08XRbIglxM5NbIlFZbAsi5lvEPQtyemBtMA1L5mAaIr1SveKVOoZxkpLiESjxXoU44GZg48VhkT14iIstrSucHFvGufq0FFO453UbCGxSqZUtJM1xWBdYOX5zepNHIo1hm1WECQvGa8RbDQv2vuh2BkqqTCmfAFE1C\/fiEupdH9icoWGxvb5iqMt2AeC+u7Eq5c2A5XKosD\/FIhP3yb9cWPxjQ8Gvh2dZ1HnumLi9X1LFIOtfE93QWpO9gW9+bIMWera5es10ONqIWrfyOqoTozvWuVRCKNiKfjbbk\/Au8bGbuA+6OPZVlAsPIWc0d15me1y6KvQKd\/cnGs3nEYnP5bkBBufORDiIXIorLioaoLHcvG5aWy4OtI9ecwzcSmsyf3jMNl+xrh\/BznB0mXmMwlGgJDIG0Hxm\/tEsiglymsvLNI0UiocBSTulNRnDYs0dVk8rSr6cB\/xqhcT8J6zRpk7yXhpN5gy3CVOOodWDuidz9roVQOGtNe20GbSN3TrVq8lM74VJmER+X16rOlgg8FvzyhBSVmNrRT2VVvantLj3Gi2wHBgLYgoPnRMfFEOvK4N2EPKJCA037tYBCVskbWlkaPTLNNYrFzQge1inU+Hv0WMWNTYBSGcvJoyHCdfOlid\/Z2CXqkgYo92FbWgcYllciqsCnhCZmFS2BH3ZIrGPsuViAeMYNBWxQeE7qd+3igaHfYeNiEXp\/RGwUy\/URGZKd8g+77OLvAGuOKa8ilLmpkB3ar6aUGueYICupQW\/5W9zK1wASgz2tjbmC2U+UJgGuJpLOcyaX2NDCQkU6BWnRy70oxk5+Ua307TLikWIiebBB51AoWkT78EHn0TfGYADinC\/gk3vSnRdq+A\/u6liu\/TnV9AfUqby0BYyyJwwuyl7ONt4YYwjGzy29zhmchEETawxU97lFRFnjoLGo7htTBYAUTbxctZFsFojUFWpH5XyGiJAM1WVlJBWBKbs1EtK\/9KL0TEkVwI7y4eK1szCUK1O2bC4D06sZlvSNRhSw7I33GIKpR7gZcYwM0U+n4xsyYdvNIsWxGTlZXQGHExbEiJSnW+zoygzjPMs4juHQjW12TeapNqiDdgQSxtejsDXliicpL+BzD04N68eUNbtvkypSonY8vNj17kRNwAOyiA4fK1mGolF684LdFZaLpES\/q1oPE4G9kPeMKYuDp2zNVW0xPEmLPuf0YIxtrINuxZq7DyWBKPd8m9Vevom0FyEepsGzvRQDIFsHHikY5AuSPwHd7x+cSvAOVLGkYCD4XGJalqjN6QdoKXrwVWhg\/xhpPPo1lBMB\/AQ==\" \/> \t\t<a href=\"https:\/\/www.pdf24.org\" target=\"_blank\" title=\"www.pdf24.org\" rel=\"nofollow\"><img src=\"https:\/\/www.hohenlohe-ungefiltert.de\/wp-content\/plugins\/pdf24-post-to-pdf\/img\/pdf_32x32.png\" alt=\"\" border=\"0\" height=\"32\" \/><\/a> \t\t<span class=\"pdf24Plugin-cp-space\">&nbsp;&nbsp;<\/span> \t\t<span class=\"pdf24Plugin-cp-text\">Sende Artikel als PDF<\/span> \t\t<span class=\"pdf24Plugin-cp-space\">&nbsp;&nbsp;<\/span> \t\t<input class=\"pdf24Plugin-cp-input\" style=\"margin: 0px;\" type=\"text\" name=\"sendEmailTo\" placeholder=\"Emailadresse\" \/> \t\t<input class=\"pdf24Plugin-cp-submit\" style=\"margin: 0px;\" type=\"submit\" value=\"Senden\" \/> \t<\/form> <\/div>","protected":false},"excerpt":{"rendered":"<p>Die Gedenkfeier der KZ-Gedenkst\u00e4tte Schw\u00e4bisch Hall-Hessental findet am Sonntag, 5. April 2009, um 11 Uhr auf dem Gel\u00e4nde des ehemaligen Hessentaler Konzentrationslagers beim Bahnhof statt. Als Gastredner spricht israelische P\u00e4dagoge und Historiker Gideon Greif. Die Gedenkfeier wird von Jochen Narci\u00df musikalisch begleitet. Von der KZ-Gedenkst\u00e4tteninitiative Schw\u00e4bisch Hall-Hessental Gideon Greif wurde 1951 in Tel Aviv geboren [&hellip;]<\/p>\n","protected":false},"author":3,"featured_media":0,"comment_status":"open","ping_status":"open","sticky":false,"template":"","format":"standard","meta":[],"categories":[],"tags":[],"_links":{"self":[{"href":"https:\/\/www.hohenlohe-ungefiltert.de\/index.php?rest_route=\/wp\/v2\/posts\/1247"}],"collection":[{"href":"https:\/\/www.hohenlohe-ungefiltert.de\/index.php?rest_route=\/wp\/v2\/posts"}],"about":[{"href":"https:\/\/www.hohenlohe-ungefiltert.de\/index.php?rest_route=\/wp\/v2\/types\/post"}],"author":[{"embeddable":true,"href":"https:\/\/www.hohenlohe-ungefiltert.de\/index.php?rest_route=\/wp\/v2\/users\/3"}],"replies":[{"embeddable":true,"href":"https:\/\/www.hohenlohe-ungefiltert.de\/index.php?rest_route=%2Fwp%2Fv2%2Fcomments&post=1247"}],"version-history":[{"count":8,"href":"https:\/\/www.hohenlohe-ungefiltert.de\/index.php?rest_route=\/wp\/v2\/posts\/1247\/revisions"}],"predecessor-version":[{"id":1317,"href":"https:\/\/www.hohenlohe-ungefiltert.de\/index.php?rest_route=\/wp\/v2\/posts\/1247\/revisions\/1317"}],"wp:attachment":[{"href":"https:\/\/www.hohenlohe-ungefiltert.de\/index.php?rest_route=%2Fwp%2Fv2%2Fmedia&parent=1247"}],"wp:term":[{"taxonomy":"category","embeddable":true,"href":"https:\/\/www.hohenlohe-ungefiltert.de\/index.php?rest_route=%2Fwp%2Fv2%2Fcategories&post=1247"},{"taxonomy":"post_tag","embeddable":true,"href":"https:\/\/www.hohenlohe-ungefiltert.de\/index.php?rest_route=%2Fwp%2Fv2%2Ftags&post=1247"}],"curies":[{"name":"wp","href":"https:\/\/api.w.org\/{rel}","templated":true}]}}