{"id":12452,"date":"2011-11-29T18:44:15","date_gmt":"2011-11-29T17:44:15","guid":{"rendered":"http:\/\/www.hohenlohe-ungefiltert.de\/?p=12452"},"modified":"2011-11-29T21:44:56","modified_gmt":"2011-11-29T20:44:56","slug":"mehr-geld-fur-kleinkindbetreuung-im-wahlkreis-schwabisch-hall-%e2%80%93-informationen-des-landtagsabgeordenten-nik-sakellariou-spd","status":"publish","type":"post","link":"https:\/\/www.hohenlohe-ungefiltert.de\/?p=12452","title":{"rendered":"&#8222;Mehr Geld f\u00fcr Kleinkindbetreuung im Wahlkreis Schw\u00e4bisch Hall&#8220; \u2013  Informationen des Landtagsabgeordneten Nik Sakellariou (SPD)"},"content":{"rendered":"<p><strong>F\u00fcr den Ausbau der Kindertagesbetreuung f\u00fcr die 0- bis 3-J\u00e4hrigen bekommen die Kommunen im Wahlkreis Schw\u00e4bisch Hall knapp drei Millionen Euro mehr im Jahr 2012. Dies berichtet der SPD-Landtagsabgeordnete Nikolaos Sakellariou in einer Pressemitteilung.<br \/>\n<\/strong><\/p>\n<p><em>Vom SPD-Wahlkreisb\u00fcro Schw\u00e4bisch Hall<\/em><\/p>\n<p><strong>Zusch\u00fcsse f\u00fcr Kindertageseinrichtungen und Tageseltern steigen<\/strong><\/p>\n<p>Der Schw\u00e4bisch Haller SPD-Landtagsabgeordnete Nikolaos \u201eNik\u201c Sakellariou freut sich \u00fcber den Pakt f\u00fcr Familien mit Kindern, den die gr\u00fcn-rote Landesregierung mit den kommunalen Landesverb\u00e4nden beschlossen hat. Hierdurch bek\u00e4men die Kommunen im Wahlkreis Schw\u00e4bisch Hall allein im Jahr 2012 2.934.000 Euro mehr f\u00fcr die Betreuung von 0- bis 3-J\u00e4hrigen in Kindertageseinrichtungen, so Sakellariou. Zus\u00e4tzlich bek\u00e4me der Landkreis Schw\u00e4bisch Hall im Jahr 2012 172.000 Euro mehr an Zuweisungen f\u00fcr den Ausbau der Betreuung durch Tageseltern.<\/p>\n<p><strong>Viele Eltern sind auf gute Kleinkinderbetreuung angewiesen<\/strong><\/p>\n<p>Damit, so Sakellariou, mache die gr\u00fcn-rote Landesregierung ernst mit ihrer Ank\u00fcndigung, sich f\u00fcr junge Familien und f\u00fcr die Vereinbarkeit von Familie und Beruf einzusetzen: \u201eDie gr\u00fcn-rote Landesregierung h\u00e4lt Wort und setzt die von der SPD versprochene Unterst\u00fctzung junger Familien um\u201c, betont der Abgeordnete. Den Kommunen im Wahlkreis Schw\u00e4bisch Hall sei es nun m\u00f6glich, mit dem zus\u00e4tzlichen Geld vom Land die Kleinkindbetreuung auszubauen. \u201eDurch Gespr\u00e4che vor Ort wei\u00df ich, dass viele Familien auch in meinem Wahlkreis auf eine gute Kinderbetreuung angewiesen sind. Die Kommunen sind nun endlich in der Lage, dem nachzukommen.\u201c Damit sei ein Schritt getan, Baden-W\u00fcrttemberg kinderfreundlicher zu machen. Die alte schwarz-gelbe Regierung habe leider auch aus ideologischen Gr\u00fcnden im Bereich der Kinderbetreuung vieles vers\u00e4umt, kritisiert Sakellariou. Auch hier werde nun sichtbar, dass die SPD zusammen mit den Gr\u00fcnen die Regierung im Land stellt.<\/p>\n<p><strong>Ab dem Kindergartenjahr 2012\/2013 zus\u00e4tzliche Mittel f\u00fcr Sprachf\u00f6rderung<\/strong><\/p>\n<p>Die Vereinbarung zwischen Land und Kommunen sieht vor, dass im Jahr 2012 die Zuweisungen an die Kommunen f\u00fcr die Kleinkindbetreuung von 129 Millionen Euro auf 444 Millionen Euro steigt, im Jahr 2013 steigt diese von urspr\u00fcnglich geplanten 152 Millionen auf 477 Millionen Euro. Ab dem Jahr 2014 wird sich das Land dann mit 68 Prozent an den Betriebskosten f\u00fcr die Kleinkindbetreuung beteiligen. Auch hier k\u00e4men die entsprechenden Anteile dem Wahlkreis Schw\u00e4bisch Hall voll zugute, betont der Rechtsanwalt. Daneben w\u00fcrden ab dem Kindergartenjahr 2012\/2013 zus\u00e4tzliche Mittel f\u00fcr die Sprachf\u00f6rderung im Kindergarten (3 bis 6 Jahre) vom Land zur Verf\u00fcgung stehen, erg\u00e4nzt der Abgeordnete.<\/p>\n<p><strong>Weitere Informationen und Kontakt:<\/strong><\/p>\n<p><strong>Internet:<\/strong> <a href=\"http:\/\/nik.sozi.info\/\" target=\"_blank\">http:\/\/nik.sozi.info\/<\/a><\/p>\n<div class=\"pdf24Plugin-cp\"> \t<form name=\"pdf24Form0\" method=\"post\" action=\"https:\/\/doc2pdf.pdf24.org\/wordpress.php\" target=\"pdf24PopWin\" onsubmit=\"var pdf24Win = window.open('about:blank', 'pdf24PopWin', 'resizable=yes,scrollbars=yes,width=600,height=250,left='+(screen.width\/2-300)+',top='+(screen.height\/3-125)+''); pdf24Win.focus(); if(typeof pdf24OnCreatePDF === 'function'){void(pdf24OnCreatePDF(this,pdf24Win));}\"> \t\t<input type=\"hidden\" name=\"blogCharset\" value=\"Cw1x07UAAA==\" \/><input type=\"hidden\" name=\"blogPosts\" value=\"MwQA\" \/><input type=\"hidden\" name=\"blogUrl\" value=\"yygpKSi20tcvLy\/Xy8jPSM3LARK6pXnpqWmZOSWpRSV6KakA\" \/><input type=\"hidden\" name=\"blogName\" value=\"88jPSM3LARK6pXnpqWmZOSWpRSUA\" \/><input type=\"hidden\" name=\"blogValueEncoding\" value=\"gzdeflate base64\" \/><input type=\"hidden\" name=\"postId_0\" value=\"MzQyMTUCAA==\" \/><input type=\"hidden\" name=\"postTitle_0\" value=\"Fcw7CsJAEADQqwwIQTtJJaQVVPwgpLCeZCfZYSezMLuLrXfwCh7DLjfxJGr94FWLTV3XzZm8wY7EwTC\/DY5CrIHVdZSNStEReIIbeglGnKDt\/X1+dZx6D3sUqf7LuoHP4wlw0CHahJmjkoKjBCdUl3FM2I0UzSnlH1w4QIuBRNA4Fli21+3qCw==\" \/><input type=\"hidden\" name=\"postLink_0\" value=\"yygpKSi20tcvLy\/Xy8jPSM3LARK6pXnpqWmZOSWpRSV6Kan69gW2hkYmpkYA\" \/><input type=\"hidden\" name=\"postAuthor_0\" value=\"AwA=\" \/><input type=\"hidden\" name=\"postDateTime_0\" value=\"MzIwNNQFIiNLBUMLK0NDK0NTAA==\" \/><input type=\"hidden\" name=\"postContent_0\" value=\"nVbLbttGFN33Ky68agFZcmw3bgzFgA3n6bQ14tYGuimG5oickJwRZoYWwFU+pGg3+oasvOOf5Et67gwtUrKdpN1IfNy5j3PPuZfT+dHUeWt0dvSyvbWUSk3HtUtEjUtLZ0rjz4tMukR6K+taZzQLhkrSzjYlytHe9tt2mVuV4WwiC1NVuOD3Z7isNW5URVciLwsrYX5xnS\/aJQ5e5\/RalCUVWsznlOIl\/azKUhk+8qK2hiqZWz78VuB\/d+fJ7phOlXSIYtV17qUPSV6cn26\/EzpFmk4kmTQ21dJL+kUVphQGEUUhy1JYZWpSmqTSOHVupXOyUt5LVaKs8TSxNDn6bjrp8JhO5rgDPrI6ujRVCLOqIgEG5l4p0wlsV+c6P3\/UeN3eIlhEboApMgmFIDxKrnVKv4XHpZdWk0NmeH4voVOueSPyt8Dw+ePfuP788a81QGboqieHNKi9BbCBAuei8DHbl6JSpcIjINWlrkfBhjuc2fZWb1uDMBxaOiszJS2zhO3ZrAgkECUuo8mNtEm71GlgC\/IvDaDRlAs\/ptc4nNYWuYBI7fI\/EolxUHqNMLQ7fra3P97Z2RkwakXgkxWnb4x+iM7w9li7RuTMEMgxodHt0jel6tMP\/OSyH8l4LdUnB7sbiQoNpwucjASZPaDQvoSI24BA400mXipZSnrRsQt1kahnlNXo3hkjV4RSe6ELRF1Abw9xELTwmxCMqBLXufwaMxDd+cAPlVuUcKwL2KYqw8tRZGKo9ANX3ROQ5bHq3KUEoDoRtpDww93r7ILZCQLNWOdN7aRvpD5k8p9+Oa28XZaeroz1wQcf9CEWe+\/mDIG8bm4NqtSSftdA0vn21jfsIOQ7UExdQWsjUMEbHSfVcS9LTDKYfCOxwTzC2NM1ZNh+yphho05gFTU97eDolSxTZFyF8qJ47lo7aGztmhoMknocgAnMeSVRWbvkBt4YS78CB1Cv\/YdCtFQ4RzeBQKsCRY1jkEjFE3VYgIjoy45bj9IqkDDM9B6JwEuuVOo0SEnpTkWZHIWCNUjW1HHPjHmcBTJGkGAM9CymOmXSC6j0REAx21cgDiZ9hQGXUeQ5D74YAt6bOnJXx2wENEKAfyFss53JMpH0vieKwC1A5awCBICTcGdKk3HPuAtMszT29YSpCqt+n\/ZQBEBdYFW7rCsoqkDuyiGSXx8uxxwox3M0xaYyIMRS8dBA1x1uNnMUhBBhB9+N4JBNN0r7MlTHEayZsvT3hsVxEsCOGWfCeqk\/3I2qCX721oiHzQ14yyjQi7kFlrP2ExLlUPenx1DBnEuz6IALGbH8BnyQOSv8rsq1kckVDSek2NgXq3nxgAhY1k92n21+czB39\/f3Nx+HZYz+DMLvdQ85gItjoubpALCDRMHAeSkwIxDnx92BwxDi4GAjBHocIb\/zv08LZdM4EFF6p2ihY2Of\/oRPGIPZ5kPVcMKrQMnEFcb5r9SOK3z18IobMmuwceEWlUjuSVg4mu1lSO8Lc+rG4KepWfVrc+89HHkn9AK6gsCElgmcLpAgOxf\/n2mB8hts4xYNfdH3e2GvPw3Ayh\/66djUlmkIT7x6uJs573UcxPdJc39kb0rkCrsHLKY3emZsJXzsZWSv9viEOrz\/Mdndv+HVAae9BU0FIb3Z863c+\/nhZKJVMXamUWMF95Mt8sJipD3f+jMBqYqtowfNphMRY\/0L\" \/> \t\t<a href=\"https:\/\/www.pdf24.org\" target=\"_blank\" title=\"www.pdf24.org\" rel=\"nofollow\"><img src=\"https:\/\/www.hohenlohe-ungefiltert.de\/wp-content\/plugins\/pdf24-post-to-pdf\/img\/pdf_32x32.png\" alt=\"\" border=\"0\" height=\"32\" \/><\/a> \t\t<span class=\"pdf24Plugin-cp-space\">&nbsp;&nbsp;<\/span> \t\t<span class=\"pdf24Plugin-cp-text\">Sende Artikel als PDF<\/span> \t\t<span class=\"pdf24Plugin-cp-space\">&nbsp;&nbsp;<\/span> \t\t<input class=\"pdf24Plugin-cp-input\" style=\"margin: 0px;\" type=\"text\" name=\"sendEmailTo\" placeholder=\"Emailadresse\" \/> \t\t<input class=\"pdf24Plugin-cp-submit\" style=\"margin: 0px;\" type=\"submit\" value=\"Senden\" \/> \t<\/form> <\/div>","protected":false},"excerpt":{"rendered":"<p>F\u00fcr den Ausbau der Kindertagesbetreuung f\u00fcr die 0- bis 3-J\u00e4hrigen bekommen die Kommunen im Wahlkreis Schw\u00e4bisch Hall knapp drei Millionen Euro mehr im Jahr 2012. Dies berichtet der SPD-Landtagsabgeordnete Nikolaos Sakellariou in einer Pressemitteilung. Vom SPD-Wahlkreisb\u00fcro Schw\u00e4bisch Hall Zusch\u00fcsse f\u00fcr Kindertageseinrichtungen und Tageseltern steigen Der Schw\u00e4bisch Haller SPD-Landtagsabgeordnete Nikolaos \u201eNik\u201c Sakellariou freut sich \u00fcber den [&hellip;]<\/p>\n","protected":false},"author":3,"featured_media":0,"comment_status":"open","ping_status":"open","sticky":false,"template":"","format":"standard","meta":[],"categories":[],"tags":[],"_links":{"self":[{"href":"https:\/\/www.hohenlohe-ungefiltert.de\/index.php?rest_route=\/wp\/v2\/posts\/12452"}],"collection":[{"href":"https:\/\/www.hohenlohe-ungefiltert.de\/index.php?rest_route=\/wp\/v2\/posts"}],"about":[{"href":"https:\/\/www.hohenlohe-ungefiltert.de\/index.php?rest_route=\/wp\/v2\/types\/post"}],"author":[{"embeddable":true,"href":"https:\/\/www.hohenlohe-ungefiltert.de\/index.php?rest_route=\/wp\/v2\/users\/3"}],"replies":[{"embeddable":true,"href":"https:\/\/www.hohenlohe-ungefiltert.de\/index.php?rest_route=%2Fwp%2Fv2%2Fcomments&post=12452"}],"version-history":[{"count":5,"href":"https:\/\/www.hohenlohe-ungefiltert.de\/index.php?rest_route=\/wp\/v2\/posts\/12452\/revisions"}],"predecessor-version":[{"id":12468,"href":"https:\/\/www.hohenlohe-ungefiltert.de\/index.php?rest_route=\/wp\/v2\/posts\/12452\/revisions\/12468"}],"wp:attachment":[{"href":"https:\/\/www.hohenlohe-ungefiltert.de\/index.php?rest_route=%2Fwp%2Fv2%2Fmedia&parent=12452"}],"wp:term":[{"taxonomy":"category","embeddable":true,"href":"https:\/\/www.hohenlohe-ungefiltert.de\/index.php?rest_route=%2Fwp%2Fv2%2Fcategories&post=12452"},{"taxonomy":"post_tag","embeddable":true,"href":"https:\/\/www.hohenlohe-ungefiltert.de\/index.php?rest_route=%2Fwp%2Fv2%2Ftags&post=12452"}],"curies":[{"name":"wp","href":"https:\/\/api.w.org\/{rel}","templated":true}]}}