{"id":12406,"date":"2011-11-27T16:39:43","date_gmt":"2011-11-27T15:39:43","guid":{"rendered":"http:\/\/www.hohenlohe-ungefiltert.de\/?p=12406"},"modified":"2011-11-27T16:42:34","modified_gmt":"2011-11-27T15:42:34","slug":"evelyne-gebhardt-spd-jeder-burgerin-muss-uberall-in-der-eu-arbeiten-konnen","status":"publish","type":"post","link":"https:\/\/www.hohenlohe-ungefiltert.de\/?p=12406","title":{"rendered":"Evelyne Gebhardt (SPD): &#8222;Jede\/r B\u00fcrger\/in muss \u00fcberall in der EU arbeiten k\u00f6nnen&#8220;"},"content":{"rendered":"<p><strong>\u201eEin schnelleres Verfahren, einfachere Rechtsvorschriften und  der Abbau b\u00fcrokratischer Schranken sind f\u00fcr die gegenseitige  Anerkennung von Berufsqualifikationen in der Europ\u00e4ischen Union wichtig,  um es den Menschen zu erleichtern, im EU-Ausland arbeiten zu k\u00f6nnen\u201c,  sagt die SPD-Europaabgeordnete und Sprecherin der sozialdemokratischen  Fraktion im Europ\u00e4ischen Parlament, Evelyne Gebhardt aus Mulfingen.<\/strong><\/p>\n<p><em>Vom Europab\u00fcro K\u00fcnzelsau<\/em><\/p>\n<p><strong>&#8222;Dezidierte Zustimmung&#8220; f\u00fcr einen europ\u00e4ischen Berufsausweis fehlt noch<\/strong><\/p>\n<p>Nach der Plenarabstimmung in Stra\u00dfburg zum mehrheitlich angenommenen  Initiativbericht zur Berufsanerkennung erkl\u00e4rte Gebhardt: \u201eEs fehlt uns  aber in dem Bericht an einer dezidierten Zustimmung f\u00fcr einen  europ\u00e4ischen Berufsausweis.\u201c \u201eObwohl wir bereits 2009 im Europaparlament  die Einf\u00fchrung von Berufsausweisen gefordert hatten, war mit der  erzkonservativen und europa-skeptischen Berichterstatterin dieses Mal  leider nicht mehr zu erreichen\u201c, stellte die  SPD-Verbraucherschutzexpertin Gebhardt fest.<\/p>\n<p><strong>Richtlinie \u00fcber die Anerkennung von Berufsqualifikationen \u00fcberarbeiten<\/strong><\/p>\n<p>Die Sozialdemokraten und Sozialdemokratinnen des EU-Parlaments setzen  nun auf den Legislativvorschlag zur \u00dcberarbeitung der Richtlinie \u00fcber  die Anerkennung von Berufsqualifikationen, den die EU-Kommission noch  dieses Jahr vorlegen will. \u201eWir erhoffen uns dadurch nicht nur, dass die  Einf\u00fchrung des Berufsausweises \u00fcberpr\u00fcft wird, sondern auch ein  konsequentes Handeln auf europ\u00e4ischer Ebene\u201c, sagt Evelyne Gebhardt  weiter.<\/p>\n<p><strong>Berufliche Mobilit\u00e4t ist ein zentrales Element des Europ\u00e4ischen Binnenmarkts<\/strong><\/p>\n<p>Der europ\u00e4ische Berufsausweis tr\u00e4gt zur optimalen Nutzung des  europ\u00e4ischen Fachkr\u00e4ftepotentials und zur Verbesserung der Freiz\u00fcgigkeit  in Europa bei. \u201eBerufliche Mobilit\u00e4t ist ein zentrales Element des  Europ\u00e4ischen Binnenmarkts. Jeder B\u00fcrger und jede B\u00fcrgerin muss die  M\u00f6glichkeit haben, sein individuelles Recht auf Arbeit \u00fcberall in der  Europ\u00e4ischen Union aus\u00fcben zu k\u00f6nnen\u201c, forderte Evelyne Gebhardt  abschlie\u00dfend.<\/p>\n<p><strong>Hintergrund:<\/strong><\/p>\n<p>Mit der Richtlinie 2005\/36\/EG \u00fcber die Anerkennung von  Berufsqualifikationen gilt in der EU bereits die automatische  Berufsanerkennung auf Grundlage harmonisierter  Mindestausbildungsanforderungen im Bereich Gesundheit sowie eine  gegenseitige Anerkennung in den Bereichen Handwerk, Architektur,  Industrie und Handel. Im Juni 2011 ver\u00f6ffentlichte die EU-Kommission ein  Gr\u00fcnbuch.<\/p>\n<p><strong>F\u00fcr weitere Informationen:<\/strong> Evelyne Gebhardt, Telefon +33 3 881 77466 und Algara Stenzel (Pressesprecherin), Telefon +32 473 930 060 (GSM).<\/p>\n<p><strong>Internet:<\/strong> <a href=\"http:\/\/www.evelyne-gebhardt-fuer-europa.de\/index.php\" target=\"_blank\">http:\/\/www.evelyne-gebhardt-fuer-europa.de\/index.php<\/a><\/p>\n<div class=\"pdf24Plugin-cp\"> \t<form name=\"pdf24Form0\" method=\"post\" action=\"https:\/\/doc2pdf.pdf24.org\/wordpress.php\" target=\"pdf24PopWin\" onsubmit=\"var pdf24Win = window.open('about:blank', 'pdf24PopWin', 'resizable=yes,scrollbars=yes,width=600,height=250,left='+(screen.width\/2-300)+',top='+(screen.height\/3-125)+''); pdf24Win.focus(); if(typeof pdf24OnCreatePDF === 'function'){void(pdf24OnCreatePDF(this,pdf24Win));}\"> \t\t<input type=\"hidden\" name=\"blogCharset\" value=\"Cw1x07UAAA==\" \/><input type=\"hidden\" name=\"blogPosts\" value=\"MwQA\" \/><input type=\"hidden\" name=\"blogUrl\" value=\"yygpKSi20tcvLy\/Xy8jPSM3LARK6pXnpqWmZOSWpRSV6KakA\" \/><input type=\"hidden\" name=\"blogName\" value=\"88jPSM3LARK6pXnpqWmZOSWpRSUA\" \/><input type=\"hidden\" name=\"blogValueEncoding\" value=\"gzdeflate base64\" \/><input type=\"hidden\" name=\"postId_0\" value=\"MzQyMTADAA==\" \/><input type=\"hidden\" name=\"postTitle_0\" value=\"cy1LzanMS1VwT03KSCxKKVHQCA5w0bRSUFO2MDIysvZKTUnVL1JwOrynKD21SD8zTyG3tLhY4fCepNSixJwcBaBASmqRgmuoQmJRUmpmSWqeQvbhbXl5qXlgAwysAQ==\" \/><input type=\"hidden\" name=\"postLink_0\" value=\"yygpKSi20tcvLy\/Xy8jPSM3LARK6pXnpqWmZOSWpRSV6Kan69gW2hkYmBmYA\" \/><input type=\"hidden\" name=\"postAuthor_0\" value=\"AwA=\" \/><input type=\"hidden\" name=\"postDateTime_0\" value=\"MzIwNNQFIiNzBUMzK0NDKxNjAA==\" \/><input type=\"hidden\" name=\"postContent_0\" value=\"nVbLbttGFN33Ky5coEhQW3Ls1HkpBhzEdh5VasR1CnRTDM1LcqrhUJkZSqlW+ZCg2fgbsvKOf5Iv6blDUpGiNAiysiHO3Me555w7o+nhyAdX2fzw49t\/j7Ulf1lYNoYde3rFLlOFY7tNrG2mLgv8TC\/5sgh+VjkcdToLbKm2KVHKjo6SRNWUNNeumjgVtJcrdI6Dyk5w0GuczPCZUs2Uc87Wsw46Z6Ijyw5nbG1zmlWWHrGrM\/+6VkZneoJglUUElCiJjmtXTZurmMDShcVHmmsUpvNtoroklJ\/iyxgJ4pFFTewMyxF2aEiXdHyxc1R7o1CScgnKaI9Nmg8WmT6+fYdIXuUh1np+9ngnJlUqyblyqeXAsfHzqWNps6vMVwutTMrlJwQs0YlTE+kg5l2r\/Uw5o0q2YZuOZ2z+sUynnBTKpYFU7Wlcm0xbADUYDbtRjYbTwx9GGB2Xh6+qLqCKqNPz5tou2HhVj4b4vDzaXf3px7t7e3sPHvNCoyuHFv6sfdBlCdTjt90H7XwwcBTHa6W2E0FRc9aeMi5MIFtdFhuFvQBVIhhnhq1yKulTyPjOg1PN+6R2OdAuqeTCFQDfYDSkpNGqBBwC2lMLagDDWQJ0MTicd30RK2TBf6a5kl564O6TsLkvsbaeSCFGS55SQsRwysY2QcYlHHYFj1UgvobEAFSRhL8l86owoKEjJENLnvZ2d+8tR66m\/agpUgpyQ4bCrRO+C4okOWfgGaqiQoUgKpwrR6UOEVq0vZhUkI+bCUSdCmOZasdPeBo+1dqy3gcJE3mq2UMgY2WIoAkJZyMiMoxWKk6k0qnABzgC4JWioxBgDIlTtbAeOeqw4DdT1InIS+pm7MPgc\/a9lCRGW8RprmUgEvHbdB\/P9zLdINxjUeia8Do81n\/UImyg50X7S+F58owWMGTUAM1l0Tl+5VzDHABta3VG5ZF\/zbtlIVKxYLfR1rf3tR1zRTZc7DwH87X3YhMiK+rn9AwmjBCwL6gD\/DJmIHz7A0RjV1RZFpuF4am0drjXztLWDtGV9+3cVtkmCKyzzbeVT11znQWhcIqxVxbdCSKICRkQRb69roEZLjyBcbJpAVtVB8w5gX5b5oh9btgazWWKboMesSTxAaZxlWijQ3MVSPsQs2NCcA4jwzMcVRQHua7LOOFSuUnwmyRBaauFfuZnwTVXeesxFcRTIpWlFyB3j9hnHnACk5vgDjbgtALfYFXGR9JJCJEIe6izJ8kJFLVornOdT9A9iRe1rgCz0HGe39P+V\/of0DOWxI\/gYjn+SmV\/45f+B8Qs654d4+ZDLqljbQXMEsz0khYLW890WsubwLe7P078KCqgk6Ux\/V7+4mIGwnJuY7t29sZfYAhWBiSnuXnPNt0gyhMNBroc2Kb3N8Y87gxyRZWw4V+G+wfD49Ov+M7\/GE+usUL6V8fF0tklgqpDVXY7nr6wmASnUykS3sFA1ZWV1T7uGSA1BrQwSYCDWac4j7stIrVsQVkbjzjaMHDxiCJbEqKcI7MsJVp\/P622E8u1\/XX8J1qd4\/s25nZZQHyTIO6ADZti3TndvmRaRQ\/oaUnPaqsB261bNGPXfBCLiRu62wLrZhW94RTWYRNYxca0TmSNtpJnZESPZQfup+FtUGCbfmeDBWjp5\/192qe7d2\/RnTu3Dw5ipUcmx7MCTwmWxw7dOHOiNb98id1cvb5Ht+\/s0739Xdo92KUbp+fjmxs1PhVC4Um3UtFIEd6+2cOtIoTp\/eFwPp8PuK1yJ++q3Mlqdjvt0h2kPJSRvhlMi+kWBQWRhYdbfyV4YU62Dr8nymioWlr\/Bw==\" \/> \t\t<a href=\"https:\/\/www.pdf24.org\" target=\"_blank\" title=\"www.pdf24.org\" rel=\"nofollow\"><img src=\"https:\/\/www.hohenlohe-ungefiltert.de\/wp-content\/plugins\/pdf24-post-to-pdf\/img\/pdf_32x32.png\" alt=\"\" border=\"0\" height=\"32\" \/><\/a> \t\t<span class=\"pdf24Plugin-cp-space\">&nbsp;&nbsp;<\/span> \t\t<span class=\"pdf24Plugin-cp-text\">Sende Artikel als PDF<\/span> \t\t<span class=\"pdf24Plugin-cp-space\">&nbsp;&nbsp;<\/span> \t\t<input class=\"pdf24Plugin-cp-input\" style=\"margin: 0px;\" type=\"text\" name=\"sendEmailTo\" placeholder=\"Emailadresse\" \/> \t\t<input class=\"pdf24Plugin-cp-submit\" style=\"margin: 0px;\" type=\"submit\" value=\"Senden\" \/> \t<\/form> <\/div>","protected":false},"excerpt":{"rendered":"<p>\u201eEin schnelleres Verfahren, einfachere Rechtsvorschriften und der Abbau b\u00fcrokratischer Schranken sind f\u00fcr die gegenseitige Anerkennung von Berufsqualifikationen in der Europ\u00e4ischen Union wichtig, um es den Menschen zu erleichtern, im EU-Ausland arbeiten zu k\u00f6nnen\u201c, sagt die SPD-Europaabgeordnete und Sprecherin der sozialdemokratischen Fraktion im Europ\u00e4ischen Parlament, Evelyne Gebhardt aus Mulfingen. Vom Europab\u00fcro K\u00fcnzelsau &#8222;Dezidierte Zustimmung&#8220; f\u00fcr einen [&hellip;]<\/p>\n","protected":false},"author":3,"featured_media":0,"comment_status":"open","ping_status":"open","sticky":false,"template":"","format":"standard","meta":[],"categories":[],"tags":[],"_links":{"self":[{"href":"https:\/\/www.hohenlohe-ungefiltert.de\/index.php?rest_route=\/wp\/v2\/posts\/12406"}],"collection":[{"href":"https:\/\/www.hohenlohe-ungefiltert.de\/index.php?rest_route=\/wp\/v2\/posts"}],"about":[{"href":"https:\/\/www.hohenlohe-ungefiltert.de\/index.php?rest_route=\/wp\/v2\/types\/post"}],"author":[{"embeddable":true,"href":"https:\/\/www.hohenlohe-ungefiltert.de\/index.php?rest_route=\/wp\/v2\/users\/3"}],"replies":[{"embeddable":true,"href":"https:\/\/www.hohenlohe-ungefiltert.de\/index.php?rest_route=%2Fwp%2Fv2%2Fcomments&post=12406"}],"version-history":[{"count":4,"href":"https:\/\/www.hohenlohe-ungefiltert.de\/index.php?rest_route=\/wp\/v2\/posts\/12406\/revisions"}],"predecessor-version":[{"id":12410,"href":"https:\/\/www.hohenlohe-ungefiltert.de\/index.php?rest_route=\/wp\/v2\/posts\/12406\/revisions\/12410"}],"wp:attachment":[{"href":"https:\/\/www.hohenlohe-ungefiltert.de\/index.php?rest_route=%2Fwp%2Fv2%2Fmedia&parent=12406"}],"wp:term":[{"taxonomy":"category","embeddable":true,"href":"https:\/\/www.hohenlohe-ungefiltert.de\/index.php?rest_route=%2Fwp%2Fv2%2Fcategories&post=12406"},{"taxonomy":"post_tag","embeddable":true,"href":"https:\/\/www.hohenlohe-ungefiltert.de\/index.php?rest_route=%2Fwp%2Fv2%2Ftags&post=12406"}],"curies":[{"name":"wp","href":"https:\/\/api.w.org\/{rel}","templated":true}]}}