{"id":12385,"date":"2011-11-22T06:23:53","date_gmt":"2011-11-22T05:23:53","guid":{"rendered":"http:\/\/www.hohenlohe-ungefiltert.de\/?p=12385"},"modified":"2011-11-22T07:24:23","modified_gmt":"2011-11-22T06:24:23","slug":"informieren-gegen-stuttgart-21-%e2%80%93-abschlussveranstaltung-in-stuttgart-mit-ministerprasident-kretschmann-verkehrsminister-hermann-und-boris-palmer","status":"publish","type":"post","link":"https:\/\/www.hohenlohe-ungefiltert.de\/?p=12385","title":{"rendered":"&#8222;Informieren gegen Stuttgart 21&#8220; \u2013 Abschlussveranstaltung in Stuttgart mit Ministerpr\u00e4sident Kretschmann, Verkehrsminister Hermann und Boris Palmer"},"content":{"rendered":"<p><strong>Eine Abschlussveranstaltung im Kampf gegen Stuttgart 21 mit Ministerpr\u00e4sident Winfried Kretschmann, Verkehrsminister Winfried Hermann und dem T\u00fcbinger Oberb\u00fcrgermeister Boris Palmer gibt es am Freitag, 25. November 2011, um 19 Uhr, in der Liederhalle Stuttgart (Mozartsaal). Einlass ist ab 18.30 Uhr.<\/strong><\/p>\n<p><em>Von Harald Ebner, B\u00fcndnis 90\/Die Gr\u00fcnen, Bundestagsabgeordneter des Wahlkreises Schw\u00e4bisch Hall-Hohenlohe<\/em><\/p>\n<p><strong>Diskussion mit den Referenten<\/strong><\/p>\n<p>Der Landesverband von B\u00fcndnis90\/Die Gr\u00fcnen Baden-W\u00fcrttemberg l\u00e4dt alle Interessierten, Entschlossenen und Unentschlossenen ganz herzlich zu einer hochkar\u00e4tig besetzten und spannenden Abschlussveranstaltung. Neben den Reden des Ministerpr\u00e4sidenten Winfried Kretschmann und des Verkehrsministers Winfried Hermann wird es eine Pr\u00e4sentation des gr\u00fcnen Oberb\u00fcrgermeisters Boris Palmer geben. F\u00fcr Fragen in einer abschlie\u00dfenden Runde stehen au\u00dferdem Landtagsvizepr\u00e4sidentin Brigitte L\u00f6sch und der Stuttgarter Stadtrat Jochen Stopper zur Verf\u00fcgung. Die Veranstaltung wird moderiert von den Stuttgarter Kreisvorsitzenden Petra R\u00fchle und Philipp Franke. Begr\u00fc\u00dfen wird die Gr\u00fcne Landesvorsitzende Thekla Walker.<\/p>\n<p><strong>Weitere Informationen und Kontakt:<\/strong><\/p>\n<p>Harald Ebner, MdB, Platz der Republik 1, 11011 Berlin<\/p>\n<p>Telefon +49 (0)30 227 73025<\/p>\n<p>E-Mail: Harald.ebner@bundestag.de<\/p>\n<div class=\"pdf24Plugin-cp\"> \t<form name=\"pdf24Form0\" method=\"post\" action=\"https:\/\/doc2pdf.pdf24.org\/wordpress.php\" target=\"pdf24PopWin\" onsubmit=\"var pdf24Win = window.open('about:blank', 'pdf24PopWin', 'resizable=yes,scrollbars=yes,width=600,height=250,left='+(screen.width\/2-300)+',top='+(screen.height\/3-125)+''); pdf24Win.focus(); if(typeof pdf24OnCreatePDF === 'function'){void(pdf24OnCreatePDF(this,pdf24Win));}\"> \t\t<input type=\"hidden\" name=\"blogCharset\" value=\"Cw1x07UAAA==\" \/><input type=\"hidden\" name=\"blogPosts\" value=\"MwQA\" \/><input type=\"hidden\" name=\"blogUrl\" value=\"yygpKSi20tcvLy\/Xy8jPSM3LARK6pXnpqWmZOSWpRSV6KakA\" \/><input type=\"hidden\" name=\"blogName\" value=\"88jPSM3LARK6pXnpqWmZOSWpRSUA\" \/><input type=\"hidden\" name=\"blogValueEncoding\" value=\"gzdeflate base64\" \/><input type=\"hidden\" name=\"postId_0\" value=\"MzQytjAFAA==\" \/><input type=\"hidden\" name=\"postTitle_0\" value=\"TYsxCsJAEEWv8kFIZaFbCam0UkQQBPvVjJvB7ERmZq29g1fwJt7Ek5iAhc1r3nvVZBFCqDdy6TUzKQkSpYEHL+4pqiPMqzGa1fg8nlie7Nx2xexOGsU8dl4kgf+PzI4dC5uT3vT9Mm5IHFslH+YcRaY4kl6pVcu\/DmvS0aBIg1WvbNjHLpN+AQ==\" \/><input type=\"hidden\" name=\"postLink_0\" value=\"yygpKSi20tcvLy\/Xy8jPSM3LARK6pXnpqWmZOSWpRSV6Kan69gW2hkbGFqYA\" \/><input type=\"hidden\" name=\"postAuthor_0\" value=\"AwA=\" \/><input type=\"hidden\" name=\"postDateTime_0\" value=\"MzIwNNQFIiMjBQMzK0NDK1NjAA==\" \/><input type=\"hidden\" name=\"postContent_0\" value=\"bVTNbts4EL7vU8yxQR3HdrdoExjBrpG02U3TNdI0OVPRWCJEUcKQcgG9TC95hp5804v1G1lu6nUuNk1zfr6fmXl9Pg9RKp+dX1rP9HcSHnPXhLBmMT5E42LjM7IlXZuyXlHGGXv6EpsYMyORZlMqbaQb622ILLV0T8Gm7CM9WL8SyyldC0ckLY33I7pnKTiXUA4Bz8+uWPQJNT6llEu66zaJ9Rme\/JewJN1GcC55G7WoxAZaGlfiR2aTSBzIlPRB2EaTjWj2dkyfqzWXiKXZZDodUVPS9JS+5jIi61FC6BPqsuTGOf4N0qubqsV3MMYdjQmsOBMCoS6ZhKbvx28mmmQ8Pxl4m5\/U53\/MwSOX5\/eVpysjxqV0mXhGqUW38Smw0unk5MIyfRRcMJhYACiD4CyYJONKUs+KDHf0YHJXAEnA+ctj\/q17SiwYRGbnjq+qnL3Dx\/wEBX8VH5q5sKGAehZ9qC5Qgm55xQJF2B+0fKEkGO0Dcic40BqBu5b3O6aFQbbjBwgRY89rRq57SkGL8vcPCgijMktUeJdeRXdVCKzBqupXHPYuM+NbyllaZ4GubYhhQaG8eswLAydFm1HCgWMbhxShhkXYK6yXnQrVOWE\/AE\/7U3jBnvjjJYMO7gsHPg2HRv1mJVXbadO01MzIa6JSrxmygbZD94b\/2VcbHtMHvIF\/jc4X\/LmlwvQgLXfft6Bv1TSEJPAAmQbXorOiGqqT1rblZ4zIshCbWchFn7of6qAtPHl2e382aRQT6V\/w3g93Vde4bxtRGlbdJuuJVS\/c722FnoGyQkJVvfdO+vt2QJJrtfG6kmBju4WwZBSj226TwzXazzK3zta1YvcFj2nBSp0i3hZIf3lw59XndHSXc+EMJsYVrDO5Pw0P2AZwJcy5qiCaajMY6bqCVkU8OxiJ\/em9SRcjWjoT2562W66bxNmCsE6mU2wVNCvO+l3wHTtegYXXf57Sq8kRNsVs9o7evZnM3u6eXB7fGOvOhi0xZq3zV7LbBeOU+4c\/AQ==\" \/> \t\t<a href=\"https:\/\/www.pdf24.org\" target=\"_blank\" title=\"www.pdf24.org\" rel=\"nofollow\"><img src=\"https:\/\/www.hohenlohe-ungefiltert.de\/wp-content\/plugins\/pdf24-post-to-pdf\/img\/pdf_32x32.png\" alt=\"\" border=\"0\" height=\"32\" \/><\/a> \t\t<span class=\"pdf24Plugin-cp-space\">&nbsp;&nbsp;<\/span> \t\t<span class=\"pdf24Plugin-cp-text\">Sende Artikel als PDF<\/span> \t\t<span class=\"pdf24Plugin-cp-space\">&nbsp;&nbsp;<\/span> \t\t<input class=\"pdf24Plugin-cp-input\" style=\"margin: 0px;\" type=\"text\" name=\"sendEmailTo\" placeholder=\"Emailadresse\" \/> \t\t<input class=\"pdf24Plugin-cp-submit\" style=\"margin: 0px;\" type=\"submit\" value=\"Senden\" \/> \t<\/form> <\/div>","protected":false},"excerpt":{"rendered":"<p>Eine Abschlussveranstaltung im Kampf gegen Stuttgart 21 mit Ministerpr\u00e4sident Winfried Kretschmann, Verkehrsminister Winfried Hermann und dem T\u00fcbinger Oberb\u00fcrgermeister Boris Palmer gibt es am Freitag, 25. November 2011, um 19 Uhr, in der Liederhalle Stuttgart (Mozartsaal). Einlass ist ab 18.30 Uhr. Von Harald Ebner, B\u00fcndnis 90\/Die Gr\u00fcnen, Bundestagsabgeordneter des Wahlkreises Schw\u00e4bisch Hall-Hohenlohe Diskussion mit den Referenten [&hellip;]<\/p>\n","protected":false},"author":3,"featured_media":0,"comment_status":"open","ping_status":"open","sticky":false,"template":"","format":"standard","meta":[],"categories":[],"tags":[],"_links":{"self":[{"href":"https:\/\/www.hohenlohe-ungefiltert.de\/index.php?rest_route=\/wp\/v2\/posts\/12385"}],"collection":[{"href":"https:\/\/www.hohenlohe-ungefiltert.de\/index.php?rest_route=\/wp\/v2\/posts"}],"about":[{"href":"https:\/\/www.hohenlohe-ungefiltert.de\/index.php?rest_route=\/wp\/v2\/types\/post"}],"author":[{"embeddable":true,"href":"https:\/\/www.hohenlohe-ungefiltert.de\/index.php?rest_route=\/wp\/v2\/users\/3"}],"replies":[{"embeddable":true,"href":"https:\/\/www.hohenlohe-ungefiltert.de\/index.php?rest_route=%2Fwp%2Fv2%2Fcomments&post=12385"}],"version-history":[{"count":4,"href":"https:\/\/www.hohenlohe-ungefiltert.de\/index.php?rest_route=\/wp\/v2\/posts\/12385\/revisions"}],"predecessor-version":[{"id":12393,"href":"https:\/\/www.hohenlohe-ungefiltert.de\/index.php?rest_route=\/wp\/v2\/posts\/12385\/revisions\/12393"}],"wp:attachment":[{"href":"https:\/\/www.hohenlohe-ungefiltert.de\/index.php?rest_route=%2Fwp%2Fv2%2Fmedia&parent=12385"}],"wp:term":[{"taxonomy":"category","embeddable":true,"href":"https:\/\/www.hohenlohe-ungefiltert.de\/index.php?rest_route=%2Fwp%2Fv2%2Fcategories&post=12385"},{"taxonomy":"post_tag","embeddable":true,"href":"https:\/\/www.hohenlohe-ungefiltert.de\/index.php?rest_route=%2Fwp%2Fv2%2Ftags&post=12385"}],"curies":[{"name":"wp","href":"https:\/\/api.w.org\/{rel}","templated":true}]}}