{"id":12358,"date":"2011-11-14T14:13:48","date_gmt":"2011-11-14T13:13:48","guid":{"rendered":"http:\/\/www.hohenlohe-ungefiltert.de\/?p=12358"},"modified":"2011-11-18T09:04:19","modified_gmt":"2011-11-18T08:04:19","slug":"wie-geht-es-mit-der-europaischen-agrarpolitik-nach-2013-weiter-%e2%80%93-diskussion-am-donnerstag-in-kupferzell","status":"publish","type":"post","link":"https:\/\/www.hohenlohe-ungefiltert.de\/?p=12358","title":{"rendered":"&#8222;Wie geht es mit der europ\u00e4ischen Agrarpolitik nach 2013 weiter?&#8220; \u2013 Diskussion am Donnerstag in Kupferzell"},"content":{"rendered":"<p><strong>&#8222;Zwischen Ern\u00e4hrungssicherheit, Klimawandel und Biodiversit\u00e4t \u2013 Wie geht es mit der europ\u00e4ischen Agrarpolitik nach 2013 weiter?&#8220; lautet der Titel einer Podiumsdiskussion am Donnerstag, 17. November 2011, ab 20 Uhr, in der Carl-Julius-Weber Halle in 74635 Kupferzell.<\/strong><\/p>\n<p><em>Vom Europab\u00fcro in K\u00fcnzelsau<\/em><\/p>\n<p><strong>Podium ist hochkar\u00e4tig besetzt<\/strong><\/p>\n<p>Es diskutieren: Ulrike  Rodust,  SPD-Europaabgeordnete aus Schleswig-Holstein, Mitglied im  Ausschuss f\u00fcr Landwirtschaft und l\u00e4ndliche Entwicklung des Europ\u00e4ischen  Parlaments, Romuald Schaber, Vorsitzender und Gr\u00fcnder des Bundesverbands Deutscher Milchviehhalter, Pr\u00e4sident des European Milk Board, Klaus  Mugele, Vorsitzender des Bauernverbands Schw\u00e4bisch Hall-Hohenlohe-Rems,  Vizepr\u00e4sident des Landesbauernverbands Baden-W\u00fcrttemberg. Die Diskussion moderiert  Evelyne Gebhardt, SPD-Europaabgeordnete, Koordinatorin der  sozialdemokratischen Fraktion im Ausschuss f\u00fcr Binnenmarkt und  Verbraucherschutz.<\/p>\n<p><strong>Europaparlament kann in der Agrarpolitik mitentscheiden<\/strong><\/p>\n<p>Die Europ\u00e4ische Kommission hat im Oktober Vorschl\u00e4ge unterbreitet, mit denen Optionen f\u00fcr die k\u00fcnftige Gemeinsame Agrarpolitik (GAP) der Europ\u00e4ischen Union dargestellt werden. Die Reform der GAP muss bis 2013 abgeschlossen sein. Das Europ\u00e4ische Parlament hat au\u00dferdem mit dem Vertrag von Lissabon das Recht der Mitentscheidung in der Agrarpolitik erhalten und tr\u00e4gt somit in Zukunft in diesem Bereich eine hohe Verantwortung. Um dieser Verantwortung gerecht zu werden, wollen wir mit Ihnen, den Interessierten und Betroffenen, diskutieren, denn es gilt die k\u00fcnftige Agrarpolitik kritisch zu begleiten und an die neuen Hausforderungen anzupassen.<\/p>\n<p><strong>Kurzinformation:<\/strong><\/p>\n<p>Donnerstag, 17. November 2011,  um 20 Uhr, in der Carl-Julius-Weber Halle, 74635 Kupferzell.<\/p>\n<p><strong>Weitere Informationen und Kontakt:<\/strong><\/p>\n<p>Evelyne Gebhardt, MdEP, Europab\u00fcro, Keltergasse 47, 74653 K\u00fcnzelsau<\/p>\n<p>Telefon: 0 79 40 \u2013 5 91 22<\/p>\n<p>Fax: 0 79 40 \u2013 5 91 44<\/p>\n<p><strong>Internet:<\/strong> <a href=\"http:\/\/www.evelyne-gebhardt.eu\" target=\"_blank\">www.evelyne-gebhardt.eu<\/a><\/p>\n<div class=\"pdf24Plugin-cp\"> \t<form name=\"pdf24Form0\" method=\"post\" action=\"https:\/\/doc2pdf.pdf24.org\/wordpress.php\" target=\"pdf24PopWin\" onsubmit=\"var pdf24Win = window.open('about:blank', 'pdf24PopWin', 'resizable=yes,scrollbars=yes,width=600,height=250,left='+(screen.width\/2-300)+',top='+(screen.height\/3-125)+''); pdf24Win.focus(); if(typeof pdf24OnCreatePDF === 'function'){void(pdf24OnCreatePDF(this,pdf24Win));}\"> \t\t<input type=\"hidden\" name=\"blogCharset\" value=\"Cw1x07UAAA==\" \/><input type=\"hidden\" name=\"blogPosts\" value=\"MwQA\" \/><input type=\"hidden\" name=\"blogUrl\" value=\"yygpKSi20tcvLy\/Xy8jPSM3LARK6pXnpqWmZOSWpRSV6KakA\" \/><input type=\"hidden\" name=\"blogName\" value=\"88jPSM3LARK6pXnpqWmZOSWpRSUA\" \/><input type=\"hidden\" name=\"blogValueEncoding\" value=\"gzdeflate base64\" \/><input type=\"hidden\" name=\"postId_0\" value=\"MzQyNrUAAA==\" \/><input type=\"hidden\" name=\"postTitle_0\" value=\"FcxBCsIwEAXQq3wQuq5xU+hChO48gOvQjsnQdBJmEgquvINX8CbexJOI7wCvOwzOufHGhECxggwbVyykoKa5fN5scyTBJajXkhNXXiF+jnD98YSduJKeu3\/Tj\/g+X5jY1mbGWeA3TFmE1KoPYMG1lTvpg1L6AQ==\" \/><input type=\"hidden\" name=\"postLink_0\" value=\"yygpKSi20tcvLy\/Xy8jPSM3LARK6pXnpqWmZOSWpRSV6Kan69gW2hkbGphYA\" \/><input type=\"hidden\" name=\"postAuthor_0\" value=\"AwA=\" \/><input type=\"hidden\" name=\"postDateTime_0\" value=\"MzIwNNQFIRMFQxMrQ0MrEwsA\" \/><input type=\"hidden\" name=\"postContent_0\" value=\"jVVLbhtHEN3nFAUFCBKAH32jWKYViBEtObJiQrYkwJugySnONKanm+iPmHCVO+QA2fAY3vEmOUlezVAfikqQDTHsT9Wr915V96bHvRC9s\/nxN1\/\/sLu7+\/rzTIdxwZYG3i4XhU82D0FjxResY4sujK7UTNmMDSWbUV+7TN+xDzouF5H+\/uNPutVMOReROFClI2XsiZN30+ViFfsk98pPndFRl2TVuKDd7Z09miED+x9rJNuvyagUubn+CRuGWFt8D5EwVSHToUyA5iypik6dxV6IKm\/RzmGHfnF3XI1wGoF3WqRG+KDrwrdI2zriT8qb9s\/J6BTatywnz5UxLNuH+9\/vHdBFmk7Yz9mYTq+74qjXnR5\/1QNnXB3fuIoGUpUaLb94Jxcvll8sLgSVel2ceDi9ut0AJx0iFW5clMqDMZ3TiAPHedzIMghUFxk1e7ZHdG28LpnoymUpQAr6ODxtNxDUKGfnM8uRSaVAH8eF4TDTefvcmRBBXIsudcyN5ox0RXQC6sYFfmgC9PQegs60j1hTk1gLa5YLmxlRngY2zvS4NPACuAtN2Q9i0hBUqoptDC1gq5IymQBQILVFN06sMWcrpEvcMw+W5I9E6mOFA+wzAoBAp5wEAjYvtRkXd5qLQpkocYYgK+gMWR4hsLJysKS+Uz4Tb0rtdJlyNvwsdZ1NJfb2IRswzpaLkZRRiw+uUI\/BT\/uKKxRDN3rO0\/XEwhSH0XqkvsJ++xZMxljbLu\/QKbrg9NGjlQMKCBmJBndsfrdMZzwqgBtKvigk6nH41FZF51eupeDmGvxy5Uqv4kqBt16VUZJA2WfC9jX6wlbKl42qdAPMXiUhWc7Feee5TRsg03tRqVTW3nfNWuOit0V0hBJ6NuwrBDx1CsqpKt2wUagoYD+U0UnriVJw7HKRM1BGgSijAMw08wMl0IeplIiPuq4MwUsYaYIGEiYrWDwA7zrCb89Oht\/VwNcte20FRKZ8zmgOYyJGj0eaRrUrnjhf1ddwnyohEy5pZpQIJFhdCAgUkBaX1HpPPHZEXahKy78kfLWqphIRolc53QHFe1CiRjWcgNTjopl4l0\/Ilb57SQDMZOkOWysb4dM8wiCSBKc\/pzKBnvqixoSpqI8xgn6uxygmEHACh0JvOx+RokPXVXPUr29gmPsa1zyteGrRzGFYWsLMqIt6V1hZxRa9E\/0YMqPGFbQ+wxmTCTdnHkdafcHKM5FraLCu6Vqlpde12QXCiHMj7mhiq7o8spywcI7+h3YgCrDxX9l5mipRasPlF8nPtRWhlfjqaNO+\/\/2iECb5\/3tSWi89KOtgbuuHj8HdA6BVeRfORjT3JrzNIXKZDYatp08SBgjL8MyFAdo\/rIEc7K09U02wT5iXE5BA23T4iva362f8gF7t0O7u\/Zm36rcX9vf3n9dS64\/59QiZeooKz5M3W0WM06NudzabdbjB385X+DuctihKR8Y3W7+OjLLl1vG\/HOx1VcPDPw==\" \/> \t\t<a href=\"https:\/\/www.pdf24.org\" target=\"_blank\" title=\"www.pdf24.org\" rel=\"nofollow\"><img src=\"https:\/\/www.hohenlohe-ungefiltert.de\/wp-content\/plugins\/pdf24-post-to-pdf\/img\/pdf_32x32.png\" alt=\"\" border=\"0\" height=\"32\" \/><\/a> \t\t<span class=\"pdf24Plugin-cp-space\">&nbsp;&nbsp;<\/span> \t\t<span class=\"pdf24Plugin-cp-text\">Sende Artikel als PDF<\/span> \t\t<span class=\"pdf24Plugin-cp-space\">&nbsp;&nbsp;<\/span> \t\t<input class=\"pdf24Plugin-cp-input\" style=\"margin: 0px;\" type=\"text\" name=\"sendEmailTo\" placeholder=\"Emailadresse\" \/> \t\t<input class=\"pdf24Plugin-cp-submit\" style=\"margin: 0px;\" type=\"submit\" value=\"Senden\" \/> \t<\/form> <\/div>","protected":false},"excerpt":{"rendered":"<p>&#8222;Zwischen Ern\u00e4hrungssicherheit, Klimawandel und Biodiversit\u00e4t \u2013 Wie geht es mit der europ\u00e4ischen Agrarpolitik nach 2013 weiter?&#8220; lautet der Titel einer Podiumsdiskussion am Donnerstag, 17. November 2011, ab 20 Uhr, in der Carl-Julius-Weber Halle in 74635 Kupferzell. Vom Europab\u00fcro in K\u00fcnzelsau Podium ist hochkar\u00e4tig besetzt Es diskutieren: Ulrike Rodust, SPD-Europaabgeordnete aus Schleswig-Holstein, Mitglied im Ausschuss f\u00fcr [&hellip;]<\/p>\n","protected":false},"author":3,"featured_media":0,"comment_status":"open","ping_status":"open","sticky":false,"template":"","format":"standard","meta":[],"categories":[],"tags":[],"_links":{"self":[{"href":"https:\/\/www.hohenlohe-ungefiltert.de\/index.php?rest_route=\/wp\/v2\/posts\/12358"}],"collection":[{"href":"https:\/\/www.hohenlohe-ungefiltert.de\/index.php?rest_route=\/wp\/v2\/posts"}],"about":[{"href":"https:\/\/www.hohenlohe-ungefiltert.de\/index.php?rest_route=\/wp\/v2\/types\/post"}],"author":[{"embeddable":true,"href":"https:\/\/www.hohenlohe-ungefiltert.de\/index.php?rest_route=\/wp\/v2\/users\/3"}],"replies":[{"embeddable":true,"href":"https:\/\/www.hohenlohe-ungefiltert.de\/index.php?rest_route=%2Fwp%2Fv2%2Fcomments&post=12358"}],"version-history":[{"count":2,"href":"https:\/\/www.hohenlohe-ungefiltert.de\/index.php?rest_route=\/wp\/v2\/posts\/12358\/revisions"}],"predecessor-version":[{"id":12374,"href":"https:\/\/www.hohenlohe-ungefiltert.de\/index.php?rest_route=\/wp\/v2\/posts\/12358\/revisions\/12374"}],"wp:attachment":[{"href":"https:\/\/www.hohenlohe-ungefiltert.de\/index.php?rest_route=%2Fwp%2Fv2%2Fmedia&parent=12358"}],"wp:term":[{"taxonomy":"category","embeddable":true,"href":"https:\/\/www.hohenlohe-ungefiltert.de\/index.php?rest_route=%2Fwp%2Fv2%2Fcategories&post=12358"},{"taxonomy":"post_tag","embeddable":true,"href":"https:\/\/www.hohenlohe-ungefiltert.de\/index.php?rest_route=%2Fwp%2Fv2%2Ftags&post=12358"}],"curies":[{"name":"wp","href":"https:\/\/api.w.org\/{rel}","templated":true}]}}