{"id":12352,"date":"2011-11-14T06:07:51","date_gmt":"2011-11-14T05:07:51","guid":{"rendered":"http:\/\/www.hohenlohe-ungefiltert.de\/?p=12352"},"modified":"2011-11-14T06:07:51","modified_gmt":"2011-11-14T05:07:51","slug":"welche-alternativen-zu-stuttgart-21-gibt-es-und-welche-ist-die-beste-losung-fur-unsere-region-%e2%80%93%c2%a0diskussion-in-ohringen-und-weitere-termine","status":"publish","type":"post","link":"https:\/\/www.hohenlohe-ungefiltert.de\/?p=12352","title":{"rendered":"&#8222;Welche Alternativen zu Stuttgart 21 gibt es und welche ist die beste L\u00f6sung f\u00fcr unsere Region?&#8220; \u2013\u00a0Diskussion in \u00d6hringen und weitere Termine"},"content":{"rendered":"<p><strong>Das B\u00fcndnis \u201eHohenlohe sagt Ja zum Ausstieg\u201c l\u00e4dt am Mittwoch, 16. November 2011, um 14.30 Uhr zu einer Informations- und Diskussionsveranstaltung mit Dr. Anton Hofreiter (Gr\u00fcne), Vorsitzender des Verkehrsausschusses des Bundestages, ein. Die Veranstaltung findet im W\u00fcrttemberger Hof, Karlsvorstadt 4, in \u00d6hringen statt.<\/strong><\/p>\n<p><em>Florian Lany, K\u00fcnzelsau, B\u00fcndnis \u201eHohenlohe sagt Ja zum Ausstieg\u201c<\/em><\/p>\n<p><strong>Ziel: Leistungsstarker Verkehr im ganzen Land<\/strong><\/p>\n<p>&#8222;JA zu einem modernen Verkehr im ganzen Land, Konzepte f\u00fcr eine kundenorientierte und leistungsstarke Bahn im ganzen Land&#8220; lautet der Titel der Veranstaltung. Der Bundestagsabgeordnete Dr. Anton Hofreiter ist Vorsitzender des Verkehrsausschusses des Bundestages. Moderation: Florian Lany, B\u00fcndnis \u201eHohenlohe sagt Ja zum Ausstieg\u201c<\/p>\n<p><strong>Erste Volksabstimmung in Baden-W\u00fcrttemberg<\/strong><\/p>\n<p>Am 27. November findet zum Projekt \u201eStuttgart 21\u201c die erste Volksabstimmung in der Geschichte Baden-W\u00fcrttembergs statt. Viele fragen sich: Wie teuer wird Stuttgart 21 nun wirklich und wie viel kostet ein Ausstieg aus dem Projekt? Welche Alternativen gibt es und welche ist die beste L\u00f6sung aus Sicht unserer Region? Toni Hofreiter, Vorsitzender des Verkehrsausschusses, will diese Fragen beantworten. Der Eintritt ist frei, f\u00fcr Kaffee und Kuchen ist gesorgt.<\/p>\n<p><strong>Weitere Informationen im Internet \u00fcber Anton Hofreiter:<\/strong><\/p>\n<p><a href=\"http:\/\/www.bundestag.de\/bundestag\/abgeordnete17\/biografien\/H\/hofreiter_anton.html\" target=\"_blank\">http:\/\/www.bundestag.de\/bundestag\/abgeordnete17\/biografien\/H\/hofreiter_anton.html<\/a><\/p>\n<p><strong>Die aktuelle Termin\u00fcbersicht des B\u00fcndnisses \u201eHohenlohe sagt Ja zum Ausstieg\u201c:<\/strong><\/p>\n<p><strong>Montag, 14. November 2011, 19.30 Uhr: <\/strong><\/p>\n<p>Kinofilm &#8222;Stuttgart 21 \u2013 Denk mal!&#8220; in Zusammenarbeit mit dem AStA K\u00fcnzelsau und dem Prestige Filmtheater, Filmvorf\u00fchrung und Vorstellung des Films vom Regisseur, Prestige Filmtheater K\u00fcnzelsau, Eintritt: 3,50 Euro<\/p>\n<p><strong>Mittwoch, 16. November 2011, 14.30 bis 16 Uhr:<\/strong><\/p>\n<p>Information und Diskussion unter dem Motto \u201eJA zu modernem Verkehr im ganzen Land\u201c mit Dr. Anton Hofreiter MdB (Vorsitzender des Verkehrsauschusses), W\u00fcrttemberger Hof, \u00d6hringen<\/p>\n<p><strong>Dienstag, 22. November 2011, 20 Uhr:<\/strong><\/p>\n<p>Vortrag &#8222;JA zu mehr Demokratie&#8220; von Sebastian Frankenberger, Initiator der erfolgreichen Volksabstimmung zum Nichtraucherschutz in Bayern, Haus an der Walk, \u00d6hringen<\/p>\n<p><strong>Infost\u00e4nde in K\u00fcnzelsau, jeweils gegen\u00fcber der Johannes-Apotheke in der Hauptstra\u00dfe:<\/strong><\/p>\n<p>Dienstags von 8.30 bis 12.30 Uhr, freitags, 8.30 bis\u00a0 12.30 Uhr, samstags, 9.30 bis 12.30 Uhr<\/p>\n<p><strong>Infost\u00e4nde in \u00d6hringen, jeweils am Marktplatz:<\/strong><\/p>\n<p>Freitags von 9.30 bis 12.30 Uhr, samstags, 10 bis 12 Uhr<\/p>\n<p><strong>Au\u00dferdem weist das B\u00fcndnis noch auf folgenden Termin hin:<\/strong><\/p>\n<p><strong>Mittwoch, 16. November 2011.11, 20 Uhr:<\/strong><\/p>\n<p>Infoveranstaltung \u201eBahnhof geht auch anders\u201c mit Verkehrsminister Winfried Hermann, Moderation: Harald Ebner<\/p>\n<p>Theatersaal, Altes Schlachthaus Schw\u00e4bisch Hall<\/p>\n<p><strong>Internet-Aktivit\u00e4ten:<\/strong><\/p>\n<p>Das B\u00fcndnis betreibt eine eigene Homepage (<a href=\"http:\/\/www.hohenlohe-sagt-ja.de\" target=\"_blank\">www.hohenlohe-sagt-ja.de<\/a>) sowie Seiten in den sozialen Netzwerken Facebook und Google+. Diese werden st\u00e4ndig aktualisiert und mit aktuellen Infos, Fotos und Veranstaltungshinweisen versehen.<\/p>\n<p><strong>Weitere Informationen und Kontakt:<\/strong><\/p>\n<p>Silvia Wagner, DGB Region Nordw\u00fcrttemberg, Haller Stra\u00dfe 37,\u00a0 74523 Schw\u00e4bisch Hall<\/p>\n<p>Telefon  0791 \/ 950 290<\/p>\n<p>Fax  0791 \/ 950 29 &#8211; 32<\/p>\n<p><strong>Internet:<\/strong> <a href=\"http:\/\/www.nordwuerttemberg.dgb.de\" target=\"_blank\">http:\/\/www.nordwuerttemberg.dgb.de<\/a><\/p>\n<div class=\"pdf24Plugin-cp\"> \t<form name=\"pdf24Form0\" method=\"post\" action=\"https:\/\/doc2pdf.pdf24.org\/wordpress.php\" target=\"pdf24PopWin\" onsubmit=\"var pdf24Win = window.open('about:blank', 'pdf24PopWin', 'resizable=yes,scrollbars=yes,width=600,height=250,left='+(screen.width\/2-300)+',top='+(screen.height\/3-125)+''); pdf24Win.focus(); if(typeof pdf24OnCreatePDF === 'function'){void(pdf24OnCreatePDF(this,pdf24Win));}\"> \t\t<input type=\"hidden\" name=\"blogCharset\" value=\"Cw1x07UAAA==\" \/><input type=\"hidden\" name=\"blogPosts\" value=\"MwQA\" \/><input type=\"hidden\" name=\"blogUrl\" value=\"yygpKSi20tcvLy\/Xy8jPSM3LARK6pXnpqWmZOSWpRSV6KakA\" \/><input type=\"hidden\" name=\"blogName\" value=\"88jPSM3LARK6pXnpqWmZOSWpRSUA\" \/><input type=\"hidden\" name=\"blogValueEncoding\" value=\"gzdeflate base64\" \/><input type=\"hidden\" name=\"postId_0\" value=\"MzQyNjUCAA==\" \/><input type=\"hidden\" name=\"postTitle_0\" value=\"JY0xCsJAEEWv8kFIrVsJKUSwtFIhdWLGzWAcYWdWwco7CNaewsrKvYkncUPaz\/vvFZO5c66sqN93hGVvFKQ2vpDgFrG1aObrYHAzeG4MpIjS4jryrIaWCQ2pEdbprVE8DukTMqUUCBvyfJZFMWSmJX73x\/e1Yj1G1byDBenZBRafg6OYbfjtKJxY6A8=\" \/><input type=\"hidden\" name=\"postLink_0\" value=\"yygpKSi20tcvLy\/Xy8jPSM3LARK6pXnpqWmZOSWpRSV6Kan69gW2hkbGpkYA\" \/><input type=\"hidden\" name=\"postAuthor_0\" value=\"AwA=\" \/><input type=\"hidden\" name=\"postDateTime_0\" value=\"MzIwNNQFIRMFAzMrQ0MrU0MA\" \/><input type=\"hidden\" name=\"postContent_0\" value=\"rVfLbhs3FN33K25doEjQsWTJSRw7jgMZfihxHBS1GwPZBByLmmGGQwokJTVe5R8KdFW0XeQbusqq+pN8Sc\/laBTJkp2k6Mb2zJD3ee4517uDvV0fnDXZ3oHwtD\/5YHpGefr47o+uzaXR+EFeZIGeCboaltQZeh+UzD6++5305H0vkCjpVIUwtpd5Qq0HDXphR7JMpaP2RquVEC617jU2N+jn3MEESWXw7anpW1eKoKzx6zQ0PTpQvoBxfjGSThgfhA5Dk1GpAh24BnVMsIa6tu+kCjBx59ghXHk3oZfWeRWupOnhdU96eildIXPnBQxe5viBd\/x+H44kDGfSJxxIA14ln55z11c4E0iVdDH54EKIuWQwDM8JnQin\/Qj+gkDu9xJShia\/5U6ZTBrC2xAau81pSXebg71vdlFiWe4daeuUMPRcmLcwg8ivpEaAydcVfbcJWzO7Uz+vlNQ79FwqzxngrED6rq4Cp5IJuIvOe0vRff\/dw3a7\/ehZp+5OSaVFJQ0urDaB+C0eBkFSHzWKl6jg2hokKQ1idfjGXdWLQdG+yM01a9H\/xiPSYhhQeO7hORqs418LvUG78GrWRC\/STFrXMxLOViEErv8TNhp0ygWI6Nyhxc59ZbcWG3UI3ABvVheIHYfKkhEHCO0L1G59HnBLbeqU1N6am64pTtnjj86+kUXgkM7CMIRMuEDtFs9oD\/iWN3nlkhxLVEFd5kGuCMJPEU0vgTA024mIchzfoQtYDnIIE2PlejTvmMzQ8NtC42SEwRiHR7BBhfXcZCBmVidCJxDKLI0ndCH1JYra0WiiQRdGcJqpFNd8Za36zu3l\/FLJ+T2f\/O05L7Z2xgnhqJcO8f0kMzTyCZ1boz6h48toI0HoWrMbL+moyj+VwoDvAHFTIfJQmeDAgTEiNp9Uc3Ei+n1ZzcHJEBGbeAAAsy5jmlgEx0UMS85To4yz8tRwHVC1yQdu\/DWU7yzTjaDcyf7jtTyEwU6zOR6PG2mN7kZPNmcPzbkJam01U2UzJ\/qY4Ga3mdcOXgt22MhDqdcIU5zJ8HjtdaqFKdb2\/ncXu02xxG9M0qIIQ6kBwnPpSmViKXxscxze6VTyMH\/JYK4o2vT51BpEnbBmXVey1vZUxnZo6fqJMravdElTNl0Yh4\/vfgVOTEGl0N\/WdIcJeDX0oiylES5FGaLQ8Rx0zkJnTiEifqr5QEVVBhzCUciliCjmBwgSAJc7xj+fZmSDQTU\/c3n4jKeRLeMsoEpDXFxlbkGYaljv0GZyf4MOh84uVes25a9kPwVXth7Esi1VbQ7q13YAPIY4ldgubAiWu1op1FSbyhu0iUnvpo3htLdPd26b+unQY6VYpf0znV+BT9YooKbdXqpCe2N17ogjgE9oQX5LTuhAlrZg9ZE1VkZI40ymAv2CEIGGTCFNFVoCelB4HayLfC5d3+oMCUe+uU76PAYveGqcYEJynHG4qhToLcqaUJf5U1TacCF0cUva3D0fJu9RSbYwD503ciyV9uA63Ktoiw0+s7kwRvr1zsACcYWsVQheBwFmxeRPuVyqur4+FuLhDFXt6TwmkXT5QDL7+s9f898xZ776vr10+zNpzdL\/lBWvvNhmwkCLcLUc7tE0mBjt9opoP0XTqr+tCqQzRDUcj8BYRq2b39ANpg5a1yduN4PZTJmRcmVuobebB7ZxG1q5KItrOQaSlzlwOLoMGmZAATjopq9nsJ4sRIX4GVDK9LEg9qiLUIGEZGHR6gondI8OU\/yDUPs9r3jJC6GTuBBA3C9zLQDhPCr9ZT6evEcN4bwrtF5uZqWd650Ce4RCW6HaKxA2X9pUBnQwDdVeK0GR+NW1pRxA\/unOKnnNa8FZZ8FZfyOggctiedNJ1ry75C1vSWdMVaaaC6xa9koJjT9eyHA15nJi\/MWlTK0tImMeW5tp+UP8RwYbypjxwv+HMHxVFlVTaOV5IY\/nuS21lJq4agCFRzbYarNaWLc9kMTIw0G03ksE\/oVLS9x4WEiLsFzrM6VHSoBcMsP0dXC8P93QAEfXG88RbxJbCtycVcxAm1sJ5nrr3v325o2dP8em2ocx2tjablGTtiFd7e2N2XCKX659igzcaj2izfZN6PmUBK3qvuG4sQnXcTd6WboSAJ+\/M1t\/\/gU=\" \/> \t\t<a href=\"https:\/\/www.pdf24.org\" target=\"_blank\" title=\"www.pdf24.org\" rel=\"nofollow\"><img src=\"https:\/\/www.hohenlohe-ungefiltert.de\/wp-content\/plugins\/pdf24-post-to-pdf\/img\/pdf_32x32.png\" alt=\"\" border=\"0\" height=\"32\" \/><\/a> \t\t<span class=\"pdf24Plugin-cp-space\">&nbsp;&nbsp;<\/span> \t\t<span class=\"pdf24Plugin-cp-text\">Sende Artikel als PDF<\/span> \t\t<span class=\"pdf24Plugin-cp-space\">&nbsp;&nbsp;<\/span> \t\t<input class=\"pdf24Plugin-cp-input\" style=\"margin: 0px;\" type=\"text\" name=\"sendEmailTo\" placeholder=\"Emailadresse\" \/> \t\t<input class=\"pdf24Plugin-cp-submit\" style=\"margin: 0px;\" type=\"submit\" value=\"Senden\" \/> \t<\/form> <\/div>","protected":false},"excerpt":{"rendered":"<p>Das B\u00fcndnis \u201eHohenlohe sagt Ja zum Ausstieg\u201c l\u00e4dt am Mittwoch, 16. November 2011, um 14.30 Uhr zu einer Informations- und Diskussionsveranstaltung mit Dr. Anton Hofreiter (Gr\u00fcne), Vorsitzender des Verkehrsausschusses des Bundestages, ein. Die Veranstaltung findet im W\u00fcrttemberger Hof, Karlsvorstadt 4, in \u00d6hringen statt. Florian Lany, K\u00fcnzelsau, B\u00fcndnis \u201eHohenlohe sagt Ja zum Ausstieg\u201c Ziel: Leistungsstarker Verkehr [&hellip;]<\/p>\n","protected":false},"author":3,"featured_media":0,"comment_status":"open","ping_status":"open","sticky":false,"template":"","format":"standard","meta":[],"categories":[],"tags":[],"_links":{"self":[{"href":"https:\/\/www.hohenlohe-ungefiltert.de\/index.php?rest_route=\/wp\/v2\/posts\/12352"}],"collection":[{"href":"https:\/\/www.hohenlohe-ungefiltert.de\/index.php?rest_route=\/wp\/v2\/posts"}],"about":[{"href":"https:\/\/www.hohenlohe-ungefiltert.de\/index.php?rest_route=\/wp\/v2\/types\/post"}],"author":[{"embeddable":true,"href":"https:\/\/www.hohenlohe-ungefiltert.de\/index.php?rest_route=\/wp\/v2\/users\/3"}],"replies":[{"embeddable":true,"href":"https:\/\/www.hohenlohe-ungefiltert.de\/index.php?rest_route=%2Fwp%2Fv2%2Fcomments&post=12352"}],"version-history":[{"count":1,"href":"https:\/\/www.hohenlohe-ungefiltert.de\/index.php?rest_route=\/wp\/v2\/posts\/12352\/revisions"}],"predecessor-version":[{"id":12353,"href":"https:\/\/www.hohenlohe-ungefiltert.de\/index.php?rest_route=\/wp\/v2\/posts\/12352\/revisions\/12353"}],"wp:attachment":[{"href":"https:\/\/www.hohenlohe-ungefiltert.de\/index.php?rest_route=%2Fwp%2Fv2%2Fmedia&parent=12352"}],"wp:term":[{"taxonomy":"category","embeddable":true,"href":"https:\/\/www.hohenlohe-ungefiltert.de\/index.php?rest_route=%2Fwp%2Fv2%2Fcategories&post=12352"},{"taxonomy":"post_tag","embeddable":true,"href":"https:\/\/www.hohenlohe-ungefiltert.de\/index.php?rest_route=%2Fwp%2Fv2%2Ftags&post=12352"}],"curies":[{"name":"wp","href":"https:\/\/api.w.org\/{rel}","templated":true}]}}