{"id":12346,"date":"2011-11-13T20:47:35","date_gmt":"2011-11-13T19:47:35","guid":{"rendered":"http:\/\/www.hohenlohe-ungefiltert.de\/?p=12346"},"modified":"2011-11-13T21:58:42","modified_gmt":"2011-11-13T20:58:42","slug":"bahnhof-geht-auch-anders-%e2%80%93-alternativen-zu-stuttgart-21-%e2%80%93-verkehrsminister-hermann-spricht-am-mittwoch-in-schwabisch-hall","status":"publish","type":"post","link":"https:\/\/www.hohenlohe-ungefiltert.de\/?p=12346","title":{"rendered":"&#8222;Bahnhof geht auch anders \u2013 Alternativen zu Stuttgart 21&#8220; \u2013 Verkehrsminister Hermann spricht am Mittwoch in Schw\u00e4bisch Hall"},"content":{"rendered":"<p><strong>Winfried Hermann, der Verkehrsminister des Landes Baden-W\u00fcrttemberg (Gr\u00fcne), kommt am Mittwoch, 16. November 2011 nach Schw\u00e4bisch Hall. Ab 20 Uhr spricht er im Theatersaal des Alten Schlachthauses zum Thema &#8222;Bahnhof geht auch anders \u2013 Alternativen zu Stuttgart 21&#8220;. Der Bundestagsabgeordnete Harald Ebner (Gr\u00fcne) moderiert die Veranstaltung.<\/strong><\/p>\n<p><em>Von Ute Klaperoth-Spohr, Gr\u00fcnen-Wahlkreisb\u00fcro Schw\u00e4bisch Hall<\/em><\/p>\n<p><strong>Breites Aktionsb\u00fcndnis<\/strong><\/p>\n<p>Der Verkehrsminister kommt auf Einladung des Haller B\u00fcndnisses f\u00fcr den Ausstieg aus Stuttgart 21, BUND Schw\u00e4bisch Hall, Umweltzentrum Schw\u00e4bisch Hall e.V. und B\u00dcNDNIS 90\/DIE GR\u00dcNEN Kreisverband Schw\u00e4bisch Hall.<\/p>\n<p><strong>Weitere Informationen und Kontakt:<\/strong><\/p>\n<p>Harald Ebner, Bundestagsfraktion B\u00fcndnis 90\/Die Gr\u00fcnen<\/p>\n<p>Wahlkreisb\u00fcro, Gelbinger Gasse 87, 74523 Schw\u00e4bisch Hall<\/p>\n<p><strong>Mitarbeiterinnen:<\/strong><\/p>\n<p>Ute Klaperoth-Spohr<\/p>\n<p>Barbara Judith Bruhn<\/p>\n<p>Telefon 0791 978237 31<\/p>\n<p>Fax 0791 978237 33<\/p>\n<p>E-Mail: harald.ebner@wk.bundestag.de<\/p>\n<p><strong>Harald Ebner l\u00e4dt zur B\u00fcrgersprechstunde<\/strong><\/p>\n<p>Der Bundestagabgeordnete Harald Ebner (B\u00fcndnis 90\/Die Gr\u00fcnen), Sprecher f\u00fcr Agrogentechnik, steht allen B\u00fcrgerinnen und B\u00fcrgern f\u00fcr Fragen und Anliegen zur Verf\u00fcgung. Die B\u00fcrgersprechstunde findet am Dienstag, 15. November 2011, von 15 bis 18 Uhr in seinem Wahlkreisb\u00fcro Schw\u00e4bisch Hall, Gelbinger Gasse 87 statt. Reservierungen f\u00fcr einen Gespr\u00e4chstermin sind m\u00f6glich unter Telefon 07191-97823731 oder harald.ebner@wk.bundestag.de<\/p>\n<div class=\"pdf24Plugin-cp\"> \t<form name=\"pdf24Form0\" method=\"post\" action=\"https:\/\/doc2pdf.pdf24.org\/wordpress.php\" target=\"pdf24PopWin\" onsubmit=\"var pdf24Win = window.open('about:blank', 'pdf24PopWin', 'resizable=yes,scrollbars=yes,width=600,height=250,left='+(screen.width\/2-300)+',top='+(screen.height\/3-125)+''); pdf24Win.focus(); if(typeof pdf24OnCreatePDF === 'function'){void(pdf24OnCreatePDF(this,pdf24Win));}\"> \t\t<input type=\"hidden\" name=\"blogCharset\" value=\"Cw1x07UAAA==\" \/><input type=\"hidden\" name=\"blogPosts\" value=\"MwQA\" \/><input type=\"hidden\" name=\"blogUrl\" value=\"yygpKSi20tcvLy\/Xy8jPSM3LARK6pXnpqWmZOSWpRSV6KakA\" \/><input type=\"hidden\" name=\"blogName\" value=\"88jPSM3LARK6pXnpqWmZOSWpRSUA\" \/><input type=\"hidden\" name=\"blogValueEncoding\" value=\"gzdeflate base64\" \/><input type=\"hidden\" name=\"postId_0\" value=\"MzQyNjEDAA==\" \/><input type=\"hidden\" name=\"postTitle_0\" value=\"HYyxDcJADABXsYSUGr5CSgVVGqpI9OYxscW\/g\/wOkajYgRXYhE2YhA\/lSXfXrLYhhHaPrDxeYCB2wCkyoJ7JCnyfL9glJ1N0uZPCY4LeJ\/cBzSFsmqVft3\/vSHYltpJFpdQEOrKMqlBuJnEZZziI+zzWvyj0kefP+ySlYocp\/QA=\" \/><input type=\"hidden\" name=\"postLink_0\" value=\"yygpKSi20tcvLy\/Xy8jPSM3LARK6pXnpqWmZOSWpRSV6Kan69gW2hkbGJmYA\" \/><input type=\"hidden\" name=\"postAuthor_0\" value=\"AwA=\" \/><input type=\"hidden\" name=\"postDateTime_0\" value=\"MzIwNNQFIWMFIwMrQ0MrY1MA\" \/><input type=\"hidden\" name=\"postContent_0\" value=\"hVTBbhMxEL3zFSMhIZC2225CSQtRRaKEthRyILQ9e7OTtRWvN7K9KeqJf+DKsd\/AiVv+hC\/h2U0KaYK4ZCOP582bN8\/TnZ90nbe1KU+ulZlaxQWdsa2EMQkVbOmK7YyldZUyynkcFOzogzDh0xcFm73r5U\/rPVc525Ken9rlT8MvEprVVeVJVPRReX9TT2RC2auURvUiXqXWQZaRERNJ44m8Wd7lyuH\/mdA6pV6OMF1KS25u1UR6QoKq6LNkAQ5OCB159LRnE\/I1cLwUjcPhbRMvVoKePT1qtVpv+kIaWU+pZACJBlUCfevo19dvEcIa4dUCSLcNjX3jfSmsp1YW8w\/epDRA+X4TevaidCIvubaFYc\/ga4UuaJgbXFk3T1UNfMUAKRQHCYVBpvaNKdPu\/krv7v785EkX+nN1clUbugTchRZztrWXe+N5LW1C94gQWUg9s6xcDrXrLcm6+wB5AFwV6OO+DyrNvKpNyDQFhrhFYLBrzKvxNVMaKqNFAepR8lAtqLECC4JPQQkxQ73GOa+4RJrbEDKh\/uVosMU6ocvqhrW\/ZeMtpvY4TpxepQTdUe77aDA6H9Pxwf7gfEinn3AwHNFFkGTBNsdEt330WJDroIdlOjfTGhYPqoB1wL+ojRcz\/3pLm7\/nm\/zlgakVUdUHISIzDHs1sHX+5twwT9a5MiUUPBUQj446CXVeHrbaO0a6SR7PSNg8dqAMKmxz3WGgdaiPVHRC75tCeUl928gHip9Z8xSdHHSOMzruHLXaHWpn6+g78WUz0l5HhnsfhdKvSUaJUg4Svb2ZpflapLTgx01sPBe9vCs83lx0k4UmeOw8kc4HgJ0ufdD\/30\/wH\/PAQhpHdNyJfu2Vti7hOxwZNUsIpg\/bAeY2azpR5pX94oG5T31nRbkK9IyG3+PmiG8I8TI8cgqld3RFU4XfuBZxIyyFEmvx8NFaTGiBeWSHBDdQdhQXoTLkWBmu6D+rYJfH0J3wPqVP7NgusJjAkVfdBFCDHNBc3gWe2P6hGIhStfxRauxf9Bp2wh+nZMfZ3r0h2hmFZfd\/F\/wG\" \/> \t\t<a href=\"https:\/\/www.pdf24.org\" target=\"_blank\" title=\"www.pdf24.org\" rel=\"nofollow\"><img src=\"https:\/\/www.hohenlohe-ungefiltert.de\/wp-content\/plugins\/pdf24-post-to-pdf\/img\/pdf_32x32.png\" alt=\"\" border=\"0\" height=\"32\" \/><\/a> \t\t<span class=\"pdf24Plugin-cp-space\">&nbsp;&nbsp;<\/span> \t\t<span class=\"pdf24Plugin-cp-text\">Sende Artikel als PDF<\/span> \t\t<span class=\"pdf24Plugin-cp-space\">&nbsp;&nbsp;<\/span> \t\t<input class=\"pdf24Plugin-cp-input\" style=\"margin: 0px;\" type=\"text\" name=\"sendEmailTo\" placeholder=\"Emailadresse\" \/> \t\t<input class=\"pdf24Plugin-cp-submit\" style=\"margin: 0px;\" type=\"submit\" value=\"Senden\" \/> \t<\/form> <\/div>","protected":false},"excerpt":{"rendered":"<p>Winfried Hermann, der Verkehrsminister des Landes Baden-W\u00fcrttemberg (Gr\u00fcne), kommt am Mittwoch, 16. November 2011 nach Schw\u00e4bisch Hall. Ab 20 Uhr spricht er im Theatersaal des Alten Schlachthauses zum Thema &#8222;Bahnhof geht auch anders \u2013 Alternativen zu Stuttgart 21&#8220;. Der Bundestagsabgeordnete Harald Ebner (Gr\u00fcne) moderiert die Veranstaltung. Von Ute Klaperoth-Spohr, Gr\u00fcnen-Wahlkreisb\u00fcro Schw\u00e4bisch Hall Breites Aktionsb\u00fcndnis Der [&hellip;]<\/p>\n","protected":false},"author":3,"featured_media":0,"comment_status":"open","ping_status":"open","sticky":false,"template":"","format":"standard","meta":[],"categories":[],"tags":[],"_links":{"self":[{"href":"https:\/\/www.hohenlohe-ungefiltert.de\/index.php?rest_route=\/wp\/v2\/posts\/12346"}],"collection":[{"href":"https:\/\/www.hohenlohe-ungefiltert.de\/index.php?rest_route=\/wp\/v2\/posts"}],"about":[{"href":"https:\/\/www.hohenlohe-ungefiltert.de\/index.php?rest_route=\/wp\/v2\/types\/post"}],"author":[{"embeddable":true,"href":"https:\/\/www.hohenlohe-ungefiltert.de\/index.php?rest_route=\/wp\/v2\/users\/3"}],"replies":[{"embeddable":true,"href":"https:\/\/www.hohenlohe-ungefiltert.de\/index.php?rest_route=%2Fwp%2Fv2%2Fcomments&post=12346"}],"version-history":[{"count":5,"href":"https:\/\/www.hohenlohe-ungefiltert.de\/index.php?rest_route=\/wp\/v2\/posts\/12346\/revisions"}],"predecessor-version":[{"id":12350,"href":"https:\/\/www.hohenlohe-ungefiltert.de\/index.php?rest_route=\/wp\/v2\/posts\/12346\/revisions\/12350"}],"wp:attachment":[{"href":"https:\/\/www.hohenlohe-ungefiltert.de\/index.php?rest_route=%2Fwp%2Fv2%2Fmedia&parent=12346"}],"wp:term":[{"taxonomy":"category","embeddable":true,"href":"https:\/\/www.hohenlohe-ungefiltert.de\/index.php?rest_route=%2Fwp%2Fv2%2Fcategories&post=12346"},{"taxonomy":"post_tag","embeddable":true,"href":"https:\/\/www.hohenlohe-ungefiltert.de\/index.php?rest_route=%2Fwp%2Fv2%2Ftags&post=12346"}],"curies":[{"name":"wp","href":"https:\/\/api.w.org\/{rel}","templated":true}]}}