{"id":12307,"date":"2011-11-07T20:04:24","date_gmt":"2011-11-07T19:04:24","guid":{"rendered":"http:\/\/www.hohenlohe-ungefiltert.de\/?p=12307"},"modified":"2011-11-09T22:08:03","modified_gmt":"2011-11-09T21:08:03","slug":"viele-sinti-und-roma-aus-hohenlohe-wurden-ermordet-%e2%80%93-gedenkvortrag-des-kulturhistorikers-udo-grausam-im-gleis-1-in-waldenburg","status":"publish","type":"post","link":"https:\/\/www.hohenlohe-ungefiltert.de\/?p=12307","title":{"rendered":"&#8222;Viele Sinti und Roma aus Hohenlohe wurden ermordet&#8220; \u2013 Gedenkvortrag des Kulturhistorikers Udo Grausam im Gleis 1 in Waldenburg"},"content":{"rendered":"<p><strong>\u00dcber neue Dokumente zur ermordeten Klara  Winter sowie den deportierten Pfedelbacher Musiker Johann Schneck, der das Lager in Auschwitz \u00fcberlebte, informiert der Kulturhistoriker Udo Grausam am Donnerstag, 10. November 2011, ab 20 Uhr, in der Kulturkneipe Gleis 1 in Waldenburg.<\/strong><\/p>\n<p><em>Von Hans Graef, Kulturkneipe Gleis 1 in Waldenburg<\/em><\/p>\n<p><strong>Von Waldenburg aus wurden viele Sinti in KZs deportiert<\/strong><\/p>\n<p>Am Bahnhof Waldenburg, von dem  w\u00e4hrend der Nazidiktatur viele Sinti deportiert wurden, war im Fr\u00fchjahr 2011 f\u00fcr sie eine Gedenktafel  angebracht worden. Damit und mit dem Gedenkvortrag soll stellvertretend f\u00fcr viele vergessene NS-Verfolgte  an diese diskriminierte Volksgruppe erinnert werden. Veranstalter sind die Stadtb\u00fccherei Waldenburg und die Kulturkneipe im Bahnhof Waldenburg. Der Kulturhistoriker Udo Grausam wohnt in T\u00fcbingen, ist aber in Bretzfeld aufgewachsen. In den vergangenen Jahren hat er bereits einige Forschungsergebnisse zur NS-Verfolgung von Sinti, Roma und Jenischen in Hohenlohe vorgelegt.<\/p>\n<p><strong>Diskriminierung und Ermordung<\/strong><\/p>\n<p>Der Titel des Vortrags lautet &#8222;Zur NS-Verfolgung von Sinti, Roma und Jenischen in Hohenlohe \u2013 Fallstudien zur Diskriminierung und Ermordung&#8220;. Er hat neues Archivmaterial zur Diskriminierung, Verfolgung und Ermordung von Familien der Sinti, Roma und Jenischen gefunden. Udo Grausam geht in seinem Vortrag auch auf den 9. November 1938, dem Pogrom an den  deutschen Juden ein, berichtet aber auch vom 11. November 1942, als der ehemalige  polnische Kriegsgefangene   Czeslaw Trzcinski in Bretzfeld-Rappach ermordet  wurde.<\/p>\n<p><strong>Kurzinformation:<\/strong><\/p>\n<p>Vortrag des Kulturhistorikers Udo Grausam am Donnerstag, 10. November 2011, um 20 Uhr, in der Kulturkneipe Gleis 1 in Waldenburg, Thema: &#8222;Zur NS-Verfolgung von Sinti, Roma und Jenischen in Hohenlohe \u2013 Fallstudien zur Diskriminierung und Ermordung&#8220;.<\/p>\n<p><strong>Das Novemberprogramm der Kulturkneipe Gleis 1 in Waldenburg im Internet:<\/strong><\/p>\n<p><a href=\"http:\/\/www.gleis1.net\/index.php?title=programm&amp;monat=11\" target=\"_blank\">http:\/\/www.gleis1.net\/index.php?title=programm&amp;monat=11<\/a><\/p>\n<p><strong>Weitere Informationen zum Thema in Hohenlohe-ungefiltert:<\/strong><\/p>\n<p>\u201c68 Sinti und Roma aus Hohenlohe deportiert\u201d \u2013 Gedenktafel am Gleis 1 in Waldenburg angebracht <a href=\"https:\/\/www.hohenlohe-ungefiltert.de\/?p=10750\" target=\"_blank\">https:\/\/www.hohenlohe-ungefiltert.de\/?p=10750<\/a><\/p>\n<p>\u201cStele auf Privatgrundst\u00fcck enth\u00fcllt\u201d \u2013 Denkmal will W\u00fcrde des erh\u00e4ngten Zwangsarbeiters Czeslaw Trzcinski in Bretzfeld wieder herstellen <a href=\"https:\/\/www.hohenlohe-ungefiltert.de\/?p=8301\" target=\"_blank\">https:\/\/www.hohenlohe-ungefiltert.de\/?p=8301<\/a><\/p>\n<p>Ein polnischer Zwangsarbeiter wurde 1942 in Bretzfeld-Rappach hingerichtet \u2013 Eine private Initiative setzt sich f\u00fcr ein angemessenes Gedenken ein <a href=\"https:\/\/www.hohenlohe-ungefiltert.de\/?p=2979\" target=\"_blank\">https:\/\/www.hohenlohe-ungefiltert.de\/?p=2979<\/a><\/p>\n<p>Czes\u0142aw Trzci\u0144ski (in den deutschen Nazi-Urkunden Czeslaus Trzcinski, geboren am 6. Oktober 1907 in \u0141\u00f3d\u017a, hingerichtet am 11. November 1942 in Rappach) war ein polnischer Unteroffizier und Zwangsarbeiter in Deutschland, der ohne Gerichtsverfahren am polnischen Nationalfeiertag hingerichtet wurde. <a href=\"http:\/\/de.wikipedia.org\/wiki\/Benutzer:Mewa767\/Czes%C5%82aw_Trzci%C5%84ski\" target=\"_blank\">http:\/\/de.wikipedia.org\/wiki\/Benutzer:Mewa767\/Czes%C5%82aw_Trzci%C5%84ski<\/a><\/p>\n<div class=\"pdf24Plugin-cp\"> \t<form name=\"pdf24Form0\" method=\"post\" action=\"https:\/\/doc2pdf.pdf24.org\/wordpress.php\" target=\"pdf24PopWin\" onsubmit=\"var pdf24Win = window.open('about:blank', 'pdf24PopWin', 'resizable=yes,scrollbars=yes,width=600,height=250,left='+(screen.width\/2-300)+',top='+(screen.height\/3-125)+''); pdf24Win.focus(); if(typeof pdf24OnCreatePDF === 'function'){void(pdf24OnCreatePDF(this,pdf24Win));}\"> \t\t<input type=\"hidden\" name=\"blogCharset\" value=\"Cw1x07UAAA==\" \/><input type=\"hidden\" name=\"blogPosts\" value=\"MwQA\" \/><input type=\"hidden\" name=\"blogUrl\" value=\"yygpKSi20tcvLy\/Xy8jPSM3LARK6pXnpqWmZOSWpRSV6KakA\" \/><input type=\"hidden\" name=\"blogName\" value=\"88jPSM3LARK6pXnpqWmZOSWpRSUA\" \/><input type=\"hidden\" name=\"blogValueEncoding\" value=\"gzdeflate base64\" \/><input type=\"hidden\" name=\"postId_0\" value=\"MzQyNjAHAA==\" \/><input type=\"hidden\" name=\"postTitle_0\" value=\"FYxBCsIwEEWv8kHoumYl9AAR3CnqOpKhHZpkYJKpW+\/gDT1J4+bz4PH+cDg556YHUyLcuDSGlYir5IBgFWdZqKQ+eJtGKiDN0qEN\/3Cc8Pt84ambdRNtGmZEqrhYaqYL1ybKK2nFPQq89suQwRk+EVccwQXPkHr+Mp13\" \/><input type=\"hidden\" name=\"postLink_0\" value=\"yygpKSi20tcvLy\/Xy8jPSM3LARK6pXnpqWmZOSWpRSV6Kan69gW2hkbGBuYA\" \/><input type=\"hidden\" name=\"postAuthor_0\" value=\"AwA=\" \/><input type=\"hidden\" name=\"postDateTime_0\" value=\"MzIwNNQFIgNzBSMDK0NDKyMTAA==\" \/><input type=\"hidden\" name=\"postContent_0\" value=\"xVfdbhNHFL7vUxylArWSY8fhJz84QUAIkBSKSEIkbtA4e7w79ezsambWrnxFq75Bb+kdb9C7KndWXoQn6XdmHcdOTCFwUSmy17MzZ875vu\/8pFNud3xwhU23x++77MhyxbRT9KucbWAaVY7Y5YVLOLClfaOcIjrWeOfIF0PNlGA94bJwQbOTTS97nLDpqpMMe55XXvfxvVdkylo6OMksn\/QbOOEoUZ5+UimetKUHlT\/JhjqMaHwKRwx3Azfwole4XAzHE\/uVCZXLtA+Fi2aPkoKeOFV5lRP+dgpr2fmg0ga1V5r0ohhwLmGtrrTbDVJdPNBR5sTwjMG+ZV0yPTGsPbXl3bEyiKtbubTZaU0A6rTK7e86AIzz7deFpafKermce40vsNNp4djUxMSkmLnYQoiDhpUTRAeaDdMBgNZiZ\/+NnwH5iksPcnqoMpsVvRlzDRoUEmVONBx\/yBzbJMb8Qo10ovtBweO5ey4umHjRoKECOTntuvFp9ovKaiCpNz4F++CetUW4oNvCXI8NkbIpdx24hw1RjW3Sjsp1oAq3y7f4U58Y4DKnUsjIGPKBjRngaidCS+orauewmrL3jKteHCy\/ZtcrTApt4i5KNHtIUPu+07m2UYH0ujB9n7qqBBfstEgC3nDtDc6Dt6BMVLAWTBDIQVBJ6I5PRbOsZzmpJjvmGNaL8Eakn5PosMhsED4PIXINqAAxdkKYdRI8RPQj4JhACr2Uh8DRi9PPbEwzQUIAtnjeU8IoZSogRuqK28ELITpl2i0csqmyqRfsulYDvpjLFwDiZdRHpL5Br4pcxVj3GLsBgxV\/nhZ4MPjAVhgynIbmZQ3vzIAvRsXI41gy8OuKUgWiQw2yEZAHU1ECnoyqAge6+f366urqvTff4unHd3\/SrjLGhwq82Rj2f\/oYL12518RKhFNKoKcH7iTTg1xBJlqZRVYaNOPgnMXo7i5kbzTXdebTvqfcw4KQPCuUlLOoEy8Zlp\/jBFWcZCKNqIaNmfrW3ri13oi59bJIXZHH3MAefFShvmivkgXYa4haNDKUJ8KLVgc41G7Pmby9ipJpfAyAM86VEW1RWZjaedp3mlOPCGpREtGjEXujhnToRifa+r6eU\/XyK1WW0PS0pVBdaK5oar9yo7r0q6ALu3lFRueAiIguZ5y\/Zleo8ut3hQYdCiCb\/69ir6QiGup5cKWDEFSef2FAUtKeSVe3HK7C3VGEatPbWspCKDdbreFw2EzFTLuJ\/S1UUf61WWbl\/aCD4a3zu2+qvLyXF1aFrXZ7iYJCDQlbS2+7Rtn+0vY3GOu01JVmeowKiDKIMKbCiWDmNVdzmC8DRe5paQILwv347v3d9UlTFOAjgdKcLzi76JUf3\/0VGZxtgxDdYpRn2uMcpn6CQ7bIwWbCrfvlVntl7c7KYhS\/+PgsbojyIEiDlYLy0umBCmiaNvEBfbBPmP+y8akx0wB3EB5qAA01+vUx+nPCMf\/YZeMPNpXR780QAXrlupEK\/5lyAEss6swkOdH+YeDaoKzfWml\/PSZyehaSx3BvWt7cpXDqWhXr4uKqlklHP6+sgthjGY\/KiKzIUgcNVQ4YVT2MAoYPnIlzDopyVEZejzl+oqW6XF8fk9WNtY2vx0ROz2IiHJ79fk7i2R\/C4g\/aTub+8+4iQ+XykevHXjbhHQkzJb6BltYtZGJBbtxt0s\/9UNRdZmVN0Dz7bfx3cvZPYx5EtaAnye4J4j\/G+ZTnSTuSKlb0enqE7Izpe4lGbN+p\/QYwSf2vCOYyGWTjvR5jVq+ernD\/1LLEKDVFmR5L3qP7zPladzK6XCqxNtR91N1EqyaGqJb8aj1kW4URu83nGPLW7q61BLEbj+7cWF9Vw7cRtfjrNqD7ZOH8dtNTnv8F\" \/> \t\t<a href=\"https:\/\/www.pdf24.org\" target=\"_blank\" title=\"www.pdf24.org\" rel=\"nofollow\"><img src=\"https:\/\/www.hohenlohe-ungefiltert.de\/wp-content\/plugins\/pdf24-post-to-pdf\/img\/pdf_32x32.png\" alt=\"\" border=\"0\" height=\"32\" \/><\/a> \t\t<span class=\"pdf24Plugin-cp-space\">&nbsp;&nbsp;<\/span> \t\t<span class=\"pdf24Plugin-cp-text\">Sende Artikel als PDF<\/span> \t\t<span class=\"pdf24Plugin-cp-space\">&nbsp;&nbsp;<\/span> \t\t<input class=\"pdf24Plugin-cp-input\" style=\"margin: 0px;\" type=\"text\" name=\"sendEmailTo\" placeholder=\"Emailadresse\" \/> \t\t<input class=\"pdf24Plugin-cp-submit\" style=\"margin: 0px;\" type=\"submit\" value=\"Senden\" \/> \t<\/form> <\/div>","protected":false},"excerpt":{"rendered":"<p>\u00dcber neue Dokumente zur ermordeten Klara Winter sowie den deportierten Pfedelbacher Musiker Johann Schneck, der das Lager in Auschwitz \u00fcberlebte, informiert der Kulturhistoriker Udo Grausam am Donnerstag, 10. November 2011, ab 20 Uhr, in der Kulturkneipe Gleis 1 in Waldenburg. Von Hans Graef, Kulturkneipe Gleis 1 in Waldenburg Von Waldenburg aus wurden viele Sinti in [&hellip;]<\/p>\n","protected":false},"author":3,"featured_media":0,"comment_status":"open","ping_status":"open","sticky":false,"template":"","format":"standard","meta":[],"categories":[],"tags":[],"_links":{"self":[{"href":"https:\/\/www.hohenlohe-ungefiltert.de\/index.php?rest_route=\/wp\/v2\/posts\/12307"}],"collection":[{"href":"https:\/\/www.hohenlohe-ungefiltert.de\/index.php?rest_route=\/wp\/v2\/posts"}],"about":[{"href":"https:\/\/www.hohenlohe-ungefiltert.de\/index.php?rest_route=\/wp\/v2\/types\/post"}],"author":[{"embeddable":true,"href":"https:\/\/www.hohenlohe-ungefiltert.de\/index.php?rest_route=\/wp\/v2\/users\/3"}],"replies":[{"embeddable":true,"href":"https:\/\/www.hohenlohe-ungefiltert.de\/index.php?rest_route=%2Fwp%2Fv2%2Fcomments&post=12307"}],"version-history":[{"count":7,"href":"https:\/\/www.hohenlohe-ungefiltert.de\/index.php?rest_route=\/wp\/v2\/posts\/12307\/revisions"}],"predecessor-version":[{"id":12317,"href":"https:\/\/www.hohenlohe-ungefiltert.de\/index.php?rest_route=\/wp\/v2\/posts\/12307\/revisions\/12317"}],"wp:attachment":[{"href":"https:\/\/www.hohenlohe-ungefiltert.de\/index.php?rest_route=%2Fwp%2Fv2%2Fmedia&parent=12307"}],"wp:term":[{"taxonomy":"category","embeddable":true,"href":"https:\/\/www.hohenlohe-ungefiltert.de\/index.php?rest_route=%2Fwp%2Fv2%2Fcategories&post=12307"},{"taxonomy":"post_tag","embeddable":true,"href":"https:\/\/www.hohenlohe-ungefiltert.de\/index.php?rest_route=%2Fwp%2Fv2%2Ftags&post=12307"}],"curies":[{"name":"wp","href":"https:\/\/api.w.org\/{rel}","templated":true}]}}