{"id":12184,"date":"2011-10-31T11:10:57","date_gmt":"2011-10-31T10:10:57","guid":{"rendered":"http:\/\/www.hohenlohe-ungefiltert.de\/?p=12184"},"modified":"2011-10-31T11:10:57","modified_gmt":"2011-10-31T10:10:57","slug":"wie-geht-es-weiter-mit-der-europaischen-agrarpolitik-nach-2013-%e2%80%93-podiumsdiskussion-in-kupferzell","status":"publish","type":"post","link":"https:\/\/www.hohenlohe-ungefiltert.de\/?p=12184","title":{"rendered":"&#8222;Wie geht es weiter mit der europ\u00e4ischen Agrarpolitik nach 2013 ?&#8220; \u2013 Podiumsdiskussion in Kupferzell"},"content":{"rendered":"<p><strong>Eine Podiumsdiskussion mit dem Titel &#8222;Zwischen Ern\u00e4hrungssicherheit, Klimawandel und Biodiversit\u00e4t Wie geht es weiter mit der europ\u00e4ischen Agrarpolitik nach 2013?&#8220; findet am Donnerstag, 17. November 2011, um 20 Uhr in der Carl-Julius-Weber-Halle in 74635 Kupferzell statt.<\/strong><\/p>\n<p><em>Von Evelyne Gebhardt, SPD-Europaabgeordnete aus Mulfingen<\/em><\/p>\n<p><strong>K\u00fcnftige Agrarpolitik kritisch begleiten<\/strong><\/p>\n<p>Die Europ\u00e4ische Kommission hat im Oktober Vorschl\u00e4ge unterbreitet, mit denen Optionen f\u00fcr die k\u00fcnftige Gemeinsame Agrarpolitik (GAP) der Europ\u00e4ischen Union dargestellt werden. Die Reform der GAP muss bis 2013 abgeschlossen sein. Das Europ\u00e4ische Parlament hat au\u00dferdem mit dem Vertrag von Lissabon das Recht der Mitentscheidung in der Agrarpolitik erhalten und tr\u00e4gt somit in Zukunft in diesem Bereich eine hohe Verantwortung. Um dieser Verantwortung gerecht zu werden, wollen wir mit Interessierten und Betroffenen diskutieren, denn es gilt die k\u00fcnftige Agrarpolitik kritisch zu begleiten und an die neuen Hausforderungen anzupassen.<\/p>\n<p>Wie es mit der europ\u00e4ischen Agrarpolitik nach 2013 weitergehen sollte, wird bei einer Podiumsdiskussion am Donnerstag, 17. November 2011,  um 20 Uhr in der Carl-Julius-Weber Halle, 74635 Kupferzell, diskutiert. Gastgeberin ist die hohenlohische SPD-Europaabgeordnete Evelyne Gebhardt. Auf dem Podium sind au\u00dferdem vertreten:<\/p>\n<p>\u2013 Ulrike Rodust,  SPD-Europaabgeordnete aus Schleswig-Holstein, Mitglied im Ausschuss f\u00fcr Landwirtschaft und l\u00e4ndliche Entwicklung des Europ\u00e4ischen Parlaments<\/p>\n<p>\u2013 Romuald Schaber, Vorsitzender und Gr\u00fcnder des Bundesverbands Deutscher Milchviehalter, Pr\u00e4sident des European Milk Board<\/p>\n<p>\u2013 Klaus Mugele, Vorsitzender des Bauernverbands Schw\u00e4bisch Hall-Hohenlohe-Rems, Vizepr\u00e4sident des Landesbauernverbands Baden-W\u00fcrttemberg<\/p>\n<p>\u2013 Moderation: Evelyne Gebhardt, SPD-Europaabgeordnete, Koordinatorin der sozialdemokratischen Fraktion im Ausschuss f\u00fcr Binnenmarkt und Verbraucherschutz<\/p>\n<p><strong>Weitere Informationen und Kontakt:<\/strong><\/p>\n<p>Evelyne Gebhardt, MdEP, Europab\u00fcro, Keltergasse 47, 74653 K\u00fcnzelsau<\/p>\n<p>Telefon: 0 79 40 &#8211; 5 91 22<\/p>\n<p>Fax: 0 79 40 &#8211; 5 91 44<\/p>\n<p><strong>Internet:<\/strong> <a href=\"http:\/\/www.evelyne-gebhardt.eu\" target=\"_blank\">www.evelyne-gebhardt.eu<\/a><\/p>\n<div class=\"pdf24Plugin-cp\"> \t<form name=\"pdf24Form0\" method=\"post\" action=\"https:\/\/doc2pdf.pdf24.org\/wordpress.php\" target=\"pdf24PopWin\" onsubmit=\"var pdf24Win = window.open('about:blank', 'pdf24PopWin', 'resizable=yes,scrollbars=yes,width=600,height=250,left='+(screen.width\/2-300)+',top='+(screen.height\/3-125)+''); pdf24Win.focus(); if(typeof pdf24OnCreatePDF === 'function'){void(pdf24OnCreatePDF(this,pdf24Win));}\"> \t\t<input type=\"hidden\" name=\"blogCharset\" value=\"Cw1x07UAAA==\" \/><input type=\"hidden\" name=\"blogPosts\" value=\"MwQA\" \/><input type=\"hidden\" name=\"blogUrl\" value=\"yygpKSi20tcvLy\/Xy8jPSM3LARK6pXnpqWmZOSWpRSV6KakA\" \/><input type=\"hidden\" name=\"blogName\" value=\"88jPSM3LARK6pXnpqWmZOSWpRSUA\" \/><input type=\"hidden\" name=\"blogValueEncoding\" value=\"gzdeflate base64\" \/><input type=\"hidden\" name=\"postId_0\" value=\"MzQytDABAA==\" \/><input type=\"hidden\" name=\"postTitle_0\" value=\"U1O2MDIysg7PTFVIT80oUUgtVihPzSxJLVLIzSxRSAHSqaVF+QWHl2QWJ2ek5ik4phclFhXk52SWZGYr5CUmZygYGRgaK9irgcwxsFZ41DBZISA\/JbM0tzglszi7tLg4Mz9PITNPwbu0IC21qCo1JwcA\" \/><input type=\"hidden\" name=\"postLink_0\" value=\"yygpKSi20tcvLy\/Xy8jPSM3LARK6pXnpqWmZOSWpRSV6Kan69gW2hkaGFiYA\" \/><input type=\"hidden\" name=\"postAuthor_0\" value=\"AwA=\" \/><input type=\"hidden\" name=\"postDateTime_0\" value=\"MzIwNNQ1NNA1NlQwNLQyNLAyNQcA\" \/><input type=\"hidden\" name=\"postContent_0\" value=\"lVbbUhtHEH3PV3SRqlRSJYmrQwwyKRRkSDAxZRuo8ktqxLZ2p3Z2RjUX5Ogp\/5APyAuf4Tf9Sb4kp2eFjAAnzhPLbk\/36dPn9Kg\/OeiH6J0tD4baMp27QqcmFDrUKQTtLDU6UsENvdORDX3z9Q9bW1v776c6XFdsaejt\/LbyyZaIxhtfsY4dOjW6UVNlCxxJtqCBRt4b9kHH+W2kK81UchWJA01xgP2ijCdO3k3mt4v0h6VXfuKMjromq64r2trY3P4xo9jYp7FGhUiqoSNnLdJHVXZoc7dHv7obbkbIh\/jNDqUGD3RRedI2l\/lJedP9JRmdQveKEdg9UcawfN7d+X77GZ2myZj9jI0hZI2x119f8NRfnxx81Qdv3BxcgqDhDZvfQd0xjyrlC3T\/9vyoO5Q+lBqV7HxhOTKpFOgsGWAu2fbXcXqZaZH5dP7RjqMuebXv2uMP+KARl0bYso+wHIHQ4T3m6NQ1jW4HWKlIuqHXdXRCyKXziDDzW5RJFtSPvOQE7HYEFrS\/nkScxMN4\/tFTgeT1EtoxN6xtUM0DlN8eH55\/l7kdrozwwgqIQvmSAxRkIibuUaZHAvoNj51v8jGcpwaio5EOecwk7AlWFwISBZTFIRVWOz3HJAHGxtyoSvO\/JH2z1O0l++hVSTdA8QqUqFGGE1D6umo1dyacRsmmCyj5TiMr7UHZyiAsyzl60BcpOCmC6PepTqAnH9QcUHXAYBUjYzFV5YATOJSNU+cjSvToomlD\/eoH2MJnXLO04KlDUwdlWprq1iU\/y9AYs0VjCzwDhhzG4zy7bN2Ij3IU562YrNTgfXWOT0sMZZcqy6lVboksJ7w4gYYxL5CTRMT4OEsTJdPp3SlRrI2C\/8fOixWAhSBTRrORO9JtASg6M+if2Ev\/bfovcD1l13ceeb7zicbYo2MVYinhSKNDS6TM1BpXtSJ82vEPN0OPDtM4i7Jth4IWhpeSvRGp4qDdu2Pz7z\/+pAvjdQ2nuCIFuPRftstbeIXDVJfdE2dgNg0FQNul0VzICjgEddeVWCz7+hX2M2gW4SuIV6aNtWALI4uchtCkvq6NiLLg8MDVS9eF+1DfuCYpUwgQBbo6ednoOGMr7EuBYw8Byj+ScoA3HND1CEgCHXHKJhRDmuvqRnO2HNKcw29BF2LyJRSGMhFX08CB2\/soTk27akuW0a5AyFVVYm+XVYF1Or8dZfWLGsBdO1nuvuEmIIGe8WQVgDDHYbSaaKDwvXsFZmPMMizvgzpzqK9kre596Y2Ba9ThUVsVnV8oOLiZBsPcuFqytcN46VUtmZ+Y8UDDIrZRvm4HfCn7XiVhWcLi7OEddJW9yNgyspjV4h6Qo6fORtTZe3T5PG7nrBied9oxqRFgOLTCMspSlgXt7GbHPdsmufHgt6DSXbJ3GNpYSNqg3ee0s5F\/cWxu7tMzer5JW1t3cS\/Vh8\/E7Ow87ClvTDD6CTr1FVWexy\/Wqhgne+vr0+m0x20f3fLOrpzWKMrFFV+s\/TYyytZrB58J7K+rlo9\/AA==\" \/> \t\t<a href=\"https:\/\/www.pdf24.org\" target=\"_blank\" title=\"www.pdf24.org\" rel=\"nofollow\"><img src=\"https:\/\/www.hohenlohe-ungefiltert.de\/wp-content\/plugins\/pdf24-post-to-pdf\/img\/pdf_32x32.png\" alt=\"\" border=\"0\" height=\"32\" \/><\/a> \t\t<span class=\"pdf24Plugin-cp-space\">&nbsp;&nbsp;<\/span> \t\t<span class=\"pdf24Plugin-cp-text\">Sende Artikel als PDF<\/span> \t\t<span class=\"pdf24Plugin-cp-space\">&nbsp;&nbsp;<\/span> \t\t<input class=\"pdf24Plugin-cp-input\" style=\"margin: 0px;\" type=\"text\" name=\"sendEmailTo\" placeholder=\"Emailadresse\" \/> \t\t<input class=\"pdf24Plugin-cp-submit\" style=\"margin: 0px;\" type=\"submit\" value=\"Senden\" \/> \t<\/form> <\/div>","protected":false},"excerpt":{"rendered":"<p>Eine Podiumsdiskussion mit dem Titel &#8222;Zwischen Ern\u00e4hrungssicherheit, Klimawandel und Biodiversit\u00e4t Wie geht es weiter mit der europ\u00e4ischen Agrarpolitik nach 2013?&#8220; findet am Donnerstag, 17. November 2011, um 20 Uhr in der Carl-Julius-Weber-Halle in 74635 Kupferzell statt. Von Evelyne Gebhardt, SPD-Europaabgeordnete aus Mulfingen K\u00fcnftige Agrarpolitik kritisch begleiten Die Europ\u00e4ische Kommission hat im Oktober Vorschl\u00e4ge unterbreitet, mit [&hellip;]<\/p>\n","protected":false},"author":3,"featured_media":0,"comment_status":"open","ping_status":"open","sticky":false,"template":"","format":"standard","meta":[],"categories":[],"tags":[],"_links":{"self":[{"href":"https:\/\/www.hohenlohe-ungefiltert.de\/index.php?rest_route=\/wp\/v2\/posts\/12184"}],"collection":[{"href":"https:\/\/www.hohenlohe-ungefiltert.de\/index.php?rest_route=\/wp\/v2\/posts"}],"about":[{"href":"https:\/\/www.hohenlohe-ungefiltert.de\/index.php?rest_route=\/wp\/v2\/types\/post"}],"author":[{"embeddable":true,"href":"https:\/\/www.hohenlohe-ungefiltert.de\/index.php?rest_route=\/wp\/v2\/users\/3"}],"replies":[{"embeddable":true,"href":"https:\/\/www.hohenlohe-ungefiltert.de\/index.php?rest_route=%2Fwp%2Fv2%2Fcomments&post=12184"}],"version-history":[{"count":2,"href":"https:\/\/www.hohenlohe-ungefiltert.de\/index.php?rest_route=\/wp\/v2\/posts\/12184\/revisions"}],"predecessor-version":[{"id":12223,"href":"https:\/\/www.hohenlohe-ungefiltert.de\/index.php?rest_route=\/wp\/v2\/posts\/12184\/revisions\/12223"}],"wp:attachment":[{"href":"https:\/\/www.hohenlohe-ungefiltert.de\/index.php?rest_route=%2Fwp%2Fv2%2Fmedia&parent=12184"}],"wp:term":[{"taxonomy":"category","embeddable":true,"href":"https:\/\/www.hohenlohe-ungefiltert.de\/index.php?rest_route=%2Fwp%2Fv2%2Fcategories&post=12184"},{"taxonomy":"post_tag","embeddable":true,"href":"https:\/\/www.hohenlohe-ungefiltert.de\/index.php?rest_route=%2Fwp%2Fv2%2Ftags&post=12184"}],"curies":[{"name":"wp","href":"https:\/\/api.w.org\/{rel}","templated":true}]}}