{"id":12104,"date":"2011-10-16T20:09:47","date_gmt":"2011-10-16T19:09:47","guid":{"rendered":"http:\/\/www.hohenlohe-ungefiltert.de\/?p=12104"},"modified":"2011-10-16T21:10:51","modified_gmt":"2011-10-16T20:10:51","slug":"jochen-durr-und-renate-haberle-entscheiden-uber-das-grundsatzprogramm-der-linken-mit-%e2%80%93%c2%a0als-delegierte-beim-bundesparteitag-in-erfurt","status":"publish","type":"post","link":"https:\/\/www.hohenlohe-ungefiltert.de\/?p=12104","title":{"rendered":"&#8222;Jochen D\u00fcrr und Renate H\u00e4berle entscheiden \u00fcber das Grundsatzprogramm  der Linken mit&#8220; \u2013\u00a0Als Delegierte beim Bundesparteitag in Erfurt"},"content":{"rendered":"<p><strong>Mit Renate H\u00e4berle f\u00fcr den Landesverband Baden-W\u00fcrttemberg und Jochen D\u00fcrr f\u00fcr die Bundesarbeitsgemeinschaft betrieb &amp; gewerkschaft nehmen zwei Schw\u00e4bisch HallerInnen als Delegierte am Bundesparteitag der Partei DIE LINKE teil.<\/strong><\/p>\n<p><em>Zugesandt von Jochen D\u00fcrr, Schw\u00e4bisch Hall<\/em><\/p>\n<p>Der Bundesparteitag der Partei DIE LINKE findet von Freitag, 21. Oktober bis Sonntag, 23. Oktober 2011, in Erfurt\/Th\u00fcringen statt. Auf dem Bundesparteitag wird das Grundsatzprogramm der Partei diskutiert und beschlossen.<\/p>\n<div class=\"pdf24Plugin-cp\"> \t<form name=\"pdf24Form0\" method=\"post\" action=\"https:\/\/doc2pdf.pdf24.org\/wordpress.php\" target=\"pdf24PopWin\" onsubmit=\"var pdf24Win = window.open('about:blank', 'pdf24PopWin', 'resizable=yes,scrollbars=yes,width=600,height=250,left='+(screen.width\/2-300)+',top='+(screen.height\/3-125)+''); pdf24Win.focus(); if(typeof pdf24OnCreatePDF === 'function'){void(pdf24OnCreatePDF(this,pdf24Win));}\"> \t\t<input type=\"hidden\" name=\"blogCharset\" value=\"Cw1x07UAAA==\" \/><input type=\"hidden\" name=\"blogPosts\" value=\"MwQA\" \/><input type=\"hidden\" name=\"blogUrl\" value=\"yygpKSi20tcvLy\/Xy8jPSM3LARK6pXnpqWmZOSWpRSV6KakA\" \/><input type=\"hidden\" name=\"blogName\" value=\"88jPSM3LARK6pXnpqWmZOSWpRSUA\" \/><input type=\"hidden\" name=\"blogValueEncoding\" value=\"gzdeflate base64\" \/><input type=\"hidden\" name=\"postId_0\" value=\"MzQyNDABAA==\" \/><input type=\"hidden\" name=\"postTitle_0\" value=\"FcyxDcIwEIXhVZ6ElBq5QkoFCgIhKjZw8GFO2E50dhoqdmABCsZIhTdhEo72vU9\/s1gZY9rDcL5SQldnEUzJ4UTJFsK+vnuSQKBUshJ2quqsG5zN2InabMt9lMGLjRFweh053dRFLs0\/v2zxfTw\/r3XI6CiQZxJt98QRGw1QHq0OXKwHJ2zlMkn5AQ==\" \/><input type=\"hidden\" name=\"postLink_0\" value=\"yygpKSi20tcvLy\/Xy8jPSM3LARK6pXnpqWmZOSWpRSV6Kan69gW2hkaGBiYA\" \/><input type=\"hidden\" name=\"postAuthor_0\" value=\"AwA=\" \/><input type=\"hidden\" name=\"postDateTime_0\" value=\"MzIwNNQ1NNA1NFMwMrAyNLAyMQcA\" \/><input type=\"hidden\" name=\"postContent_0\" value=\"jVHLTsNADLzzFT5xKgktR6JIVCm0UB6iSEjcNo2zWTW7G3mdRur38Bnc+mO4IQhQL9zWnrFnxps0aRKYvNPpvWF4RqcYYb5\/z5FqhHL\/QVCgg6VyBYYtUi4PmCrpnb0KyIxWqBpaad\/6dSXcTPo0jBqEaXsYVZSj4aDRonFhXamSIUcmgzmcKttcgsYOaTNADisrq3YdGlitq04MGYFgruoaaeGcgKoOkGGN2iCJaWUHqUZJaVhpcU7w1FeQLWawXDzczUCqOkriIXUSN+lJIldAm761Woy6gmHr3Z80oyMTSSwD38OZ6PxLuzRC+lp\/TT1vBJNxBI8b9nJGkP2w8s59ARc\/wOR8PB6BcTCjsiWOXyqxZZwWg4EVcwRXbSmaxzfoDBVQqAA3JEhQvGvIa1LW\/rZYmLBp+XDI\/idzlJy1DwFd1If8BA==\" \/> \t\t<a href=\"https:\/\/www.pdf24.org\" target=\"_blank\" title=\"www.pdf24.org\" rel=\"nofollow\"><img src=\"https:\/\/www.hohenlohe-ungefiltert.de\/wp-content\/plugins\/pdf24-post-to-pdf\/img\/pdf_32x32.png\" alt=\"\" border=\"0\" height=\"32\" \/><\/a> \t\t<span class=\"pdf24Plugin-cp-space\">&nbsp;&nbsp;<\/span> \t\t<span class=\"pdf24Plugin-cp-text\">Sende Artikel als PDF<\/span> \t\t<span class=\"pdf24Plugin-cp-space\">&nbsp;&nbsp;<\/span> \t\t<input class=\"pdf24Plugin-cp-input\" style=\"margin: 0px;\" type=\"text\" name=\"sendEmailTo\" placeholder=\"Emailadresse\" \/> \t\t<input class=\"pdf24Plugin-cp-submit\" style=\"margin: 0px;\" type=\"submit\" value=\"Senden\" \/> \t<\/form> <\/div>","protected":false},"excerpt":{"rendered":"<p>Mit Renate H\u00e4berle f\u00fcr den Landesverband Baden-W\u00fcrttemberg und Jochen D\u00fcrr f\u00fcr die Bundesarbeitsgemeinschaft betrieb &amp; gewerkschaft nehmen zwei Schw\u00e4bisch HallerInnen als Delegierte am Bundesparteitag der Partei DIE LINKE teil. Zugesandt von Jochen D\u00fcrr, Schw\u00e4bisch Hall Der Bundesparteitag der Partei DIE LINKE findet von Freitag, 21. Oktober bis Sonntag, 23. Oktober 2011, in Erfurt\/Th\u00fcringen statt. Auf [&hellip;]<\/p>\n","protected":false},"author":3,"featured_media":0,"comment_status":"open","ping_status":"open","sticky":false,"template":"","format":"standard","meta":[],"categories":[],"tags":[],"_links":{"self":[{"href":"https:\/\/www.hohenlohe-ungefiltert.de\/index.php?rest_route=\/wp\/v2\/posts\/12104"}],"collection":[{"href":"https:\/\/www.hohenlohe-ungefiltert.de\/index.php?rest_route=\/wp\/v2\/posts"}],"about":[{"href":"https:\/\/www.hohenlohe-ungefiltert.de\/index.php?rest_route=\/wp\/v2\/types\/post"}],"author":[{"embeddable":true,"href":"https:\/\/www.hohenlohe-ungefiltert.de\/index.php?rest_route=\/wp\/v2\/users\/3"}],"replies":[{"embeddable":true,"href":"https:\/\/www.hohenlohe-ungefiltert.de\/index.php?rest_route=%2Fwp%2Fv2%2Fcomments&post=12104"}],"version-history":[{"count":5,"href":"https:\/\/www.hohenlohe-ungefiltert.de\/index.php?rest_route=\/wp\/v2\/posts\/12104\/revisions"}],"predecessor-version":[{"id":12125,"href":"https:\/\/www.hohenlohe-ungefiltert.de\/index.php?rest_route=\/wp\/v2\/posts\/12104\/revisions\/12125"}],"wp:attachment":[{"href":"https:\/\/www.hohenlohe-ungefiltert.de\/index.php?rest_route=%2Fwp%2Fv2%2Fmedia&parent=12104"}],"wp:term":[{"taxonomy":"category","embeddable":true,"href":"https:\/\/www.hohenlohe-ungefiltert.de\/index.php?rest_route=%2Fwp%2Fv2%2Fcategories&post=12104"},{"taxonomy":"post_tag","embeddable":true,"href":"https:\/\/www.hohenlohe-ungefiltert.de\/index.php?rest_route=%2Fwp%2Fv2%2Ftags&post=12104"}],"curies":[{"name":"wp","href":"https:\/\/api.w.org\/{rel}","templated":true}]}}