{"id":12102,"date":"2011-10-16T19:41:48","date_gmt":"2011-10-16T18:41:48","guid":{"rendered":"http:\/\/www.hohenlohe-ungefiltert.de\/?p=12102"},"modified":"2011-10-16T21:42:14","modified_gmt":"2011-10-16T20:42:14","slug":"bildung-von-anfang-an-%e2%80%93%c2%a0tag-der-offenen-tur-in-kindereinrichtungen-im-schwabisch-haller-stadtgebiet","status":"publish","type":"post","link":"https:\/\/www.hohenlohe-ungefiltert.de\/?p=12102","title":{"rendered":"&#8222;Bildung von Anfang an&#8220; \u2013\u00a0Tag der Offenen T\u00fcr in Kindertageseinrichtungen im Schw\u00e4bisch Haller Stadtgebiet"},"content":{"rendered":"<p><strong>Die st\u00e4dtischen Tageseinrichtungen f\u00fcr Kinder in Schw\u00e4bisch Hall und den Teilorten \u00f6ffnen am Sonntag, 23. Oktober 2011, ihre T\u00fcren und laden zur Besichtigung ein. An diesem Tag erhalten Interessierte Einblick in die R\u00e4ume, die p\u00e4dagogische Arbeit und das Konzept der jeweiligen Einrichtung. Die Tageseinrichtungen im Stadtgebiet und in den Teilorten sind zwischen 13 Uhr und 17 Uhr ge\u00f6ffnet.<\/strong><\/p>\n<p><em>Von der Stadtverwaltung Schw\u00e4bisch Hall<\/em><\/p>\n<p>Das Motto lautet: Bildung von Anfang an \u2013\u00a0 Von der Betreuungseinrichtung mit Bildungsauftrag zur Bildungseinrichtung mit Betreuungsauftrag<\/p>\n<p><strong>Folgende Einrichtungen nehmen am Tag der Offenen T\u00fcr teil:<\/strong><\/p>\n<p>\u2013 Tageseinrichtung f\u00fcr Kinder Bibersfeld, Luckenbacher Str. 39, Telefon 0791\/51711<\/p>\n<p>\u2013 Tageseinrichtung f\u00fcr Kinder Gailenkirchen, Waldenburger Stra\u00dfe 28, Telefon 0791\/8125<\/p>\n<p>\u2013 Kinderhaus \u201eVilla Kunterbunt\u201c, Gelbingen, Hofsteige 14, Telefon 0791\/42589<\/p>\n<p>\u2013 Au\u00dfenstelle \u201eKinderkiste\u201c, Breitenstein, Jasminweg 9, Telefon 0791\/4993051<\/p>\n<p>\u2013 Tageseinrichtung f\u00fcr Kinder \u201eLummerland\u201c, Gottwollshausen, Elisabethenstra\u00dfe 25, Telefon 0791\/8212<\/p>\n<p>\u2013 Kinderhaus Hagenbach, Hagenbacher Ring 270, Telefon 0791\/51926<\/p>\n<p>\u2013 Tageseinrichtung f\u00fcr Kinder Heimbachsiedlung, Schletzenweg 4, Telefon 0791\/7435<\/p>\n<p>\u2013 Tageseinrichtung f\u00fcr Kinder \u201ePfiffikus\u201c, Hessental, Grauwiesenweg 43, Telefon 0791\/3644<\/p>\n<p>\u2013 Kinderhaus \u201eRegenbogen\u201c, Hessental, Schlichtweg 1, Telefon 0791\/491726<\/p>\n<p>\u2013 Au\u00dfenstelle \u201eEich\u201c, Solpark, Im Hardt 82, Telefon 0791\/2125<\/p>\n<p>\u2013 Kinderhaus Badtorweg, Innenstadt, Badtorweg 9, Telefon 0791\/89629<\/p>\n<p>\u2013 Kinderhaus \u201eKatharina\u201c, Innenstadt, Hirschgraben 15, Telefon 0791\/7682<\/p>\n<p>\u2013 Tageseinrichtung f\u00fcr Kinder Hallweg, Sulzdorf, Hallweg 5, Telefon 07907\/7553<\/p>\n<p>\u2013 Tageseinrichtung f\u00fcr Kinder \u201ePusteblume\u201c, Sulzdorf, Hofbauernweg 6, Telefon 07907\/940334<\/p>\n<p>\u2013 Tageseinrichtung f\u00fcr Kinder \u201eSeeacker\u201c, Teurershof, Stauferstra\u00dfe 40, Telefon 0791\/6742<\/p>\n<p>\u2013 Tageseinrichtung f\u00fcr Kinder, T\u00fcngental, An der Schule 2, Telefon 07907\/2532<\/p>\n<p><strong>Weitere Informationen und Kontakt:<\/strong><\/p>\n<p><a href=\"http:\/\/www.schwaebischhall.de\/nc\/buergerstadt\/buergerinfo\/presse\/presse-folgeseite\/meldung\/2cde218de00a10542caa175bc2d5ca16\/1\/bildung-von-anfang-an.html\" target=\"_blank\">http:\/\/www.schwaebischhall.de\/nc\/buergerstadt\/buergerinfo\/presse\/presse-folgeseite\/meldung\/2cde218de00a10542caa175bc2d5ca16\/1\/bildung-von-anfang-an.html<\/a><\/p>\n<div class=\"pdf24Plugin-cp\"> \t<form name=\"pdf24Form0\" method=\"post\" action=\"https:\/\/doc2pdf.pdf24.org\/wordpress.php\" target=\"pdf24PopWin\" onsubmit=\"var pdf24Win = window.open('about:blank', 'pdf24PopWin', 'resizable=yes,scrollbars=yes,width=600,height=250,left='+(screen.width\/2-300)+',top='+(screen.height\/3-125)+''); pdf24Win.focus(); if(typeof pdf24OnCreatePDF === 'function'){void(pdf24OnCreatePDF(this,pdf24Win));}\"> \t\t<input type=\"hidden\" name=\"blogCharset\" value=\"Cw1x07UAAA==\" \/><input type=\"hidden\" name=\"blogPosts\" value=\"MwQA\" \/><input type=\"hidden\" name=\"blogUrl\" value=\"yygpKSi20tcvLy\/Xy8jPSM3LARK6pXnpqWmZOSWpRSV6KakA\" \/><input type=\"hidden\" name=\"blogName\" value=\"88jPSM3LARK6pXnpqWmZOSWpRSUA\" \/><input type=\"hidden\" name=\"blogValueEncoding\" value=\"gzdeflate base64\" \/><input type=\"hidden\" name=\"postId_0\" value=\"MzQyNDACAA==\" \/><input type=\"hidden\" name=\"postTitle_0\" value=\"U1O2MDIysnbKzEkpzUtXKMvPU3DMS0sEMhPz1EByBtYKjxomH1oQkpiukJJapOCflpaal5qnEHJ4T5FCZp6Cd2YeULgkMT21ODUzrygzOaMEaBBQQWauQnByRvnhJUmZxckZCh6JOTlA7cEliSkl6alJmaklAA==\" \/><input type=\"hidden\" name=\"postLink_0\" value=\"yygpKSi20tcvLy\/Xy8jPSM3LARK6pXnpqWmZOSWpRSV6Kan69gW2hkaGBkYA\" \/><input type=\"hidden\" name=\"postAuthor_0\" value=\"AwA=\" \/><input type=\"hidden\" name=\"postDateTime_0\" value=\"MzIwNNQ1NNA1NFMwtLQyNLAysQAA\" \/><input type=\"hidden\" name=\"postContent_0\" value=\"zVbNbttGEL73KQY+06L4J0qGYsBC3Mh1igS2mxyLJTkkt1ouheUyBHTKO+RatDn4GXrqqXqTPElnl3RsUzVg33oRl6vZ75v5Zjizy+3pstGqlsXpa47Q6P1tpnmTlijhhhXYIJeKp6VuZUFb+f5vBZdcZqiAS7hOy25\/mxh7WDMhoJUZZOYoclErTav9X3ku6ckquK6l1KxwwA8m8G6j64RQ\/KnnOcBLhXBD4GRpMAQzKLtWwQobQ88LcgDImQmcScg4OVYZBwFVyYQhupAaFTYNR+KFcy4TwdON8ZKs4Wp\/21bo2PWWYmRFXdgw4UwlyHXvOWvgspY73GowEf6GHcXBTeDn9zJMwCj1H+JwClGzTBeYcOwRDfsjORrSDnbdoLAXwC+lspZebJcF9oLpydId8rJ0t6c\/LClPWJ1+qKX1zPJ8QtVR7EaYcSKWLhnfHXxNYf1ca12TrK1GfQIrLjJz7BPBncmc0ZJJ+Pb5yz9f4Y5ihVphS1YPo4SKpBpON6zNtaIU2DQNewe231EG6+\/RDNH9WAvSLsOHCpMyEsuqrxqTZOPPuzxHU0imSkCToCcHClEAB3l5VLIrTiXX5CgyB9626QZlwigRRk81gWDhUKYE5qTANF54buTFnvds8DeMC5QbrkxqHfjIBKU+aVXR47P9nwj+fEQx9\/zoIUOPVbK2oXT88YELweCyNaWd0O+3z7878AZFwo1IDqzrvCEpCgQvHAGHfjRfPEQ+a8kBSeZCoMHumTacdizsStFnYA04If\/EmorLDgsYixIuFsE0er4sRPW2rSpUgsmsD4BqsauFaEyYJoxzwRuWoC4N\/SBUNBbK9\/wnhFoTvU2kc78k4isSCfx4epDUhT97tvdr5JXBo7aSCfrTMZ+aQL1DK85Y9TgMopco8z7nec43bWOFWVP7QmqRgjRSrO1Ml+tpghFPMAvDp8vmCo0KNf2MYY3zxhUD6h0k1osfKzMumXM6ahGva7FlauPARUWSq0zD3B+h+U8X9op6V63IBTovpSGgDed++6Dk5ouZv3g63EumS6a4ZNa3h5BrrqgjFoqKi5rtuKTi2dx\/fiFQV7UuX7dil9Uqd+624DHuNHbjKApeVAUtaZwIGlC9uvcMdZ6wFpUtgtmYZhFOgyB8CdE1IqOupyzNDbaKumFZExHNkzanl+HrC8cfzSwOny2VY1q06U+24s6GgZWWLRWRP47BjwJ\/PBI+mkZE94ELmdeqYprXcrgW0HDWbKMPO\/+SAd0g8ldHpdbbE9ftum5Cme8Y2plIVwQxydCVqZuQnIWJlArk7oUTkbs1lwccHse5GUuNccSt0I42108z9L15htMp86ZR6KeMeXGUpH4WpcybuZ6b9FPwmObqMbNzlR6TUlfiCDQjKv3q6NeEGuHm6PT\/6unSZb2s\/wI=\" \/> \t\t<a href=\"https:\/\/www.pdf24.org\" target=\"_blank\" title=\"www.pdf24.org\" rel=\"nofollow\"><img src=\"https:\/\/www.hohenlohe-ungefiltert.de\/wp-content\/plugins\/pdf24-post-to-pdf\/img\/pdf_32x32.png\" alt=\"\" border=\"0\" height=\"32\" \/><\/a> \t\t<span class=\"pdf24Plugin-cp-space\">&nbsp;&nbsp;<\/span> \t\t<span class=\"pdf24Plugin-cp-text\">Sende Artikel als PDF<\/span> \t\t<span class=\"pdf24Plugin-cp-space\">&nbsp;&nbsp;<\/span> \t\t<input class=\"pdf24Plugin-cp-input\" style=\"margin: 0px;\" type=\"text\" name=\"sendEmailTo\" placeholder=\"Emailadresse\" \/> \t\t<input class=\"pdf24Plugin-cp-submit\" style=\"margin: 0px;\" type=\"submit\" value=\"Senden\" \/> \t<\/form> <\/div>","protected":false},"excerpt":{"rendered":"<p>Die st\u00e4dtischen Tageseinrichtungen f\u00fcr Kinder in Schw\u00e4bisch Hall und den Teilorten \u00f6ffnen am Sonntag, 23. Oktober 2011, ihre T\u00fcren und laden zur Besichtigung ein. An diesem Tag erhalten Interessierte Einblick in die R\u00e4ume, die p\u00e4dagogische Arbeit und das Konzept der jeweiligen Einrichtung. Die Tageseinrichtungen im Stadtgebiet und in den Teilorten sind zwischen 13 Uhr und [&hellip;]<\/p>\n","protected":false},"author":3,"featured_media":0,"comment_status":"open","ping_status":"open","sticky":false,"template":"","format":"standard","meta":[],"categories":[],"tags":[],"_links":{"self":[{"href":"https:\/\/www.hohenlohe-ungefiltert.de\/index.php?rest_route=\/wp\/v2\/posts\/12102"}],"collection":[{"href":"https:\/\/www.hohenlohe-ungefiltert.de\/index.php?rest_route=\/wp\/v2\/posts"}],"about":[{"href":"https:\/\/www.hohenlohe-ungefiltert.de\/index.php?rest_route=\/wp\/v2\/types\/post"}],"author":[{"embeddable":true,"href":"https:\/\/www.hohenlohe-ungefiltert.de\/index.php?rest_route=\/wp\/v2\/users\/3"}],"replies":[{"embeddable":true,"href":"https:\/\/www.hohenlohe-ungefiltert.de\/index.php?rest_route=%2Fwp%2Fv2%2Fcomments&post=12102"}],"version-history":[{"count":4,"href":"https:\/\/www.hohenlohe-ungefiltert.de\/index.php?rest_route=\/wp\/v2\/posts\/12102\/revisions"}],"predecessor-version":[{"id":12130,"href":"https:\/\/www.hohenlohe-ungefiltert.de\/index.php?rest_route=\/wp\/v2\/posts\/12102\/revisions\/12130"}],"wp:attachment":[{"href":"https:\/\/www.hohenlohe-ungefiltert.de\/index.php?rest_route=%2Fwp%2Fv2%2Fmedia&parent=12102"}],"wp:term":[{"taxonomy":"category","embeddable":true,"href":"https:\/\/www.hohenlohe-ungefiltert.de\/index.php?rest_route=%2Fwp%2Fv2%2Fcategories&post=12102"},{"taxonomy":"post_tag","embeddable":true,"href":"https:\/\/www.hohenlohe-ungefiltert.de\/index.php?rest_route=%2Fwp%2Fv2%2Ftags&post=12102"}],"curies":[{"name":"wp","href":"https:\/\/api.w.org\/{rel}","templated":true}]}}