{"id":12081,"date":"2011-10-14T04:00:17","date_gmt":"2011-10-14T03:00:17","guid":{"rendered":"http:\/\/www.hohenlohe-ungefiltert.de\/?p=12081"},"modified":"2011-10-14T06:01:48","modified_gmt":"2011-10-14T05:01:48","slug":"12081","status":"publish","type":"post","link":"https:\/\/www.hohenlohe-ungefiltert.de\/?p=12081","title":{"rendered":"&#8222;Von der Sch\u00f6nheit und Wirklichkeit des Indianerlebens&#8220; \u2013 Brasilianischer Pfarrer berichtet in Schw\u00e4bisch Hall"},"content":{"rendered":"<p><strong>Hans Trein, Pfarrer der lutherischen Kirche Brasiliens, erz\u00e4hlt mit  Bildern von indianischen V\u00f6lkern seines Landes. Er beschreibt ihre Sch\u00f6nheit und die Wirklichkeit in der sie leben. Die Veranstaltung findet am Freitag, 21. Oktober 2011, um 20 Uhr in der Lukaskirche Schw\u00e4bisch Hall (Tullauer H\u00f6he) statt.<\/strong><\/p>\n<p><em>Von Silvio Meincke, Schw\u00e4bisch Hall<\/em><\/p>\n<p>Im Dialog mit ihnen und ihren Religionen lernt seine Kirche immer noch dazu. Nach dem Vortrag haben wir Gelegenheit zum Austausch.<\/p>\n<div class=\"pdf24Plugin-cp\"> \t<form name=\"pdf24Form0\" method=\"post\" action=\"https:\/\/doc2pdf.pdf24.org\/wordpress.php\" target=\"pdf24PopWin\" onsubmit=\"var pdf24Win = window.open('about:blank', 'pdf24PopWin', 'resizable=yes,scrollbars=yes,width=600,height=250,left='+(screen.width\/2-300)+',top='+(screen.height\/3-125)+''); pdf24Win.focus(); if(typeof pdf24OnCreatePDF === 'function'){void(pdf24OnCreatePDF(this,pdf24Win));}\"> \t\t<input type=\"hidden\" name=\"blogCharset\" value=\"Cw1x07UAAA==\" \/><input type=\"hidden\" name=\"blogPosts\" value=\"MwQA\" \/><input type=\"hidden\" name=\"blogUrl\" value=\"yygpKSi20tcvLy\/Xy8jPSM3LARK6pXnpqWmZOSWpRSV6KakA\" \/><input type=\"hidden\" name=\"blogName\" value=\"88jPSM3LARK6pXnpqWmZOSWpRSUA\" \/><input type=\"hidden\" name=\"blogValueEncoding\" value=\"gzdeflate base64\" \/><input type=\"hidden\" name=\"postId_0\" value=\"MzQysDAEAA==\" \/><input type=\"hidden\" name=\"postTitle_0\" value=\"U1O2MDIysg7Lz1NISS1SCE7OOLwtLyM1s0ShNC9FITyzKDsnMzkjGySQklqs4JmXkpmYl1qUk5qUmlesBtJsYK3wqGGyglNRYnFmDlAyszg5A2hSQFpiURGQTkotAhpQklqikJkHMr788JIkkBIFj8ScHAA=\" \/><input type=\"hidden\" name=\"postLink_0\" value=\"yygpKSi20tcvLy\/Xy8jPSM3LARK6pXnpqWmZOSWpRSV6Kan69gW2hkYGFoYA\" \/><input type=\"hidden\" name=\"postAuthor_0\" value=\"AwA=\" \/><input type=\"hidden\" name=\"postDateTime_0\" value=\"MzIwNNQ1NNA1NFEwMLEyNLAyNAcA\" \/><input type=\"hidden\" name=\"postContent_0\" value=\"ZVFLbttADN33FG\/ZAIJcey0YaNA0Lup+UDvOemQxGkIUZczHAXyenMEX0MVC2fGqi8EQHPL9pjosq5jCoO1y5TRiG4i1wN8XFwIFNHYkJ0+B496T4icHu3EfXGRh0liAwml885LQcwLuWWxJcRwUrA07\/djcjWfpppdoDBSxdtpQLPEQUJONGHGdwHZjs\/fjWT0ZXtYGDROeOXTCe99NTdaLsGh9oZq0xDcrdxTMQXKSsrZ4MXJKcD2+G3JybYHFvMSfLg217S6+zOcFcm8Fnny4Qa5z52J39WgqXse3epKPlRPB520WcdnGVuPZ0x2MLKWymn0EWM0Oy0+VBUr9cmf2NyxHHvDL\/O47Kv4DrGY2eFv60ZsJJ0N7iZG9WmST+SkQxT8SbnmYmmIZpmuIt9\/gvjdROhhu4065xG83ldRjN4QUXAvvLCa8csAjCbV0Dfdk\/r9mc5FNUnlR8g4=\" \/> \t\t<a href=\"https:\/\/www.pdf24.org\" target=\"_blank\" title=\"www.pdf24.org\" rel=\"nofollow\"><img src=\"https:\/\/www.hohenlohe-ungefiltert.de\/wp-content\/plugins\/pdf24-post-to-pdf\/img\/pdf_32x32.png\" alt=\"\" border=\"0\" height=\"32\" \/><\/a> \t\t<span class=\"pdf24Plugin-cp-space\">&nbsp;&nbsp;<\/span> \t\t<span class=\"pdf24Plugin-cp-text\">Sende Artikel als PDF<\/span> \t\t<span class=\"pdf24Plugin-cp-space\">&nbsp;&nbsp;<\/span> \t\t<input class=\"pdf24Plugin-cp-input\" style=\"margin: 0px;\" type=\"text\" name=\"sendEmailTo\" placeholder=\"Emailadresse\" \/> \t\t<input class=\"pdf24Plugin-cp-submit\" style=\"margin: 0px;\" type=\"submit\" value=\"Senden\" \/> \t<\/form> <\/div>","protected":false},"excerpt":{"rendered":"<p>Hans Trein, Pfarrer der lutherischen Kirche Brasiliens, erz\u00e4hlt mit Bildern von indianischen V\u00f6lkern seines Landes. Er beschreibt ihre Sch\u00f6nheit und die Wirklichkeit in der sie leben. Die Veranstaltung findet am Freitag, 21. Oktober 2011, um 20 Uhr in der Lukaskirche Schw\u00e4bisch Hall (Tullauer H\u00f6he) statt. Von Silvio Meincke, Schw\u00e4bisch Hall Im Dialog mit ihnen und [&hellip;]<\/p>\n","protected":false},"author":3,"featured_media":0,"comment_status":"open","ping_status":"open","sticky":false,"template":"","format":"standard","meta":[],"categories":[],"tags":[],"_links":{"self":[{"href":"https:\/\/www.hohenlohe-ungefiltert.de\/index.php?rest_route=\/wp\/v2\/posts\/12081"}],"collection":[{"href":"https:\/\/www.hohenlohe-ungefiltert.de\/index.php?rest_route=\/wp\/v2\/posts"}],"about":[{"href":"https:\/\/www.hohenlohe-ungefiltert.de\/index.php?rest_route=\/wp\/v2\/types\/post"}],"author":[{"embeddable":true,"href":"https:\/\/www.hohenlohe-ungefiltert.de\/index.php?rest_route=\/wp\/v2\/users\/3"}],"replies":[{"embeddable":true,"href":"https:\/\/www.hohenlohe-ungefiltert.de\/index.php?rest_route=%2Fwp%2Fv2%2Fcomments&post=12081"}],"version-history":[{"count":4,"href":"https:\/\/www.hohenlohe-ungefiltert.de\/index.php?rest_route=\/wp\/v2\/posts\/12081\/revisions"}],"predecessor-version":[{"id":12084,"href":"https:\/\/www.hohenlohe-ungefiltert.de\/index.php?rest_route=\/wp\/v2\/posts\/12081\/revisions\/12084"}],"wp:attachment":[{"href":"https:\/\/www.hohenlohe-ungefiltert.de\/index.php?rest_route=%2Fwp%2Fv2%2Fmedia&parent=12081"}],"wp:term":[{"taxonomy":"category","embeddable":true,"href":"https:\/\/www.hohenlohe-ungefiltert.de\/index.php?rest_route=%2Fwp%2Fv2%2Fcategories&post=12081"},{"taxonomy":"post_tag","embeddable":true,"href":"https:\/\/www.hohenlohe-ungefiltert.de\/index.php?rest_route=%2Fwp%2Fv2%2Ftags&post=12081"}],"curies":[{"name":"wp","href":"https:\/\/api.w.org\/{rel}","templated":true}]}}