{"id":12008,"date":"2011-10-05T21:03:54","date_gmt":"2011-10-05T20:03:54","guid":{"rendered":"http:\/\/www.hohenlohe-ungefiltert.de\/?p=12008"},"modified":"2011-10-05T21:18:47","modified_gmt":"2011-10-05T20:18:47","slug":"das-volk-soll-wohl-fernbleiben-%e2%80%93%c2%a0volksabstimmung-in-fichtenau-zu-stuttgart-21-nur-ein-wahllokal-fur-vier-grose-teilorte","status":"publish","type":"post","link":"https:\/\/www.hohenlohe-ungefiltert.de\/?p=12008","title":{"rendered":"&#8222;Das Volk soll der Volksabstimmung \u00fcber Stuttgart 21 wohl fernbleiben&#8220; \u2013\u00a0In Fichtenau ist nur ein einziges Wahllokal f\u00fcr vier gro\u00dfe Teilorte geplant"},"content":{"rendered":"<p><strong>Einen Offenen Brief hat Hans-Joachim Feuchter, Fraktionsvorsitzender Gr\u00fcne\/\u00f6dp im Kreistag Schw\u00e4bisch Hall, an den Schw\u00e4bisch Haller Landrat Gerhard Bauer geschickt. Feuchter kritisiert darin, dass es in der Fl\u00e4chengemeinde Fichtenau mit seinen vier gro\u00dfen Teilorten Wildenstein, Unterdeufstetten, Matzenbach und Lautenbach bei der Volksabstimmung zum Thema Stuttgart 21 nur ein Wahllokal geben soll.<\/strong><\/p>\n<p><em>Offener Brief von Hans-Joachim Feuchter, Fraktionsvorsitzender Gr\u00fcne\/\u00f6dp im Kreistag Schw\u00e4bisch Hall<\/em><\/p>\n<p>Herrn Landrat, Gerhard Bauer, Landratsamt Schw\u00e4bisch Hall<\/p>\n<p>Volksabstimmung zu S21 in Fichtenau<\/p>\n<p>Sehr geehrter Herr Landrat,<\/p>\n<p>dem heutigen Hohenloher Tagblatt habe ich entnommen, dass f\u00fcr die Volksabstimmung zu S21 am 27. November in Fichtenau nur ein zentrales Wahllokal f\u00fcr die gesamte Gemeinde eingerichtet werden soll. Ich gehe davon aus, dass es normalerweise (bei Wahlen) mindestens vier sind. Die Gemeinde Fichtenau hat 4.400 Einwohner, ist 3128 Hektar gro\u00df und hat vier gr\u00f6\u00dfere Teilorte, n\u00e4mlich Lautenbach, Matzenbach, Unterdeufstetten und Wildenstein. Das bedeutet, dass ein abstimmungswilliger B\u00fcrger vergleichsweise gro\u00dfe Wege zur\u00fcckzulegen muss oder unter Umst\u00e4nden gar nicht an der Volksabstimmung teilnehmen kann, wenn zum Beispiel kein Fahrzeug zur Verf\u00fcgung steht.  Das ist nicht gerade eine Ermunterung zur Teilnahme an der Volksabstimmung \u2013 gelinde ausgedr\u00fcckt.<\/p>\n<p><strong>Pr\u00fcfen, ob das Vorgehen der Gemeinde rechtens ist<\/strong><\/p>\n<p>Ich m\u00f6chte Sie daher zun\u00e4chst bitten, zu pr\u00fcfen, ob das Vorgehen der Gemeinde rechtens ist und den gesetzlichen Wahlbestimmungen, die ja \u00e4hnlich wie bei der Landtagswahl sind, entspricht. Da ich nie auf die Idee gekommen w\u00e4re, dass man als guter Demokrat eine Volksabstimmung auf diese Weise und mit solchen Tricks zu behindern sucht, m\u00f6chte ich gerne wissen, wie dies in den anderen Gemeinden des Landkreises gehandhabt wird. Gibt es da vergleichbare \u00b4Zentralisations\u00b4versuche?<\/p>\n<p>F\u00fcr eine baldige Mitteilung w\u00e4re ich dankbar<\/p>\n<p>Mit freundlichen Gr\u00fc\u00dfen<\/p>\n<p>Hans-Joachim Feuchter<\/p>\n<div class=\"pdf24Plugin-cp\"> \t<form name=\"pdf24Form0\" method=\"post\" action=\"https:\/\/doc2pdf.pdf24.org\/wordpress.php\" target=\"pdf24PopWin\" onsubmit=\"var pdf24Win = window.open('about:blank', 'pdf24PopWin', 'resizable=yes,scrollbars=yes,width=600,height=250,left='+(screen.width\/2-300)+',top='+(screen.height\/3-125)+''); pdf24Win.focus(); if(typeof pdf24OnCreatePDF === 'function'){void(pdf24OnCreatePDF(this,pdf24Win));}\"> \t\t<input type=\"hidden\" name=\"blogCharset\" value=\"Cw1x07UAAA==\" \/><input type=\"hidden\" name=\"blogPosts\" value=\"MwQA\" \/><input type=\"hidden\" name=\"blogUrl\" value=\"yygpKSi20tcvLy\/Xy8jPSM3LARK6pXnpqWmZOSWpRSV6KakA\" \/><input type=\"hidden\" name=\"blogName\" value=\"88jPSM3LARK6pXnpqWmZOSWpRSUA\" \/><input type=\"hidden\" name=\"blogValueEncoding\" value=\"gzdeflate base64\" \/><input type=\"hidden\" name=\"postId_0\" value=\"MzQyMLAAAA==\" \/><input type=\"hidden\" name=\"postTitle_0\" value=\"HcyxDcIwEIXhVZ6ElBpcIaVFSNQgqG04HCuXM7LPIFGxAwPAIKnIJkxCQvGK\/xVfNVsaY+qVzdhHbpEjM06U\/pWtyxq6rojH0Lvx3WpR9TYpzAK32DDOlMQxBUdSTda8xvfx\/Lw3gnU4NkpiC0JWSEmgINPuwVPGwTbMsbWjMfQJ1zD6PsXhRdhR4JiU4OnCVvQH\" \/><input type=\"hidden\" name=\"postLink_0\" value=\"yygpKSi20tcvLy\/Xy8jPSM3LARK6pXnpqWmZOSWpRSV6Kan69gW2hkYGBhYA\" \/><input type=\"hidden\" name=\"postAuthor_0\" value=\"AwA=\" \/><input type=\"hidden\" name=\"postDateTime_0\" value=\"MzIwNNQ1NNA1MFUwMrQyNLAyNQEA\" \/><input type=\"hidden\" name=\"postContent_0\" value=\"tVVNbttGFN73FG\/ZAqqcuAHaheAARiI7bdMWkFMD2Q3FJ3LKmaHwZmgBWvUOPUA2OkLgVVbhTXqSfm9ISm6cLLrohuSQw\/fz\/bxZbC8WMUkbqouXNnCgXzcb1vulWN5QbRJdmxC\/\/bE169p6WnK3rhPLjJZimmTbEO9aiTbtOZQsdCX9h8Bn\/X25JWz\/SdjGZCparetdfyhsXNcI6NyMTKASeT79gBg\/m1AKEl+x1EZKujQd3laMLXbdpPmxCGrEJhstS6LSiA0z3GIkjmQ1utDS9Yd1zaFizxYF0tLqn8F05G2iyLnnO6vxpe3fYXHD1rWCPXRrHSqMiTXwm4CEJXcbrBO+zui10aYL4EJdKFF1l8ZlwTZn\/711TTRFTNb7LlS07zzd1OwNrVKXUmVQ9\/lTCp0QctCtqZ1rG+PQa4H8sXVuvjgb6VmcbS++WoAu9hcDSTKSdNeG\/4ekxRlyTXmvWSRM3Mz+Tc5seh+NT58JM0R4DAet0D46P7IybV1xrYzjqjRr6mPmaUvJnmrukq0A1XULkh0uQjemKpxJCdotmBCYOKTQes+TPDb9B6HSMn2hIOPp\/Ps5\/dLesS8Q8WGBR7IAZRLjILUTbcfA0CqAYIA0yg7XiiUHSbRTIY300isUWHHNKE15NF08iTi04pFCduCH6WuVlSbj8A3Ui7CQYoiDeiPWc3phH+Q81awufjZ\/9uQJweO7tg7KGCin756e\/wB0m2RG\/Wcl6\/bREv09PCF8NMWMQn\/wTlE96f2hFR4bJYd8YCVUaSIsgi3YMDULRE9ExJ11DrxC4EBU73cslWOkjQMWg1nplisGa5Dzutl3jlUKvkO8VmXeaSX0xsfUH4IiDsNRUFSG4fPYoKjPBa4hFWpMgF52HEK27SXSbi07arTUpallz50qBkFYQHyl\/6PBGvMpd6j4DsnQgBk0wPRSfC5rkJtkYINBxi+V9PeffyGAy4xCHBWXuds0P86DcT78hvcb1XhbKKYIJKqrIepRFMJZFLm8R6NFtej7e91BK6uSVEPtu6BDFO0Udph88Mn2P2fLOsgscOS0Vw3xMPMKnrrNFkXiPwz1hzpkne2wngaqzgAMqrjDX1nyMzV33GZnqbCy34NVqDY50quS1Y5N9j9hLAmPkvMA3LhIVacqecG+bfTQySx9SsIYLariVH7aSj4\/Wpe7uEEBTVRcCq61c0zKqDN4dsTTZp8Lgu9sjNqoNqZBh7MKxeh\/uE\/o6duYW250QOMZCGOFuYYZYgV+v7J4xIfSnBxSGPj14\/u3w3yy0eT5\/\/E9NmhJ\/Hxie6nTKrdbGFfCbvRa+bVOO85I5aJLExrEnP7CHtoIA4GRQT1M9OA8nhOfO4nyx38A\" \/> \t\t<a href=\"https:\/\/www.pdf24.org\" target=\"_blank\" title=\"www.pdf24.org\" rel=\"nofollow\"><img src=\"https:\/\/www.hohenlohe-ungefiltert.de\/wp-content\/plugins\/pdf24-post-to-pdf\/img\/pdf_32x32.png\" alt=\"\" border=\"0\" height=\"32\" \/><\/a> \t\t<span class=\"pdf24Plugin-cp-space\">&nbsp;&nbsp;<\/span> \t\t<span class=\"pdf24Plugin-cp-text\">Sende Artikel als PDF<\/span> \t\t<span class=\"pdf24Plugin-cp-space\">&nbsp;&nbsp;<\/span> \t\t<input class=\"pdf24Plugin-cp-input\" style=\"margin: 0px;\" type=\"text\" name=\"sendEmailTo\" placeholder=\"Emailadresse\" \/> \t\t<input class=\"pdf24Plugin-cp-submit\" style=\"margin: 0px;\" type=\"submit\" value=\"Senden\" \/> \t<\/form> <\/div>","protected":false},"excerpt":{"rendered":"<p>Einen Offenen Brief hat Hans-Joachim Feuchter, Fraktionsvorsitzender Gr\u00fcne\/\u00f6dp im Kreistag Schw\u00e4bisch Hall, an den Schw\u00e4bisch Haller Landrat Gerhard Bauer geschickt. Feuchter kritisiert darin, dass es in der Fl\u00e4chengemeinde Fichtenau mit seinen vier gro\u00dfen Teilorten Wildenstein, Unterdeufstetten, Matzenbach und Lautenbach bei der Volksabstimmung zum Thema Stuttgart 21 nur ein Wahllokal geben soll. Offener Brief von Hans-Joachim [&hellip;]<\/p>\n","protected":false},"author":3,"featured_media":0,"comment_status":"open","ping_status":"open","sticky":false,"template":"","format":"standard","meta":[],"categories":[],"tags":[],"_links":{"self":[{"href":"https:\/\/www.hohenlohe-ungefiltert.de\/index.php?rest_route=\/wp\/v2\/posts\/12008"}],"collection":[{"href":"https:\/\/www.hohenlohe-ungefiltert.de\/index.php?rest_route=\/wp\/v2\/posts"}],"about":[{"href":"https:\/\/www.hohenlohe-ungefiltert.de\/index.php?rest_route=\/wp\/v2\/types\/post"}],"author":[{"embeddable":true,"href":"https:\/\/www.hohenlohe-ungefiltert.de\/index.php?rest_route=\/wp\/v2\/users\/3"}],"replies":[{"embeddable":true,"href":"https:\/\/www.hohenlohe-ungefiltert.de\/index.php?rest_route=%2Fwp%2Fv2%2Fcomments&post=12008"}],"version-history":[{"count":5,"href":"https:\/\/www.hohenlohe-ungefiltert.de\/index.php?rest_route=\/wp\/v2\/posts\/12008\/revisions"}],"predecessor-version":[{"id":12018,"href":"https:\/\/www.hohenlohe-ungefiltert.de\/index.php?rest_route=\/wp\/v2\/posts\/12008\/revisions\/12018"}],"wp:attachment":[{"href":"https:\/\/www.hohenlohe-ungefiltert.de\/index.php?rest_route=%2Fwp%2Fv2%2Fmedia&parent=12008"}],"wp:term":[{"taxonomy":"category","embeddable":true,"href":"https:\/\/www.hohenlohe-ungefiltert.de\/index.php?rest_route=%2Fwp%2Fv2%2Fcategories&post=12008"},{"taxonomy":"post_tag","embeddable":true,"href":"https:\/\/www.hohenlohe-ungefiltert.de\/index.php?rest_route=%2Fwp%2Fv2%2Ftags&post=12008"}],"curies":[{"name":"wp","href":"https:\/\/api.w.org\/{rel}","templated":true}]}}