{"id":11997,"date":"2011-10-05T18:33:33","date_gmt":"2011-10-05T17:33:33","guid":{"rendered":"http:\/\/www.hohenlohe-ungefiltert.de\/?p=11997"},"modified":"2011-10-10T06:01:34","modified_gmt":"2011-10-10T05:01:34","slug":"kultusministerin-warminski-leitheuser-spd-spricht-in-crailsheim-uber-die-zukunft-des-bildungsbereichs","status":"publish","type":"post","link":"https:\/\/www.hohenlohe-ungefiltert.de\/?p=11997","title":{"rendered":"&#8222;\u00dcber die Zukunft des Bildungsbereichs in Baden-W\u00fcrttemberg&#8220; \u2013 Kultusministerin Warminski-Leitheu\u00dfer (SPD) spricht in Crailsheim"},"content":{"rendered":"<p><strong>\u00dcber die Zukunft des Bildungsbereichs in Baden-W\u00fcrttemberg spricht Kultusministerin Gabriele Warminski-Leitheu\u00dfer (SPD) am Freitag, 28. Oktober 2011, ab 19 Uhr, im Crailsheimer Ratssaal. Anschlie\u00dfend beantwortet sie Fragen. Interessierte sind eingeladen. Der Eintritt ist frei.<\/strong><\/p>\n<p><em>Von der Stadtverwaltung Crailsheim<\/em><\/p>\n<p><strong>Informationen im Internet \u00fcber Kultusministerin Gabriele Warminski-Leitheu\u00dfer:<\/strong><\/p>\n<p><a href=\"http:\/\/de.wikipedia.org\/wiki\/Gabriele_Warminski-Leitheu\u00dfer\" target=\"_blank\">http:\/\/de.wikipedia.org\/wiki\/Gabriele_Warminski-Leitheu\u00dfer<\/a><\/p>\n<p><a href=\"http:\/\/www.kultusportal-bw.de\/servlet\/PB\/menu\/1210334\/index.html?ROOT=1146607\" target=\"_blank\">http:\/\/www.kultusportal-bw.de\/servlet\/PB\/menu\/1210334\/index.html?ROOT=1146607<\/a><\/p>\n<p><a href=\"http:\/\/www.warumspd.de\/cms\/we_dokumente\/pdf\/Gabriele_Warminski-Leitheusser_im_TEAM_SCHMID_fuer_Baden-Wuerttenberg2.pdf\" target=\"_blank\">http:\/\/www.warumspd.de\/cms\/we_dokumente\/pdf\/Gabriele_Warminski-Leitheusser_im_TEAM_SCHMID_fuer_Baden-Wuerttenberg2.pdf<\/a><\/p>\n<p><a href=\"http:\/\/www.spd-bw.de\/index.php?mod=content&amp;menu=12901&amp;page_id=16363\" target=\"_blank\">http:\/\/www.spd-bw.de\/index.php?mod=content&amp;menu=12901&amp;page_id=16363<\/a><\/p>\n<p><a href=\"http:\/\/www.stuttgarter-zeitung.de\/inhalt.warminski-leitheusser-kultusministerin-mit-grosser-wunschliste.c7050bff-3b60-4bed-9130-e05e44408d4b.html\" target=\"_blank\">http:\/\/www.stuttgarter-zeitung.de\/inhalt.warminski-leitheusser-kultusministerin-mit-grosser-wunschliste.c7050bff-3b60-4bed-9130-e05e44408d4b.html<\/a><\/p>\n<p><a href=\"http:\/\/www.dradio.de\/dlf\/sendungen\/campus\/1558350\/\" target=\"_blank\">http:\/\/www.dradio.de\/dlf\/sendungen\/campus\/1558350\/<\/a><\/p>\n<p><a href=\"http:\/\/www.faz.net\/aktuell\/politik\/portraets-personalien\/gabriele-warminski-leitheusser-strebsam-im-pisa-musterlaendle-1636514.html\" target=\"_blank\">http:\/\/www.faz.net\/aktuell\/politik\/portraets-personalien\/gabriele-warminski-leitheusser-strebsam-im-pisa-musterlaendle-1636514.html<\/a><\/p>\n<p><a href=\"http:\/\/www.mannheim.de\/nachrichten\/warminski-leitheusser-kultusministerin-berufen\" target=\"_blank\">http:\/\/www.mannheim.de\/nachrichten\/warminski-leitheusser-kultusministerin-berufen<\/a><\/p>\n<p><a href=\"http:\/\/www.stuttgarter-nachrichten.de\/inhalt.warminski-leitheusser-ministerin-sagt-unterrichtsausfall-den-kampf-an.1497725d-f4f4-41ae-a3c5-36a721e75b9b.html\" target=\"_blank\">http:\/\/www.stuttgarter-nachrichten.de\/inhalt.warminski-leitheusser-ministerin-sagt-unterrichtsausfall-den-kampf-an.1497725d-f4f4-41ae-a3c5-36a721e75b9b.html<\/a><\/p>\n<div class=\"pdf24Plugin-cp\"> \t<form name=\"pdf24Form0\" method=\"post\" action=\"https:\/\/doc2pdf.pdf24.org\/wordpress.php\" target=\"pdf24PopWin\" onsubmit=\"var pdf24Win = window.open('about:blank', 'pdf24PopWin', 'resizable=yes,scrollbars=yes,width=600,height=250,left='+(screen.width\/2-300)+',top='+(screen.height\/3-125)+''); pdf24Win.focus(); if(typeof pdf24OnCreatePDF === 'function'){void(pdf24OnCreatePDF(this,pdf24Win));}\"> \t\t<input type=\"hidden\" name=\"blogCharset\" value=\"Cw1x07UAAA==\" \/><input type=\"hidden\" name=\"blogPosts\" value=\"MwQA\" \/><input type=\"hidden\" name=\"blogUrl\" value=\"yygpKSi20tcvLy\/Xy8jPSM3LARK6pXnpqWmZOSWpRSV6KakA\" \/><input type=\"hidden\" name=\"blogName\" value=\"88jPSM3LARK6pXnpqWmZOSWpRSUA\" \/><input type=\"hidden\" name=\"blogValueEncoding\" value=\"gzdeflate base64\" \/><input type=\"hidden\" name=\"postId_0\" value=\"MzS0tDQHAA==\" \/><input type=\"hidden\" name=\"postTitle_0\" value=\"FY0xCgIxEEWvMiAsWixIKmG71U4LwWLBLppxM2wSlsyk9w62ghexy008ibPl533ea1Y7Y0xX3zfM4AjhWqaSHgIOGXoKrqSRlSHdPQMl6K3D1A71m0UwKhmbRbHt4Pd8wbEEKRwpEQtmvQ826+KJ2hOSeCz1o6H15XzYAM9ZrbJY99lSYI8U\/w==\" \/><input type=\"hidden\" name=\"postLink_0\" value=\"yygpKSi20tcvLy\/Xy8jPSM3LARK6pXnpqWmZOSWpRSV6Kan69gW2hoaWluYA\" \/><input type=\"hidden\" name=\"postAuthor_0\" value=\"AwA=\" \/><input type=\"hidden\" name=\"postDateTime_0\" value=\"MzIwNNQ1NNA1MFUwtLAyNLAyNgYA\" \/><input type=\"hidden\" name=\"postContent_0\" value=\"zVXRbts2FH3fVxB5GDYgFCVbsuPOdtE07RZsRYqmW4G9GFfmlUSIpASSqoZ+y4D9SN\/yY7t0vC7YWrtBi61vEi95eM4hz+WyXy99cJ2t1ze\/l+iYVMh+HdrBVoFJ9OxcaTnY2lMN1bbxTFl2DhItf3Xz1oWAhio1872jamA\/DjoM3iirfEBHc7+H0inUyF6Bo2HfKv4TqtDgcPMHbffN9fOLbxkY9pTgA9SnbHKWsKs2dJHMJM2yUwYlyxbs58adMmXYYwdK+waVoQkvIHgPoBP2yPptoxUSqpWsRLBh7FzAwDwpeuqgRpuwS0us0NMQlahCU1HZGnVUlLALgnyibHAqBEYKWEWskqXYO7QU\/fqrJTmGZv1LZ8kfx64DyPAa3Qgk3NZ36C0FTXu3ZA9xaavOGQiqs2ijnB0jSzRv3kbF9\/Tvwb+5AWscVquTJoT+gRASk1G1qkepIOlcLeKf+At1817UExbA1RhWJ5tSg21P1p8AthTwQXLjOCbtTnFPZwWal2MiUXh0rzUG8fxcGLSDyCZZOp3mgo4Lf0uaYPTDF1dXL1dZls9m6fyDdD8P\/DEBI7jB+F5G6K3xYsSN7NqBoAOKXlYH\/PFEZaPM5uWTR882149\/eHZ5sakGGtsnjD4pYTYmbJIQ1EGl\/yGPY5YQi73Xt572Tf\/QdHK17YiLDV+D6b+L1q+yySLNdr89BXSj5CqbTWfTgzo\/Ffwo+TCEUAM1CMffkD+U6tvNGop4dHnvnf7bO97+I7bcqMBr1+2K43Dbm6iUbOdpkZZVxaflLOV5iZIvsmnKMS0wz\/P0TObl7goetuCLoHjMSOlAqi4Sk7qi1Nn4kKAVWzqSwYusKM6mRSoOKv1IjGNUKniTUJMV0IYBtRZ9p1VQrYh9wQEGz3t0vrNAL4gV9T4o\/P1OUsfF0oPhyvBeeeBmiJZqIHa0KF6yIsuPn+L\/ReqYWQasjQ9YdN3Cttm97MTgI+8VdYmhQntQ+ufZ4j5JvrPL0ajc2clDHfgQ3+jdYg+Dr0BrHttiS3ew4mCTLF\/M55NC8iqvcp5ngBym24JPZzCfZDgvysU9Q\/1FsH1n758=\" \/> \t\t<a href=\"https:\/\/www.pdf24.org\" target=\"_blank\" title=\"www.pdf24.org\" rel=\"nofollow\"><img src=\"https:\/\/www.hohenlohe-ungefiltert.de\/wp-content\/plugins\/pdf24-post-to-pdf\/img\/pdf_32x32.png\" alt=\"\" border=\"0\" height=\"32\" \/><\/a> \t\t<span class=\"pdf24Plugin-cp-space\">&nbsp;&nbsp;<\/span> \t\t<span class=\"pdf24Plugin-cp-text\">Sende Artikel als PDF<\/span> \t\t<span class=\"pdf24Plugin-cp-space\">&nbsp;&nbsp;<\/span> \t\t<input class=\"pdf24Plugin-cp-input\" style=\"margin: 0px;\" type=\"text\" name=\"sendEmailTo\" placeholder=\"Emailadresse\" \/> \t\t<input class=\"pdf24Plugin-cp-submit\" style=\"margin: 0px;\" type=\"submit\" value=\"Senden\" \/> \t<\/form> <\/div>","protected":false},"excerpt":{"rendered":"<p>\u00dcber die Zukunft des Bildungsbereichs in Baden-W\u00fcrttemberg spricht Kultusministerin Gabriele Warminski-Leitheu\u00dfer (SPD) am Freitag, 28. Oktober 2011, ab 19 Uhr, im Crailsheimer Ratssaal. Anschlie\u00dfend beantwortet sie Fragen. Interessierte sind eingeladen. Der Eintritt ist frei. Von der Stadtverwaltung Crailsheim Informationen im Internet \u00fcber Kultusministerin Gabriele Warminski-Leitheu\u00dfer: http:\/\/de.wikipedia.org\/wiki\/Gabriele_Warminski-Leitheu\u00dfer http:\/\/www.kultusportal-bw.de\/servlet\/PB\/menu\/1210334\/index.html?ROOT=1146607 http:\/\/www.warumspd.de\/cms\/we_dokumente\/pdf\/Gabriele_Warminski-Leitheusser_im_TEAM_SCHMID_fuer_Baden-Wuerttenberg2.pdf http:\/\/www.spd-bw.de\/index.php?mod=content&amp;menu=12901&amp;page_id=16363 http:\/\/www.stuttgarter-zeitung.de\/inhalt.warminski-leitheusser-kultusministerin-mit-grosser-wunschliste.c7050bff-3b60-4bed-9130-e05e44408d4b.html http:\/\/www.dradio.de\/dlf\/sendungen\/campus\/1558350\/ http:\/\/www.faz.net\/aktuell\/politik\/portraets-personalien\/gabriele-warminski-leitheusser-strebsam-im-pisa-musterlaendle-1636514.html http:\/\/www.mannheim.de\/nachrichten\/warminski-leitheusser-kultusministerin-berufen http:\/\/www.stuttgarter-nachrichten.de\/inhalt.warminski-leitheusser-ministerin-sagt-unterrichtsausfall-den-kampf-an.1497725d-f4f4-41ae-a3c5-36a721e75b9b.html &nbsp;&nbsp; [&hellip;]<\/p>\n","protected":false},"author":3,"featured_media":0,"comment_status":"open","ping_status":"open","sticky":false,"template":"","format":"standard","meta":[],"categories":[],"tags":[],"_links":{"self":[{"href":"https:\/\/www.hohenlohe-ungefiltert.de\/index.php?rest_route=\/wp\/v2\/posts\/11997"}],"collection":[{"href":"https:\/\/www.hohenlohe-ungefiltert.de\/index.php?rest_route=\/wp\/v2\/posts"}],"about":[{"href":"https:\/\/www.hohenlohe-ungefiltert.de\/index.php?rest_route=\/wp\/v2\/types\/post"}],"author":[{"embeddable":true,"href":"https:\/\/www.hohenlohe-ungefiltert.de\/index.php?rest_route=\/wp\/v2\/users\/3"}],"replies":[{"embeddable":true,"href":"https:\/\/www.hohenlohe-ungefiltert.de\/index.php?rest_route=%2Fwp%2Fv2%2Fcomments&post=11997"}],"version-history":[{"count":6,"href":"https:\/\/www.hohenlohe-ungefiltert.de\/index.php?rest_route=\/wp\/v2\/posts\/11997\/revisions"}],"predecessor-version":[{"id":12000,"href":"https:\/\/www.hohenlohe-ungefiltert.de\/index.php?rest_route=\/wp\/v2\/posts\/11997\/revisions\/12000"}],"wp:attachment":[{"href":"https:\/\/www.hohenlohe-ungefiltert.de\/index.php?rest_route=%2Fwp%2Fv2%2Fmedia&parent=11997"}],"wp:term":[{"taxonomy":"category","embeddable":true,"href":"https:\/\/www.hohenlohe-ungefiltert.de\/index.php?rest_route=%2Fwp%2Fv2%2Fcategories&post=11997"},{"taxonomy":"post_tag","embeddable":true,"href":"https:\/\/www.hohenlohe-ungefiltert.de\/index.php?rest_route=%2Fwp%2Fv2%2Ftags&post=11997"}],"curies":[{"name":"wp","href":"https:\/\/api.w.org\/{rel}","templated":true}]}}