{"id":11994,"date":"2011-10-05T20:50:39","date_gmt":"2011-10-05T19:50:39","guid":{"rendered":"http:\/\/www.hohenlohe-ungefiltert.de\/?p=11994"},"modified":"2011-10-05T21:19:27","modified_gmt":"2011-10-05T20:19:27","slug":"moglichst-viele-menschen-dazu-bewegen-gegen-stuttgart-21-zu-stimmen-%e2%80%93-besprechung-am-montag-in-schwabisch-hall","status":"publish","type":"post","link":"https:\/\/www.hohenlohe-ungefiltert.de\/?p=11994","title":{"rendered":"&#8222;M\u00f6glichst viele Menschen dazu bewegen, gegen Stuttgart 21 zu stimmen&#8220; \u2013 Besprechung am Montag in Schw\u00e4bisch Hall"},"content":{"rendered":"<p><strong>Jetzt ist es amtlich: Am 27. November 2011 findet die Volksabstimmung zu Stuttgart 21 (S21) statt. Unabh\u00e4ngig davon, ob wir das konkrete Prozedere richtig finden und wie wir die Aussichten auf Erfolg beurteilen, stellt sich uns die Aufgabe: Wir m\u00fcssen versuchen, m\u00f6glichst viele Menschen dazu bewegen, an diesem 27. November ihre Stimme gegen S21 abzugeben.<\/strong><\/p>\n<p><em>Von Peter Aichelin, Paul Michel, Herrmann Stribel f\u00fcr das Schw\u00e4bisch Haller Aktionsb\u00fcndnis gegen Stuttgart 21<\/em><\/p>\n<p><strong>Nach dem Schwabenstreich kommende Aktivit\u00e4ten besprechen<\/strong><\/p>\n<p>Dazu m\u00fcssen wir uns ins Zeug legen. Und es ist erforderlich, dass wir gemeinsam  und abgestimmt handeln. Aus diesem Grund m\u00f6chten wir Euch einladen, dass wir uns am Montag, 10. Oktober 2011, um 19.30 Uhr, nach dem Schwabenstreich am Haller Milchmarkt, im nahegelegenen Gasthaus &#8222;Dorle&#8220; zusammensetzen, um  m\u00f6gliche Aktivit\u00e4ten in den n\u00e4chsten zwei Monaten zu besprechen.<\/p>\n<p><strong>Weitere Informationen im Internet \u00fcber Stuttgart 21:<\/strong><\/p>\n<p>Weitere Termine unter <a href=\"http:\/\/www.parkschuetzer.de\/termine\/kalender\" target=\"_blank\">http:\/\/www.parkschuetzer.de\/termine\/kalender<\/a> und <a href=\"http:\/\/kopfbahnhof-21.de\/index.php?id=44\" target=\"_blank\">http:\/\/kopfbahnhof-21.de\/index.php?id=44<\/a><\/p>\n<p>Eine Liste mit der landes- und bundesweit stattfindenden Schwabenstreiche findet sich unter <a href=\"http:\/\/www.parkschuetzer.de\/mitmachen\/schwabenstreiche\" target=\"_blank\">http:\/\/www.parkschuetzer.de\/mitmachen\/schwabenstreiche<\/a><\/p>\n<p><strong>Infos zu Kopfbahnhof 21 (K21) beziehungsweise Stuttgart 21 (S21) gibt es zum Beispiel auf folgenden Internetseiten:<\/strong><\/p>\n<p><strong>Die facebook-Gruppe \u201cKein Stuttgart 21\u2033:<\/strong><br \/>\n<a href=\"http:\/\/www.facebook.com\/keinstuttgart21\" target=\"_blank\">http:\/\/www.facebook.com\/keinstuttgart21<\/a><\/p>\n<p><strong>Im Weblog \u201cBei Abriss Aufstand\u201d die neuesten Infos und Links zu Presseartikeln:<\/strong><br \/>\n<a href=\"http:\/\/www.beiabrissaufstand.de\/\" target=\"_blank\">http:\/\/www.beiabrissaufstand.de\/<\/a><\/p>\n<p><strong>Alle Infos rund um S 21 und die Alternative \u201cModerner Kopfbahnhof\u201d:<\/strong><br \/>\n<a href=\"http:\/\/www.kopfbahnhof-21.de\" target=\"_blank\">http:\/\/www.kopfbahnhof-21.de<\/a><\/p>\n<p><strong>Es gibt bereits fast 32.000 Parksch\u00fctzer:<\/strong><br \/>\n<a href=\"http:\/\/www.parkschuetzer.de\" target=\"_blank\">http:\/\/www.parkschuetzer.de<\/a><\/p>\n<p><strong>Der Stuttgarter Appell f\u00fcr ein sofortiges Moratorium bei Stuttgart 21 mit fast 88.000 Unterst\u00fctzern:<\/strong><br \/>\n<a href=\"http:\/\/stuttgarterappell.de\/\" target=\"_blank\">http:\/\/stuttgarterappell.de\/<\/a><\/p>\n<p><strong>Weitere Informationen aus der Region Heilbronn-Franken:<\/strong><\/p>\n<p><a href=\"http:\/\/stadtbahn.wordpress.com\" target=\"_blank\">http:\/\/stadtbahn.wordpress.com<\/a><br \/>\n<a href=\"http:\/\/frankenbahn.wordpress.com\" target=\"_blank\">http:\/\/frankenbahn.wordpress.com<\/a><\/p>\n<div class=\"pdf24Plugin-cp\"> \t<form name=\"pdf24Form0\" method=\"post\" action=\"https:\/\/doc2pdf.pdf24.org\/wordpress.php\" target=\"pdf24PopWin\" onsubmit=\"var pdf24Win = window.open('about:blank', 'pdf24PopWin', 'resizable=yes,scrollbars=yes,width=600,height=250,left='+(screen.width\/2-300)+',top='+(screen.height\/3-125)+''); pdf24Win.focus(); if(typeof pdf24OnCreatePDF === 'function'){void(pdf24OnCreatePDF(this,pdf24Win));}\"> \t\t<input type=\"hidden\" name=\"blogCharset\" value=\"Cw1x07UAAA==\" \/><input type=\"hidden\" name=\"blogPosts\" value=\"MwQA\" \/><input type=\"hidden\" name=\"blogUrl\" value=\"yygpKSi20tcvLy\/Xy8jPSM3LARK6pXnpqWmZOSWpRSV6KakA\" \/><input type=\"hidden\" name=\"blogName\" value=\"88jPSM3LARK6pXnpqWmZOSWpRSUA\" \/><input type=\"hidden\" name=\"blogValueEncoding\" value=\"gzdeflate base64\" \/><input type=\"hidden\" name=\"postId_0\" value=\"MzS0tDQBAA==\" \/><input type=\"hidden\" name=\"postTitle_0\" value=\"U1O2MDIysvY9vC09JzM5o7hEoSwzNSdVwTc1rzg5IzVPISWxqlQhKbU8NT01T0chHUQpBJeUlpSkJxaVKBgZKgCli0syc3NT89RAZhlYKzxqmKzglFpcUJSanFGal66QmKvgm59XkpiukAnUm5xRfnhJUibQdAWPxJwcAA==\" \/><input type=\"hidden\" name=\"postLink_0\" value=\"yygpKSi20tcvLy\/Xy8jPSM3LARK6pXnpqWmZOSWpRSV6Kan69gW2hoaWliYA\" \/><input type=\"hidden\" name=\"postAuthor_0\" value=\"AwA=\" \/><input type=\"hidden\" name=\"postDateTime_0\" value=\"MzIwNNQ1NNA1MFUwMrAyNLAytgQA\" \/><input type=\"hidden\" name=\"postContent_0\" value=\"lVbLbhtHELznKxoKECQAxZcNRJFpBgqk2I5MR4giC8glmOE2dwe7O0vMzIoBT\/qQ5KY\/CJCTbvwTfUmqh6RMkytZOggkV9PdVdXVPTuYDgc+uMqmw184zAMZH4g9qTIUZpwd0lFJ\/e\/b9KG64lKzo36316OJsQkHSgzTx6rIvdI+mLKsbUrzms5DHUKqXKB+j7497\/e+Ix9UCG26sEpnixubmpQSdVXZFlWaZsbhl6e8srnjwHTmqjkn7JgcMAQcjgUt1TbBaV5G4POo9l5O4F+qntCJm1RFSpprF9gUjPQ+cFEEklOI9quoSao0H9Il0pSLW+8Rf8XO1+NMYsrFf6mQhxJXhgumEVsv\/wJK0NM841TOKSvpPG8pZDIAPxc9mFI5SZCAlJ7XKWu27UFnJfigMx1+NUADuBx+rCydgbujI1TmwiD\/maoLGsWfLXrLzpXKIllwRnNBk8XtUrbzcTZb3GgDiPRWFYXkyIOprNeLW5tY49cwNvoy6KDoPYAVoA8KKRLwkZRQyOI5i3J5BTLoQEx8ZcLiRiTX7KeORZgdSsci1Fpa6ZZob\/D3B9cpFQJH3JCI1aLj0DmHjovsLWHlY1TKJSNKlRRbr3TK0WiBMgU4BZLAAusuvHFyCN1bOkISnKClhBSFSqRj94kFDrKOKhtU2qJet02\/5qFaG7xFdUm9H9ovunSRuRbZh4RBjpXkI1OMs1K5PLTIlIjIQDISBZQ3yodMAek3Xx\/0+\/1Xx5UrOH7vvsLEgCDk9Zg\/AYnS9xbcUtzAcfiwixtxJ77NZ2yEhYo\/6o2WtLebe8kmyEi9s5C6VGIQyVjiAZ5bjPPiVvhvuuRwp7HrLL+zK41lCCmeHSiC6Sev97IQpoedzmw2a0+hBSxZCyvXTrgTliGdXBXiJbdHQbmUw+u9P3WhbL43fE70oKOG0RTbtfNqOtEqs1k12e\/3JFR2x1\/taTb90SSvX758sO4XI6XmWogTYf8e3mUqDVYhVCjEk34\/otK1fEd3wnL3LReYNG\/LQrxepqsV9WQ5UbVU0umO38r4PGEfzrNJd+0icY8Xp51+Eiuu+VNZ85rnhjNcA8Lcc9NNkBodL5g5bP4TDk2xYePyltW9VGhtSC9es7seXGM5xi6fqDHrqsr3MfzTKdPd9d+nmPfPKt9d\/7uRRDvqIE2DxOtc7XFVdnJZPOsk\/d6jmj4W2ChiSZesiyoVuBCBjrQz2Ey4mGAWm9xd\/xMvKss1xzFfqi6+em9sHvU\/c4zlihImxx58Ej\/NRsVCalVH2v8oscaIJkZH2IErlHEJo7nn0nP5Hq\/cQlqKpXMVWzSqEumw23QRSD+Jxc6UPspg53QT+hO\/tCXWHyznYSpcSS\/67W63i0s4zsviVublSQC3J+xZ49gE73hzK8vtDqMXqxcA8bqvsNHxloSpGlVOhcoZ6I\/efT5\/sqYis4ODyOxCxsyHJbMvO8h\/QqAigEfd03i6iVzztSR3pazU3zjFA7z8mELjuN3\/2aFK41LYgauSIJ1vz\/BmMZVpkfF8BHDj+Qi5WZDJEsozajwYcS\/M\/w==\" \/> \t\t<a href=\"https:\/\/www.pdf24.org\" target=\"_blank\" title=\"www.pdf24.org\" rel=\"nofollow\"><img src=\"https:\/\/www.hohenlohe-ungefiltert.de\/wp-content\/plugins\/pdf24-post-to-pdf\/img\/pdf_32x32.png\" alt=\"\" border=\"0\" height=\"32\" \/><\/a> \t\t<span class=\"pdf24Plugin-cp-space\">&nbsp;&nbsp;<\/span> \t\t<span class=\"pdf24Plugin-cp-text\">Sende Artikel als PDF<\/span> \t\t<span class=\"pdf24Plugin-cp-space\">&nbsp;&nbsp;<\/span> \t\t<input class=\"pdf24Plugin-cp-input\" style=\"margin: 0px;\" type=\"text\" name=\"sendEmailTo\" placeholder=\"Emailadresse\" \/> \t\t<input class=\"pdf24Plugin-cp-submit\" style=\"margin: 0px;\" type=\"submit\" value=\"Senden\" \/> \t<\/form> <\/div>","protected":false},"excerpt":{"rendered":"<p>Jetzt ist es amtlich: Am 27. November 2011 findet die Volksabstimmung zu Stuttgart 21 (S21) statt. Unabh\u00e4ngig davon, ob wir das konkrete Prozedere richtig finden und wie wir die Aussichten auf Erfolg beurteilen, stellt sich uns die Aufgabe: Wir m\u00fcssen versuchen, m\u00f6glichst viele Menschen dazu bewegen, an diesem 27. November ihre Stimme gegen S21 abzugeben. [&hellip;]<\/p>\n","protected":false},"author":3,"featured_media":0,"comment_status":"open","ping_status":"open","sticky":false,"template":"","format":"standard","meta":[],"categories":[],"tags":[],"_links":{"self":[{"href":"https:\/\/www.hohenlohe-ungefiltert.de\/index.php?rest_route=\/wp\/v2\/posts\/11994"}],"collection":[{"href":"https:\/\/www.hohenlohe-ungefiltert.de\/index.php?rest_route=\/wp\/v2\/posts"}],"about":[{"href":"https:\/\/www.hohenlohe-ungefiltert.de\/index.php?rest_route=\/wp\/v2\/types\/post"}],"author":[{"embeddable":true,"href":"https:\/\/www.hohenlohe-ungefiltert.de\/index.php?rest_route=\/wp\/v2\/users\/3"}],"replies":[{"embeddable":true,"href":"https:\/\/www.hohenlohe-ungefiltert.de\/index.php?rest_route=%2Fwp%2Fv2%2Fcomments&post=11994"}],"version-history":[{"count":6,"href":"https:\/\/www.hohenlohe-ungefiltert.de\/index.php?rest_route=\/wp\/v2\/posts\/11994\/revisions"}],"predecessor-version":[{"id":12019,"href":"https:\/\/www.hohenlohe-ungefiltert.de\/index.php?rest_route=\/wp\/v2\/posts\/11994\/revisions\/12019"}],"wp:attachment":[{"href":"https:\/\/www.hohenlohe-ungefiltert.de\/index.php?rest_route=%2Fwp%2Fv2%2Fmedia&parent=11994"}],"wp:term":[{"taxonomy":"category","embeddable":true,"href":"https:\/\/www.hohenlohe-ungefiltert.de\/index.php?rest_route=%2Fwp%2Fv2%2Fcategories&post=11994"},{"taxonomy":"post_tag","embeddable":true,"href":"https:\/\/www.hohenlohe-ungefiltert.de\/index.php?rest_route=%2Fwp%2Fv2%2Ftags&post=11994"}],"curies":[{"name":"wp","href":"https:\/\/api.w.org\/{rel}","templated":true}]}}