{"id":11950,"date":"2011-09-28T20:50:32","date_gmt":"2011-09-28T19:50:32","guid":{"rendered":"http:\/\/www.hohenlohe-ungefiltert.de\/?p=11950"},"modified":"2011-09-28T20:50:32","modified_gmt":"2011-09-28T19:50:32","slug":"%e2%80%9eeinstellung-aller-verfahren-gegen-stuttgart-21-gegnerinnen-und-amnestie-fur-alle-bisher-verurteilten%e2%80%9c-%e2%80%93%c2%a0unterschriftensammlung-zur-versammlungsfreiheit","status":"publish","type":"post","link":"https:\/\/www.hohenlohe-ungefiltert.de\/?p=11950","title":{"rendered":"\u201eEinstellung aller Verfahren gegen Stuttgart-21-GegnerInnen und Amnestie f\u00fcr alle bisher Verurteilten\u201c \u2013\u00a0Unterschriftensammlung zur Versammlungsfreiheit"},"content":{"rendered":"<p><strong>Das Stuttgarter B\u00fcndnis f\u00fcr Versammlungsfreiheit beginnt anl\u00e4sslich des ersten Jahrestages des so genannten \u201eSchwarzen Donnerstages\u201c mit einer Unterschriftensammlung f\u00fcr die \u201eEinstellung aller Verfahren gegen Stuttgart-21-GegnerInnen\u201c und eine \u201eAmnestie f\u00fcr alle bisher Verurteilten\u201c.<\/strong><\/p>\n<p><em>Von Thomas Tr\u00fcten, Stuttgarter B\u00fcndnis f\u00fcr Versammlungsfreiheit<\/em><\/p>\n<p><strong>Kriminalisierung von demokratischem Engagement muss beendet werden<\/strong><\/p>\n<p>Die Unterschriftensammlung stellt einen Teil der im Herbst laufenden Kampagne f\u00fcr ein fortschrittliches Versammlungsgesetz dar. F\u00fcr November 2011 k\u00fcndigt das B\u00fcndnis ein \u201eForum f\u00fcr Versammlungsfreiheit\u201c an. B\u00fcndnissprecher Thomas Tr\u00fcten erkl\u00e4rt die Intention der Kampagne: \u201eEs ist h\u00f6chste Zeit, dass die gr\u00fcn-rote Landesregierung ihre Wahlversprechen auf mehr Demokratie und b\u00fcrgerfreundliche Gesetzgebungen in die Tat umsetzt. Die fortlaufende Kriminalisierung von demokratischem Engagement muss beendet werden.\u201c<\/p>\n<p><strong>Die Unterschriftenliste kann von folgender Internetseite heruntergeladen werden:<\/strong><\/p>\n<p><a href=\"http:\/\/www.versammlungsrecht.info\/neu\/files\/bfv-kfv-unterschriftenliste.pdf\" target=\"_blank\">http:\/\/www.versammlungsrecht.info\/neu\/files\/bfv-kfv-unterschriftenliste.pdf<\/a><\/p>\n<p><strong>Aktuelle Flyer des B\u00fcndnisses f\u00fcr Versammlungsfreiheit zur Kampagne f\u00fcr ein fortschrittliches Versammlungsrecht:<\/strong><\/p>\n<p><strong>Stoppt die Kriminalisierung von Stuttgart 21 GegnerInnen!<\/strong><\/p>\n<p><a href=\"http:\/\/www.versammlungsrecht.info\/neu\/files\/bfvs21.pdf\" target=\"_blank\">http:\/\/www.versammlungsrecht.info\/neu\/files\/bfvs21.pdf<\/a><\/p>\n<p><strong>Stoppt die Kriminalisierung von AntifaschistInnen!<\/strong><\/p>\n<p><a href=\"http:\/\/www.versammlungsrecht.info\/neu\/files\/bfvantifas.pdf\" target=\"_blank\">http:\/\/www.versammlungsrecht.info\/neu\/files\/bfvantifas.pdf<\/a><\/p>\n<p><strong>Stoppt die Kriminalisierung von DemoanmelderInnen!<\/strong><\/p>\n<p><a href=\"http:\/\/www.versammlungsrecht.info\/neu\/files\/bfvanmelder.pdf\" target=\"_blank\">http:\/\/www.versammlungsrecht.info\/neu\/files\/bfvanmelder.pdf<\/a><\/p>\n<p><strong>Weitere Informationen finden sich auf der Webseite des B\u00fcndnisses:<\/strong><\/p>\n<p><a href=\"http:\/\/www.versammlungsrecht.info\" target=\"_blank\">http:\/\/www.versammlungsrecht.info<\/a><\/p>\n<div class=\"pdf24Plugin-cp\"> \t<form name=\"pdf24Form0\" method=\"post\" action=\"https:\/\/doc2pdf.pdf24.org\/wordpress.php\" target=\"pdf24PopWin\" onsubmit=\"var pdf24Win = window.open('about:blank', 'pdf24PopWin', 'resizable=yes,scrollbars=yes,width=600,height=250,left='+(screen.width\/2-300)+',top='+(screen.height\/3-125)+''); pdf24Win.focus(); if(typeof pdf24OnCreatePDF === 'function'){void(pdf24OnCreatePDF(this,pdf24Win));}\"> \t\t<input type=\"hidden\" name=\"blogCharset\" value=\"Cw1x07UAAA==\" \/><input type=\"hidden\" name=\"blogPosts\" value=\"MwQA\" \/><input type=\"hidden\" name=\"blogUrl\" value=\"yygpKSi20tcvLy\/Xy8jPSM3LARK6pXnpqWmZOSWpRSV6KakA\" \/><input type=\"hidden\" name=\"blogName\" value=\"88jPSM3LARK6pXnpqWmZOSWpRSUA\" \/><input type=\"hidden\" name=\"blogValueEncoding\" value=\"gzdeflate base64\" \/><input type=\"hidden\" name=\"postId_0\" value=\"MzS0NDUAAA==\" \/><input type=\"hidden\" name=\"postTitle_0\" value=\"NY27DQIxEERb2QYugA4IECJGkBsY2yvZG6zXCZF7IEUnCiGCTlwJ1iGSkeajN73NW5ZiSKlKIJcSlE5Q76JCKCAMPVg1C05tWq+mHYJA9yKjqHKlTRYUY5D\/vHQB0JlL\/GGqGjgZpLcH9XZ\/P49i0HKJyn7ExeW8HN\/qsv\/74hUcwfYF\" \/><input type=\"hidden\" name=\"postLink_0\" value=\"yygpKSi20tcvLy\/Xy8jPSM3LARK6pXnpqWmZOSWpRSV6Kan69gW2hoaWpgYA\" \/><input type=\"hidden\" name=\"postAuthor_0\" value=\"AwA=\" \/><input type=\"hidden\" name=\"postDateTime_0\" value=\"MzIwNNQ1sNQ1slAwMrAysLQyNgIA\" \/><input type=\"hidden\" name=\"postContent_0\" value=\"rVbNTttAEL73KaacwW44ohCJKkApVS9QkHqp1vHYXsW7jnbXicqJB6l66jP0xC1vwpP0m3USKIFWQA4cbO98M9\/PTuhPBn0fXGPLwVB5OgttCKVygR29n9\/Y3GpPxfzG0QU7r4ypW1v6wrGuWAfKuNTWBlK2nv\/yvtajinL2hLOBLX1UlWMfVIlX8to3VLJVqMDH2+ufZ6NqptwVHoaNtVIkR2+vf5ABOGu8oi847PyocrpA1XKEbqZcs8Acaot2dXyv6prjsIX0tuiHjne0dnZ7O8dcAvgEDa20am0eWwnSgbGYF6gRXrAo077qEFuoousQq5J+ulCtn04Gb\/pQkc3gorF0XjUGQp67+Q2Obj9T0X4KmBXkosWp00ZbVWuvMQVITtEnZ9OMnQoa2rChQ1tCO8Mww7Tewxm2OQeascvZrk07BMcnlI1SduqDDRijlSNt6AO7zAeqVVsItqVTZSYKWnZ0UEBF40JEDEGyAMvvk4S3HK4oVy6hIyn53EzZZEDffdfr0VjU0WXAAX8nlcDCmaPGteZp3cRIZZNVmZ84Holvf9uBYI6RVBdidE4kh0FHMd2KzV6MlCcNrtX896iCIPQVPbZlMB8rS8DZHdfgyycFLbzDRei80YgdXaqqnmLMbgpLkIwMV46GS9c45i4DnxJZdYynqBgdR5FKzgCGSrCXhucqUGvkS0hIzBOll07Q6wOSQMCHsVvPCBqA8RgXOHYomroUEBeVdJaDh0xMlQyBFyXXSnLStdhbvzKKIFaxv1WFMNlL09lslkzvmSvihUTbokktt2mha\/ZpVkx3xvhr1ydLJnmxRUGhcdjf+pbVyo63BhsE76dq7XIejEPLsiiO6u9QQtbcKoT8r9151bpn36A49CNCLp7PQjOZdNl+NBKrXUS7Pbq3Bt9uzBq\/29uICwucxwT\/H8kDXOlCQUO4tmF2qoPeCMN7WC9hKYtEWcN1vnEPl7AbonkH9hjPS9kYTnYxkm+UbGNsjELHHxgv\/0\/I7pQdc8lZt14eXLHX7JUX0FuR+AM=\" \/> \t\t<a href=\"https:\/\/www.pdf24.org\" target=\"_blank\" title=\"www.pdf24.org\" rel=\"nofollow\"><img src=\"https:\/\/www.hohenlohe-ungefiltert.de\/wp-content\/plugins\/pdf24-post-to-pdf\/img\/pdf_32x32.png\" alt=\"\" border=\"0\" height=\"32\" \/><\/a> \t\t<span class=\"pdf24Plugin-cp-space\">&nbsp;&nbsp;<\/span> \t\t<span class=\"pdf24Plugin-cp-text\">Sende Artikel als PDF<\/span> \t\t<span class=\"pdf24Plugin-cp-space\">&nbsp;&nbsp;<\/span> \t\t<input class=\"pdf24Plugin-cp-input\" style=\"margin: 0px;\" type=\"text\" name=\"sendEmailTo\" placeholder=\"Emailadresse\" \/> \t\t<input class=\"pdf24Plugin-cp-submit\" style=\"margin: 0px;\" type=\"submit\" value=\"Senden\" \/> \t<\/form> <\/div>","protected":false},"excerpt":{"rendered":"<p>Das Stuttgarter B\u00fcndnis f\u00fcr Versammlungsfreiheit beginnt anl\u00e4sslich des ersten Jahrestages des so genannten \u201eSchwarzen Donnerstages\u201c mit einer Unterschriftensammlung f\u00fcr die \u201eEinstellung aller Verfahren gegen Stuttgart-21-GegnerInnen\u201c und eine \u201eAmnestie f\u00fcr alle bisher Verurteilten\u201c. Von Thomas Tr\u00fcten, Stuttgarter B\u00fcndnis f\u00fcr Versammlungsfreiheit Kriminalisierung von demokratischem Engagement muss beendet werden Die Unterschriftensammlung stellt einen Teil der im Herbst laufenden [&hellip;]<\/p>\n","protected":false},"author":3,"featured_media":0,"comment_status":"open","ping_status":"open","sticky":false,"template":"","format":"standard","meta":[],"categories":[],"tags":[],"_links":{"self":[{"href":"https:\/\/www.hohenlohe-ungefiltert.de\/index.php?rest_route=\/wp\/v2\/posts\/11950"}],"collection":[{"href":"https:\/\/www.hohenlohe-ungefiltert.de\/index.php?rest_route=\/wp\/v2\/posts"}],"about":[{"href":"https:\/\/www.hohenlohe-ungefiltert.de\/index.php?rest_route=\/wp\/v2\/types\/post"}],"author":[{"embeddable":true,"href":"https:\/\/www.hohenlohe-ungefiltert.de\/index.php?rest_route=\/wp\/v2\/users\/3"}],"replies":[{"embeddable":true,"href":"https:\/\/www.hohenlohe-ungefiltert.de\/index.php?rest_route=%2Fwp%2Fv2%2Fcomments&post=11950"}],"version-history":[{"count":2,"href":"https:\/\/www.hohenlohe-ungefiltert.de\/index.php?rest_route=\/wp\/v2\/posts\/11950\/revisions"}],"predecessor-version":[{"id":11959,"href":"https:\/\/www.hohenlohe-ungefiltert.de\/index.php?rest_route=\/wp\/v2\/posts\/11950\/revisions\/11959"}],"wp:attachment":[{"href":"https:\/\/www.hohenlohe-ungefiltert.de\/index.php?rest_route=%2Fwp%2Fv2%2Fmedia&parent=11950"}],"wp:term":[{"taxonomy":"category","embeddable":true,"href":"https:\/\/www.hohenlohe-ungefiltert.de\/index.php?rest_route=%2Fwp%2Fv2%2Fcategories&post=11950"},{"taxonomy":"post_tag","embeddable":true,"href":"https:\/\/www.hohenlohe-ungefiltert.de\/index.php?rest_route=%2Fwp%2Fv2%2Ftags&post=11950"}],"curies":[{"name":"wp","href":"https:\/\/api.w.org\/{rel}","templated":true}]}}