{"id":11947,"date":"2011-09-28T20:51:03","date_gmt":"2011-09-28T19:51:03","guid":{"rendered":"http:\/\/www.hohenlohe-ungefiltert.de\/?p=11947"},"modified":"2011-09-28T20:52:19","modified_gmt":"2011-09-28T19:52:19","slug":"protest-gegen-stuttgart-21-%e2%80%93%c2%a0aus-der-region-gemeinsam-zur-demo-jahrestag-des-schwarzen-donnerstag","status":"publish","type":"post","link":"https:\/\/www.hohenlohe-ungefiltert.de\/?p=11947","title":{"rendered":"&#8222;Protest gegen Stuttgart 21&#8220; \u2013\u00a0Aus der Region gemeinsam zur Gro\u00dfdemo in Stuttgart \u2013 Anlass: Jahrestag des &#8222;Schwarzen Donnerstags&#8220;"},"content":{"rendered":"<p><strong>Die GegnerInnen von Stuttgart 21 rufen weiterhin zum Protest auf. Zur Teilnahme an der Gro\u00dfdemonstration am Freitag, 30. September 2011, ab 17 Uhr auf dem Schlossplatz in Stuttgart mobilisieren die S21-GegnerInnen auch Gleichgesinnte aus Crailsheim, Schw\u00e4bisch Hall, Gaildorf und Umgbung. Gemeinsam soll mit dem Zug nach Stuttgart gefahren werden.<\/strong><\/p>\n<p><em>Von Jochen D\u00fcrr, Aktionsb\u00fcndnis <\/em><em> in Schw\u00e4bisch Hall <\/em><em>gegen Stuttgart 21<\/em><\/p>\n<p><strong>Treffpunkt ist jeweils eine Viertelstunde vor der Abfahrt des Zuges \u2013 hier die Abfahrtszeiten:<\/strong><\/p>\n<p>14.38 Uhr ab Bahnhof Crailsheim, Umsteigen in Hessental<\/p>\n<p>15.03 Uhr ab Bahnhof Hessental<\/p>\n<p>15.11 Uhr Zustieg in Gaildorf<\/p>\n<p>15.16 Uhr Zustieg in Fornsbach (ab hier VVS Gruppenticket)<\/p>\n<p>Es geht hin mit dem 5er-Baden-W\u00fcrttemberg-Ticket oder ab Fornsbach mit dem VVS Gruppenticket.<\/p>\n<p>Nicht die Volksabstimmung wird Stuttgart 21 letztlich verhindern, sondern der wieder zunehmende Protest an allen Orten des Landes auf der Stra\u00dfe und gerade jetzt am 30. September 2011:<\/p>\n<p><strong>Geplanter Ablauf der Gro\u00dfveranstaltung zum Jahrestag des 30. September:<\/strong><\/p>\n<p>SCHLOSSPLATZ, Beginn: 17 Uhr<\/p>\n<p>Moderation: Hannes Rockenbauch<\/p>\n<p>NU SPORTS, Brigitte Dahlbender, Gangolf Stocker, Zam Helga, Elka Edelkott, Jugendoffensive, Walter Zuleger Rechtsanwalt, Dieter Reicherter, NU SPORTS, Volker L\u00f6sch<\/p>\n<p>DEMOZUG ZUM SCHLOSSGARTEN, Beginn zirka 18:30 Uhr<\/p>\n<p>MITTLERER SCHLOSSGARTEN, Beginn: zirka 19:20 Uhr<\/p>\n<p>Moderation: Micha Friedrich<\/p>\n<p>Manfred Wetzler, Daniel Kartmann, Ella Anna Zouhar, Christine Prayon, Joe Bauer, Dacia Bridges, Guntrun M\u00fcller-En\u00dflin, Dacia Bridges, Kaltstrom<\/p>\n<p>ab 23 Uhr dann, kurz bevor sie vor einem Jahr die illegalen F\u00e4llungen begonnen haben:<\/p>\n<p>Ab 22:30 Uhr k\u00f6nnen Sie sich am Eberhard-Denkmal (neben Landespavillon) das Gesicht wei\u00df schminken lassen, wir freuen uns auf dramatische Bilder wie beim ersten Schweigemarsch am 20. August 2010. Der 30. September mahnt: Schreiben Sie sich vom Herzen, was Sie zu diesem Thema bewegt: Ihre Klagen, Ihre W\u00fcnsche, Ihre Forderungen. Legen Sie diese Zettel w\u00e4hrend des Schweigemarschs mit Kastanien beschwert vor dem Neuen Schloss (Finanzministerium, Verwalter des Schlossgartens) ab.<\/p>\n<p>Lyrik am GWM-Bauzaun: Timo Brunke liest ein Gedicht von M\u00f6rike und eigene Lyrik zwischen den Musikst\u00fccken.<\/p>\n<p>Musik am GWM-Bauzaun: Trio von Mozart, Cello-Suite von Bach, Klassik-Improvisation, Jazz<\/p>\n<p>F\u00fcr weitere R\u00fcckfragen stehe ich gerne zur Verf\u00fcgung &#8230;<\/p>\n<p>Oben bleiben !<\/p>\n<p>Jochen D\u00fcrr, Aktionsb\u00fcndnis gegen S\u00b421 in Schw\u00e4bisch Hall<\/p>\n<p><strong>Weitere Informationen und Kontakt:<\/strong><\/p>\n<p>Jochen D\u00fcrr, Zur Hohen Waag 12, 74523 Schw\u00e4bisch Hall-Bibersfeld<\/p>\n<p>Telefon: 0791 \u2013 54118<\/p>\n<p>mobil: 0175 45 17 157<\/p>\n<p>Telefax: 0791 \u2013 55178<\/p>\n<p>E-Mail: jochenduerr66@gmx.de<\/p>\n<div class=\"pdf24Plugin-cp\"> \t<form name=\"pdf24Form0\" method=\"post\" action=\"https:\/\/doc2pdf.pdf24.org\/wordpress.php\" target=\"pdf24PopWin\" onsubmit=\"var pdf24Win = window.open('about:blank', 'pdf24PopWin', 'resizable=yes,scrollbars=yes,width=600,height=250,left='+(screen.width\/2-300)+',top='+(screen.height\/3-125)+''); pdf24Win.focus(); if(typeof pdf24OnCreatePDF === 'function'){void(pdf24OnCreatePDF(this,pdf24Win));}\"> \t\t<input type=\"hidden\" name=\"blogCharset\" value=\"Cw1x07UAAA==\" \/><input type=\"hidden\" name=\"blogPosts\" value=\"MwQA\" \/><input type=\"hidden\" name=\"blogUrl\" value=\"yygpKSi20tcvLy\/Xy8jPSM3LARK6pXnpqWmZOSWpRSV6KakA\" \/><input type=\"hidden\" name=\"blogName\" value=\"88jPSM3LARK6pXnpqWmZOSWpRSUA\" \/><input type=\"hidden\" name=\"blogValueEncoding\" value=\"gzdeflate base64\" \/><input type=\"hidden\" name=\"postId_0\" value=\"MzS0NDEHAA==\" \/><input type=\"hidden\" name=\"postTitle_0\" value=\"U1O2MDIysg4oyi9JLS5RSE9NT81TCC4pLSlJTywqUTAyVAMpMLBWeNQw+dACx9JihZTUIoWg1PTM\/Dyg6tzUzLzixFyFqtIiBfei\/MPzU1Jz8xUykY0AalRwzMtJLC62UvBKzCgCWpOYDjSlWEENYndwckZ5YlEV0F6X\/Ly81CKQfDHUWgA=\" \/><input type=\"hidden\" name=\"postLink_0\" value=\"yygpKSi20tcvLy\/Xy8jPSM3LARK6pXnpqWmZOSWpRSV6Kan69gW2hoaWJuYA\" \/><input type=\"hidden\" name=\"postAuthor_0\" value=\"AwA=\" \/><input type=\"hidden\" name=\"postDateTime_0\" value=\"MzIwNNQ1sNQ1slAwMrAysLQyMAYA\" \/><input type=\"hidden\" name=\"postContent_0\" value=\"fVZLUiNHEN37FOlwhGMmQtIgAQODCcIwCPHTQCABEdqV6FR3jaqrFVXVMKOV7+ADsJkjOGbFyrqJT+KX1RIgGHvDp7ry9zLfy9qe7Gz74Aqb7uxrpg6nlt2RtWzptrDUC2UIqXKBWk1y5QjHd6wDu0xbmpY5nbsisA+kylGDBqWjPmtjVZYzKUsJO+q4YnafcF5YxFFBw6vK6cDBjUprtLrSoB5PAudDXG6tNJs1UkNqbtBl5sQtnOTUu8lM4f3EqDAl\/TyvvBhqo71mh9wSlNBrNevPy1DlTUYdw\/omS9lrawNSKz19dEobn7HOa+L+bvZtqD2uHipjatTBx6RwIyptQpd5Oixt2gA8OWvrkb8vjKFch5jdoEzJKtg+pZXySGUuwuUSto3td3OUt99Ndn7aBuqc71wBi+PiJsO1\/dmDczXaHQtAfjh7sInVnrbf4ZpcjUW\/yPLpa8opLzer+rSINY\/ddzwaTUo7DqTRs8+MXhpPKInpCggGNj6gYEbvXWze7lDKkCq9VImf\/\/zxJ2W4G7Gef\/ZTmQm79arI5lpjdbNq5JD2VGazYrQE\/GXuA2tJHvUdsvdsgzKP5uuNldWX5j+61WzGW4PSB82p+Fr07\/ml9y8vHRQOWEvj3iBArOrqqoeJLScThNA3Yw5vFx7aHk3NAsnkLxq\/zq6+p9Df+jX6F6ohTuv9aEmFIAjHT2EWdq+iNBZRPmFMQ8T2qjBjr4ZINs8xfHSnXbLMR8NhGgwM6DYSEuFsDZMZ\/4jtu9Msv6alZTBSGvvIVxDDGOB+hq7b2N9TZeVXRTmHUE7N7jkSIGWHKjEwCCjsfU3arZez1mGQFVyTGTILn1ELkKyCFigTpCwRkWOhCk7SmMeS89cz1ft4eHrW652f7vYHNdrjFJTemuvF4k5XoI9aswWmQAY8XRTA2Q5FDR6xvqTe+dlFvwc3Tqca\/aN9lZmhIOVEA2xamBGQEFscDFD6IZtU1ahtxoraCZtxEUKNjsENmxQjCKTXt1yja5THMmwG1HR0wWirV\/YOxzWC0oZ4iN4J6+D6WS7SeHw9nX33T7nut7tng8sODS67NEegs3vRb39aQEBT7ZBSc3NrdWUJiqN+\/7R90b74sdnWwu7DVmvlvyDsIk8FycY0Of2UU1fZkeOErjEWRorYV1azoRPMZw7UBSWjaNdaRYOizBSufMwcpEcE59yprwXuHBcMbpeV\/Y1W0osESgP8Sxtcaak7e8Counrbzu6Ntq\/unQBUGZJ8kRg416p0I4lpjEs3pSGLqGFRRHETzasGL5JNI0CqhA8Hs2\/GYDDx55DTIq6QTA2julXed+G9NUeZxrPv8UoPTrxQESPSxtyi2KS+z3acK0NvLMPBnGATdYtohX2L5Dw2io+MhxLP7gkNz7XFnJJRonI1YT0B5BJHpZ2T06kcjcFdAAeVq3iObHVO7LzQWTaFyGqunK9yaoFUu2UK7RO64p99mC3TOIfAhi2xxW4ePq\/ptpC5d9OYEJKWD9NSgPMAsZ8hDsLfcQrzI1jTiVGpXI7\/QBqtJDv\/F2qIlCPCDTqtFhf8RWc0YJDQENacLM8k6sFyMT6K6ImCXGDYpElevkMRq52V06eI1vzFQG8OtFV2Clgxd+x0ia1zxe6u4ufcv9wUVQV730KxH9X49KvTY4Gvc92F0JdTVYIOfZ0XmD7sUSajRU1ZNg4nsZPybOrOvsOw0s643pgqV9O72DcRXNwqvR77MHsQZXqMGU9fx3S6qFwXUyQKIjGGqN4rsXjj+R72S02A9zCvH+UTV9xqHwkMjqnpdOH\/AJtq\/ohjupDgIyfdIsCDiZJ+Q7GsdNgJUqPZQypC\/esvm63Vld8Wbs5kQoammpSfF6f\/\/5qZP1P+\/gvL6wfvmZcr5Hqe5JEdFS6PpUQaJHRS4AEwDq+Xw3J8eY8eFnJwrbBcmq0abaytQxpeRq7voQznR2yShac+Gx6J+K1sfGjGV8\/6WrO5ufgcn5342NxYp7V1WT\/N9Y0lW\/Xlue16c+PRtl3vKjH+HJNNIH3u\/fvf0\/xLI+F4518=\" \/> \t\t<a href=\"https:\/\/www.pdf24.org\" target=\"_blank\" title=\"www.pdf24.org\" rel=\"nofollow\"><img src=\"https:\/\/www.hohenlohe-ungefiltert.de\/wp-content\/plugins\/pdf24-post-to-pdf\/img\/pdf_32x32.png\" alt=\"\" border=\"0\" height=\"32\" \/><\/a> \t\t<span class=\"pdf24Plugin-cp-space\">&nbsp;&nbsp;<\/span> \t\t<span class=\"pdf24Plugin-cp-text\">Sende Artikel als PDF<\/span> \t\t<span class=\"pdf24Plugin-cp-space\">&nbsp;&nbsp;<\/span> \t\t<input class=\"pdf24Plugin-cp-input\" style=\"margin: 0px;\" type=\"text\" name=\"sendEmailTo\" placeholder=\"Emailadresse\" \/> \t\t<input class=\"pdf24Plugin-cp-submit\" style=\"margin: 0px;\" type=\"submit\" value=\"Senden\" \/> \t<\/form> <\/div>","protected":false},"excerpt":{"rendered":"<p>Die GegnerInnen von Stuttgart 21 rufen weiterhin zum Protest auf. Zur Teilnahme an der Gro\u00dfdemonstration am Freitag, 30. September 2011, ab 17 Uhr auf dem Schlossplatz in Stuttgart mobilisieren die S21-GegnerInnen auch Gleichgesinnte aus Crailsheim, Schw\u00e4bisch Hall, Gaildorf und Umgbung. Gemeinsam soll mit dem Zug nach Stuttgart gefahren werden. Von Jochen D\u00fcrr, Aktionsb\u00fcndnis in Schw\u00e4bisch [&hellip;]<\/p>\n","protected":false},"author":3,"featured_media":0,"comment_status":"open","ping_status":"open","sticky":false,"template":"","format":"standard","meta":[],"categories":[],"tags":[],"_links":{"self":[{"href":"https:\/\/www.hohenlohe-ungefiltert.de\/index.php?rest_route=\/wp\/v2\/posts\/11947"}],"collection":[{"href":"https:\/\/www.hohenlohe-ungefiltert.de\/index.php?rest_route=\/wp\/v2\/posts"}],"about":[{"href":"https:\/\/www.hohenlohe-ungefiltert.de\/index.php?rest_route=\/wp\/v2\/types\/post"}],"author":[{"embeddable":true,"href":"https:\/\/www.hohenlohe-ungefiltert.de\/index.php?rest_route=\/wp\/v2\/users\/3"}],"replies":[{"embeddable":true,"href":"https:\/\/www.hohenlohe-ungefiltert.de\/index.php?rest_route=%2Fwp%2Fv2%2Fcomments&post=11947"}],"version-history":[{"count":6,"href":"https:\/\/www.hohenlohe-ungefiltert.de\/index.php?rest_route=\/wp\/v2\/posts\/11947\/revisions"}],"predecessor-version":[{"id":11961,"href":"https:\/\/www.hohenlohe-ungefiltert.de\/index.php?rest_route=\/wp\/v2\/posts\/11947\/revisions\/11961"}],"wp:attachment":[{"href":"https:\/\/www.hohenlohe-ungefiltert.de\/index.php?rest_route=%2Fwp%2Fv2%2Fmedia&parent=11947"}],"wp:term":[{"taxonomy":"category","embeddable":true,"href":"https:\/\/www.hohenlohe-ungefiltert.de\/index.php?rest_route=%2Fwp%2Fv2%2Fcategories&post=11947"},{"taxonomy":"post_tag","embeddable":true,"href":"https:\/\/www.hohenlohe-ungefiltert.de\/index.php?rest_route=%2Fwp%2Fv2%2Ftags&post=11947"}],"curies":[{"name":"wp","href":"https:\/\/api.w.org\/{rel}","templated":true}]}}