{"id":11904,"date":"2011-09-22T21:07:49","date_gmt":"2011-09-22T20:07:49","guid":{"rendered":"http:\/\/www.hohenlohe-ungefiltert.de\/?p=11904"},"modified":"2011-09-22T21:08:12","modified_gmt":"2011-09-22T20:08:12","slug":"nichts-geht-ohne-die-zustimmung-von-altnazis-%e2%80%93-militararchiv-freiburg-halt-ss-archivalien-bis-2020-unter-verschluss","status":"publish","type":"post","link":"https:\/\/www.hohenlohe-ungefiltert.de\/?p=11904","title":{"rendered":"&#8222;Nichts geht ohne die Zustimmung von Altnazis&#8220; \u2013 Milit\u00e4rarchiv Freiburg h\u00e4lt SS-Archivalien bis 2020 unter Verschluss"},"content":{"rendered":"<p><strong>Im Bundesmilit\u00e4rarchiv Freiburg werden die Hinterlassenschaften der Waffen-SS aufbewahrt. Anschauen darf man die Dokumente. Doch will man sie nutzen, m\u00fcssen ehemalige SS-Leute die Erlaubnis dazu geben. Vermutlich d\u00fcrften die Sektkorken bei den alten braunen Kameraden geknallt haben, als der Coup perfekt war: Ausgerechnet der Staat, den sie verachten, greift ihrer SS-Seilschaft finanziell unter die Arme.<\/strong><\/p>\n<p><em>Auszug aus dem Artikel &#8222;Der Lange Arm&#8220; von Gunter Haug in der Kontext:Wochenzeitung vom 14. September 2011<\/em><\/p>\n<p><strong>Altnazis m\u00fcssen einer Nutzung zustimmen<\/strong><\/p>\n<p>Das Bundesmilit\u00e4rarchiv in Freiburg hat sich Mitte der 1990er-Jahre verpflichtet, Unterlagen der ehemaligen Waffen-SS zu lagern und zu pflegen, ohne dass die braunen Konsorten daf\u00fcr bezahlen m\u00fcssten. Vor allem aber hat sich das Archiv dar\u00fcber hinaus verpflichtet, jede Verwendung der Akten \u2013 das Zitieren in historischen Arbeiten beispielsweise \u2013 nur mit der Zustimmung der Altbraunen zuzulassen. Die Unterhaltungskosten werden somit also dem Steuerzahler aufs Auge gedr\u00fcckt, die alleinige Verf\u00fcgungsgewalt bleibt dagegen beim braunen Sumpf. Das hat sich in diesen Kreisen schnell herumgesprochen: Beim Abschluss des Abkommens ging es noch um rund zehn Regalmeter, inzwischen sind es mehrere hundert.<\/p>\n<p><strong>Drei M\u00e4nner aus Brettheim wurden von der SS erh\u00e4ngt<\/strong><\/p>\n<p>Dem Autor Franz Josef Merkl hat es w\u00e4hrend seiner Recherchen im Bundesmilit\u00e4rarchiv beinahe die Sprache verschlagen. Merkl recherchierte f\u00fcr seine Doktorarbeit \u00fcber die M\u00f6rder der &#8222;M\u00e4nner von Brettheim&#8220;. In dem Ort in Hohenlohe hatten es drei M\u00e4nner kurz vor Kriegsende gewagt, halbstarken Hitlerjungen die Panzerf\u00e4uste wegzunehmen, die man ihnen gegeben hatte, und sie nach Hause zu schicken. Einer der Buben bekam von einem Bauern aus dem Dorf eine Ohrfeige verpasst. Die Kindersoldaten stie\u00dfen kurz darauf auf eine Einheit der SS und berichteten, was ihnen geschehen war. Die SS-Truppe nahm die drei M\u00e4nner postwendend fest. Ein Standgericht machte kurzen Prozess mit ihnen: Sie wurden zum Tode verurteilt und in ihrem Heimatdorf aufgeh\u00e4ngt.<\/p>\n<p><strong>Erst wird der ehemalige SS-Obersturmbannf\u00fchrer eingeschaltet<\/strong><\/p>\n<p>Im Rahmen einer Doktorarbeit \u00fcber den f\u00fcr die drei Morde verantwortlichen SS-General Max Simon war Franz Josef Merkl in Freiburg f\u00fcndig geworden. Er durfte die Quellen f\u00fcr eine Ver\u00f6ffentlichung aber nicht nutzen. Das sei erst m\u00f6glich, wenn er f\u00fcr die Einsichtnahme die Genehmigung eines verantwortlichen Mitglieds der HIAG, der &#8222;Hilfsgemeinschaft auf Gegenseitigkeit der ehemaligen Angeh\u00f6rigen der Waffen-SS e. V.&#8220; erhalte, wurde ihm erkl\u00e4rt. Es gebe eine &#8222;Benutzungseinschr\u00e4nkung&#8220;. Ohne gr\u00fcnes Licht eines ehemaligen Obersturmbannf\u00fchrers der Waffen-SS m\u00fcsse er auf diese Archivalie leider verzichten, hie\u00df es lapidar. Der Verfassungsschutz stuft die HIAG \u00fcbrigens als rechtsextremistische Organisation ein. (&#8230;)<\/p>\n<p><strong>Der ganze Artikel &#8222;Der lange Arm&#8220; ist nachzulesen auf der Internetseite<\/strong> <a href=\"http:\/\/www.kontextwochenzeitung.de\/newsartikel\/2011\/09\/der-lange-arm\/\" target=\"_blank\">http:\/\/www.kontextwochenzeitung.de\/newsartikel\/2011\/09\/der-lange-arm\/<\/a><\/p>\n<div class=\"pdf24Plugin-cp\"> \t<form name=\"pdf24Form0\" method=\"post\" action=\"https:\/\/doc2pdf.pdf24.org\/wordpress.php\" target=\"pdf24PopWin\" onsubmit=\"var pdf24Win = window.open('about:blank', 'pdf24PopWin', 'resizable=yes,scrollbars=yes,width=600,height=250,left='+(screen.width\/2-300)+',top='+(screen.height\/3-125)+''); pdf24Win.focus(); if(typeof pdf24OnCreatePDF === 'function'){void(pdf24OnCreatePDF(this,pdf24Win));}\"> \t\t<input type=\"hidden\" name=\"blogCharset\" value=\"Cw1x07UAAA==\" \/><input type=\"hidden\" name=\"blogPosts\" value=\"MwQA\" \/><input type=\"hidden\" name=\"blogUrl\" value=\"yygpKSi20tcvLy\/Xy8jPSM3LARK6pXnpqWmZOSWpRSV6KakA\" \/><input type=\"hidden\" name=\"blogName\" value=\"88jPSM3LARK6pXnpqWmZOSWpRSUA\" \/><input type=\"hidden\" name=\"blogValueEncoding\" value=\"gzdeflate base64\" \/><input type=\"hidden\" name=\"postId_0\" value=\"MzS0NDABAA==\" \/><input type=\"hidden\" name=\"postTitle_0\" value=\"HcsxCsIwFAbgq\/wgdBNCJqFTFzddCg5uaXzkPUhTyHvp4OQdvEJv0pt4EtH54+sOJ+99f5XIpkjEhoUL4SGEe1OTeW4lYV0KhmwlPEW7X3E9Pq83LpLF9q2GGllWnCvJ1GoC71s2jONx+EPIQgWTKLzzDq0YVdyoauTcVL8=\" \/><input type=\"hidden\" name=\"postLink_0\" value=\"yygpKSi20tcvLy\/Xy8jPSM3LARK6pXnpqWmZOSWpRSV6Kan69gW2hoaWBiYA\" \/><input type=\"hidden\" name=\"postAuthor_0\" value=\"AwA=\" \/><input type=\"hidden\" name=\"postDateTime_0\" value=\"MzIwNNQ1sNQ1MlIwMrQysLQysQQA\" \/><input type=\"hidden\" name=\"postContent_0\" value=\"rVZLbhtHEN3nFA0HCBJAIiUli1imBVCRI8myIsd0bMCboEdT7OnMTM+gPx6Dq9whB8hGZ9DKO94kJ8mr6iEtW8ouC8skp6e66tV7r2rWH81C9J0zR+etOk6upNDaxsb1jdf+urLv1c+ebJG8UQP5kpwqLakz6yL5RodALlxXehn5AXn1Vi+X5HYXC6XTsqBBVz5O1FwOJT6j\/VK1Okc56erUEiJN8PG6UoNtGnkY8NCluCK3o9r1R75FUUWtbqwhtVjsvqAUSWI8QxapcDYg9CopQwW5iXpDvk2xsQharj\/6nB5OL6iOdedrfC3IKi5HN\/yw8Do5\/H+hW\/KafzdUO900UVW64Dx0E6TCn7rUq578EqHUoP2hmqdgyNN15SjKkUXUOu5IdK7kPSJeV5GDGGC5jMpWno8tdhdkm4yfWlqn3coSIEgMruQ79y1NZtOxQ7Npf\/TVDB2j9giXrpIBypxVi4PR1tSob77+8eDg4MkJ3n+hnZEI8tveE\/W+c+o0xz7TeNfmll10+OlDPHyLFpBbkY3JGRxu1f4PEyDWR2oLnDvY29+fTXH1No0xrXkTnV6hA9tWWYfzv6CBHGmVQrQt+nyvjhMdHqYcMtuyrtIRKKKRlzZyzxF5\/\/HjPfK7z0EuQbdfcqcjAfPfMi\/NSMctadwdZoImfMI7AF3yN7xPhtvToYXgUQgC\/pYTnQudFwrpJdgE6qx01eC7FByFcJ0HQxp0QjNW26QRDC2QokD99Ud5iE6jbZ8n\/geVxLQdyJWMGmc\/r\/nSf\/78S8K8s9GCZo7RqWyInbeBO4b44HLMlA49GBQGfCB50SWvWptp+S43Yhu9iZsKV2mVspihRFQuKFZQBs6GuuMSN+oPHYeDGDrh3SJSIi9weJY8qk1gnaESxV7XrALEY2SsY+2iQkBoOK6BO0BeBR4VSBAdMbmGdov8IrX9Eimh+i2iVpTMNLvwXCZSYuVBNhX51BoKvRcmH6pjjjUv8LxJ3FNCdkXdMReDMhY44BfHzpNa5YUMVDn1ioxuWgIEO7htNYwwB4sDeKElVi+pipkLd\/tSDidIS12ub5wTSEBxTzFWnMuQBEMWovjEQgFmnDTxvjZY1AlNhhLgC+p5F2ipLsnXjWCBRIb1DTJBUiEL7hUsiLzkav\/Dy4Gu01V2zkXPtiQCYoRYM5PxAj9GAt8gOeG83MGOjZS0EE5lNnOoy\/Wt54L43+hAGwC41i0AoxNN1LkT9lz5yP0865Bzgz9cGXMNxZV3UayTXyESvMpbMuh5yRQbtAG\/QNMiRC2efmYjePgH2DX6\/UtAx4y7AfUJFDZwJKpa1jo\/5lljKyduL5MjJ7AjxiBDCAixWUJN8AnAZK9rhumZAM7lHqdCWFvrVmplmAA+hh38ZePOJx2mngB4VWFwsBBY\/VBczIK7sMyl0DWl5vqhU1r\/jQ9SOIwDymJ15Ri4vKJR06AQ54pGZCPhygbIZVMVU5cJgUGVb8LQee1T33NtVSsofAZ1D7WzBzGvlsT54TqeaK40+RKgxldJboj80ncrgrrYFuTWQ7VA0JHqKyjrdVdKvQlkslA8J2ydDMFWnYEWOpYMEAo0lOVwT1TPfMC0tb783Na5nCsUH2LybaGdA1dltgIoKZ6n+31xYdV5pZkG46h6iNZ4KMT\/hFDncx3axQHzgK2bPWqxe0oIoht1qT+g9rYTuB\/Q7d2xhtiutIZpzHGZU7gr8aoiV\/6aYGmbHKTtsM71Lc8wuZldXEaNk57kbSlbJaSqGBKMp1vDZ0EJcqjVf6oITWU3jUyCfCEXUbWWrVnuC\/dLxQRGPCrzInR2Pj\/duSv5M9ss4eot3h53GqbsKds6UorW1BvW3hnLc8c9v\/XW3NsgsRa+mWyWlzyPIE0hFsjTKsYU1sYUDbL4ZZzGbI7J5QUk5Hw8iFXj69aDrnjYG4wprvWFoJjrvpPdQ9wKX6SZtx6V51+eTePIRxBSGG98HmCu7LgFVqxuNrlG97YUZeIEj0Y4AmeMdJE7bCABRNm3gTUTU2AKsouyR8eAxQ0qwjYgQwqGajR2YR1ttqKJ+pbr\/X7vyXf3xhSuNGyPD+2OzZe7I24QM8SeILNXSsXBc94UsPdyg2mrMzXTClAtnz6qYuwPp9NhGCZ13jOHu2vmpKSpoyHonMKUd8zp3uMpQu9KDrvat9NHCv5uKD599HuBX+tHR\/9L2NlUZ0f4Fw==\" \/> \t\t<a href=\"https:\/\/www.pdf24.org\" target=\"_blank\" title=\"www.pdf24.org\" rel=\"nofollow\"><img src=\"https:\/\/www.hohenlohe-ungefiltert.de\/wp-content\/plugins\/pdf24-post-to-pdf\/img\/pdf_32x32.png\" alt=\"\" border=\"0\" height=\"32\" \/><\/a> \t\t<span class=\"pdf24Plugin-cp-space\">&nbsp;&nbsp;<\/span> \t\t<span class=\"pdf24Plugin-cp-text\">Sende Artikel als PDF<\/span> \t\t<span class=\"pdf24Plugin-cp-space\">&nbsp;&nbsp;<\/span> \t\t<input class=\"pdf24Plugin-cp-input\" style=\"margin: 0px;\" type=\"text\" name=\"sendEmailTo\" placeholder=\"Emailadresse\" \/> \t\t<input class=\"pdf24Plugin-cp-submit\" style=\"margin: 0px;\" type=\"submit\" value=\"Senden\" \/> \t<\/form> <\/div>","protected":false},"excerpt":{"rendered":"<p>Im Bundesmilit\u00e4rarchiv Freiburg werden die Hinterlassenschaften der Waffen-SS aufbewahrt. Anschauen darf man die Dokumente. Doch will man sie nutzen, m\u00fcssen ehemalige SS-Leute die Erlaubnis dazu geben. Vermutlich d\u00fcrften die Sektkorken bei den alten braunen Kameraden geknallt haben, als der Coup perfekt war: Ausgerechnet der Staat, den sie verachten, greift ihrer SS-Seilschaft finanziell unter die Arme. [&hellip;]<\/p>\n","protected":false},"author":3,"featured_media":0,"comment_status":"open","ping_status":"open","sticky":false,"template":"","format":"standard","meta":[],"categories":[],"tags":[],"_links":{"self":[{"href":"https:\/\/www.hohenlohe-ungefiltert.de\/index.php?rest_route=\/wp\/v2\/posts\/11904"}],"collection":[{"href":"https:\/\/www.hohenlohe-ungefiltert.de\/index.php?rest_route=\/wp\/v2\/posts"}],"about":[{"href":"https:\/\/www.hohenlohe-ungefiltert.de\/index.php?rest_route=\/wp\/v2\/types\/post"}],"author":[{"embeddable":true,"href":"https:\/\/www.hohenlohe-ungefiltert.de\/index.php?rest_route=\/wp\/v2\/users\/3"}],"replies":[{"embeddable":true,"href":"https:\/\/www.hohenlohe-ungefiltert.de\/index.php?rest_route=%2Fwp%2Fv2%2Fcomments&post=11904"}],"version-history":[{"count":2,"href":"https:\/\/www.hohenlohe-ungefiltert.de\/index.php?rest_route=\/wp\/v2\/posts\/11904\/revisions"}],"predecessor-version":[{"id":11913,"href":"https:\/\/www.hohenlohe-ungefiltert.de\/index.php?rest_route=\/wp\/v2\/posts\/11904\/revisions\/11913"}],"wp:attachment":[{"href":"https:\/\/www.hohenlohe-ungefiltert.de\/index.php?rest_route=%2Fwp%2Fv2%2Fmedia&parent=11904"}],"wp:term":[{"taxonomy":"category","embeddable":true,"href":"https:\/\/www.hohenlohe-ungefiltert.de\/index.php?rest_route=%2Fwp%2Fv2%2Fcategories&post=11904"},{"taxonomy":"post_tag","embeddable":true,"href":"https:\/\/www.hohenlohe-ungefiltert.de\/index.php?rest_route=%2Fwp%2Fv2%2Ftags&post=11904"}],"curies":[{"name":"wp","href":"https:\/\/api.w.org\/{rel}","templated":true}]}}