{"id":11892,"date":"2011-09-19T21:18:12","date_gmt":"2011-09-19T20:18:12","guid":{"rendered":"http:\/\/www.hohenlohe-ungefiltert.de\/?p=11892"},"modified":"2011-09-19T21:18:12","modified_gmt":"2011-09-19T20:18:12","slug":"%e2%80%9erettungsschirm-fur-die-arbeitnehmerinnen-und-arbeitnehmer-in-deutschland%e2%80%9c-%e2%80%93%c2%a0kreisparteitag-des-spd-kreisverbands-hohenlohe-in-neuenstein-kirchensall","status":"publish","type":"post","link":"https:\/\/www.hohenlohe-ungefiltert.de\/?p=11892","title":{"rendered":"\u201eRettungsschirm f\u00fcr die Arbeitnehmerinnen und Arbeitnehmer in Deutschland\u201c \u2013\u00a0Kreisparteitag des SPD-Kreisverbands Hohenlohe in Neuenstein-Kirchensall"},"content":{"rendered":"<p><strong>Die F\u00fchrung der Hohenloher SPD wurde mit \u00fcberragenden Wahlergebnissen im Amt best\u00e4tigt. Kreisvorsitzender Johannes W\u00fcrttemberger aus \u00d6hringen, der vor knapp einem Jahr den Vorsitz des Kreisverbandes nach dem pl\u00f6tzlichen Tod von Werner M\u00fcller aus Krautheim \u00fcbernommen hatte, wurde einstimmig in seinem Amt best\u00e4tigt. Auch seine Stellvertreter, Caroline Vermeulen aus Bretzfeld und Fritz Rehm aus Kupferzell wurden klar wieder gew\u00e4hlt.<\/strong><\/p>\n<p><em>Von Stefan Oetzel, SPD-Regionalgesch\u00e4ftsf\u00fchrer im Regionalzentrum Ostw\u00fcrttemberg\u2013Schw\u00e4bisch Hall\u2013Hohenlohe<\/em><\/p>\n<p><strong>Mittlerweile ist auch die Wirtschaft nachdenklich geworden<\/strong><\/p>\n<p>Der Kreisvorsitzende W\u00fcrttemberger ging in seinem Bericht auf drei Schwerpunkte ein: Der Fachkr\u00e4ftemangel, eine m\u00f6gliche neue Finanzkrise und die neue Landesregierung. Heftig kritisierte der SPD-Kreisvorsitzende die Situation auf dem Arbeitsmarkt. Jahrelange Liberalisierungen des Arbeitsmarktes h\u00e4tten dazu gef\u00fchrt, dass Investitionen in die Belegschaften, in die Menschen, ausblieben. Outsourcing, Zeitarbeit und ein massives Ausufern von befristeten Arbeitsverh\u00e4ltnissen schienen die einzigen personalpolitischen Instrumente zu sein, um im globalisierten Wettbewerb Schritt halten zu k\u00f6nnen. Mittlerweile ist auch die Wirtschaft nachdenklich geworden.<\/p>\n<p><strong>Fl\u00e4chendeckenden Mindestlohn einf\u00fchren<\/strong><\/p>\n<p>So seien zirka 23 Prozent aller Arbeitspl\u00e4tze in Deutschland mittlerweile prek\u00e4r, zeitlich befristet oder im Niedriglohnbereich, obwohl in unserem Land die Auftragsb\u00fccher der Unternehmen voll seien und zahlreiche \u00dcberstunden gearbeitet w\u00fcrden. W\u00fcrttemberger forderte einen \u201eRettungsschirm f\u00fcr die Arbeitnehmerinnen und Arbeitnehmer in Deutschland\u201c. Damit meinte er: Die Einf\u00fchrung eines fl\u00e4chendeckenden Mindestlohnes, wie es ihn in fast allen L\u00e4ndern in Europa l\u00e4ngst gebe. Dieser Mindestlohn solle es den Menschen erm\u00f6glichen, bei einer Vollzeitstelle ohne staatliche Unterst\u00fctzung leben zu k\u00f6nnen. Ebenso forderte er eine Regulierung der Zeitarbeit. Gleiche Arbeit m\u00fcsse auch mit dem gleichen Lohn bezahlt werden. Den Schluss des Rettungsschirms solle eine deutliche R\u00fcckf\u00fchrung der Befristungen von Arbeitsverh\u00e4ltnissen sein. Dieser Rettungsschirm w\u00e4re auch f\u00fcr die Steuerzahler sinnvoll, weil die Sozialkassen h\u00f6here Einnahmen erzielen w\u00fcrden. Es mache keinen Sinn, Menschen voll arbeiten zu lassen und ihnen dann aus Steuergeld einen Aufschlag zu zahlen, damit sie halbwegs davon leben k\u00f6nnten. Die erzielten Gewinne w\u00fcrden sich bisher die Zeitarbeitsfirmen und die Ausleihfirmen teilen.<\/p>\n<p><strong>Finanztransaktionssteuer muss kommen<\/strong><\/p>\n<p>Viele Menschen in Land h\u00e4tten Angst vor der Zukunft und um ihre Ersparnisse. \u201eWas haben wir in den vergangenen Jahren von der Bundesregierung daf\u00fcr Pr\u00fcgel bekommen, als wir eine Finanztransaktionssteuer gefordert haben\u201c, so Johannes W\u00fcrttemberger. \u201eNun fordert der Bundesfinanzminister die gleiche Steuer, weil er endlich eingesehen hat, dass man dem ausufernden Kapitalismus entgegentreten muss. Wir werden Herrn Sch\u00e4uble in dieser Forderung unterst\u00fctzen\u201c, so der SPD-Kreisvorsitzende. Schade sei es, dass \u00fcber zwei Jahre Zeit verloren wurden.<\/p>\n<p><strong>Unterschiedliche Positionen mit dem Koalitionspartner intern kl\u00e4ren<\/strong><\/p>\n<p>Der Kreisparteitag forderte die neue baden-w\u00fcrttembergische Landesregierung auf, die begonnenen Projekte schnell anzugehen und umzusetzen. Unterschiedliche Positionen mit dem Koalitionspartner solle man intern kl\u00e4ren, das gelte vor allem f\u00fcr das Projekt Stuttgart 21. Positiv wurde aufgenommen, dass die SPD als Partei sich nicht am Wahlkampf f\u00fcr die Volksabstimmung beteiligen wird. Jedes Mitglied solle sich an der Abstimmung beteiligen und seine eigene Position vermitteln.<\/p>\n<p><strong>Schatzmeister bleibt Werner Kraus aus \u00d6hringen<\/strong><\/p>\n<p>Die weiteren Wahlen ergaben folgende Ergebnisse: Schatzmeister bleibt Werner Kraus aus \u00d6hringen, Pressesprecher und Schriftf\u00fchrer wurde der Kreisrat Christian K\u00f6nig aus Niedernhall. Als weitere Vorstandsmitglieder wurden Sigrid Haustein aus Wei\u00dfbach, Wolfgang Kunzfeld aus Ingelfingen, Friedrich K\u00fc\u00dfner aus Kupferzell, Alfred Leuser aus Ingelfingen, Kerstin Rappsilber aus \u00d6hringen, Konrad Siebert aus Neuenstein, Heinz Smykalla aus D\u00f6rzbach, Kim Faber aus K\u00fcnzelsau und Manfred Schlegel aus Kupferzell gew\u00e4hlt.<\/p>\n<p>Als Delegierte bei Landesparteitagen werden Johannes W\u00fcrttemberger und Caroline Vermeulen den Kreisverband Hohenlohe vertreten.<\/p>\n<p><strong>Weitere Informationen und Kontakt:<\/strong><\/p>\n<p>Sozialdemokratische Partei Deutschlands, Regionalzentrum Ostw\u00fcrttemberg-Schw\u00e4bisch Hall-Hohenlohe, Beim Hecht 1, 73430 Aalen<\/p>\n<p>Telefon:  +49 (0) 7361 &#8211; 6 15 35<\/p>\n<p>Fax :  +49 (0) 7361 &#8211; 680 769<\/p>\n<p>Mobil: +49 (0) 172 &#8211; 73 18 678<\/p>\n<p><strong>Internet:<\/strong><\/p>\n<p><a href=\"http:\/\/www.spd-hohenlohe.de\/\" target=\"_blank\">www.spd-hohenlohe.de<\/a><\/p>\n<p><a href=\"http:\/\/www.spd-sha.de\/\" target=\"_blank\">www.spd-sha.de<\/a><\/p>\n<p><a href=\"http:\/\/www.spd-ostalb.de\" target=\"_blank\">www.spd-ostalb.de<\/a><\/p>\n<p><a href=\"http:\/\/www.spd-heidenheim.de\" target=\"_blank\">www.spd-heidenheim.de<\/a><\/p>\n<p><a href=\"http:\/\/www.warumspd.de\/cms\/index.php\" target=\"_blank\">http:\/\/www.warumspd.de\/cms\/index.php<\/a><\/p>\n<div class=\"pdf24Plugin-cp\"> \t<form name=\"pdf24Form0\" method=\"post\" action=\"https:\/\/doc2pdf.pdf24.org\/wordpress.php\" target=\"pdf24PopWin\" onsubmit=\"var pdf24Win = window.open('about:blank', 'pdf24PopWin', 'resizable=yes,scrollbars=yes,width=600,height=250,left='+(screen.width\/2-300)+',top='+(screen.height\/3-125)+''); pdf24Win.focus(); if(typeof pdf24OnCreatePDF === 'function'){void(pdf24OnCreatePDF(this,pdf24Win));}\"> \t\t<input type=\"hidden\" name=\"blogCharset\" value=\"Cw1x07UAAA==\" \/><input type=\"hidden\" name=\"blogPosts\" value=\"MwQA\" \/><input type=\"hidden\" name=\"blogUrl\" value=\"yygpKSi20tcvLy\/Xy8jPSM3LARK6pXnpqWmZOSWpRSV6KakA\" \/><input type=\"hidden\" name=\"blogName\" value=\"88jPSM3LARK6pXnpqWmZOSWpRSUA\" \/><input type=\"hidden\" name=\"blogValueEncoding\" value=\"gzdeflate base64\" \/><input type=\"hidden\" name=\"postId_0\" value=\"MzS0sDQCAA==\" \/><input type=\"hidden\" name=\"postTitle_0\" value=\"VYzBDcIwEARbuQZSBFIeSJEQggqceIlPcg50Z\/N2D3wjRCG8oBNXguHHZx+zs1vL\/YCUssxmU2Bd6PR+KnkGbXQEJ0FYoCwCoSz+jxIL9cipLaMTX8tKtdxej0HBdnGamulm8jA67vvuh6\/QsblG23OAxBbflx0yxJov3cA6tcZcjB8=\" \/><input type=\"hidden\" name=\"postLink_0\" value=\"yygpKSi20tcvLy\/Xy8jPSM3LARK6pXnpqWmZOSWpRSV6Kan69gW2hoYWlkYA\" \/><input type=\"hidden\" name=\"postAuthor_0\" value=\"AwA=\" \/><input type=\"hidden\" name=\"postDateTime_0\" value=\"MzIwNNQ1sNQ1tFQwMrQysLQyNAIA\" \/><input type=\"hidden\" name=\"postContent_0\" value=\"nVjNbhzHEb7nKQoKECTwcilKtiQrtADKFC2ZoiSIjgjkEvRwa2Y629Oz6O7ROnvSOwTIyYgvfAadeJs30ZPkq+rZHy5JWfGF4M501+9XX1XN\/uzJfkyh9dWTQ8t01F\/WofMVTTjQ87Zm7\/An0OmbQ5p3YcLU2ET9ZcEhmIr9hD2dmdpxqLjwNkb8tg0dNIkKjqm\/SLZKYzoObOP7NkSbFnIp0I9tbbznSGf9ZUiJm0JEBDJdpP4\/dbAe0kdqBu7R1JvZjNh6buhHUwcSxe+yQPwfBw0cCuPlpzfnNZ43NHP9x7Rw9hyu0E\/tBNJgMQcPwSf9pXODzuNgulQzbFfnfNs0uFAbmDYaPIf2mGzT2Iqsp5iN2fb0oINifUeniZ2DSSlw4jCi701onbx4x6HhzkG+aH6K14uS3YQ6P6GjIB695brJZnWzksMCgrIRnqbOBJpblshUPO8vapfG+7tDDvd3Z0\/+sI+ccvPkHTyFDaXx9Boq2I0kjTtvubKtN67ieF73F2WKpSQd4uD88iWylELX0OuY5hsJ+vTh36fnNZQWFpfpuXEOj1Y42d+F2pUJg0knNiVEec7WMdmY4JfkBmA7syFBjCmT5gveTSVR4lYrvl7z6hBGbkNpG0AVkLORn6ccIFKUljTBVRL7Ocw6P02a0sckUo+gfxokGtwYQA+x0hw2\/cdKwUOeO5SH9cYvpsFG1myJF\/ripcIuIHos5TOm51wCEISjyUY8hLJJrqOdax6IlFObOpMQ+2ypICsUbFNsTJgCVwJ6dmIavbRw1TgV20mZaAFsHsdPZBZBwSuz6BBQTXFCPZkY6YV\/D8Ra0Sbl6tWAp+y4ytmQwhuenrCPUjojQWPhLBfsx\/S6S7HtwjlCPaK\/Q61R5RoShI0aaLHvxagudsCv16oruETgEotZg7WoDhjq0sAcUGVZbBLVELSw4t2MQxRMzlA9yao5cCEKPoFSJjgoyR4R8AoIV64thuiIpjNOqWCkvJDUIx0JVe3kDe5N+48gIXj0+0E63sb7kesvxMYJn08zQZ5YAUdChXjxKpfbdXSftuKHGGbD1NC9+\/QmtFKIZJSmhpiB0S4AHMnQIXdiG2AxEV5eezALPO0vwDkL3FBzV8GndpJL\/RU4JNhKrAKeGIdG1BbztnYiuvMRDxsFtsbhoCsTKD8W\/eW5dASR8jeEH0xaC1W+b8FR2X6BwQJNQYUy9b9AfkydxqLijBUYIsQiAdyu4FLiGnJ14sanD\/99ixwC6VHwERpCAEO2SUWpAWgYflC9+XQrSp8+\/DKmQyM9rIF00RFAABD1bMiL9D7RG6n8XB45joSECedsrTVUmpgT5ellfyE9Th8\/60I7MwRZsD\/B\/YLHojBK\/9nARUT4VJwqGqoO1q0ICPiGW2pbQOdzTlIbpcUwiUEUkzEpc5XmBT3pMi3EHydVewXuz\/AgthuRDpnuQP+dy7SiCV7X9ph+cDmdObxgxkvUbK4TiadQVpWPIALiUsECAuSZc5oP8QIl6LoYlbGuZjUuQyB2TJCy7MpbwG1abk4lTzOSM\/MJr9zCJRC0ivQWgNDAwmD6CkvolB06rc4yFIEmATSSjHrK79uFNW5qVHjdf0QNKGq8UfjjqmVJ\/grVzyJ4UFyYZhyf4uxonVqtl6EWNDkuixYEA1JK3T5PCNm0SkaELAq1qICu5J6aLKOSwhq0J\/xWzEHmeCTxyenX3CfOMRnMFc0\/8FxKZ2k3BAhb2Kg1jpNrCMQSsRsszIwQke96eJqEeG5gQ+2YYA4fzVQ6TozqDTUCg6mOWdeY8J2Ech0qlJHS0LKnHWgpyVioGO2mnS9z85EOUEteQpyZoEgYC4GcGXREI2GYW+UE8RSAqaShSkS1vWY4Kca6K+0cgVScvAn9JdIAZGfD0RVdVJGK2lt9Rf\/NlZaNAAuNgPbbZmC1+FXnl+W5YVGpGhrrhcpzfoaaG0AyAFbq2U+U+Fkm6ch1nmaHCQAzjhasGfqzhOPYzJBpNE5kBrdTxZUMgdquJVljaYVDMWO8CUGrub\/oCsfDuCCldqRGS9C6NQutfb5tCBqLMINhKArJxcFOncVpAZ9yhhSNkjjXSrrySHwNc5n+ZJaYZBJ508bltLOkquPWOH0mQEleO4U0M8zXQg6fmT3lvNREtabP1RhYwAO\/szkx67yyPR7KjDfSWwVXrVAyLEOz\/yfLUIobXgZ+ZLqrNHEZ2osuyhiPCv59DmZ+ldRfdVVjDYyCDrSopIktmyxeDHYBYF1KFWTRvb3xoPH9sBrBH4BlqAnNnFImlkYpkDcascwsPk\/jjW6NU9PMyjUFo6tNoyl0yZIoFSykojMgamyCIZilb2BWQ0vkyeCQijW5bg9uvCzhyysZy+91uARJMjexuw4igWNaYErQSgPGbZGWi6Msi\/HqqnodL3BoLuQeliuyNIlKSahsne7O4Knl2vyY\/k+FIySGcTFi1tOBTLzUCbdMy4UuJ2eyRG4wib6vpXlaxOsYDcFWKvSVrpMefcNhgxVKy4brhp2A3dgMMV8KlXZWBTvBCtjBXpsb1Rnb\/tfCyCR51rpS2BUbrM\/brRx4IatVOdiPVVcmUGTvuL\/sf\/XLTXy18o5gSxmQ6JfcxeHtFQnHwi\/Q\/dbMZtG64vr3g+PWB4O4yOISUnYWherV5hFoDEsGnTb\/msJ1o68P+49hkX04xpR8ZJZSYaSHVdF0GuoT49U2mWhYmsLWur6xm2dASFwPZcnK26AMc5kWVoQiOM\/0etvXEVF8w2cEpe+NDyDrLze0\/P5wHeBnQ45fePBYYwb6EA0IWkIDe3zDhiIzENilnQJLmdqG4t4YskHev\/EZYWf7I8LOyuAR5juE\/TkLTeyN6OH9r+\/fpQPjpMSyFT8hiGWLxZ2++vpb+vPdv+DQgz360x8f3dvb+ys9oL1v6P43y9NH5me69eiju\/TwwbfLoydtYd3j1dG9h\/dWJx\/ep71H9ODho+0ovsgr0A3B2jeEIiy\/u1OnNHu8uzufz8dxNtmpl66OJ7x7hzBcVZy+u\/OPArGb3nly07H9XfObYmNtPi8wH\/gSUS1q3hU4fLuw1ZEvkVezBULl49pnZV459lty5wa4wi3x+byJu7JK\/Tye1bPr8r\/k1krd\/wA=\" \/> \t\t<a href=\"https:\/\/www.pdf24.org\" target=\"_blank\" title=\"www.pdf24.org\" rel=\"nofollow\"><img src=\"https:\/\/www.hohenlohe-ungefiltert.de\/wp-content\/plugins\/pdf24-post-to-pdf\/img\/pdf_32x32.png\" alt=\"\" border=\"0\" height=\"32\" \/><\/a> \t\t<span class=\"pdf24Plugin-cp-space\">&nbsp;&nbsp;<\/span> \t\t<span class=\"pdf24Plugin-cp-text\">Sende Artikel als PDF<\/span> \t\t<span class=\"pdf24Plugin-cp-space\">&nbsp;&nbsp;<\/span> \t\t<input class=\"pdf24Plugin-cp-input\" style=\"margin: 0px;\" type=\"text\" name=\"sendEmailTo\" placeholder=\"Emailadresse\" \/> \t\t<input class=\"pdf24Plugin-cp-submit\" style=\"margin: 0px;\" type=\"submit\" value=\"Senden\" \/> \t<\/form> <\/div>","protected":false},"excerpt":{"rendered":"<p>Die F\u00fchrung der Hohenloher SPD wurde mit \u00fcberragenden Wahlergebnissen im Amt best\u00e4tigt. Kreisvorsitzender Johannes W\u00fcrttemberger aus \u00d6hringen, der vor knapp einem Jahr den Vorsitz des Kreisverbandes nach dem pl\u00f6tzlichen Tod von Werner M\u00fcller aus Krautheim \u00fcbernommen hatte, wurde einstimmig in seinem Amt best\u00e4tigt. Auch seine Stellvertreter, Caroline Vermeulen aus Bretzfeld und Fritz Rehm aus Kupferzell [&hellip;]<\/p>\n","protected":false},"author":3,"featured_media":0,"comment_status":"open","ping_status":"open","sticky":false,"template":"","format":"standard","meta":[],"categories":[],"tags":[],"_links":{"self":[{"href":"https:\/\/www.hohenlohe-ungefiltert.de\/index.php?rest_route=\/wp\/v2\/posts\/11892"}],"collection":[{"href":"https:\/\/www.hohenlohe-ungefiltert.de\/index.php?rest_route=\/wp\/v2\/posts"}],"about":[{"href":"https:\/\/www.hohenlohe-ungefiltert.de\/index.php?rest_route=\/wp\/v2\/types\/post"}],"author":[{"embeddable":true,"href":"https:\/\/www.hohenlohe-ungefiltert.de\/index.php?rest_route=\/wp\/v2\/users\/3"}],"replies":[{"embeddable":true,"href":"https:\/\/www.hohenlohe-ungefiltert.de\/index.php?rest_route=%2Fwp%2Fv2%2Fcomments&post=11892"}],"version-history":[{"count":1,"href":"https:\/\/www.hohenlohe-ungefiltert.de\/index.php?rest_route=\/wp\/v2\/posts\/11892\/revisions"}],"predecessor-version":[{"id":11893,"href":"https:\/\/www.hohenlohe-ungefiltert.de\/index.php?rest_route=\/wp\/v2\/posts\/11892\/revisions\/11893"}],"wp:attachment":[{"href":"https:\/\/www.hohenlohe-ungefiltert.de\/index.php?rest_route=%2Fwp%2Fv2%2Fmedia&parent=11892"}],"wp:term":[{"taxonomy":"category","embeddable":true,"href":"https:\/\/www.hohenlohe-ungefiltert.de\/index.php?rest_route=%2Fwp%2Fv2%2Fcategories&post=11892"},{"taxonomy":"post_tag","embeddable":true,"href":"https:\/\/www.hohenlohe-ungefiltert.de\/index.php?rest_route=%2Fwp%2Fv2%2Ftags&post=11892"}],"curies":[{"name":"wp","href":"https:\/\/api.w.org\/{rel}","templated":true}]}}