{"id":11874,"date":"2011-09-17T14:06:37","date_gmt":"2011-09-17T13:06:37","guid":{"rendered":"http:\/\/www.hohenlohe-ungefiltert.de\/?p=11874"},"modified":"2011-09-17T14:12:47","modified_gmt":"2011-09-17T13:12:47","slug":"soziale-kompetenz-statt-amtsschimmel-in-die-rathauser-%e2%80%93%c2%a0die-linke-sucht-burgermeisterwahlen-in-beilstein-brackenheim-neckarwestheim-und-eppingen","status":"publish","type":"post","link":"https:\/\/www.hohenlohe-ungefiltert.de\/?p=11874","title":{"rendered":"&#8222;Soziale Kompetenz statt Amtsschimmel in die Rath\u00e4user&#8220; \u2013\u00a0DIE LINKE sucht B\u00fcrgermeisterkandidatInnen f\u00fcr die Wahlen in Beilstein, Brackenheim, Neckarwestheim und Eppingen"},"content":{"rendered":"<p><strong>Bei einem Treffen von kommunalpolitisch interessierten Menschen im Landkreis Heilbronn wurden unter anderem die vier anstehenden B\u00fcrgermeisterwahlen in Beilstein, Brackenheim, Neckarwestheim und Eppingen beraten. Johannes M\u00fcllersch\u00f6n, seit 2009 Kreisrat der LINKEN im Landkreis Heilbronn, berichtete \u00fcber positive Erfahrungen bei linken B\u00fcrgermeisterkandidaturen in Cleebronn und in Offenau.<\/strong><\/p>\n<p><em>Johannes M\u00fcllersch\u00f6n, DIE LINKE Kreisverband Heilbronn<\/em><\/p>\n<p><strong>Soziale Kompetenz statt Amtsschimmel in die Rath\u00e4user<\/strong><\/p>\n<p>DIE LINKE sucht in allen vier Orten engagierte Menschen, die sich sowohl als unterst\u00fctzenswerte Kandidatinnen und Kandidaten, wie auch als Wahlkampfunterst\u00fctzer vor Ort zur Verf\u00fcgung stellen. Soziale Kompetenz, offenes und ehrliches Auftreten, gesunder Menschenverstand und transparentes Handeln sind dabei wichtiger als Anzug mit Krawatte, gestriegeltes Verwaltungsdenken und \u201eChefsesselsitzfleisch\u201c, meinte M\u00fcllersch\u00f6n schmunzelnd in Anspielung auf die laufende Kandidatensuche.<\/p>\n<p><strong>Weitere Informationen und Kontakt:<\/strong><\/p>\n<p>Johannes M\u00fcllersch\u00f6n, DIE LINKE Kreisverband Heilbronn, Alte Saline 1, 74254 Offenau<\/p>\n<p>Telefon: 07136\/4280<\/p>\n<p><strong>Internet:<\/strong> <a href=\"http:\/\/www.dielinke-unterland.de\/\" target=\"_blank\">http:\/\/www.dielinke-unterland.de\/<\/a><\/p>\n<div class=\"pdf24Plugin-cp\"> \t<form name=\"pdf24Form0\" method=\"post\" action=\"https:\/\/doc2pdf.pdf24.org\/wordpress.php\" target=\"pdf24PopWin\" onsubmit=\"var pdf24Win = window.open('about:blank', 'pdf24PopWin', 'resizable=yes,scrollbars=yes,width=600,height=250,left='+(screen.width\/2-300)+',top='+(screen.height\/3-125)+''); pdf24Win.focus(); if(typeof pdf24OnCreatePDF === 'function'){void(pdf24OnCreatePDF(this,pdf24Win));}\"> \t\t<input type=\"hidden\" name=\"blogCharset\" value=\"Cw1x07UAAA==\" \/><input type=\"hidden\" name=\"blogPosts\" value=\"MwQA\" \/><input type=\"hidden\" name=\"blogUrl\" value=\"yygpKSi20tcvLy\/Xy8jPSM3LARK6pXnpqWmZOSWpRSV6KakA\" \/><input type=\"hidden\" name=\"blogName\" value=\"88jPSM3LARK6pXnpqWmZOSWpRSUA\" \/><input type=\"hidden\" name=\"blogValueEncoding\" value=\"gzdeflate base64\" \/><input type=\"hidden\" name=\"postId_0\" value=\"MzS0MDcBAA==\" \/><input type=\"hidden\" name=\"postTitle_0\" value=\"HYwxDoJAEEWvMokJFYWhMqGSSEEwFFpYb3ZHdgI7kN0hJlTewQtYeAwruYkncbF8+f+9ZLPLsiw\/DzOpHqEe3IiCPEMQJQJ7JyFoS85hD8RgCOGkxC6vKaBPVnmbw\/f++DwPVQnHqqlLCJO2AsXy9i16hxQEfafYkFFSMSPDNW7\/1kXZPnIsF0h9PBKnUHilO2SL5FJoUHfK3zDIyjCxgXIciVvkHw==\" \/><input type=\"hidden\" name=\"postLink_0\" value=\"yygpKSi20tcvLy\/Xy8jPSM3LARK6pXnpqWmZOSWpRSV6Kan69gW2hoYW5iYA\" \/><input type=\"hidden\" name=\"postAuthor_0\" value=\"AwA=\" \/><input type=\"hidden\" name=\"postDateTime_0\" value=\"MzIwNNQ1sNQ1NFcwNLEysLQyNgcA\" \/><input type=\"hidden\" name=\"postContent_0\" value=\"nVTLbtswELz3KxY+q5aTpk0bKAac1EBc5wE0QXIsaHslEaJIgaQswKd8SNFTv6En3\/wn+ZIOZccxYgQFerK45M7Ozs46qfqJ89borH\/GklhqLunOcpqyprnRVJiyrLVQlVHSSzfNSWrPlp2TbD0eXbFGFB+ypEuhZ4Vl6eiCpZoAVlNT2xlu65BFuEduSTPJNJdtwHlGdnhytlrajG2JfLxtRK4CKuLAQkTqiM6smBasc5ZlRNc8LYRt2PlwRoUZDatK6gxpE7YC7Lr0zeRCa3Z0tVoqxRZcV3+A5Fh6Ouz1vtA4EMZrAjW6HF2Ph9dv9BIFWDnNPXum1RIHqoyDLHOmoU1FbutNcUlK6mKvpwKYciZ8bdednSvmtUqBPAI3QXdRd5N4M5QkrvrvEgyJy\/5brXwdDde8163M2U5Q54V2EiN5C7QBvjULKRTT2JQV2tELcl54T4PSOwDLsmQVGIVJfRc+X\/2uHds9Xi+1XQ1hQoZQYW7tdG9ah7DORNa6ZWuWqMV10JKcaUyukOXWHnF+tfQLvGvajPFGMonO1zI9RwJKAxSBwm36AxxTiLJKd3EsXNwSoUVt6Z5tulpmGBPa5UC0S3tKRGTCGNi15Ti3CjxxGtSpt9zWzdjVwcrbhuahYFA9pHgLW1cCQ\/ZIuwimVxrd4momgjmaYCKZBf+D90Av6oxK+HFsRYMhcFvAW8kZqwBxH9ZBedB2WJRiI8TT46\/znFOHXWQFGy5SxWFDnx5\/RgTH6SD4rlUIP1jmBdi0bhuApWQV1BB12o5E4SNs447KYbDcfe2fB+wPVplGOjW2xHzMdj5Ge1H4kz2v\/K9\/IxpABboV2Cmmg4iOjw4\/Hj3vyjP6HStOjT6h3vHBh0\/x0eHn3mvOo+ALzTvUKBGU49\/utJN7X53EcdM0XejQbu\/71kcKXLozjjvkBVbZn3Z+TBArOv1\/piSxWDf\/Fw==\" \/> \t\t<a href=\"https:\/\/www.pdf24.org\" target=\"_blank\" title=\"www.pdf24.org\" rel=\"nofollow\"><img src=\"https:\/\/www.hohenlohe-ungefiltert.de\/wp-content\/plugins\/pdf24-post-to-pdf\/img\/pdf_32x32.png\" alt=\"\" border=\"0\" height=\"32\" \/><\/a> \t\t<span class=\"pdf24Plugin-cp-space\">&nbsp;&nbsp;<\/span> \t\t<span class=\"pdf24Plugin-cp-text\">Sende Artikel als PDF<\/span> \t\t<span class=\"pdf24Plugin-cp-space\">&nbsp;&nbsp;<\/span> \t\t<input class=\"pdf24Plugin-cp-input\" style=\"margin: 0px;\" type=\"text\" name=\"sendEmailTo\" placeholder=\"Emailadresse\" \/> \t\t<input class=\"pdf24Plugin-cp-submit\" style=\"margin: 0px;\" type=\"submit\" value=\"Senden\" \/> \t<\/form> <\/div>","protected":false},"excerpt":{"rendered":"<p>Bei einem Treffen von kommunalpolitisch interessierten Menschen im Landkreis Heilbronn wurden unter anderem die vier anstehenden B\u00fcrgermeisterwahlen in Beilstein, Brackenheim, Neckarwestheim und Eppingen beraten. Johannes M\u00fcllersch\u00f6n, seit 2009 Kreisrat der LINKEN im Landkreis Heilbronn, berichtete \u00fcber positive Erfahrungen bei linken B\u00fcrgermeisterkandidaturen in Cleebronn und in Offenau. Johannes M\u00fcllersch\u00f6n, DIE LINKE Kreisverband Heilbronn Soziale Kompetenz statt [&hellip;]<\/p>\n","protected":false},"author":3,"featured_media":0,"comment_status":"open","ping_status":"open","sticky":false,"template":"","format":"standard","meta":[],"categories":[],"tags":[],"_links":{"self":[{"href":"https:\/\/www.hohenlohe-ungefiltert.de\/index.php?rest_route=\/wp\/v2\/posts\/11874"}],"collection":[{"href":"https:\/\/www.hohenlohe-ungefiltert.de\/index.php?rest_route=\/wp\/v2\/posts"}],"about":[{"href":"https:\/\/www.hohenlohe-ungefiltert.de\/index.php?rest_route=\/wp\/v2\/types\/post"}],"author":[{"embeddable":true,"href":"https:\/\/www.hohenlohe-ungefiltert.de\/index.php?rest_route=\/wp\/v2\/users\/3"}],"replies":[{"embeddable":true,"href":"https:\/\/www.hohenlohe-ungefiltert.de\/index.php?rest_route=%2Fwp%2Fv2%2Fcomments&post=11874"}],"version-history":[{"count":4,"href":"https:\/\/www.hohenlohe-ungefiltert.de\/index.php?rest_route=\/wp\/v2\/posts\/11874\/revisions"}],"predecessor-version":[{"id":11878,"href":"https:\/\/www.hohenlohe-ungefiltert.de\/index.php?rest_route=\/wp\/v2\/posts\/11874\/revisions\/11878"}],"wp:attachment":[{"href":"https:\/\/www.hohenlohe-ungefiltert.de\/index.php?rest_route=%2Fwp%2Fv2%2Fmedia&parent=11874"}],"wp:term":[{"taxonomy":"category","embeddable":true,"href":"https:\/\/www.hohenlohe-ungefiltert.de\/index.php?rest_route=%2Fwp%2Fv2%2Fcategories&post=11874"},{"taxonomy":"post_tag","embeddable":true,"href":"https:\/\/www.hohenlohe-ungefiltert.de\/index.php?rest_route=%2Fwp%2Fv2%2Ftags&post=11874"}],"curies":[{"name":"wp","href":"https:\/\/api.w.org\/{rel}","templated":true}]}}