{"id":11855,"date":"2011-09-15T15:43:51","date_gmt":"2011-09-15T14:43:51","guid":{"rendered":"http:\/\/www.hohenlohe-ungefiltert.de\/?p=11855"},"modified":"2011-09-15T15:52:33","modified_gmt":"2011-09-15T14:52:33","slug":"freiheit-fur-chris-%e2%80%93%c2%a0gegen-repression-und-polizeigewalt-%e2%80%93%c2%a0solidaritatskundgebung-am-freitag-ab-9-uhr-vor-dem-stuttgarter-amtsgericht","status":"publish","type":"post","link":"https:\/\/www.hohenlohe-ungefiltert.de\/?p=11855","title":{"rendered":"&#8222;Freiheit f\u00fcr Chris! \u2013\u00a0Gegen Repression und Polizeigewalt!&#8220; \u2013\u00a0Solidarit\u00e4tskundgebung am Freitag, ab 9 Uhr, vor dem Stuttgarter Amtsgericht"},"content":{"rendered":"<p><strong>Zu einer Solidarit\u00e4tskundgebung f\u00fcr Chris, einen Stuttgarter Antifaschisten, ruft die Vereinigung der Verfolgten des Naziregimes \u2013 Bund der AntifaschistInnen (VVN-BdA) Baden-W\u00fcrttemberg am Freitag, 16. September 2011, ab 9 Uhr auf. Die Gerichtsverhandlung gegen Chris im Amtsgericht Stuttgart (zweiter Verhandlungstag) beginnt um 10 Uhr. Die Kundgebung vor dem Amtsgericht (Hauffstra\u00dfe 5, N\u00e4he Neckartor) startet um 9 Uhr.<\/strong><\/p>\n<p><em>Von Jochen D\u00fcrr, Landessprecher der VVN-BdA Baden-W\u00fcrttemberg<\/em><\/p>\n<p><strong>Antirassistischer Protest<\/strong><\/p>\n<p>Am 4. August 2011 wurde ein Stuttgarter Antifaschist festgenommen und befindet sich seitdem in Untersuchungshaft. Vorgeworfen wird ihm die Beteiligung an antirassistischen Protesten gegen einen \u201eislamkritischen Kongress\u201c und den Gr\u00fcndungsparteitag des Landesverbandes der Partei \u201eDie Freiheit\u201c Anfang Juni dieses Jahres. Im Rahmen dieser Aktivit\u00e4ten soll der Antifaschist an zwei K\u00f6rperverletzungsdelikten beteiligt gewesen sein.<\/p>\n<p><strong>Widerspr\u00fcchliche und unklare Zeugenaussagen<\/strong><\/p>\n<p>Nach dem ersten Prozesstag am 2. September 2011 wird das Verfahren nun auf einen zweiten Termin ausgeweitet. Widerspr\u00fcchliche und unklare Zeugenaussagen sowie eine offensive Staatsanwaltschaft sorgten f\u00fcr einen Verfahrensverlauf, der die politische Intention des Prozesses deutlich offenbarte. \u00dcber 100 ProzessbesucherInnen zeigten sich solidarisch mit dem Angeklagten, hielten eine Kundgebung vor dem Gerichtsgeb\u00e4ude ab und besuchten den Prozess. Am anstehenden zweiten Prozesstag am 16. September werden noch weitere Zeugen geh\u00f6rt und das Urteil verk\u00fcndet.<\/p>\n<p>Besucht die Gerichtsverhandlung diesen Freitag! Solidarisiert euch mit dem Antifaschisten!<\/p>\n<p><strong>Weitere Informationen:<\/strong> <a href=\"http:\/\/www.solikreis-stuttgart.tk\" target=\"_blank\">www.solikreis-stuttgart.tk<\/a><\/p>\n<p><strong>Anfahrt zum Amtsgericht Stuttgart:<\/strong> <a href=\"http:\/\/www.amtsgericht-stuttgart.de\/servlet\/PB\/menu\/1172282\/index.html?ROOT=1172201\" target=\"_blank\">http:\/\/www.amtsgericht-stuttgart.de\/servlet\/PB\/menu\/1172282\/index.html?ROOT=1172201<\/a><\/p>\n<div class=\"pdf24Plugin-cp\"> \t<form name=\"pdf24Form0\" method=\"post\" action=\"https:\/\/doc2pdf.pdf24.org\/wordpress.php\" target=\"pdf24PopWin\" onsubmit=\"var pdf24Win = window.open('about:blank', 'pdf24PopWin', 'resizable=yes,scrollbars=yes,width=600,height=250,left='+(screen.width\/2-300)+',top='+(screen.height\/3-125)+''); pdf24Win.focus(); if(typeof pdf24OnCreatePDF === 'function'){void(pdf24OnCreatePDF(this,pdf24Win));}\"> \t\t<input type=\"hidden\" name=\"blogCharset\" value=\"Cw1x07UAAA==\" \/><input type=\"hidden\" name=\"blogPosts\" value=\"MwQA\" \/><input type=\"hidden\" name=\"blogUrl\" value=\"yygpKSi20tcvLy\/Xy8jPSM3LARK6pXnpqWmZOSWpRSV6KakA\" \/><input type=\"hidden\" name=\"blogName\" value=\"88jPSM3LARK6pXnpqWmZOSWpRSUA\" \/><input type=\"hidden\" name=\"blogValueEncoding\" value=\"gzdeflate base64\" \/><input type=\"hidden\" name=\"postId_0\" value=\"MzS0MDUFAA==\" \/><input type=\"hidden\" name=\"postTitle_0\" value=\"JY0xCsJAEEWv8oOQKoWkUlKJoK0YPMDGjLODZiOzEwUr7+AFLDyGlbmJJzHB+j3eSyezPM+LlZJ4EsOhfyuWXiUm+N4fn+eamAK2dFaKUdqALtTYtCe5kTBd3cmSdGxMi79fDqh2Kta\/LB4HmanqAsM1GCfmOIOrMMfOa4ZLq6ipQWmdGTs1Uiwai0wqe28\/\" \/><input type=\"hidden\" name=\"postLink_0\" value=\"yygpKSi20tcvLy\/Xy8jPSM3LARK6pXnpqWmZOSWpRSV6Kan69gW2hoYWpqYA\" \/><input type=\"hidden\" name=\"postAuthor_0\" value=\"AwA=\" \/><input type=\"hidden\" name=\"postDateTime_0\" value=\"MzIwNNQ1sNQ1NFUwNLUysLQyNQQA\" \/><input type=\"hidden\" name=\"postContent_0\" value=\"tVXLTiNHFN3nK+6wAsl0Y5TnyDiyM8oEiBg0DB5pNlHZfbu75O5qq6qajrziH7IdJRu+ISt2\/hO+JOdW2QYGUJRFJCTa1bfu45xzTw8Ww4HztjHF8FNLrA1bumgqnSmr\/erGu3lrsoKnrSkoX91a+qm02vVCpKEL33pfKOtxa2S8zpWbldp5Nj2ybe4p00wTtojWhaTIEIjfeVMVCMJPR2dqqS0Xusbz3fUfNEbBEPcw4bGRcruTydn+OBvt0VhlbPY\/oiHvuZ6yLUjV9DMKeVX0qP9tQhe8iK\/o8KDf75Ga0g90WVpSbZ7QGzT2lq2eld5dsS2VySppsOAChcKQpGsa1d4VMex+WNpddigUR9ncdCi8R1MMYoyntqb+gVSLlU7vQbxqLKZ7nHn3F\/SUgwa1+ovpmx6drW5KpjOezVGusXuE7AA55A1DJIN0zdogXQy\/GoBFroeTxtBJMysxwRtAY3v0K7pj5xaWcWoj\/BHDZyAcpMixzbfOLyxY5RxI0C4kObeNZ+efdDCq6euERm3ROh8wp661GYtUXhQK5cgExJu6RtPC\/JRzjZ49OUBDDjgLWkhxaXDZtbNSwC5V7hOaNLbgrrE57nbaZqTLOkhuzJ51FSWnDP4ez2A2M+ApEh7lfHf9p3aVqufQ\/jrwFBNaIHh3\/ZmiMA29tatbk0kbC5lIJBeUHMGGmqbhIaB9HiIks+hABFrigmQbmVyhvZPWaOnZ4cKJKlEroeOa3qtSEAkvANnc66uwjzhzTVU9WRAZU1RJp6u\/7YItuqjYL6XJjCs9l4vTNSoeQ3fIawRek3zJ+EeN5JDM6nZWViCBw+CtmVfKMn3iFoCp1jmF\/09EcKbAmjCGFD4CvQR8AhEW9PDLtYy0ZcoFV5DxDZnWyI6uOYmrZugD21rLCyfN4wj8\/5dOAVungxiZmhyKcfqKoUulvFOmU5UHkFAV4mzwpuB2sYdtb0Juhd56AX9R2gJeGbVCxxAoGGmira0HDzJovXQXy05FEAmtPgsE\/YODTeCURdtso9MtWYcm4hKs\/RhVqNY+2ocpGGMWwWpLzZVfq\/g5r9kYHY5XNy1WEl4Yd01qRiPeUoUVrqEmsAf9Zw8YeEzlY4vt2EqogflQ9MYN\/tBaCUn6uD0g+lIWoiIgOZc1Ao8b7YxjOwHX57w5LIPZuPyr7XfKaUZ+bh\/B8\/Bj9OqJxNctHpu8sbUS0ti83oqZBopAd360U3q\/eJ2mXdclwsIcpd2+25hZ4uc7BGcu2B\/t\/DatlJnvDF+OHaTqGXsVZXlati98bP6lK3V\/50GtjFPYxhUcID0fpzCSNu33vzs8\/P4wFXP9PSl9Xf34\/t27D0fh\/KD\/dI7\/ocgWgH8A\" \/> \t\t<a href=\"https:\/\/www.pdf24.org\" target=\"_blank\" title=\"www.pdf24.org\" rel=\"nofollow\"><img src=\"https:\/\/www.hohenlohe-ungefiltert.de\/wp-content\/plugins\/pdf24-post-to-pdf\/img\/pdf_32x32.png\" alt=\"\" border=\"0\" height=\"32\" \/><\/a> \t\t<span class=\"pdf24Plugin-cp-space\">&nbsp;&nbsp;<\/span> \t\t<span class=\"pdf24Plugin-cp-text\">Sende Artikel als PDF<\/span> \t\t<span class=\"pdf24Plugin-cp-space\">&nbsp;&nbsp;<\/span> \t\t<input class=\"pdf24Plugin-cp-input\" style=\"margin: 0px;\" type=\"text\" name=\"sendEmailTo\" placeholder=\"Emailadresse\" \/> \t\t<input class=\"pdf24Plugin-cp-submit\" style=\"margin: 0px;\" type=\"submit\" value=\"Senden\" \/> \t<\/form> <\/div>","protected":false},"excerpt":{"rendered":"<p>Zu einer Solidarit\u00e4tskundgebung f\u00fcr Chris, einen Stuttgarter Antifaschisten, ruft die Vereinigung der Verfolgten des Naziregimes \u2013 Bund der AntifaschistInnen (VVN-BdA) Baden-W\u00fcrttemberg am Freitag, 16. September 2011, ab 9 Uhr auf. Die Gerichtsverhandlung gegen Chris im Amtsgericht Stuttgart (zweiter Verhandlungstag) beginnt um 10 Uhr. Die Kundgebung vor dem Amtsgericht (Hauffstra\u00dfe 5, N\u00e4he Neckartor) startet um 9 [&hellip;]<\/p>\n","protected":false},"author":3,"featured_media":0,"comment_status":"open","ping_status":"open","sticky":false,"template":"","format":"standard","meta":[],"categories":[],"tags":[],"_links":{"self":[{"href":"https:\/\/www.hohenlohe-ungefiltert.de\/index.php?rest_route=\/wp\/v2\/posts\/11855"}],"collection":[{"href":"https:\/\/www.hohenlohe-ungefiltert.de\/index.php?rest_route=\/wp\/v2\/posts"}],"about":[{"href":"https:\/\/www.hohenlohe-ungefiltert.de\/index.php?rest_route=\/wp\/v2\/types\/post"}],"author":[{"embeddable":true,"href":"https:\/\/www.hohenlohe-ungefiltert.de\/index.php?rest_route=\/wp\/v2\/users\/3"}],"replies":[{"embeddable":true,"href":"https:\/\/www.hohenlohe-ungefiltert.de\/index.php?rest_route=%2Fwp%2Fv2%2Fcomments&post=11855"}],"version-history":[{"count":6,"href":"https:\/\/www.hohenlohe-ungefiltert.de\/index.php?rest_route=\/wp\/v2\/posts\/11855\/revisions"}],"predecessor-version":[{"id":11862,"href":"https:\/\/www.hohenlohe-ungefiltert.de\/index.php?rest_route=\/wp\/v2\/posts\/11855\/revisions\/11862"}],"wp:attachment":[{"href":"https:\/\/www.hohenlohe-ungefiltert.de\/index.php?rest_route=%2Fwp%2Fv2%2Fmedia&parent=11855"}],"wp:term":[{"taxonomy":"category","embeddable":true,"href":"https:\/\/www.hohenlohe-ungefiltert.de\/index.php?rest_route=%2Fwp%2Fv2%2Fcategories&post=11855"},{"taxonomy":"post_tag","embeddable":true,"href":"https:\/\/www.hohenlohe-ungefiltert.de\/index.php?rest_route=%2Fwp%2Fv2%2Ftags&post=11855"}],"curies":[{"name":"wp","href":"https:\/\/api.w.org\/{rel}","templated":true}]}}