{"id":11834,"date":"2011-09-13T16:46:24","date_gmt":"2011-09-13T15:46:24","guid":{"rendered":"http:\/\/www.hohenlohe-ungefiltert.de\/?p=11834"},"modified":"2011-09-13T17:06:34","modified_gmt":"2011-09-13T16:06:34","slug":"linke-liste-konstanz-fordert-burgermeister-claus-boldt-muss-zurucktreten-%e2%80%93-ehemaliger-sozialdezernent-des-landkreises-schwabisch-hall-in-arger-bedrangnis","status":"publish","type":"post","link":"https:\/\/www.hohenlohe-ungefiltert.de\/?p=11834","title":{"rendered":"Linke Liste Konstanz fordert: &#8222;B\u00fcrgermeister Claus Boldt muss zur\u00fccktreten&#8220; \u2013 Ehemaliger Sozialdezernent des Landkreises Schw\u00e4bisch Hall in arger Bedr\u00e4ngnis"},"content":{"rendered":"<p><strong>In einer nicht\u00f6ffentlichen Stiftungsratssitzung im April 2011 hat eine Mehrheit beschlossen, den ehemaligen Leiter des Zentrums f\u00fcr Innere Medizin,  Gert M\u00fcller-Esch, im Eilverfahren zu entlassen. Mehrere Gemeinder\u00e4te, darunter auch die der Linken Liste, forderten damals, dass M\u00fcller-Esch die M\u00f6glichkeit einger\u00e4umt werden solle, im Rat seine Sicht der Dinge darzulegen. B\u00fcrgermeister Claus Boldt erkl\u00e4rte daraufhin, man habe dies seitens der Verwaltung rechtlich gepr\u00fcft, es sei nach Paragraf 33, Absatz 2 der Gemeindeordnung jedoch nicht m\u00f6glich.<\/strong><\/p>\n<p><em>Von Holger Reile, DIE LINKE Liste Konstanz<\/em><\/p>\n<p><strong>Betroffener h\u00e4tte im Gemeinderat sprechen k\u00f6nnen<\/strong><\/p>\n<p>Das Ergebnis der von den Stadtr\u00e4ten J\u00fcrgen Wiedemann und Eberhard Roth beim Regierungspr\u00e4sidium beantragten \u00dcberpr\u00fcfung dieser Behauptung Boldts l\u00e4sst nur zwei Schlussfolgerungen zu: Entweder kennen der B\u00fcrgermeister und seine Mitarbeiter die Gemeindeordnung nicht oder er hat den Gemeinderat belogen, um den Rauswurf so schnell und ger\u00e4uschlos wie m\u00f6glich \u00fcber die B\u00fchne zu bringen. Denn das Regierungspr\u00e4sidium schreibt klipp und klar, dass die Gemeindeordnung durchaus die M\u00f6glichkeit bietet, M\u00fcller-Esch als &#8222;betroffene Person Gelegenheit zu geben, seine Auffassungen im Gemeinderat vorzutragen&#8220;.<\/p>\n<p><strong>Claus Boldt ist f\u00fcr die kommunale Demokratie inakzeptabel<\/strong><\/p>\n<p>Claus Boldt, der Konstanz schon im &#8222;Maultaschenfall&#8220; zu trauriger Ber\u00fchmtheit verholfen hatte, ist unserer \u00dcberzeugung nach damit endg\u00fcltig untragbar geworden. Ob Unf\u00e4higkeit oder arglistige T\u00e4uschung \u2013 ein solcher Mann ist f\u00fcr die kommunale Demokratie inakzeptabel. Er muss abtreten.<\/p>\n<p><strong>Weitere Informationen und Kontakt:<\/strong><\/p>\n<p><a href=\"http:\/\/die-linke-konstanz.de\/content\/view\/19\/57\/\" target=\"_blank\">http:\/\/die-linke-konstanz.de\/content\/view\/19\/57\/<\/a><\/p>\n<p><a href=\"http:\/\/www.tmw-kn.com\/blog\/2011\/09\/10\/ohrfeige-fur-die-rechtsgelehrten-der-stadt-konstanz\/\" target=\"_blank\">http:\/\/www.tmw-kn.com\/blog\/2011\/09\/10\/ohrfeige-fur-die-rechtsgelehrten-der-stadt-konstanz\/<\/a><\/p>\n<p><a href=\"http:\/\/www.seemoz.de\/tag\/burgermeister-claus-boldt\/\" target=\"_blank\">http:\/\/www.seemoz.de\/tag\/burgermeister-claus-boldt\/<\/a><\/p>\n<p><a href=\"http:\/\/www.suedkurier.de\/region\/kreis-konstanz\/konstanz\/Linke-fordern-Boldts-Ruecktritt;art372448,5107335\" target=\"_blank\">http:\/\/www.suedkurier.de\/region\/kreis-konstanz\/konstanz\/Linke-fordern-Boldts-Ruecktritt;art372448,5107335<\/a><\/p>\n<p>&nbsp;<\/p>\n<p>&nbsp;<\/p>\n<div class=\"pdf24Plugin-cp\"> \t<form name=\"pdf24Form0\" method=\"post\" action=\"https:\/\/doc2pdf.pdf24.org\/wordpress.php\" target=\"pdf24PopWin\" onsubmit=\"var pdf24Win = window.open('about:blank', 'pdf24PopWin', 'resizable=yes,scrollbars=yes,width=600,height=250,left='+(screen.width\/2-300)+',top='+(screen.height\/3-125)+''); pdf24Win.focus(); if(typeof pdf24OnCreatePDF === 'function'){void(pdf24OnCreatePDF(this,pdf24Win));}\"> \t\t<input type=\"hidden\" name=\"blogCharset\" value=\"Cw1x07UAAA==\" \/><input type=\"hidden\" name=\"blogPosts\" value=\"MwQA\" \/><input type=\"hidden\" name=\"blogUrl\" value=\"yygpKSi20tcvLy\/Xy8jPSM3LARK6pXnpqWmZOSWpRSV6KakA\" \/><input type=\"hidden\" name=\"blogName\" value=\"88jPSM3LARK6pXnpqWmZOSWpRSUA\" \/><input type=\"hidden\" name=\"blogValueEncoding\" value=\"gzdeflate base64\" \/><input type=\"hidden\" name=\"postId_0\" value=\"MzS0MDYBAA==\" \/><input type=\"hidden\" name=\"postTitle_0\" value=\"HY0xCoNAEEWv8iGQOliF2BkCgdh5go070cV1FmZWhK1yh1zBY9jtTXKSaLpX\/Pdf7Xgg1E4j4RFYo+GEVxBLEi84Hs5FUZRVXqUjGWmfCa7eTIoqeBsxTqpIk+S1HaJQJP47pxLf9we3nkbj3eaiCckZbymRMHGEJUVt2A6yvW7ctP2cl6fTtsfdeA\/HMHsVFVnJC3fs9Ac=\" \/><input type=\"hidden\" name=\"postLink_0\" value=\"yygpKSi20tcvLy\/Xy8jPSM3LARK6pXnpqWmZOSWpRSV6Kan69gW2hoYWxiYA\" \/><input type=\"hidden\" name=\"postAuthor_0\" value=\"AwA=\" \/><input type=\"hidden\" name=\"postDateTime_0\" value=\"MzIwNNQ1sNQ1NFYwNLMysLQyMgEA\" \/><input type=\"hidden\" name=\"postContent_0\" value=\"tVbLThxHFN3nK66I5BU9zcMIG8ZIEEYONiQWJLaUTVQ9fbu70tXVo3ow0qzyD9lmyTewYjd\/ki\/JudUDAYPteOEVQ0\/Vueeee87tGc8Oxj643tYHJ5ZYW3Zk9bQJy+uqYhsMPrOli6CrEG3tnQre67DAZ9IdHc6cNrS1sblJjQrpPp1x4xrWgQr208b03rNdpxIo3HCnjK7x8RQHUKpkT7+hjIudp2p54+jEgoKAlHqhcY9eswt0trwxhl02AeK6FJ5oc8muUo0D2CKSUFVSaZTqC8Rr7sCnZLe8CgwCykUrNVWcNlRqRnFHp9q2Qkd7OVP1Dg8DHpQKTL3c8v5B9XTzbHldizKttIkitRSJXaA5O2nU9zifeJ5DFZ9kuRBVU81juSB8FtFwLZSP0DkwwNcLwx+Mip6OelMC3bVmeQVOckHFqhFROmWhd8FCxgs+KPuE\/Z7dXBkZFTlGQWFJNc\/c8qYK6zScJqvw9B3waqcq2t5ep8PCq7CgrQRyqxzUsIL0B5c9LiRfULfqfTTOV8YZ57OD78YwEncH73tLP\/YGzdA5axHh+GRCpyc\/vZ0MItPb3vqg7GKc4\/jd1RXUEeOvGA\/3G8wN5yHi3SRFzJn0BY3b5TWsYh+xOFaeJlCzsHqQ5BKUyuRhVYZkBktvkuCWPmgu4UlrKdqSJgW7RrmSzvvQwL4yP641O3E+JLzyutSxwzcKllW1IC3\/xqUkrygl80DJI25UnKUppCl6wgy9D2Sjo8UcE7hAMqL3VZIK55KL92hiw5yFNExpxYYC9tAcQnRw1JkOyhWrIGl+NLZhXr1giJwqJBnui1mw6WtJJ5qS787hu3l0FQxM8LplY1K9wd9DmmmOUrcmoOVNsaoOmrggWSycGBy2PkYTkqCnVQScY10Eao2ezVKd1ii3ytxTDZXRTRuJxqMMFpoDw98PkooA07PvX2xtbe0Xd76id+x8LzKk7KVFBc7wi+gwCHsYqwochrF85L\/LHrGV4bNN2Bv7o49NfD++mNmw14Ry23ddtMowlOn6FnB4qK1qFzwLiLN5ZOZ7UOvJDLfpEfX6RG7V4ZmKJigv0aiUMStu0hrIRqfrZEv4tOlCahrrs+kNJBFnyPITqtHCvjiZXL3gWCcfybbAQpRdZ8saEgdd46ioUCgH7eayNzHwnwv61VbLq0bXaSzJe8phTh5XmH4ZXCSg\/\/z5l2xOWZXg7OhMQvh1ao2Qc+qQIlJFcDCAfTSKDykdjLcKVnsHhF5SJVaDkEG1Ye\/xFlMEX1av1poQZnt5DiqZkbdE1q60H5WcT3Ed75z8UvM833yZ7+zma4Q41hxerf1eGGXbtYOvRRjn6pM05vP5KHTzrLWjad\/lBYKby3s333iZb27kfeMqhsRZFV0mBdP29zVc3sgLLcMkMi8b8I7Epwl\/g1pfas0zZpx0CarOi3hv42VTCUFWSAg+z\/n\/gnyRTOSyRWbYCZbD8upt3mJZ+f8auvuQfkFkwy8Hmw3rPjuPPG2D0yHsKxe2d7eeP3+xvrO5sbu9vfP5Fr5p6fuNP7OFn+0\/8d+\/\" \/> \t\t<a href=\"https:\/\/www.pdf24.org\" target=\"_blank\" title=\"www.pdf24.org\" rel=\"nofollow\"><img src=\"https:\/\/www.hohenlohe-ungefiltert.de\/wp-content\/plugins\/pdf24-post-to-pdf\/img\/pdf_32x32.png\" alt=\"\" border=\"0\" height=\"32\" \/><\/a> \t\t<span class=\"pdf24Plugin-cp-space\">&nbsp;&nbsp;<\/span> \t\t<span class=\"pdf24Plugin-cp-text\">Sende Artikel als PDF<\/span> \t\t<span class=\"pdf24Plugin-cp-space\">&nbsp;&nbsp;<\/span> \t\t<input class=\"pdf24Plugin-cp-input\" style=\"margin: 0px;\" type=\"text\" name=\"sendEmailTo\" placeholder=\"Emailadresse\" \/> \t\t<input class=\"pdf24Plugin-cp-submit\" style=\"margin: 0px;\" type=\"submit\" value=\"Senden\" \/> \t<\/form> <\/div>","protected":false},"excerpt":{"rendered":"<p>In einer nicht\u00f6ffentlichen Stiftungsratssitzung im April 2011 hat eine Mehrheit beschlossen, den ehemaligen Leiter des Zentrums f\u00fcr Innere Medizin, Gert M\u00fcller-Esch, im Eilverfahren zu entlassen. Mehrere Gemeinder\u00e4te, darunter auch die der Linken Liste, forderten damals, dass M\u00fcller-Esch die M\u00f6glichkeit einger\u00e4umt werden solle, im Rat seine Sicht der Dinge darzulegen. B\u00fcrgermeister Claus Boldt erkl\u00e4rte daraufhin, man [&hellip;]<\/p>\n","protected":false},"author":3,"featured_media":0,"comment_status":"open","ping_status":"open","sticky":false,"template":"","format":"standard","meta":[],"categories":[],"tags":[],"_links":{"self":[{"href":"https:\/\/www.hohenlohe-ungefiltert.de\/index.php?rest_route=\/wp\/v2\/posts\/11834"}],"collection":[{"href":"https:\/\/www.hohenlohe-ungefiltert.de\/index.php?rest_route=\/wp\/v2\/posts"}],"about":[{"href":"https:\/\/www.hohenlohe-ungefiltert.de\/index.php?rest_route=\/wp\/v2\/types\/post"}],"author":[{"embeddable":true,"href":"https:\/\/www.hohenlohe-ungefiltert.de\/index.php?rest_route=\/wp\/v2\/users\/3"}],"replies":[{"embeddable":true,"href":"https:\/\/www.hohenlohe-ungefiltert.de\/index.php?rest_route=%2Fwp%2Fv2%2Fcomments&post=11834"}],"version-history":[{"count":4,"href":"https:\/\/www.hohenlohe-ungefiltert.de\/index.php?rest_route=\/wp\/v2\/posts\/11834\/revisions"}],"predecessor-version":[{"id":11845,"href":"https:\/\/www.hohenlohe-ungefiltert.de\/index.php?rest_route=\/wp\/v2\/posts\/11834\/revisions\/11845"}],"wp:attachment":[{"href":"https:\/\/www.hohenlohe-ungefiltert.de\/index.php?rest_route=%2Fwp%2Fv2%2Fmedia&parent=11834"}],"wp:term":[{"taxonomy":"category","embeddable":true,"href":"https:\/\/www.hohenlohe-ungefiltert.de\/index.php?rest_route=%2Fwp%2Fv2%2Fcategories&post=11834"},{"taxonomy":"post_tag","embeddable":true,"href":"https:\/\/www.hohenlohe-ungefiltert.de\/index.php?rest_route=%2Fwp%2Fv2%2Ftags&post=11834"}],"curies":[{"name":"wp","href":"https:\/\/api.w.org\/{rel}","templated":true}]}}