{"id":11828,"date":"2011-09-13T16:31:25","date_gmt":"2011-09-13T15:31:25","guid":{"rendered":"http:\/\/www.hohenlohe-ungefiltert.de\/?p=11828"},"modified":"2011-09-13T16:31:25","modified_gmt":"2011-09-13T15:31:25","slug":"spd-hohenlohe-wahlt-zahlreiche-funktionare-%e2%80%93%c2%a0kreisparteitag-am-freitag-in-neuenstein-kirchensall","status":"publish","type":"post","link":"https:\/\/www.hohenlohe-ungefiltert.de\/?p=11828","title":{"rendered":"&#8222;SPD-Hohenlohe w\u00e4hlt zahlreiche Funktion\u00e4re&#8220; \u2013\u00a0Kreisparteitag am Freitag in Neuenstein-Kirchensall"},"content":{"rendered":"<p><strong>Der Kreisparteitag des SPD-Kreisverbands Hohenlohe findet am Freitag, 16. September 2011, ab 19 Uhr, im Landgasthof Wolf, Hauptstra\u00dfe 25, in 74632 Neuenstein-Kirchensall statt.<\/strong><\/p>\n<p><em>Von Stefan Oetzel, SPD-Regionalgesch\u00e4ftsf\u00fchrer Regionalzentrum Ostw\u00fcrttemberg \u2013 Schw\u00e4bisch Hall \u2013 Hohenlohe<\/em><\/p>\n<p><strong>Als Tagesordnung ist vorgesehen:<\/strong><\/p>\n<p>1.     Begr\u00fc\u00dfung \u2013 Gru\u00dfworte<\/p>\n<p>2.     Konstituierung<\/p>\n<p>n         Pr\u00e4sidium<\/p>\n<p>n         Mandatspr\u00fcfungskommission<\/p>\n<p>n         Wahlkommission\/en<\/p>\n<p>3.    Rechenschaftsberichte<\/p>\n<p>n         Kreisvorsitzender<\/p>\n<p>n         Kassierer<\/p>\n<p>n         Revisoren<\/p>\n<p>4.    Diskussion und Aussprache<\/p>\n<p>5.    Entlastungen<\/p>\n<p>6.    Neuwahlen<\/p>\n<p>n         Kreisvorsitzende\/r<\/p>\n<p>n         zwei stellvertretende Kreisvorsitzende<\/p>\n<p>n         Schatzmeister\/in<\/p>\n<p>n   Pressesprecher\/in\/Schriftf\u00fchrer\/in<\/p>\n<p>n         Wahl der Beisitzer\/innen im Kreisvorstand<\/p>\n<p>7.    Fortsetzung der Wahlen<\/p>\n<p>Wahl der Delegierten f\u00fcr die Landesparteitage<\/p>\n<p>8.    Antragsberatung<\/p>\n<p>9.    Fortsetzung der Wahlen:<\/p>\n<p>n  zwei Revisoren\/innen<\/p>\n<p>n  Schiedskommission<\/p>\n<p>10.  Verabschiedung ausscheidender Vorstandsmitglieder<\/p>\n<p>11.  Schlusswort der\/s neu gew\u00e4hlten Kreisvorsitzenden<\/p>\n<p><strong>Weitere Informationen und Kontakt:<\/strong><\/p>\n<p>SPD-Regionalzentrum Ostw\u00fcrttemberg \u2013 Schw\u00e4bisch Hall \u2013 Hohenlohe, Beim Hecht 1, 73430 Aalen<\/p>\n<p>Telefon:  +49 (0) 7361 &#8211; 6 15 35<\/p>\n<p>Fax:  +49 (0) 7361 &#8211; 680 769<\/p>\n<p>Mobil: +49 (0) 172 &#8211; 73 18 678<\/p>\n<p><strong>Internet: <\/strong><\/p>\n<p><a href=\"http:\/\/www.spd-hohenlohe.de\/\" target=\"_blank\">www.spd-hohenlohe.de<\/a><\/p>\n<p><a href=\"http:\/\/www.spd-sha.de\/\" target=\"_blank\">www.spd-sha.de<\/a><\/p>\n<p><a href=\"http:\/\/www.spd-ostalb.de\" target=\"_blank\">www.spd-ostalb.de<\/a><\/p>\n<p><a href=\"http:\/\/www.spd-heidenheim.de\" target=\"_blank\">www.spd-heidenheim.de<\/a><\/p>\n<p><a href=\"http:\/\/www.warumspd.de\" target=\"_blank\">www.warumspd.de<\/a><\/p>\n<div class=\"pdf24Plugin-cp\"> \t<form name=\"pdf24Form0\" method=\"post\" action=\"https:\/\/doc2pdf.pdf24.org\/wordpress.php\" target=\"pdf24PopWin\" onsubmit=\"var pdf24Win = window.open('about:blank', 'pdf24PopWin', 'resizable=yes,scrollbars=yes,width=600,height=250,left='+(screen.width\/2-300)+',top='+(screen.height\/3-125)+''); pdf24Win.focus(); if(typeof pdf24OnCreatePDF === 'function'){void(pdf24OnCreatePDF(this,pdf24Win));}\"> \t\t<input type=\"hidden\" name=\"blogCharset\" value=\"Cw1x07UAAA==\" \/><input type=\"hidden\" name=\"blogPosts\" value=\"MwQA\" \/><input type=\"hidden\" name=\"blogUrl\" value=\"yygpKSi20tcvLy\/Xy8jPSM3LARK6pXnpqWmZOSWpRSV6KakA\" \/><input type=\"hidden\" name=\"blogName\" value=\"88jPSM3LARK6pXnpqWmZOSWpRSUA\" \/><input type=\"hidden\" name=\"blogValueEncoding\" value=\"gzdeflate base64\" \/><input type=\"hidden\" name=\"postId_0\" value=\"MzS0MLIAAA==\" \/><input type=\"hidden\" name=\"postTitle_0\" value=\"U1O2MDIysg4OcNH1yM9IzcsBEgrlh5dk5JQoVCVm5BSlZiYDRdxK87JLMvPzDi8pSlUDaTGwVnjUMPnQAm+gguKCxKKS1MySxHSFxFwFtyIIMzNPwS+1NDWvGCiVp+udWQQ0J684MScHAA==\" \/><input type=\"hidden\" name=\"postLink_0\" value=\"yygpKSi20tcvLy\/Xy8jPSM3LARK6pXnpqWmZOSWpRSV6Kan69gW2hoYWRhYA\" \/><input type=\"hidden\" name=\"postAuthor_0\" value=\"AwA=\" \/><input type=\"hidden\" name=\"postDateTime_0\" value=\"MzIwNNQ1sNQ1NFYwNLMysLQyMgUA\" \/><input type=\"hidden\" name=\"postContent_0\" value=\"nVTRTuNWEH3vV4yoVLXaEMcJJCHNRqKilBXdLoItPK5u4rF9hX1t3TvGFU\/7D\/0AXvgM3vIn\/ZIeO8QJJMBq\/WBZvmfOnJk5c8f5ZOzEZiaaHLGlU8va5coKa1ERBezo4uxot\/59w3aqTODoJIvZJHhRqE3AQiqlY1tHtMjvt+mCc+F0Cr5ux\/dbpKbkH9DfsW2RTulPkETKSZyFdJUlYYtOVJELVKj5HVN3HyhDg71+r0t\/ccHGQY3ZPdV2hrxOJQk5USLtsfeofOzlkx\/GqITTyWVm6EI4VIY+sdxy0qorOOdIZ0YlEbtZPL8PxYXzh9hC4vLklo3YIqVPTsr5g5VFBRH99\/VfupjF5fx+qhELsRBQ\/WzaMPaQt9HwqOkwcfRZIV1mA1OYiLQTusks\/jDiRhvi\/TZVz28c2fnD\/K4KqbL8YYv5XZlhIktgdwE8zdAYLYVmC+zy0NDyObPze6cDXaSbZx8xAiUuR6YQwe46S1PtHPqwib1ScbI697iB9God51xPZRYr9BQN07N4JXXFsnBQZp3GTGAauwWikIHttqNzvtFo5Cr3Xp37SLvropZFhQnoEN+5VbO4yb9fw343ksBvKHRF0K9PYK8S5bF5W7C3RdZtyRpe5CTBbohlqYAbkZtxsJOS2xQwYevpJ9nPLDvHqKPqa3XoAW11KI9+fQZfzQjLauEeXaetYIZNtW6NHMHQl6GDuvxj2MphSSqvVdFXT3rRkB5xgh1BhSCECkuB5nqLeXVVNFUOa+ZD7JKKKj8oWXPnwStpR2tl1Y1thr6oZe0YHdEcbHGt30GCSySduhpSZVBwBVqpg9p2dPnYCZdqiRJgVn7zqxUEd4KIauMqcZ4jwwVFjP2Pk6oDz8drnm\/+FRoCG9MHE2Y2VQJ9vDAoVlbUtWzu\/voN9f33UKsaf0oncI4Qrt1Bb6\/XoUO1NtPPGGWYmRHRu70D+rnzC0B9n376cdj1\/V+pT\/4+9faX6GP1z4vIYYcG\/YMl8mM21cmogfqDboMc9MgfUn8wfN6nDwZtMiwj2rzIFcHr4fudWCQfeV5Zlm2XB7vxstQ2FnKHROE6lfc7X6aJMtc7k22wsafepHWxep1wAfgWqgzmSqYAv0zWQL6Fb2FcvNNXOZ\/A3uItFfyFqBcZ1wAN1\/8=\" \/> \t\t<a href=\"https:\/\/www.pdf24.org\" target=\"_blank\" title=\"www.pdf24.org\" rel=\"nofollow\"><img src=\"https:\/\/www.hohenlohe-ungefiltert.de\/wp-content\/plugins\/pdf24-post-to-pdf\/img\/pdf_32x32.png\" alt=\"\" border=\"0\" height=\"32\" \/><\/a> \t\t<span class=\"pdf24Plugin-cp-space\">&nbsp;&nbsp;<\/span> \t\t<span class=\"pdf24Plugin-cp-text\">Sende Artikel als PDF<\/span> \t\t<span class=\"pdf24Plugin-cp-space\">&nbsp;&nbsp;<\/span> \t\t<input class=\"pdf24Plugin-cp-input\" style=\"margin: 0px;\" type=\"text\" name=\"sendEmailTo\" placeholder=\"Emailadresse\" \/> \t\t<input class=\"pdf24Plugin-cp-submit\" style=\"margin: 0px;\" type=\"submit\" value=\"Senden\" \/> \t<\/form> <\/div>","protected":false},"excerpt":{"rendered":"<p>Der Kreisparteitag des SPD-Kreisverbands Hohenlohe findet am Freitag, 16. September 2011, ab 19 Uhr, im Landgasthof Wolf, Hauptstra\u00dfe 25, in 74632 Neuenstein-Kirchensall statt. Von Stefan Oetzel, SPD-Regionalgesch\u00e4ftsf\u00fchrer Regionalzentrum Ostw\u00fcrttemberg \u2013 Schw\u00e4bisch Hall \u2013 Hohenlohe Als Tagesordnung ist vorgesehen: 1. Begr\u00fc\u00dfung \u2013 Gru\u00dfworte 2. Konstituierung n Pr\u00e4sidium n Mandatspr\u00fcfungskommission n Wahlkommission\/en 3. Rechenschaftsberichte n Kreisvorsitzender n [&hellip;]<\/p>\n","protected":false},"author":3,"featured_media":0,"comment_status":"open","ping_status":"open","sticky":false,"template":"","format":"standard","meta":[],"categories":[],"tags":[],"_links":{"self":[{"href":"https:\/\/www.hohenlohe-ungefiltert.de\/index.php?rest_route=\/wp\/v2\/posts\/11828"}],"collection":[{"href":"https:\/\/www.hohenlohe-ungefiltert.de\/index.php?rest_route=\/wp\/v2\/posts"}],"about":[{"href":"https:\/\/www.hohenlohe-ungefiltert.de\/index.php?rest_route=\/wp\/v2\/types\/post"}],"author":[{"embeddable":true,"href":"https:\/\/www.hohenlohe-ungefiltert.de\/index.php?rest_route=\/wp\/v2\/users\/3"}],"replies":[{"embeddable":true,"href":"https:\/\/www.hohenlohe-ungefiltert.de\/index.php?rest_route=%2Fwp%2Fv2%2Fcomments&post=11828"}],"version-history":[{"count":3,"href":"https:\/\/www.hohenlohe-ungefiltert.de\/index.php?rest_route=\/wp\/v2\/posts\/11828\/revisions"}],"predecessor-version":[{"id":11838,"href":"https:\/\/www.hohenlohe-ungefiltert.de\/index.php?rest_route=\/wp\/v2\/posts\/11828\/revisions\/11838"}],"wp:attachment":[{"href":"https:\/\/www.hohenlohe-ungefiltert.de\/index.php?rest_route=%2Fwp%2Fv2%2Fmedia&parent=11828"}],"wp:term":[{"taxonomy":"category","embeddable":true,"href":"https:\/\/www.hohenlohe-ungefiltert.de\/index.php?rest_route=%2Fwp%2Fv2%2Fcategories&post=11828"},{"taxonomy":"post_tag","embeddable":true,"href":"https:\/\/www.hohenlohe-ungefiltert.de\/index.php?rest_route=%2Fwp%2Fv2%2Ftags&post=11828"}],"curies":[{"name":"wp","href":"https:\/\/api.w.org\/{rel}","templated":true}]}}