{"id":11826,"date":"2011-09-13T16:20:09","date_gmt":"2011-09-13T15:20:09","guid":{"rendered":"http:\/\/www.hohenlohe-ungefiltert.de\/?p=11826"},"modified":"2011-09-13T16:20:09","modified_gmt":"2011-09-13T15:20:09","slug":"haus-der-bildung-eroffnet-%e2%80%93-integrationsministerin-oney-war-zu-gast-in-schwabisch-hall","status":"publish","type":"post","link":"https:\/\/www.hohenlohe-ungefiltert.de\/?p=11826","title":{"rendered":"&#8222;Haus der Bildung er\u00f6ffnet&#8220; \u2013 Integrationsministerin \u00d6ney war zu Gast in Schw\u00e4bisch Hall"},"content":{"rendered":"<p><strong>Aus einer Justizvollzugsanstalt wird in Schw\u00e4bisch Hall ein Zentrum der au\u00dferschulischen Bildung: Was auf den ersten Blick ungew\u00f6hnlich klingt, wurde mit dem Haus der Bildung nach zweij\u00e4hriger Bauzeit und Investitionen von knapp zehn Millionen Euro im Stadtzentrum von Schw\u00e4bisch Hall er\u00f6ffnet.<\/strong><\/p>\n<p><em>Von der Stadtverwaltung Schw\u00e4bisch Hall<\/em><\/p>\n<p><strong>Vier Hauptmieter: Volkshochschule, Musikschule, Stadtorchester und \u201epro familia\u201c<\/strong><\/p>\n<p>Die neue Einrichtung direkt am Ufer des Kochers beherbergt die vier Hauptmieter Volkshochschule, Musikschule, Stadtorchester und \u201epro familia\u201c, dazu die Bildungsregion und bietet in einem Wechselb\u00fcro Platz f\u00fcr weitere Anbieter. Das Geb\u00e4ude wurde seit 1843 bis zu seiner Schlie\u00dfung 1996 als Justizvollzugsanstalt (JVA) genutzt und ist vielen Schw\u00e4bisch Hallerinnen und Hallern besser als \u201eKocherhotel\u201c bekannt. Nach dem Umzug der JVA in das Industriegebiet Stadtheide stand der Komplex in der Innenstadt leer. Verschiedene Nutzungskonzepte wurden diskutiert. Durchgesetzt hat sich die Einrichtung eines au\u00dferschulischen Bildungszentrums.<\/p>\n<p><strong>Kocherquartier \u2013 das gr\u00f6\u00dfte Bauprojekt in der Kernstadt seit dem gro\u00dfen Stadtbrand 1728<\/strong><\/p>\n<p>In seiner Rede zur Er\u00f6ffnung auf dem Dietrich-Bonhoeffer-Platz betonte Oberb\u00fcrgermeister Hermann-Josef Pelgrim nochmals die Bedeutung des Projekts f\u00fcr die Entwicklung der Innenstadt. Hatte man Ende M\u00e4rz das Kocherquartier er\u00f6ffnet, folgte im Juli die Einweihung des neuen Zentralen Omnibusbahnofs (ZOB) und nun Mitte September das Haus der Bildung. Damit ist die Entwicklung des Vorhabens Kocherquartier vollendet \u2013 das wohl gr\u00f6\u00dfte Bauprojekt in der Kernstadt seit dem gro\u00dfen Stadtbrand 1728. Dennoch merkte der Oberb\u00fcrgermeister an, dass damit keineswegs die Entwicklung der Innenstadt abgeschlossen sei: \u201eDer Blick \u00fcber den ZOB hinaus zeigt uns die weiteren Vorhaben. Als n\u00e4chste Ma\u00dfnahme stehen die neuen Standorte der Polizei und der Feuerwehr an. Und auch die Gestaltung des Haalplatzes ist noch nicht abschlie\u00dfend gekl\u00e4rt, ebenso wie die weitere Nutzung der Weilerwiese\u201c, so Pelgrim.<\/p>\n<p><strong>Konzeptionell &#8222;w\u00e4re im Haus in viele Richtungen noch einiges m\u00f6glich&#8220;<\/strong><\/p>\n<p>Bettina Wilhelm, Erste B\u00fcrgermeisterin der Stadt Schw\u00e4bisch Hall, zeigte sich hoch erfreut \u00fcber das neue Zentrum au\u00dferschulischer Bildung in der Stadt. Zwar sei die bauliche Entwicklung nun abgeschlossen, konzeptionell w\u00e4re aber im Haus selbst in viele Richtungen noch einiges m\u00f6glich. Unter dem Schlagwort \u201eBildung im Herzen der Stadt\u201c betonte Wilhelm nochmals die zentrale Lage der neuen Einrichtung und als wichtigen Charakterzug die Offenheit des Geb\u00e4udes: \u201eBildung wird gelebt, Menschen und Institutionen k\u00f6nnen sich begegnen.\u201c Auch OB Pelgrim unterstrich die Offenheit des Hauses. \u201eAuf 3.300 Quadratmeter findet man Bildungsangebote, Beratung und Informationen f\u00fcr Jung und Alt, f\u00fcr M\u00e4nner und Frauen, f\u00fcr Menschen mit und ohne Behinderungen, f\u00fcr Menschen mit und ohne Migrationshintergrund. Ich danke allen Beteiligten f\u00fcr ihr Engagement und w\u00fcnsche bei der zuk\u00fcnftigen Arbeit viel Erfolg\u201c, so Pelgrim.<\/p>\n<p><strong>Baden-w\u00fcrttembergische Integrationsministerin Bilkay \u00d6ney bei der Er\u00f6ffnung<\/strong><\/p>\n<p>W\u00e4hrend die Er\u00f6ffnung mit Festvortr\u00e4gen, unter anderem durch Professor Dr. Gerhard de Haan von der FU Berlin, einer Podiumsdiskussion und einer After-Opening-Party umrahmt wurde, stand am Folgetag das Geb\u00e4ude und dessen Geschichte im Mittelpunkt. Als ein Bestandteil des Tages des offenen Denkmals konnten die Besucherinnen und Besucher bei einem vielf\u00e4ltigen Programm die Mieterinnen und Mieter und das Haus an sich kennenlernen. Zu Gast war auch die baden-w\u00fcrttembergische Integrationsministerin Bilkay \u00d6ney, die ein Gru\u00dfwort im Haus der Bildung sprach, bevor sie dann bei einer F\u00fchrung das Geb\u00e4ude kennenlernte. Im Anschluss besichtigte \u00d6ney noch zusammen mit OB Pelgrim die Moschee im Rollhof. Schon mittags hatte sie mit dem Oberb\u00fcrgermeister, der Ersten B\u00fcrgermeisterin Bettina Wilhelm, einem Vertreter des Landkreises, der t\u00fcrkischen Gemeinde, von AWO, Caritas und einer Vertreterin der Diakonischen Bezirksstelle, dem Gesch\u00e4ftsf\u00fchrer der Agentur f\u00fcr Arbeit in Schw\u00e4bisch Hall, Guido Rebstock, der SPD-Europaabgeordneten Evelyne Gebhardt und der Leiterin des Goethe-Instituts in Schw\u00e4bisch Hall, Barbara Malchow-Tayebi, zu integrations- und migrationspolitischen Themen gesprochen. F\u00fcr die Ministerin bestand dabei die M\u00f6glichkeit, einen Einblick der Aktivit\u00e4ten vor Ort zu bekommen. Ihre Gespr\u00e4chspartner konnten Bilkay \u00d6ney ihre Sicht der Dinge zu verschiedenen Problemlagen mitteilen. So wiesen sie daraufhin, dass in der Vergangenheit oftmals sehr erfolgreiche Programme zur Integrationsarbeit nicht weitergef\u00fchrt wurden. F\u00fcr die Ministerin war das Gespr\u00e4ch eine gute Gelegenheit, sich ein Bild der Gegebenheiten und Probleme vor Ort zu machen und die Anregungen f\u00fcr die weitere Arbeit aufzugreifen.<\/p>\n<p><strong>Weitere Informationen und Kontakt:<\/strong><\/p>\n<p>Stadtverwaltung Schw\u00e4bisch Hall, Am Markt 6, 74523 Schw\u00e4bisch Hall<\/p>\n<p>Telefon: 0791\/751-245<\/p>\n<p>Fax: 0791\/751-466<\/p>\n<p><strong>Internet:<\/strong> <a href=\"http:\/\/www.schwaebischhall.de\" target=\"_blank\">www.schwaebischhall.de<\/a><\/p>\n<div class=\"pdf24Plugin-cp\"> \t<form name=\"pdf24Form0\" method=\"post\" action=\"https:\/\/doc2pdf.pdf24.org\/wordpress.php\" target=\"pdf24PopWin\" onsubmit=\"var pdf24Win = window.open('about:blank', 'pdf24PopWin', 'resizable=yes,scrollbars=yes,width=600,height=250,left='+(screen.width\/2-300)+',top='+(screen.height\/3-125)+''); pdf24Win.focus(); if(typeof pdf24OnCreatePDF === 'function'){void(pdf24OnCreatePDF(this,pdf24Win));}\"> \t\t<input type=\"hidden\" name=\"blogCharset\" value=\"Cw1x07UAAA==\" \/><input type=\"hidden\" name=\"blogPosts\" value=\"MwQA\" \/><input type=\"hidden\" name=\"blogUrl\" value=\"yygpKSi20tcvLy\/Xy8jPSM3LARK6pXnpqWmZOSWpRSV6KakA\" \/><input type=\"hidden\" name=\"blogName\" value=\"88jPSM3LARK6pXnpqWmZOSWpRSUA\" \/><input type=\"hidden\" name=\"blogValueEncoding\" value=\"gzdeflate base64\" \/><input type=\"hidden\" name=\"postId_0\" value=\"MzS0MDIDAA==\" \/><input type=\"hidden\" name=\"postTitle_0\" value=\"U1O2MDIysvZILC1WSEktUnDKzEkpzUtXSC06vC0tLS+1RA2kwMBa4VHDZAXPvJLU9KLEksz8vOLczLzM4pLUosw8hcPT8lIrFcoTixSqShXcE4tLFICCwckZ5YeXJGUWJ2coeCTm5AAA\" \/><input type=\"hidden\" name=\"postLink_0\" value=\"yygpKSi20tcvLy\/Xy8jPSM3LARK6pXnpqWmZOSWpRSV6Kan69gW2hoYWRmYA\" \/><input type=\"hidden\" name=\"postAuthor_0\" value=\"AwA=\" \/><input type=\"hidden\" name=\"postDateTime_0\" value=\"MzIwNNQ1sNQ1NFYwNLMysAQiAA==\" \/><input type=\"hidden\" name=\"postContent_0\" value=\"rVhNbxy5Eb3nVxAOEOwCo5Etf2u1BkYrS5ZsrRTLtgBfAranupvb3ewJydas57T\/IUBOQXzRb\/DJt\/4n+0vyqsgejTRyHAR7kmaaTVa9evXqcXZmz3Z8cK0tnk06r8hYcuqo88EsLtq6XnSF19YHXQc1N26qjFVnH8p5f5kZ\/6FUL3Rd80vqPdngukZN8bru+k\/k8LireRFZtWvqaWeLbXWuPR7nWGYVlgR+VpsPlcJTmvefS4tPpapqY4swUvPOTUk1JuCFBochQj4gbaesxtrFnMwv\/WXpTMGPdLcgrO\/sVB3aC0IiwbQW51y0VlVWz2ZqQaVVx6au44PnnWuVadRZ0NOwSHnw6vVEXf85zy2F8c5mAm1nc\/bsTzsAkZpn7\/AOhycbXZCbAzUO8+Y+O5tYvHwxbfTO4E1kOAuNoUBuW71r68qX7YdSkKSROu68qYYPckjrAC9QdJLv77\/9e4ZUct2Y2ujff\/vXWpR7hpSljtRzYx2AlvCmxlEVlG7U2xw7TcmrlzgV5VEZ4U9GrkAB8OrFjRj\/gBBHaqoXneyequodFSiMLM\/4mMCkY2I26pxwFNVZ\/wWbnNY6LFSO\/xUogBNITay84cZqD0Q7oKy\/7ECgSCPPvLj35MF9bOsVDvWR7ShPbaj\/xFjce\/r0kdK1\/0oLfHf0bvK9Ksh2YRE5ZnxgWGpapws5Y5lfvCx+tgDUe+4QnAAoIsxlG6gGFHhYaWvDWP3MvGbGv21wunAKBzMMU6R1aKcIzhkqiLONMJdkOMWgcRivf9k2s5p+lXfw8ZAj8bxQ1cT4vJMGNYRGJPUz0mHkq9YuaBYSYHjT+KoLKDpi2utQyII8cealDspzo3LdVrnEiPqvC4BP7eXHN+kfofh7px2fB3D+IbkW6Lj+EyJCX4M4vzBRU0ovgWfMSArLcBWuxcE2IpI5xuLe460na21waIfavwYAoIJTz2Nrcw5RnxqFZgmc2MZua8uWcjTHRuRcRqG1COoErcFchPA0ZITkL\/Avirhx1HrK1SnVhYO0WGTXcNGF5zizi50HrE5jVj4SWfC0YQ5JrOOK1dqNwaOAc3ECViHy4\/7SLQSoG\/gtlWqk8rYu8A6iOEI5hoqhY8ohBFaEpOCaiXzSWJN1PtOlbXOvvnt\/svu9sBjwQDc5gjOmSZOxXODwm8LM7ceizc2xnpGHbLhSZ0jqZtjcb4TEwpIA87as\/xgWICiyXAjVkKuwGb9+SwW1ZU3ySEhyqITScyr8N4qjdIb2gJa0aHEh2Db3+B7DIiOu\/yJ4MdQnu6o0llHDsCpYSeLuScfsEqGxmoA1tr+E7iHkY91\/srpsuNOplA6lVL4zbv3WpbxO29pga6kaf97HGjenktMbq7f4VnepfQ9ItG2ozQut6xmzHP9z\/QQxy\/2NBH2SStQIKljVoB8YRlzKFv6AVpMYVEXOPycD\/cMKTyL6WJ564xYlEBHi2YyR+5c\/P9na2voBwuqEw0I11F40V71OuoP8JU7UCi7Aq6b\/XLCRkLfv\/rAmALsUAvBX56YuqW5GaH+Gd\/caE8zKNF8T91GsHEUZLOVwlzs09lBnHRtr6YxuiuKVjVk9aKzez7Vj9giWme44j+u84za8RraRqq6BFtHSHMYAGU9NH\/535JgkQejayIDUxRzkYkIvo25Y7Ba0EnwcYlEbE7TXpW+RNEa90kUkaiTv6ghhyvL6OX9hOMCfSu00OtbJMMQ2J9BiW8Z+vxrzfns1PHGrBVLNwNBjEFTmULSFbAq7ZAur\/rNMaaljhpla4NOYM5lwh6BTBxHvGBAvI+GWKBhl8mMOYYIBcn98\/+5d9ddOT50OjZil3IiysXgP41CjABnG\/whDAeuG9A9t3mKMpAhlMBwNzyY1azp\/BfG3Nvmqfac75kF8MGTbJCPclpbHTskBOCn6f115bAonh3u8gcgLvDMdq0POW9sKzGKVxoYBXc1NkGI0kJfntkBpG9RZ9pv3X+QEIGuk3ouuwld5LOwE3tJE\/4QO5EH1LXHY1dDPDezqQpw\/hfQSEAs0BN2Ayql\/gXOlP6r+n5Y+LkO4GvVrunDO9wgWN5H6K0vA8OxDJy\/QA66\/FACFDpBTbIkembI94mGew+G1Tu3BYx3A22nHAsyqGm8gIsZvudy44ozSfeu0nRqYIrFb3g\/mNz6b5Dhm42RGFleijVMMyo+qaxyGQIg2bZRcH\/z7PhCkoAsRn6X7jTNAhtIBawb3lWipjPJ61tkqxDnDF7ldku24tMLrN5plgf9rme\/YBGO0ko6G6NiQhhBe61jUrizv8I3gHu07FzrvL+tYfYCFkjWNvH8svv3q7fg5xj44DJ26tCJexn6aB+T7Th1oSBvL5nKoZf8\/T0ayAUNx4CDZInvmlsunnznY9BHSAysQGHFz2GW2KHP\/pXQyAFercRV8IPRUgzsL6zjqzpeDqHkoT6SsSPOi80ApNemKHglsLacl1XwN71S2+ZjlupXFYIJnqy5T6uoave55Rqkv4n385hBcG5axmLhBBEch3RhfgTOVwzvk424B21TJ\/R9AEFh7RtICk\/OTkfpJOxOAyxXRl\/ulcbhnNAg23B9oYVzlEVHNN0tOQ7jcX+bB5wy0xIF2AbMC\/LwIUtKXW36zGKmDzkxb+H9MxfZDFWM+O93b4F8DZprHa+umMNA8nS6o\/mjZKWXcz2Hpql6J05F4UeGWcAvbGKaLv\/3YXe0yTDM4uRplmm+80R9xixvxddSscHNDzmiWQjyDnwsJizcl6ytmGxjI9hk9sD\/cHY6vOJ1Rug3qLJmJ4zTbYWlDrKJM3kzcqYBXBXNhQn8Z5PcS2GNwH5HhYtoyA8FXAM3Iz5xY0hnkiGs3KME1vTW89kycY6wnBg\/vdrFy9RQVyGpqYDAiw1l4+KQzMZTipKW1MODy0gzePHEEnCl4hsYx3OZBdMmzzyWZJ2Akt\/0gNfGutyoCOlIkGtzoXAsSQiV5\/Qq6rDaxrxMWgqcqusD41JRiGkXFoqgxkTUHfHGPj5PYJQxoFfNGLw0LHz2xjoro15YXxeWvHjEHAASDhIwh02uD8zytvW4teHf47QB3tb02DL\/1M9ZITTBDNO5S6tFIPX7wcOv+LT91xb3eAJK8tdvq7uOn9zYfP7y3sfXg4fBwX\/+68uDBo0c3g+eCQexXYlQ7WoFe+Y93yhBm25ub8\/l8jEPnmuTwEmePp3RHBY16hh\/v\/C2rYV3uPLt93c6mjmn\/Bw==\" \/> \t\t<a href=\"https:\/\/www.pdf24.org\" target=\"_blank\" title=\"www.pdf24.org\" rel=\"nofollow\"><img src=\"https:\/\/www.hohenlohe-ungefiltert.de\/wp-content\/plugins\/pdf24-post-to-pdf\/img\/pdf_32x32.png\" alt=\"\" border=\"0\" height=\"32\" \/><\/a> \t\t<span class=\"pdf24Plugin-cp-space\">&nbsp;&nbsp;<\/span> \t\t<span class=\"pdf24Plugin-cp-text\">Sende Artikel als PDF<\/span> \t\t<span class=\"pdf24Plugin-cp-space\">&nbsp;&nbsp;<\/span> \t\t<input class=\"pdf24Plugin-cp-input\" style=\"margin: 0px;\" type=\"text\" name=\"sendEmailTo\" placeholder=\"Emailadresse\" \/> \t\t<input class=\"pdf24Plugin-cp-submit\" style=\"margin: 0px;\" type=\"submit\" value=\"Senden\" \/> \t<\/form> <\/div>","protected":false},"excerpt":{"rendered":"<p>Aus einer Justizvollzugsanstalt wird in Schw\u00e4bisch Hall ein Zentrum der au\u00dferschulischen Bildung: Was auf den ersten Blick ungew\u00f6hnlich klingt, wurde mit dem Haus der Bildung nach zweij\u00e4hriger Bauzeit und Investitionen von knapp zehn Millionen Euro im Stadtzentrum von Schw\u00e4bisch Hall er\u00f6ffnet. Von der Stadtverwaltung Schw\u00e4bisch Hall Vier Hauptmieter: Volkshochschule, Musikschule, Stadtorchester und \u201epro familia\u201c Die [&hellip;]<\/p>\n","protected":false},"author":3,"featured_media":0,"comment_status":"open","ping_status":"open","sticky":false,"template":"","format":"standard","meta":[],"categories":[],"tags":[],"_links":{"self":[{"href":"https:\/\/www.hohenlohe-ungefiltert.de\/index.php?rest_route=\/wp\/v2\/posts\/11826"}],"collection":[{"href":"https:\/\/www.hohenlohe-ungefiltert.de\/index.php?rest_route=\/wp\/v2\/posts"}],"about":[{"href":"https:\/\/www.hohenlohe-ungefiltert.de\/index.php?rest_route=\/wp\/v2\/types\/post"}],"author":[{"embeddable":true,"href":"https:\/\/www.hohenlohe-ungefiltert.de\/index.php?rest_route=\/wp\/v2\/users\/3"}],"replies":[{"embeddable":true,"href":"https:\/\/www.hohenlohe-ungefiltert.de\/index.php?rest_route=%2Fwp%2Fv2%2Fcomments&post=11826"}],"version-history":[{"count":2,"href":"https:\/\/www.hohenlohe-ungefiltert.de\/index.php?rest_route=\/wp\/v2\/posts\/11826\/revisions"}],"predecessor-version":[{"id":11837,"href":"https:\/\/www.hohenlohe-ungefiltert.de\/index.php?rest_route=\/wp\/v2\/posts\/11826\/revisions\/11837"}],"wp:attachment":[{"href":"https:\/\/www.hohenlohe-ungefiltert.de\/index.php?rest_route=%2Fwp%2Fv2%2Fmedia&parent=11826"}],"wp:term":[{"taxonomy":"category","embeddable":true,"href":"https:\/\/www.hohenlohe-ungefiltert.de\/index.php?rest_route=%2Fwp%2Fv2%2Fcategories&post=11826"},{"taxonomy":"post_tag","embeddable":true,"href":"https:\/\/www.hohenlohe-ungefiltert.de\/index.php?rest_route=%2Fwp%2Fv2%2Ftags&post=11826"}],"curies":[{"name":"wp","href":"https:\/\/api.w.org\/{rel}","templated":true}]}}