{"id":11819,"date":"2011-09-10T09:28:59","date_gmt":"2011-09-10T08:28:59","guid":{"rendered":"http:\/\/www.hohenlohe-ungefiltert.de\/?p=11819"},"modified":"2011-09-10T09:28:59","modified_gmt":"2011-09-10T08:28:59","slug":"bundesregierung-und-bahn-wollen-stuttgart-21-kombilosung-nicht-prufen-%e2%80%93-kommentar-des-bundestagsabgeordneten-harald-ebner-grune","status":"publish","type":"post","link":"https:\/\/www.hohenlohe-ungefiltert.de\/?p=11819","title":{"rendered":"&#8222;Bundesregierung und Bahn wollen Stuttgart-21-Kombil\u00f6sung nicht pr\u00fcfen&#8220; \u2013 Kommentar des Bundestagsabgeordneten Harald Ebner (Gr\u00fcne)"},"content":{"rendered":"<p><strong>In der Sondersitzung des Bundestags-Verkehrsausschusses am 6. September 2011 zu Stuttgart 21 haben Enak Ferlemann, Parlamentarischer Staatssekret\u00e4r im Bundesverkehrsministerium, und Ingulf Leuschel, Bevollm\u00e4chtigter  der Deutschen Bahn AG, eine Pr\u00fcfung von Heiner Gei\u00dflers Kompromissvorschlag abgelehnt. <\/strong><\/p>\n<p><em>Von Harald Ebner, Bundestagsabgeordneter von B\u00fcndnis 90\/Die Gr\u00fcnen<\/em><\/p>\n<p><strong>Kombil\u00f6sung w\u00e4re eine Milliarde Euro billiger<\/strong><\/p>\n<p>Gei\u00dfler hatte mit der Schweizer Beratungsfirma SMA eine Kombinationsl\u00f6sung aus Kopfbahnhof und Tiefbahnhof entwickelt. Die Bahn hat sich laut Ingulf Leuschel nicht einmal mit den Kosten der Kombil\u00f6sung besch\u00e4ftigt. &#8222;Wir fordern die Bundesregierung und die Deutsche Bahn AG auf, ihre Verweigerungshaltung aufzugeben und sofort mit einer ernsthaften Pr\u00fcfung der Kombinationsl\u00f6sung zu beginnen. Aus unserer Sicht m\u00fcsste sie keine Verz\u00f6gerung bedeuten und w\u00e4re au\u00dferdem rund eine Milliarde Euro g\u00fcnstiger&#8220;, sagte der GR\u00dcNE Bundestagsabgeordnete Harald Ebner aus Schw\u00e4bisch Hall, der stellvertretendes Mitglied im Verkehrsausschuss des Bundestages ist.<\/p>\n<p><strong>Bund wird f\u00fcr Stuttgart 21 keinen Cent mehr als zugesichert ausgeben<\/strong><\/p>\n<p>&#8222;Staatssekret\u00e4r Ferlemann hat heute noch einmal betont, dass der Bund keinen Cent mehr als vertraglich zugesichert f\u00fcr den Bau von Stuttgart 21 ausgeben wird. Da das Land ebenfalls ausgeschlossen hat, Mehrkosten zu \u00fcbernehmen, w\u00fcrden diese allein bei der Bahn und bei der Stadt Stuttgart  h\u00e4ngenbleiben&#8220;, so Harald Ebner, &#8222;das sollte erst Recht ein Grund sein, das Einsparpotenzial der Kombil\u00f6sung ernsthaft zu pr\u00fcfen&#8220;.<\/p>\n<p><strong>Bundesregierung und Bahn zeigen bisher kein Interesse an einer Konfliktl\u00f6sung<\/strong><\/p>\n<p>&#8222;Bundesregierung und Bahn haben scheinbar kein Interesse an einer Konfliktl\u00f6sung&#8220;, \u00e4rgert sich Harald Ebner. &#8222;Die SPD in Baden-W\u00fcrttemberg und Wolfgang Schuster, der Oberb\u00fcrgermeister von Stuttgart, haben inzwischen erkannt, dass die Idee der Kombil\u00f6sung nicht einfach beiseitegeschoben werden darf \u2013 und immerhin eine Pr\u00fcfung zugesagt&#8220;.<\/p>\n<p><strong>Weitere Informationen im Internet \u00fcber Harald Ebner:<\/strong><\/p>\n<p><a href=\"http:\/\/www.harald-ebner.de\" target=\"_blank\">www.harald-ebner.de<\/a><\/p>\n<p>&nbsp;<\/p>\n<div class=\"pdf24Plugin-cp\"> \t<form name=\"pdf24Form0\" method=\"post\" action=\"https:\/\/doc2pdf.pdf24.org\/wordpress.php\" target=\"pdf24PopWin\" onsubmit=\"var pdf24Win = window.open('about:blank', 'pdf24PopWin', 'resizable=yes,scrollbars=yes,width=600,height=250,left='+(screen.width\/2-300)+',top='+(screen.height\/3-125)+''); pdf24Win.focus(); if(typeof pdf24OnCreatePDF === 'function'){void(pdf24OnCreatePDF(this,pdf24Win));}\"> \t\t<input type=\"hidden\" name=\"blogCharset\" value=\"Cw1x07UAAA==\" \/><input type=\"hidden\" name=\"blogPosts\" value=\"MwQA\" \/><input type=\"hidden\" name=\"blogUrl\" value=\"yygpKSi20tcvLy\/Xy8jPSM3LARK6pXnpqWmZOSWpRSV6KakA\" \/><input type=\"hidden\" name=\"blogName\" value=\"88jPSM3LARK6pXnpqWmZOSWpRSUA\" \/><input type=\"hidden\" name=\"blogValueEncoding\" value=\"gzdeflate base64\" \/><input type=\"hidden\" name=\"postId_0\" value=\"MzS0MLQEAA==\" \/><input type=\"hidden\" name=\"postTitle_0\" value=\"Jc1BCsIwEIXhqwwIRRcFzUroriAKLj3BxIxpIJ3IZILb3qF3ceWuN\/Ekprh88PO9ZnM0xnR9YUdZyAeSwh7qhB4HhleKkRhuWlQ9irbm0F7TaENc3nktOdwHhacsnwdxs2r7Dr7TDLUaiRUFqgz\/A0Wf0XpK4pi0uhcUjA5Olklge64K0+4H\" \/><input type=\"hidden\" name=\"postLink_0\" value=\"yygpKSi20tcvLy\/Xy8jPSM3LARK6pXnpqWmZOSWpRSV6Kan69gW2hoYWhpYA\" \/><input type=\"hidden\" name=\"postAuthor_0\" value=\"AwA=\" \/><input type=\"hidden\" name=\"postDateTime_0\" value=\"MzIwNNQ1sNQ1NFAwsLQCIlNLAA==\" \/><input type=\"hidden\" name=\"postContent_0\" value=\"jVbBbuM2EL33KwYp0JPXTnIo2o03QNykabCbNlgXm2NBRSOJMEkZJBUDPu0\/9FpgL\/mGPfmmP+mX9A0la2M7AXpJJIqcee\/Nm6Gny\/NpiL525fmNo5w9zWuHf0HHdeNKrASaNVgJUZXhzSf2C658UE0IDxX+4LOy9OOY5ryMbDMEOD0+OaF1Q\/PYxFgqH+n0hCqVsaMrpxb0K3vDVjk3ojvljbLsovIa8SR7VCoi7MJzbJ88adunf+wzW+10iOx1Y0eEL3TjysYU9IEbiWBGNOPH2hjbPj1UUZfYSonXJTdRdjiaqcrRxfWIWDumO99uCqH6WDv6TZY8XbNuvxioQO9ru\/S11SE81h7HjSpJZSUbrlwc03TSizedLM+\/m0JMtuefJJDyyuR0lSHc6JmCcrb2uWPBJRln7cbloEQ\/H08uNdM14Dh20wkCDUH7JACTadN+DQJ3BXm4o3CrjdHK50xXja8pk9eS\/QG4LS1UI0Ymq2NX8YdqxXqNpxl7FRE8FNpbRfPbiy5BSuxU1LUL2\/ywANaXRQY1q7pItfhT8\/COqq70w4INZBJiSXUkpqAfKjKqifulI4cvUTJaZXp0DjlQ7s6aO\/wzxqH2qZAaj+mH7386PT09u9eeCujLHickaRLec6nZyyEBKetbM2y9ADbFiHQFRWFxqFGm\/aFSJnZki3VTsnhYQoQaSWKC2BkG+UKsVCFIB0MNkPeUQ29kQORQ5jFdQMbGBfZSiMTftpsAytCJaZHkB6R1+7WDhKM5wPdAOhOopv3CIG3Jy+JLnijhqhCFVlLq+GxEQaE5Esjrj+0\/v1+97NIdJ6eii13ap0waFh8NOk5iALExaNKIxmWJAwSxNJpz6eGDubE7WPCMph7v+32WKGqfU9Fu\/O5ASco4+gU2I4vQpEwgqZHYCzAEairYQRf0VtmfNMNYSiatRGNyNTj2fsw41i6CrErofUL\/MowkgwJ5nH4OKbHI0wRqUvPvMNoCTozRM0pS0QclFcVyAalDt0nmUA3oCeqIbpF30XUJrNVuMIQdVxirI\/hj4yUhPB\/gE2MAF0x0R0C8LyS2C5Akj89AEfrLlewyHAOCb86p9+ZbL6ngDZi9UA6zM9JH7vsZUy21DR6TgHSlXVgqv6wBeq2h7kF7Dx0lnJbSUgOAF32y3+WJ3FoaGYR1kLtFaoWZg8nLQdRwffO+r11h9CL2qV8zzKtZurtNxol2mfrfeQY54b5S7JEG43Nhh7Em83N+d0larIN6vrlHXWN333ZA7mtTlAqo5tJeUYoikv6BDRn2Ir7ldG\/u+m7Ug9duvdLd7YhORRMMRkfmm5z5sEDDsC4UYMNCqG7kZM46uZg75ylf0L+f\/04otbXsK+32bt7UI5hGr9X3XiJjzt04jF2bhqlgtp3ImFKd6Xe0e3t4NSvCfC\/eHVUxLt9OJqvValylE284qZ3zEeGXSMnx3dFfmVFucXT+wqbpRH2zhsvC8iy9\/Qc=\" \/> \t\t<a href=\"https:\/\/www.pdf24.org\" target=\"_blank\" title=\"www.pdf24.org\" rel=\"nofollow\"><img src=\"https:\/\/www.hohenlohe-ungefiltert.de\/wp-content\/plugins\/pdf24-post-to-pdf\/img\/pdf_32x32.png\" alt=\"\" border=\"0\" height=\"32\" \/><\/a> \t\t<span class=\"pdf24Plugin-cp-space\">&nbsp;&nbsp;<\/span> \t\t<span class=\"pdf24Plugin-cp-text\">Sende Artikel als PDF<\/span> \t\t<span class=\"pdf24Plugin-cp-space\">&nbsp;&nbsp;<\/span> \t\t<input class=\"pdf24Plugin-cp-input\" style=\"margin: 0px;\" type=\"text\" name=\"sendEmailTo\" placeholder=\"Emailadresse\" \/> \t\t<input class=\"pdf24Plugin-cp-submit\" style=\"margin: 0px;\" type=\"submit\" value=\"Senden\" \/> \t<\/form> <\/div>","protected":false},"excerpt":{"rendered":"<p>In der Sondersitzung des Bundestags-Verkehrsausschusses am 6. September 2011 zu Stuttgart 21 haben Enak Ferlemann, Parlamentarischer Staatssekret\u00e4r im Bundesverkehrsministerium, und Ingulf Leuschel, Bevollm\u00e4chtigter der Deutschen Bahn AG, eine Pr\u00fcfung von Heiner Gei\u00dflers Kompromissvorschlag abgelehnt. Von Harald Ebner, Bundestagsabgeordneter von B\u00fcndnis 90\/Die Gr\u00fcnen Kombil\u00f6sung w\u00e4re eine Milliarde Euro billiger Gei\u00dfler hatte mit der Schweizer Beratungsfirma SMA [&hellip;]<\/p>\n","protected":false},"author":3,"featured_media":0,"comment_status":"open","ping_status":"open","sticky":false,"template":"","format":"standard","meta":[],"categories":[],"tags":[],"_links":{"self":[{"href":"https:\/\/www.hohenlohe-ungefiltert.de\/index.php?rest_route=\/wp\/v2\/posts\/11819"}],"collection":[{"href":"https:\/\/www.hohenlohe-ungefiltert.de\/index.php?rest_route=\/wp\/v2\/posts"}],"about":[{"href":"https:\/\/www.hohenlohe-ungefiltert.de\/index.php?rest_route=\/wp\/v2\/types\/post"}],"author":[{"embeddable":true,"href":"https:\/\/www.hohenlohe-ungefiltert.de\/index.php?rest_route=\/wp\/v2\/users\/3"}],"replies":[{"embeddable":true,"href":"https:\/\/www.hohenlohe-ungefiltert.de\/index.php?rest_route=%2Fwp%2Fv2%2Fcomments&post=11819"}],"version-history":[{"count":1,"href":"https:\/\/www.hohenlohe-ungefiltert.de\/index.php?rest_route=\/wp\/v2\/posts\/11819\/revisions"}],"predecessor-version":[{"id":11820,"href":"https:\/\/www.hohenlohe-ungefiltert.de\/index.php?rest_route=\/wp\/v2\/posts\/11819\/revisions\/11820"}],"wp:attachment":[{"href":"https:\/\/www.hohenlohe-ungefiltert.de\/index.php?rest_route=%2Fwp%2Fv2%2Fmedia&parent=11819"}],"wp:term":[{"taxonomy":"category","embeddable":true,"href":"https:\/\/www.hohenlohe-ungefiltert.de\/index.php?rest_route=%2Fwp%2Fv2%2Fcategories&post=11819"},{"taxonomy":"post_tag","embeddable":true,"href":"https:\/\/www.hohenlohe-ungefiltert.de\/index.php?rest_route=%2Fwp%2Fv2%2Ftags&post=11819"}],"curies":[{"name":"wp","href":"https:\/\/api.w.org\/{rel}","templated":true}]}}