{"id":11752,"date":"2011-09-02T16:45:15","date_gmt":"2011-09-02T15:45:15","guid":{"rendered":"http:\/\/www.hohenlohe-ungefiltert.de\/?p=11752"},"modified":"2011-09-02T16:45:15","modified_gmt":"2011-09-02T15:45:15","slug":"keine-toleranz-fur-politisch-motivierte-gewalt-%e2%80%93%c2%a0farbanschlage-auf-parteigeschaftsstellen-der-grunen-der-fdp-und-spd-in-schwabisch-hall","status":"publish","type":"post","link":"https:\/\/www.hohenlohe-ungefiltert.de\/?p=11752","title":{"rendered":"&#8222;Keine Toleranz f\u00fcr politisch motivierte Gewalt&#8220; \u2013\u00a0Farbanschl\u00e4ge auf Parteigesch\u00e4ftsstellen der Gr\u00fcnen, der FDP und SPD in Schw\u00e4bisch Hall"},"content":{"rendered":"<p><strong>In der Nacht zu Donnerstag wurde unter anderem das B\u00fcro des GR\u00dcNEN-Kreisverbands Schw\u00e4bisch-Hall in der Gelbinger Gasse Opfer einer gewaltsamen Attacke. Unbekannte warfen eine mit gr\u00fcner Farbe gef\u00fcllte Glasflasche durch die Schaufensterscheibe. Die Scheibe ging zu Bruch, die Flasche blieb gl\u00fccklicherweise unbesch\u00e4digt, so dass sich der Schaden im Innenraum in Grenzen h\u00e4lt.<\/strong><\/p>\n<p><em>Vom Gr\u00fcnen-Kreisb\u00fcro Schw\u00e4bisch Hall<\/em><\/p>\n<p><strong>Entsetzt \u00fcber den Gewaltakt<\/strong><\/p>\n<p>&#8222;Wir sind entsetzt \u00fcber diesen offenbar politisch motivierten Gewaltakt und fordern alle \u2013 auch unsere politischen GegnerInnen \u2013 dazu auf, in einen konstruktiven Dialog mit uns zu treten. Eine Analyse der potenziellen politischen Aussage \u2013 gr\u00fcne Farbe f\u00fcr die GR\u00dcNEN, schwarze f\u00fcr die SPD ? \u2013 ersparen wir uns. Wir setzen stattdessen darauf, dass die Schw\u00e4bisch Haller B\u00fcrgerInnen eine solche gewaltt\u00e4tige Form der politischen Auseinandersetzung auch in Zukunft nicht dulden und sich engagiert dagegen einsetzen werden, wann und wo immer sie ihnen begegnet&#8220;, so der GR\u00dcNEN-Bundestagsabgeordnete Harald Ebner aus dem Wahlkreis Schw\u00e4bisch Hall-Hohenlohe.<\/p>\n<p><strong>Weitere Informationen zu den Farbanschl\u00e4gen auf die Parteigesch\u00e4ftsstellen von Gr\u00fcnen, FDP und SPD in Schw\u00e4bisch Hall:<\/strong><\/p>\n<p><strong>Aus dem Polizeibericht:<\/strong><\/p>\n<p>In der Nacht zum Donnerstag (1. September 2011) bewarfen Unbekannte in der Haller Innenstadt die B\u00fcrgerb\u00fcros der Gr\u00fcnen, SPD und der FDP mit Farbflaschen. Fensterscheiben zersplitterten, Fassaden wurden beschmiert. Nun ermittelt die Kriminalpolizei.<\/p>\n<p><strong>Flasche mit gr\u00fcner Farbe f\u00fcr die Gr\u00fcnen<\/strong><\/p>\n<p>In der Gelbinger Gasse warfen die T\u00e4ter eine Flasche mit gr\u00fcner Farbe durch ein geschlossenes Fenster des B\u00fcrgerb\u00fcros der Gr\u00fcnen. Die Fensterscheibe zersplitterte, die Farbflasche blieb unbesch\u00e4digt und konnte von der Polizei sichergestellt werden.<\/p>\n<p><strong>Schwarze Farbe f\u00fcrs SPD-B\u00fcrgerb\u00fcro<\/strong><\/p>\n<p>Zudem beschmierten die Unbekannten die Fassade des B\u00fcrgerb\u00fcros der SPD in der Gelbinger Gasse mit schwarzer Farbe.<\/p>\n<p><strong>Gr\u00fcn f\u00fcrs FDP-B\u00fcro<\/strong><\/p>\n<p>Gegen das B\u00fcro der FDP in der &#8222;Lange Stra\u00dfe&#8220; flog ebenfalls eine Flasche mit gr\u00fcner Farbe. Diese Flasche zerbrach, die Farbe klebt jetzt an der Hauswand. Polizisten haben die Scherben ebenfalls sichergestellt.<\/p>\n<p><strong>Polizei bittet um Mithilfe<\/strong><\/p>\n<p>Die Flaschen und Scherben werden nun kriminaltechnisch untersucht. Die H\u00f6he des Gesamtsachschadens ist noch nicht bekannt. Die Kriminalpolizei hat die Ermittlungen aufgenommen und bittet um Hinweise. Wer in der Nacht zum Donnerstag im Bereich der Gelbinger Gasse oder der \u201aLange Stra\u00dfe\u2019 verd\u00e4chtige Fahrzeuge oder Personen beobachtet hat, soll sich unter Telefon 0791\/4000 melden.<\/p>\n<p><strong>Weitere Informationen im Internet \u00fcber die Gr\u00fcnen und Harald Ebner:<\/strong><\/p>\n<p><a href=\"http:\/\/www.harald-ebner.de\" target=\"_blank\">www.harald-ebner.de<\/a><\/p>\n<p>Harald Ebner, MdB, Bundestagsfraktion B\u00fcndnis 90\/Die Gr\u00fcnen, Platz der Republik 1, 11011 Berlin<\/p>\n<p><strong>Mitarbeiter des Bundestagsabgeordneten Harald Ebner:<\/strong><\/p>\n<p><strong>Torsten Buchmann, B\u00fcroleitung\/Verkehrspolitik<\/strong><\/p>\n<p>Telefon: 030-227-73025<\/p>\n<p>Fax: 030-227-76025<\/p>\n<p>E-Mail: harald.ebner@bundestag.de<\/p>\n<p><strong>S\u00f6nke Guttenberg, Presse- und \u00d6ffentlichkeitsarbeit<\/strong><\/p>\n<p>Telefon: 030-227-73028<\/p>\n<p>E-Mail: harald.ebner.ma11@bundestag.de<\/p>\n<p><strong>Dr. Friedhelm von Mering, Agrogentechnik<\/strong><\/p>\n<p>Telefon: 030-227-73027<\/p>\n<p>E-Mail: harald.ebner.ma02@bundestag.de<\/p>\n<p><strong>Michael Reisner, Agrarpolitik<\/strong><\/p>\n<p>Telefon: 030-227-73029<\/p>\n<p>E-Mail: harald.ebner.ma12@bundestag.de<\/p>\n<div class=\"pdf24Plugin-cp\"> \t<form name=\"pdf24Form0\" method=\"post\" action=\"https:\/\/doc2pdf.pdf24.org\/wordpress.php\" target=\"pdf24PopWin\" onsubmit=\"var pdf24Win = window.open('about:blank', 'pdf24PopWin', 'resizable=yes,scrollbars=yes,width=600,height=250,left='+(screen.width\/2-300)+',top='+(screen.height\/3-125)+''); pdf24Win.focus(); if(typeof pdf24OnCreatePDF === 'function'){void(pdf24OnCreatePDF(this,pdf24Win));}\"> \t\t<input type=\"hidden\" name=\"blogCharset\" value=\"Cw1x07UAAA==\" \/><input type=\"hidden\" name=\"blogPosts\" value=\"MwQA\" \/><input type=\"hidden\" name=\"blogUrl\" value=\"yygpKSi20tcvLy\/Xy8jPSM3LARK6pXnpqWmZOSWpRSV6KakA\" \/><input type=\"hidden\" name=\"blogName\" value=\"88jPSM3LARK6pXnpqWmZOSWpRSUA\" \/><input type=\"hidden\" name=\"blogValueEncoding\" value=\"gzdeflate base64\" \/><input type=\"hidden\" name=\"postId_0\" value=\"MzQ0NzUCAA==\" \/><input type=\"hidden\" name=\"postTitle_0\" value=\"HY0xCoNAEEWv8iFglSJYBWxFA2kEc4FRR12YjGF3jZAqd8gFUngMq+xNcpIYy\/d5nxftjnEcJ2c2yrgMwpb0gTYsFrdBjDeu7nEdvLkbtp6R80Tio\/\/rkOD7fH3eGdmKdPUkzB2DxhYFra7peB3D3HrnPIuwomGL3IZFWfcbZGmBURuURQqjKOt+CnO1RU8k8gM=\" \/><input type=\"hidden\" name=\"postLink_0\" value=\"yygpKSi20tcvLy\/Xy8jPSM3LARK6pXnpqWmZOSWpRSV6Kan69gW2hobmpkYA\" \/><input type=\"hidden\" name=\"postAuthor_0\" value=\"AwA=\" \/><input type=\"hidden\" name=\"postDateTime_0\" value=\"MzIwNNQ1sNQ1MFIwNLMysLQyNAUA\" \/><input type=\"hidden\" name=\"postContent_0\" value=\"lVfJbhw3EL3nKwoOECTA7Flky7ISCdoMR4pgOTbgS8Ce5nQzw2YPSLYn0cn\/ECBAggC56Bt80m3+xF+SVyRHs2lxDrLU3SzWq1evFu9Mdnect7Updp8byqWlMzEsPV02dFAbI63zoqBpY3NJjfH4LgxOyYpy4Wh\/dm1rWDk6fjn75+zwrP3CSuXeSZvhmKOLYTmdXWXKDcv2idCaVPRxLHWmTMF\/Ceck\/TQZ4W+p4I8KORXaO1FJQ3vei+FYduhnk8mxMABAU2FH+MSHqVKeCju7ZrsjYTMJ69HsWmucO9bCjfAzLCXljR2WlCvJiEQDe4dQ+JPKcPtB\/MAPVAAXR79vm2HZCjZH6ZZMK5lRoWfXw7FWeGOnCJZ5ySQOzK5yVfgWuZq5ceQU+wQy9pkDsqroOSg1VjQVM3FspbnEe1hq39nppjzsdCe7n+0gL7LafV1XOMYBmkhtFhhf4pWY150uzt7YpXsOjXfSX3qaXWdAwQiOA7di7DecffH548Fg8PSNssBtcpJrxko62NcjUJcJS5NaKx\/cV7VX75S0fvl6UJLTqIZorCHgk\/Tx\/R8kwCi+OMhncUEwK5DAQE04lwvwjyy1mCTOs6FxjYzZZgxfeDpQQtdFyD6u42x5KwGgQ4esij0j9O\/IC3M\/qfH+UklgMCtO9xrnRBGBRQklBUE\/Id65pJFQsC3s5dKni\/MD+j6YQkUTgTzSFMwBTIcChaAO71A73qM6mLpc2BBSkEZS4koOAZbLqZgzEQTuas3KizXhZ1deAfJRbasU3Eo8sAjFyd4bqDjwDQrfNuPGjDwZxZWdN5qlwBkKCpWmEAUnENAKWUTPKYCpRApNCzVnosW0hoorySKRpErGmcEG+fNBQb2nUf9c2akj7MNOchdxIiskNIGzEhFboXM6zLh0RQNK0FLeiFKPWeUb5LRPagSp8U9nXeZvpPKsqOcGgquEVzWjgiY4Sk6pMLhFz644NKQgkH8uIFhwGcp25B3aQVDIu9rM661FRwfnIWjONmhcx7S9WbHpeS\/Fc478XHJXscz85vm1jlstt9wv+x26kBMvK66\/Qa\/f\/wpUp+a31A5TR00KCtKBfe5DmElQoWm4mJV5cBwUB8cvOVAuJmYrtUzU0tFKlwSlrHUIzodiBz1QcuhrYTqwEHC0YiV16KyBjGzFh3WE8sKqCvrUk8jJRhrnTXazpS8KMmK\/i8b1oZK4YstXqJw0YOhuR3FK4BAFYeiaCxezLRER5tydjMYpssrZKmVpmCw4TgNlZXyEnKDbcWpZjOwhySiUq4T3IFafinODyIt5t1qw5zjb7WXoGxy+bViwixQm4hZCMwl9yPkdVKRCuS0ZzPa8jya+N5AHJhNgSDIA3kR6HHrU8vYRBZwcp0H2o4BzuvBWzP6VqTXRiKeGhJZHqBb3gBxCQt3iAHBnVtzsBIHcsZaZp1\/DoBTzQmwc2mXeiWlTjqkrRZYI5DXD8sMCxmpaN1iZZz9jGUEfFZ0qXyo9khvUHCyWldiub7xFrZBBWY5TIXo5LE1oZmGvcxgWPor4ZPahjCk+ltjDsIsNSxd3GEcIiEwNqzhNkjyi4VqNI+xY+4ehE2jMpNiC8auuqoRxEdeJMmGhwgwFkeqe5ohNah89f75grYutzkO1Wkzov1eE8PH9X4TlNJ9d4dIwSkUJQTZFsjnH\/XUcanXGjgEMQfBMw\/IaxmVcgl9JLUcoz97Wk373m16vR5XUt1Xj7dMpbIJ4j1G4WLDmnSSwsjwfbxk0gkorR88eld5Ptrvd6XTaKYNFW7JFJ5ePyAuIyj979EumhRk\/2r3l0E5X3Ny57LFFp\/l+ixaje2Sx1QE715zJIRt60useLDC36FwLfxlIfyknDTrbmPot6vcxuDhXWpl1aiBjLiJ101pvWxTMQ0yk51e1DZW2DxlXUGQrdgeN6yG77mtpx7JEMw4b03jjmpTPbep93WsPBlvtra97g2\/nX4\/Eb0tfvlv6ctg+FUpvU+S1E3j9IZsHEhhe686zD2YM2hqIHr3VFmDO8obYDmmf\/ckbtuf\/XYwB3UWCPg3u4\/tAdSrR79+L7MBi5Fsl81LqKsyeU+wtBgD3ClujZGPD+ETuth4A0xvcC+YUBAipoSXlgh6BQdj\/lb0nD9FxC4L\/AA==\" \/> \t\t<a href=\"https:\/\/www.pdf24.org\" target=\"_blank\" title=\"www.pdf24.org\" rel=\"nofollow\"><img src=\"https:\/\/www.hohenlohe-ungefiltert.de\/wp-content\/plugins\/pdf24-post-to-pdf\/img\/pdf_32x32.png\" alt=\"\" border=\"0\" height=\"32\" \/><\/a> \t\t<span class=\"pdf24Plugin-cp-space\">&nbsp;&nbsp;<\/span> \t\t<span class=\"pdf24Plugin-cp-text\">Sende Artikel als PDF<\/span> \t\t<span class=\"pdf24Plugin-cp-space\">&nbsp;&nbsp;<\/span> \t\t<input class=\"pdf24Plugin-cp-input\" style=\"margin: 0px;\" type=\"text\" name=\"sendEmailTo\" placeholder=\"Emailadresse\" \/> \t\t<input class=\"pdf24Plugin-cp-submit\" style=\"margin: 0px;\" type=\"submit\" value=\"Senden\" \/> \t<\/form> <\/div>","protected":false},"excerpt":{"rendered":"<p>In der Nacht zu Donnerstag wurde unter anderem das B\u00fcro des GR\u00dcNEN-Kreisverbands Schw\u00e4bisch-Hall in der Gelbinger Gasse Opfer einer gewaltsamen Attacke. Unbekannte warfen eine mit gr\u00fcner Farbe gef\u00fcllte Glasflasche durch die Schaufensterscheibe. Die Scheibe ging zu Bruch, die Flasche blieb gl\u00fccklicherweise unbesch\u00e4digt, so dass sich der Schaden im Innenraum in Grenzen h\u00e4lt. Vom Gr\u00fcnen-Kreisb\u00fcro Schw\u00e4bisch [&hellip;]<\/p>\n","protected":false},"author":3,"featured_media":0,"comment_status":"open","ping_status":"open","sticky":false,"template":"","format":"standard","meta":[],"categories":[],"tags":[],"_links":{"self":[{"href":"https:\/\/www.hohenlohe-ungefiltert.de\/index.php?rest_route=\/wp\/v2\/posts\/11752"}],"collection":[{"href":"https:\/\/www.hohenlohe-ungefiltert.de\/index.php?rest_route=\/wp\/v2\/posts"}],"about":[{"href":"https:\/\/www.hohenlohe-ungefiltert.de\/index.php?rest_route=\/wp\/v2\/types\/post"}],"author":[{"embeddable":true,"href":"https:\/\/www.hohenlohe-ungefiltert.de\/index.php?rest_route=\/wp\/v2\/users\/3"}],"replies":[{"embeddable":true,"href":"https:\/\/www.hohenlohe-ungefiltert.de\/index.php?rest_route=%2Fwp%2Fv2%2Fcomments&post=11752"}],"version-history":[{"count":1,"href":"https:\/\/www.hohenlohe-ungefiltert.de\/index.php?rest_route=\/wp\/v2\/posts\/11752\/revisions"}],"predecessor-version":[{"id":11753,"href":"https:\/\/www.hohenlohe-ungefiltert.de\/index.php?rest_route=\/wp\/v2\/posts\/11752\/revisions\/11753"}],"wp:attachment":[{"href":"https:\/\/www.hohenlohe-ungefiltert.de\/index.php?rest_route=%2Fwp%2Fv2%2Fmedia&parent=11752"}],"wp:term":[{"taxonomy":"category","embeddable":true,"href":"https:\/\/www.hohenlohe-ungefiltert.de\/index.php?rest_route=%2Fwp%2Fv2%2Fcategories&post=11752"},{"taxonomy":"post_tag","embeddable":true,"href":"https:\/\/www.hohenlohe-ungefiltert.de\/index.php?rest_route=%2Fwp%2Fv2%2Ftags&post=11752"}],"curies":[{"name":"wp","href":"https:\/\/api.w.org\/{rel}","templated":true}]}}