{"id":11682,"date":"2011-08-25T14:08:55","date_gmt":"2011-08-25T13:08:55","guid":{"rendered":"http:\/\/www.hohenlohe-ungefiltert.de\/?p=11682"},"modified":"2011-08-25T14:11:01","modified_gmt":"2011-08-25T13:11:01","slug":"unternehmen-finden-kaum-noch-fachkrafte-%e2%80%93-schwabisch-halls-oberburgermeister-von-antwort-der-arbeitsministerin-enttauscht","status":"publish","type":"post","link":"https:\/\/www.hohenlohe-ungefiltert.de\/?p=11682","title":{"rendered":"&#8222;Firmen finden kaum noch Fachkr\u00e4fte&#8220; \u2013 Schw\u00e4bisch Halls Oberb\u00fcrgermeister von Antwort der Arbeitsministerin entt\u00e4uscht"},"content":{"rendered":"<p><strong>Die Region Schw\u00e4bisch Hall-Hohenlohe hat mit einer Arbeitslosenquote von 3,2 Prozent (Juli 2011) statistisch gesehen nahezu Vollbesch\u00e4ftigung erreicht und liegt damit in Baden-W\u00fcrttemberg auf Platz 2. Beim Verh\u00e4ltnis offener Stellen zu gemeldeten Arbeitslosen liegt die Region auf Platz 1 in Deutschland. F\u00fcr die hiesigen Unternehmen wird es immer schwieriger, geeignete Arbeitskr\u00e4fte zu finden.<br \/>\n<\/strong><\/p>\n<p><em>Von der Stadtverwaltung Schw\u00e4bisch Hall<\/em><\/p>\n<p><strong>Teure Bem\u00fchungen f\u00fchrten nicht zum Erfolg<\/strong><\/p>\n<p>Um diesem Fachkr\u00e4ftemangel entgegen zu wirken, wurden seitens der Stadt (Anmerkung: Schw\u00e4bisch Hall) bereits zahlreiche Ma\u00dfnahmen unternommen \u2013 beispielsweise Teilnahme an Job- und Wirtschaftsmessen und Werbeinitiativen gemeinsam mit der Agentur f\u00fcr Arbeit sowohl in Deutschland als auch in mehreren EU-L\u00e4ndern. Diese teilweise recht kostenintensiven Bem\u00fchungen haben jedoch zu keinem Erfolg gef\u00fchrt.<\/p>\n<p><strong>Ministerin lehnt Aufhebung der Vorrangpr\u00fcfung ab<\/strong><\/p>\n<p>Der Oberb\u00fcrgermeister der Stadt Schw\u00e4bisch Hall, Hermann-Josef Pelgrim, hatte in einem Gespr\u00e4ch mit dem Vorsitzenden der CDU\/CSU-Bundestagsfraktion, Dr. Volker Kauder, am 6. Mai 2011 in der Bausparkasse Schw\u00e4bisch Hall davon erfahren, dass eine Ausnahme von der sogenannten Vorrangpr\u00fcfung auch f\u00fcr eine Region m\u00f6glich sei. Bisher wird dies lediglich nur f\u00fcr bestimmte Berufsgruppen (Akademiker, IT-Fachkr\u00e4fte und \u00c4rzte) angewandt. Die Festlegung einer Ausnahme von der Vorrangpr\u00fcfung liegt im Ermessen des Bundesarbeitsministeriums. Daraufhin hat sich Oberb\u00fcrgermeister Pelgrim mit Schreiben vom 4. Juli 2011 an Bundesarbeitsministerin Dr. Ursula von der Leyen gewandt und um die Aufhebung der Vorrangpr\u00fcfung f\u00fcr die Region Schw\u00e4bisch Hall-Hohenlohe gebeten. In ihrer Antwort vom 3. August 2011 hat die Ministerin dieses Ansinnen abgelehnt und Ma\u00dfnahmen angeregt, die die Stadt Schw\u00e4bisch Hall allerdings schon lange verfolgt.<\/p>\n<p><strong>Arbeitskr\u00e4ftemangel wird immer gravierender<\/strong><\/p>\n<p>Diese Antwort ist aus Sicht der Stadt Schw\u00e4bisch Hall und der umliegenden Raumschaft daher leider h\u00f6chst unbefriedigend. Der sich immer st\u00e4rker abzeichnende Mangel an Arbeitskr\u00e4ften gef\u00e4hrdet die gute wirtschaftliche Entwicklung in der Region immer mehr. Die Unternehmen haben zunehmend Probleme, geeignetes Personal zu finden. Selbst die von Frau von der Leyen vorgeschlagenen Ma\u00dfnahmen zeigen hier keinen Erfolg mehr. Demzufolge hat der Oberb\u00fcrgermeister in einem Schreiben nochmals auf die Dringlichkeit dieser Problematik hingewiesen und darum gebeten, die Region Schw\u00e4bisch Hall beispielweise als Modellregion zu nutzen, welche eine Ausnahme von der Vorrangpr\u00fcfung erteilt bekommt.<\/p>\n<p><strong>Der gesamte Briefwechsel als PDF-Dateien:<\/strong><\/p>\n<p>\u2013 Brief des Oberb\u00fcrgermeisters an Dr. Volker Kauder: <a href=\"https:\/\/www.hohenlohe-ungefiltert.de\/wp-content\/uploads\/2011\/08\/110524_brief_kauder.pdf\">brief_an_kauder<\/a><\/p>\n<p>\u2013 Antwort Volker Kauders an Oberb\u00fcrgermeister Pelgrim: <a href=\"https:\/\/www.hohenlohe-ungefiltert.de\/wp-content\/uploads\/2011\/08\/110622_antwort_kauder.pdf\">antwort_kauder<\/a><\/p>\n<p>\u2013 1. Schreiben des Oberb\u00fcrgermeisters Pelgrim an Ministerin von der Leyen:\u00a0<a href=\"https:\/\/www.hohenlohe-ungefiltert.de\/wp-content\/uploads\/2011\/08\/110704_ArbeitsMINvdLeyen_Fachkr\u00e4fteRegionalausnahme.pdf\">ArbeitsMINvdLeyen_Fachkr\u00e4fteRegionalausnahme<\/a><\/p>\n<p>\u2013 Antwort der Arbeitsministerin:\u00a0<a href=\"https:\/\/www.hohenlohe-ungefiltert.de\/wp-content\/uploads\/2011\/08\/110803_antwort_von_der_leyen.pdf\">antwort_von_der_leyen<\/a><\/p>\n<p>\u2013 2. Schreiben des Oberb\u00fcrgermeisters Pelgrim an Ministerin von der Leyen:\u00a0<a href=\"https:\/\/www.hohenlohe-ungefiltert.de\/wp-content\/uploads\/2011\/08\/110818_ArbeitsMINvdLeyen_Fachkr\u00e4fte_Regionalausnahme2-1.pdf\">ArbeitsMINvdLeyen_Fachkr\u00e4fte_Regionalausnahme(2)-1<\/a><\/p>\n<p><strong>Weitere Informationen und Kontakt:<\/strong><\/p>\n<p><a href=\"http:\/\/www.schwaebischhall.de\" target=\"_blank\">www.schwaebischhall.de<\/a><\/p>\n<div class=\"pdf24Plugin-cp\"> \t<form name=\"pdf24Form0\" method=\"post\" action=\"https:\/\/doc2pdf.pdf24.org\/wordpress.php\" target=\"pdf24PopWin\" onsubmit=\"var pdf24Win = window.open('about:blank', 'pdf24PopWin', 'resizable=yes,scrollbars=yes,width=600,height=250,left='+(screen.width\/2-300)+',top='+(screen.height\/3-125)+''); pdf24Win.focus(); if(typeof pdf24OnCreatePDF === 'function'){void(pdf24OnCreatePDF(this,pdf24Win));}\"> \t\t<input type=\"hidden\" name=\"blogCharset\" value=\"Cw1x07UAAA==\" \/><input type=\"hidden\" name=\"blogPosts\" value=\"MwQA\" \/><input type=\"hidden\" name=\"blogUrl\" value=\"yygpKSi20tcvLy\/Xy8jPSM3LARK6pXnpqWmZOSWpRSV6KakA\" \/><input type=\"hidden\" name=\"blogName\" value=\"88jPSM3LARK6pXnpqWmZOSWpRSUA\" \/><input type=\"hidden\" name=\"blogValueEncoding\" value=\"gzdeflate base64\" \/><input type=\"hidden\" name=\"postId_0\" value=\"MzQ0szACAA==\" \/><input type=\"hidden\" name=\"postTitle_0\" value=\"HYyxDcIwEEVXOQkpNXKFlCpNREfBBLZzwafEZ+l8IW12YAWPQedNmARD9fX0n153uhhj+pEkIsNMPLVZ7BaBkw8wWh8WqWVW7H7muYfP8YK7D3stjnJTrnZdM9wciqtveWALUVYUeCaGgXVPojA1HsQhaY7E\/58YkFVr2VpFvw==\" \/><input type=\"hidden\" name=\"postLink_0\" value=\"yygpKSi20tcvLy\/Xy8jPSM3LARK6pXnpqWmZOSWpRSV6Kan69gW2hoZmFkYA\" \/><input type=\"hidden\" name=\"postAuthor_0\" value=\"AwA=\" \/><input type=\"hidden\" name=\"postDateTime_0\" value=\"MzIwNNQ1sNA1MlUwNLEysLAyNQUA\" \/><input type=\"hidden\" name=\"postContent_0\" value=\"zVdLcttGEN3nFFNaSVX8iLTjqFS0qiTTin9KXJYlL1kDoQFMMBgwMwOiwlUWuUEOkCx0Bq+8Cm+Sk+T1AKT4keykyosspCKAmenX3e+9BkbTk5HztjTpyViReEepKo24vMnqxW2k3E0mXkituy\/KjIzGP5FJLwrlBSlDVpzaiJR3unRkfq5KT2KG7Y86Q\/HWlnMyXuy\/qrQSw8PB4EA4L71yPhybkiOcKYzMaF6J61LriPBgcZt4lVYmFWQtqZvMi8rEQitKvYglh1ZGnMmYTPfD4pP1noqIbCpklYi3Wvq5GPbEGalCXJPFcdob5USZJMSALz1pjbAImVJBOiaPq\/U0lqHuqnF38oBjj6nyAKqliXviHBDC2kyRUym2XxlP1lBW4HetbCzICVUUiI1NtSKLVbaD6KRSg+jL4Lnl1ImRJcogvd4osqJ\/8s2o3zZo1J\/iCg2j4uQauOKQj4z9jGwtteeibXdu1Mfi1cb2oPdUWUKNisWnDJsANMEvy5UwoeLzqhDPbVLqdCf4VcHpOirEubzJWtCFxClaoN8ppU11kXpOpiPqyiIX4ZAiGXeHWeyfGhQlR\/zjHdQHAi3looi5zHSgAYkLufgDbOG6VqHGZcG\/\/\/71d6xWbqpIuxo\/SLwnpcNKIY14VUbdQKEPynLfZOJdQc6FY3CXuPxGeQVuznCTaaGMk0WgOeM9RUq+slykJeOFK+sy01t0EFI7sAVJ4H5BmUUSRjy\/6r5Z3KKj1vTEmGsnPAA2UC1xvfPSoTrKcIkCiPXeZDLC\/58oLnEwKpuz9Jb9Adymd73tJl8gKZxqAUVTBiWeVklGEZOEk7ourUXXpnbxKeF7Mtpp9RjLfkQjIuQNzqIsfN5aC7fb1hEvsEwa030FJUE0pFOrig6bBpgNJA3078kh7i12NSUuGI1THobBXOEAz8ZX\/WeXV90z9IjgG6lLrMw95NgRY9tjv8ix7LWsYlYTuvWkB4Y0TsOR+JAzWbmptLlEt3fAwkzYq8gmEo3CsTGWBYColGvoM2tV5ko0AnmxQnYKx\/0O1Ah7W88oFh9TDdoy8WFHymU4JtgBqwcdiVXz3CyJBffz8AnPwrRV4lJbTaeIt3+aw+wKlXOeL99312QXCLz4zc49HQiWYA0S+kAycY7jNDVG2lj1dlLbiTS+p5hZrT5QedE0QDYeVSw5VRUOYaSFNWbKhKHgOJt76NKSILQaPYCYmc6zshCPe2I1HFip94cyod9X1lVarrC\/oV+CVEPCoQxV8KUvkDxZuvWX51xKEY+GnnhphGIli1Pj69L6AP1RD5HSyvkGPOfPx65pLpikwyanjAFWGcEhgw4Z7ZqXcd8sKt8JJ\/Df\/eKCuWiysTKp40kC9Jq3Cpg\/G8GuAWzOldaiAwWbcZRaOVPsUKjUrvaDTy1TRlLguROXYTo8bAAhN35cFcymRs7vJNgSfBcSYxloUrwmW3y8yRzXI6LEKlYE8Uhl2wlkaqemX9xa1rqM5jwIDJ+KAoZ0pNkanyYY4m2GodO0JK2gk3pl\/TqMkufIS93kmjnRekXLiCYme3cjo\/Vp3hjxvGouY37FiTSmxdowd6C7daWRem2Oi0vSkWvgMIHPIZstJs9KSCZMEdQA12v8QNJhCqBVjfWbpfW3KKmYV3zdvJvF95v2ynvvJGgwT4pmYiUB2xi8DaaU84QLBLbLJDEcc2Bgj+H7zeyMpYXsWqV0Pies1YRuph5HvShjvIrZZj2KZSr2f7wwkOYW3W\/E24Imy6PU4\/gcbwO7GmAuobAy2Co4ltSYt46JAwRvx+fdscQBZI53BMCvFWFHcMHdijrm3s4kOhYjKVDg5Ole5v3UHff7dV33sqWtdHmkJ0AM4L2Y+vW0e1PyWPH9aqpLGbs+G0r\/8Kg\/GBx+O3w8iRjDJA+n96ZxsnfS3JGmvTnqyw3QS81u4ApoHzbnrwv7yXAIeAHFBvDNe9u4B701bj5U8+UwQTZrXruhpeO\/\/vyayXx3+HjSWszFyx9mcYgxWRvCDeOlli1Xm1z\/05aHWhjffWHdjcOvnN\/R4aNVs1DHCWJONAPe7NnGo228w\/9n644GR59v3WS7EcPu4F+0b2fb\/vCgO1gvytJ+PvBXDz61XpqktOyhpWmt8zVg431213c2CtDmzx+OkoKbZjBTZL4nvER1\/dO9SYTXgHzv5P51K1D\/AA==\" \/> \t\t<a href=\"https:\/\/www.pdf24.org\" target=\"_blank\" title=\"www.pdf24.org\" rel=\"nofollow\"><img src=\"https:\/\/www.hohenlohe-ungefiltert.de\/wp-content\/plugins\/pdf24-post-to-pdf\/img\/pdf_32x32.png\" alt=\"\" border=\"0\" height=\"32\" \/><\/a> \t\t<span class=\"pdf24Plugin-cp-space\">&nbsp;&nbsp;<\/span> \t\t<span class=\"pdf24Plugin-cp-text\">Sende Artikel als PDF<\/span> \t\t<span class=\"pdf24Plugin-cp-space\">&nbsp;&nbsp;<\/span> \t\t<input class=\"pdf24Plugin-cp-input\" style=\"margin: 0px;\" type=\"text\" name=\"sendEmailTo\" placeholder=\"Emailadresse\" \/> \t\t<input class=\"pdf24Plugin-cp-submit\" style=\"margin: 0px;\" type=\"submit\" value=\"Senden\" \/> \t<\/form> <\/div>","protected":false},"excerpt":{"rendered":"<p>Die Region Schw\u00e4bisch Hall-Hohenlohe hat mit einer Arbeitslosenquote von 3,2 Prozent (Juli 2011) statistisch gesehen nahezu Vollbesch\u00e4ftigung erreicht und liegt damit in Baden-W\u00fcrttemberg auf Platz 2. Beim Verh\u00e4ltnis offener Stellen zu gemeldeten Arbeitslosen liegt die Region auf Platz 1 in Deutschland. F\u00fcr die hiesigen Unternehmen wird es immer schwieriger, geeignete Arbeitskr\u00e4fte zu finden. Von der [&hellip;]<\/p>\n","protected":false},"author":3,"featured_media":0,"comment_status":"open","ping_status":"open","sticky":false,"template":"","format":"standard","meta":[],"categories":[],"tags":[],"_links":{"self":[{"href":"https:\/\/www.hohenlohe-ungefiltert.de\/index.php?rest_route=\/wp\/v2\/posts\/11682"}],"collection":[{"href":"https:\/\/www.hohenlohe-ungefiltert.de\/index.php?rest_route=\/wp\/v2\/posts"}],"about":[{"href":"https:\/\/www.hohenlohe-ungefiltert.de\/index.php?rest_route=\/wp\/v2\/types\/post"}],"author":[{"embeddable":true,"href":"https:\/\/www.hohenlohe-ungefiltert.de\/index.php?rest_route=\/wp\/v2\/users\/3"}],"replies":[{"embeddable":true,"href":"https:\/\/www.hohenlohe-ungefiltert.de\/index.php?rest_route=%2Fwp%2Fv2%2Fcomments&post=11682"}],"version-history":[{"count":6,"href":"https:\/\/www.hohenlohe-ungefiltert.de\/index.php?rest_route=\/wp\/v2\/posts\/11682\/revisions"}],"predecessor-version":[{"id":11693,"href":"https:\/\/www.hohenlohe-ungefiltert.de\/index.php?rest_route=\/wp\/v2\/posts\/11682\/revisions\/11693"}],"wp:attachment":[{"href":"https:\/\/www.hohenlohe-ungefiltert.de\/index.php?rest_route=%2Fwp%2Fv2%2Fmedia&parent=11682"}],"wp:term":[{"taxonomy":"category","embeddable":true,"href":"https:\/\/www.hohenlohe-ungefiltert.de\/index.php?rest_route=%2Fwp%2Fv2%2Fcategories&post=11682"},{"taxonomy":"post_tag","embeddable":true,"href":"https:\/\/www.hohenlohe-ungefiltert.de\/index.php?rest_route=%2Fwp%2Fv2%2Ftags&post=11682"}],"curies":[{"name":"wp","href":"https:\/\/api.w.org\/{rel}","templated":true}]}}