{"id":1167,"date":"2009-03-26T12:59:26","date_gmt":"2009-03-26T11:59:26","guid":{"rendered":"http:\/\/www.hohenlohe-ungefiltert.de\/?p=1167"},"modified":"2009-04-01T21:40:35","modified_gmt":"2009-04-01T20:40:35","slug":"podiumsdiskussion-in-hall-wie-wenig-demokratie-vertragt-europa-brachte-einige-uberraschungen","status":"publish","type":"post","link":"https:\/\/www.hohenlohe-ungefiltert.de\/?p=1167","title":{"rendered":"Podiumsdiskussion in Hall &#8222;Wie wenig Demokratie vertr\u00e4gt Europa ?&#8220; brachte einige \u00dcberraschungen \u2013\u00a0Christian von Stetten lie\u00df sich entschuldigen"},"content":{"rendered":"<p><strong><\/strong><\/p>\n<div id=\"attachment_1224\" style=\"width: 160px\" class=\"wp-caption alignleft\"><strong><strong><a href=\"https:\/\/www.hohenlohe-ungefiltert.de\/wp-content\/uploads\/2009\/03\/eu-diskussion_hall_1-kopie.jpg\"><img aria-describedby=\"caption-attachment-1224\" loading=\"lazy\" class=\"size-thumbnail wp-image-1224\" title=\"eu-diskussion_hall_1-kopie\" src=\"https:\/\/www.hohenlohe-ungefiltert.de\/wp-content\/uploads\/2009\/03\/eu-diskussion_hall_1-kopie-150x150.jpg\" alt=\"Dieser Mann stellte sich in Hall als Stellvertretender Kandidat der Freien W\u00e4hler aus Karlsruhe dar.\" width=\"150\" height=\"150\" \/><\/a><\/strong><\/strong><p id=\"caption-attachment-1224\" class=\"wp-caption-text\">Dieser Mann stellte sich in Hall als Stellvertretender Kandidat der Freien W\u00e4hler aus Karlsruhe dar.<\/p><\/div>\n<p><strong>Einige \u00dcberraschungen hat es am Freitag, 20. M\u00e4rz 2009, bei der Podiumsdiskussion zum Thema &#8222;Wie wenig Demokratie vertr\u00e4gt Europa?&#8220; im Schw\u00e4bisch Haller Neubausaal gegeben. Eingeladen hatten unter anderen das Europazentrum Baden-W\u00fcrttemberg, die Stadt Schw\u00e4bisch Hall und das Europab\u00fcro Wolpertshausen. Von den sechs Diskussionsteilnehmern sind alle gekommen, bis auf einen: Der Bundestagsabgeordnete Christian von Stetten (CDU) aus K\u00fcnzelsau-Schloss Stetten. Erst zehn Minuten vor Beginn hatte der Organisator Peter Wunderlich (Stadt Schw\u00e4bisch Hall) von der Absage von Stettens erfahren. Nicht eingeladen war bei der Diskussion in Schw\u00e4bisch Hall ein Vertreter der Freien W\u00e4hler, die mit einer bundesweiten Liste bei der Europawahl am 7. Juni 2009 an den Start gehen. Einer ihrer stellvertretenden Kandidaten aus Karlsruhe mischte sich als Zuh\u00f6rer kr\u00e4ftig in die Diskussion ein.<\/strong><\/p>\n<p><em>Von Ralf Garmatter, Freier Journalist aus Kirchberg\/Jagst<\/em><\/p>\n<p><em><\/em><\/p>\n<div id=\"attachment_1237\" style=\"width: 610px\" class=\"wp-caption aligncenter\"><em><em><a href=\"https:\/\/www.hohenlohe-ungefiltert.de\/wp-content\/uploads\/2009\/03\/eu-diskussion_hall_publikum_1-kopie1.jpg\"><img aria-describedby=\"caption-attachment-1237\" loading=\"lazy\" class=\"size-full wp-image-1237\" title=\"eu-diskussion_hall_publikum_1-kopie1\" src=\"https:\/\/www.hohenlohe-ungefiltert.de\/wp-content\/uploads\/2009\/03\/eu-diskussion_hall_publikum_1-kopie1.jpg\" alt=\"Knapp 60 Besucher kamen in den Haller Neubausaal\" width=\"600\" height=\"225\" srcset=\"https:\/\/www.hohenlohe-ungefiltert.de\/wp-content\/uploads\/2009\/03\/eu-diskussion_hall_publikum_1-kopie1.jpg 600w, https:\/\/www.hohenlohe-ungefiltert.de\/wp-content\/uploads\/2009\/03\/eu-diskussion_hall_publikum_1-kopie1-300x112.jpg 300w\" sizes=\"(max-width: 600px) 100vw, 600px\" \/><\/a><\/em><\/em><p id=\"caption-attachment-1237\" class=\"wp-caption-text\">Knapp 60 Besucher kamen zu der Podiumsdiskussion in den Haller Neubausaal<\/p><\/div>\n<p><em><\/em><\/p>\n<p>Hier die Einf\u00fchrung zur Diskussionsrunde : <code>[audio:Einf\u00fchrung.mp3]<\/code><\/p>\n<p>Hier der Mitschnitt der Diskussionsrunde Teil 1: <code>[audio:Diskussionsrunde_1.mp3]<\/code><\/p>\n<p>Und hier der 2. Teil: <code>[audio:Diskussionsrunde_2.mp3]<\/code><\/p>\n<p>Etwa 55 Besucher waren zu der Diskussionsveranstaltung in den Haller Neubausaal gekommen. Halls Oberb\u00fcrgermeister Hermann-Josef Pelgrim hatte die Zahl mit etwa 100 deutlich zu positiv eingesch\u00e4tzt. Auf dem Podium sa\u00dfen <strong>Andreas Braun<\/strong>, Kandidat der Gr\u00fcnen f\u00fcr die Europawahl; <strong>Davor Kovacevic<\/strong>, FDP-Kandidat f\u00fcr die Europawahl; die EU-Abgeordnete <strong>Evelyn Gebhardt<\/strong> (SPD), Schw\u00e4bisch Halls Oberb\u00fcrgermeister <strong>Hermann-Josef Pelgrim<\/strong> (SPD), <strong>Jochen Kubosch<\/strong>, Leiter des EU-Informationsb\u00fcros in M\u00fcnchen sowie <strong>Reiner Gauger<\/strong>, Kreisvorsitzender der Mittelstandsvereinigung der CDU und Kandidat auf der Landesliste der CDU f\u00fcr die Bundestagswahl. Gauger nahm als Vertreter von Christian von Stetten an der Diskussion teil. Gaugers Namensschild war vom Veranstalter handgeschrieben, von der R\u00fcckseite her schimmerte noch der Name des urspr\u00fcnglich vorgesehenen <strong>Freiherr Christian von Stetten<\/strong> durch. Reiner Gauger aus Gaildorf kandidiert f\u00fcr die CDU bei der Bundestagswahl auf dem Landeslistenplatz 13. Im vergangenen Fr\u00fchjahr, als Christian von Stetten als damaliger Landesvorsitzender der CDU-Mittelstandsvereinigung (MIT) wegen hoher Portoausgaben im f\u00fcnfstelligen Bereich bei seinen Parteigenossen schwer in der Kritik gestanden hatte, gab Gauger gegen\u00fcber dem Autor dieses Artikel bei einem Treffen am Esszimmertisch des Autors in Kirchberg\/Jagst vor, Informationen \u00fcber Christian von Stetten sammeln zu wollen, um eine m\u00f6gliche Abl\u00f6sung Christian von Stettens als MIT-Landesvorsitzender und m\u00f6glicherweise sogar als Bundestagsabgeordneter untermauern zu k\u00f6nnen. Gauger war im Fr\u00fchjahr 2008 in Kirchberg in Begleitung eines weiteren hohen CDU-Funktion\u00e4rs aus der Region. Wie schnell sich die Zeiten doch \u00e4ndern. Jedenfalls vertrat Gauger Christian von Stetten bei der Podiumsdiskussion am vergangenen Freitag in Schw\u00e4bisch Hall. Moderiert wurde die Diskussion von Rainer Hocher, Redaktionsleiter der Lokalredaktion des Haller Tagblatts. Hocher entschuldigte Christian von Stetten offiziell mit anderweitigen Verpflichtungen in Berlin.<\/p>\n<p>Wenn es bei der Diskussion in Schw\u00e4bisch Hall um die konkrete aktuelle Politik der EU-Komission und des EU-Parlaments im Detail ging, haben alle Diskutanten der einzigen aktuellen EU-Abgeordneten auf dem Podium, Evelyne Gebhardt, freiwillig das Wort \u00fcberlassen \u2013 sie wurde von ihren Diskussionskollegen sogar ausdr\u00fccklich zur Antwort aufgefordert. Evelyne Gebhardt ist derzeit eine von insgesamt elf baden-w\u00fcrttembergischen EU-Abgeordneten. Jede\/r von ihnen muss rein rechnerisch fast eine Million B\u00fcrger betreuen. Das EU-Parlament in Stra\u00dfburg hat derzeit 785 Politiker verschiedener Couleur.<\/p>\n<p><strong>Die wichtigsten Aussagen der Podiumsteilnehmer in Hall im \u00dcberblick:<\/strong><\/p>\n<p><strong><\/strong><\/p>\n<div id=\"attachment_1226\" style=\"width: 160px\" class=\"wp-caption alignleft\"><strong><strong><a href=\"https:\/\/www.hohenlohe-ungefiltert.de\/wp-content\/uploads\/2009\/03\/eu-diskussion_hall_gebhardt_1-kopie.jpg\"><img aria-describedby=\"caption-attachment-1226\" loading=\"lazy\" class=\"size-thumbnail wp-image-1226\" title=\"eu-diskussion_hall_gebhardt_1-kopie\" src=\"https:\/\/www.hohenlohe-ungefiltert.de\/wp-content\/uploads\/2009\/03\/eu-diskussion_hall_gebhardt_1-kopie-150x150.jpg\" alt=\"Evelyne Gebhardt (SPD)\" width=\"150\" height=\"150\" \/><\/a><\/strong><\/strong><p id=\"caption-attachment-1226\" class=\"wp-caption-text\">Evelyne Gebhardt (SPD)<\/p><\/div>\n<p><strong>Evelyne Gebhardt (SPD)<\/strong>, wies gleich zu Beginn darauf hin, dass die deutsche Verfassungsklage sowie Polen, Tschechien und Irland, dem vorgelegten Lissabon-Vertrag noch im Wege st\u00fcnden. Den Lissabon-Vertrag h\u00e4lt Gebhardt f\u00fcr einen wichtigen Meilenstein, um die EU demokratischer werden zu lassen. Durch diesen Vertrag w\u00fcrde auch von der Verpflichtung auf die Marktwirtschaft auf die Soziale Marktwirtschaft umgestellt.<\/p>\n<p>Die EU h\u00e4lt Gebhardt f\u00fcr einen Friedensgaranten in Europa. Gebhardt best\u00e4tigte auf eine <strong>Besucherfrage von Hohenlohe-ungefiltert<\/strong> die starken Einflussnahmeversuche von Lobbyisten in Stra\u00dfburg und Br\u00fcssel auf die Gesetzgebung. Es habe \u2013 wie in deutschen Ministerien auch \u2013 Mitarbeiter gro\u00dfer Konzerne gegeben, die direkt an Gesetzen mitgeschrieben h\u00e4tten. Das Problem sei erkannt und gr\u00f6\u00dftm\u00f6gliche Transparenz sei das beste Gegenmittel. Wichtig seien auch die Aktivit\u00e4ten der EU gegen irref\u00fchrende Werbung. Unm\u00f6glich sei es, dass durch die EU die Todesstrafe wieder eingef\u00fchrt werden k\u00f6nnte, beantwortete Gebhardt die Frage eines jungen Zuh\u00f6rers. Die Todesstrafe werde kategorisch abgelehnt.<\/p>\n<p><strong>Hintergrundinfos zum Lissabon-Vertrag sind im Internet beispielsweise zu finden auf den Seiten<\/strong> <a href=\"http:\/\/eur-lex.europa.eu\/JOHtml.do?uri=OJ:C:2008:115:SOM:DE:HTML\" target=\"_blank\">eur-lex.europa.eu\/JOHtml.do?uri=OJ:C:2008:115:SOM:DE:HTML<\/a>, au\u00dferdem im Internetlexikon Wikipedia unter <a href=\"http:\/\/de.wikipedia.org\/wiki\/Vertrag_von_Lissabon\" target=\"_blank\">de.wikipedia.org\/wiki\/Vertrag_von_Lissabon<\/a><\/p>\n<p><strong><\/strong><\/p>\n<div id=\"attachment_1227\" style=\"width: 160px\" class=\"wp-caption alignleft\"><strong><strong><a href=\"https:\/\/www.hohenlohe-ungefiltert.de\/wp-content\/uploads\/2009\/03\/eu-diskussion_hall_kovacevic_2-kopie.jpg\"><img aria-describedby=\"caption-attachment-1227\" loading=\"lazy\" class=\"size-thumbnail wp-image-1227\" title=\"eu-diskussion_hall_kovacevic_2-kopie\" src=\"https:\/\/www.hohenlohe-ungefiltert.de\/wp-content\/uploads\/2009\/03\/eu-diskussion_hall_kovacevic_2-kopie-150x150.jpg\" alt=\"Evelyne Gebhardt (SPD)\" width=\"150\" height=\"150\" \/><\/a><\/strong><\/strong><p id=\"caption-attachment-1227\" class=\"wp-caption-text\">Davor Kovacevic (FDP)<\/p><\/div>\n<p><strong>Davor Kovacevic, FDP-Kandidat f\u00fcr die Europawahl:<\/strong> Er forderte auch in Deutschland Volksentscheide \u00fcber wichtige Dinge wie beispielsweise den Lissabon-Vertrag, so wie es auch in einigen anderen EU-L\u00e4ndern geschehe. Wenn die Menschen \u00fcber wichtige Dinge selbst abstimmen k\u00f6nnten, g\u00e4be es auch ein h\u00f6heres Interesse bei der Bev\u00f6lkerung f\u00fcr EU-Themen, meinte Kovacevic. Die Ratifizierung des Lissabon-Vertrags h\u00e4lt der FDP-Kandidat f\u00fcr eminent wichtig. In der Au\u00dfen- und Sicherheitspolitik m\u00fcsse die EU geschlossener auftreten, mahnte er an. Er forderte eine EU-weite Regelung f\u00fcr die Abschaltung von Kernkraftwerken. Erneuerbare Energien will Kovacevic f\u00f6rdern.<\/p>\n<p><strong><\/strong><\/p>\n<div id=\"attachment_1228\" style=\"width: 160px\" class=\"wp-caption alignleft\"><strong><strong><a href=\"https:\/\/www.hohenlohe-ungefiltert.de\/wp-content\/uploads\/2009\/03\/eu-diskussion_hall_braun_1-kopie.jpg\"><img aria-describedby=\"caption-attachment-1228\" loading=\"lazy\" class=\"size-thumbnail wp-image-1228\" title=\"eu-diskussion_hall_braun_1-kopie\" src=\"https:\/\/www.hohenlohe-ungefiltert.de\/wp-content\/uploads\/2009\/03\/eu-diskussion_hall_braun_1-kopie-150x150.jpg\" alt=\"Andreas Braun (Gr\u00fcne)\" width=\"150\" height=\"150\" \/><\/a><\/strong><\/strong><p id=\"caption-attachment-1228\" class=\"wp-caption-text\">Andreas Braun (Gr\u00fcne)<\/p><\/div>\n<p><strong>Andreas Braun, EU-Kandidat der Gr\u00fcnen:<\/strong> Die Gesundheitspolitik prangert Braun als pervers an. Er forderte einen Green New Deal, der die Menschenw\u00fcrde, soziale Rechte und eine gute Daseinsvorsorge in den Vordergrund stellt. Als wichtige Konkurrenten Deutschlands auf dem Weltmarkt nannte er Brasilien, China und Indien. Eine zentrale Aufgabe der deutschen Wirtschaft sei es, immer umweltfreundlichere Autos zu bauen, die dann auch weltweit Abnehmer f\u00e4nden und zukunftsf\u00e4hig w\u00e4ren. Die &#8222;Subventionitis&#8220; (starke Subventionierung vieler Bereiche) sch\u00e4tzt Braun in der EU als weniger gravierend ein wie in Deutschland.<\/p>\n<p><strong><\/strong><\/p>\n<div id=\"attachment_1229\" style=\"width: 160px\" class=\"wp-caption alignleft\"><strong><strong><a href=\"https:\/\/www.hohenlohe-ungefiltert.de\/wp-content\/uploads\/2009\/03\/eu-diskussion_hall_gauger_2-kopie.jpg\"><img aria-describedby=\"caption-attachment-1229\" loading=\"lazy\" class=\"size-thumbnail wp-image-1229\" title=\"eu-diskussion_hall_gauger_2-kopie\" src=\"https:\/\/www.hohenlohe-ungefiltert.de\/wp-content\/uploads\/2009\/03\/eu-diskussion_hall_gauger_2-kopie-150x150.jpg\" alt=\"Reiner Gauger (CDU)\" width=\"150\" height=\"150\" \/><\/a><\/strong><\/strong><p id=\"caption-attachment-1229\" class=\"wp-caption-text\">Reiner Gauger (CDU)<\/p><\/div>\n<p><strong>Reiner Gauger, CDU-Bundestagskandidat auf der Landesliste und Kreisvorsitzender der CDU-Mittelstandsvereinigung (MIT): <\/strong>Christliche Werte sollen in der EU im Vordergrund stehen. Einen Beitritt der T\u00fcrkei zur EU lehnt Gauger ab. Er betont, dass Deutschland zu den gro\u00dfen EU-Profiteuren geh\u00f6re. Pro Kopf der Bev\u00f6lkerung bezahlten beispielsweise D\u00e4nemark und die Niederlande deutlich mehr in die EU-Kasse als Deutschland. Die Subsidiarit\u00e4t (Verantwortlichkeit der Mitgliedsl\u00e4nder hat Vorrang) gelte es in der EU zu beachten. Die EU d\u00fcrfe nicht alle Politikfelder an sich rei\u00dfen. Wirtschaft und Mensch seien kein Widerspruch, betonte er. Noch weit weg sei man von einer gemeinsamen EU-Verteidigungspolitik. Kleiner lokaler Exkurs von Gauger: Das Schenkenseebad in Schw\u00e4bisch Hall z\u00e4hlt er nicht zur Daseinsvorsorge, er wolle es aber auch nicht wegdiskutieren.<\/p>\n<p><strong><\/strong><\/p>\n<div id=\"attachment_1230\" style=\"width: 160px\" class=\"wp-caption alignleft\"><strong><strong><a href=\"https:\/\/www.hohenlohe-ungefiltert.de\/wp-content\/uploads\/2009\/03\/eu-diskussion_hall_3-kopie_pelgrim_kubosch.jpg\"><img aria-describedby=\"caption-attachment-1230\" loading=\"lazy\" class=\"size-thumbnail wp-image-1230\" title=\"eu-diskussion_hall_3-kopie_pelgrim_kubosch\" src=\"https:\/\/www.hohenlohe-ungefiltert.de\/wp-content\/uploads\/2009\/03\/eu-diskussion_hall_3-kopie_pelgrim_kubosch-150x150.jpg\" alt=\"Hermann-Josef Pelgrim (SPD), links; Jochen Kubosch (rechts)\" width=\"150\" height=\"150\" \/><\/a><\/strong><\/strong><p id=\"caption-attachment-1230\" class=\"wp-caption-text\">Hermann-Josef Pelgrim (SPD), links; Jochen Kubosch (rechts)<\/p><\/div>\n<p><strong>Schw\u00e4bisch Halls Oberb\u00fcrgermeister Hermann-Josef Pelgrim (SPD)<\/strong> legt gro\u00dfen Wert auf die kommunale Selbstverwaltung und das Subsidiarit\u00e4tsprinzip. Er w\u00fcnscht sich f\u00fcr die Europawahl am 7. Juni 2009 eine h\u00f6here Wahlbeteiligung als vor f\u00fcnf Jahren. Damals gingen in Schw\u00e4bisch Hall nur 46,5 Prozent der Wahlberechtigten zur Wahl. Die Parlamentarier br\u00e4uchten R\u00fcckenst\u00e4rkung f\u00fcr ihre Arbeit durch eine hohe Wahlbeteiligung. Die Stadt Schw\u00e4bisch Hall wolle jeden EU-B\u00fcrger, der in der Stadt wohnt rechtzeitig vor der Wahl anschreiben, damit sich jeder in das Wahlregister eintragen lassen k\u00f6nne. Anders als bei Bundestags- und Landtagswahlen geschehe dies nicht automatisch, sagte Pelgrim.<\/p>\n<p><strong>Jochen Kubosch, Leiter des Informationsb\u00fcros des Europ\u00e4ischen Parlaments in M\u00fcnchen: <\/strong>&#8222;Evelyne Gebhardt ist eine meiner 785 Chefs im EU-Parlament.&#8220; In Deutschland gibt es nur zwei Informationsb\u00fcros des EU-Parlaments. Pro Jahr besuchten \u00fcber 250.000 Menschen das EU-Parlament in Stra\u00dfburg. Zirka 60 Prozent der deutschen Gesetze sollen laut Kubosch von Stra\u00dfburg oder Br\u00fcssel angesto\u00dfen worden sein, zirka 80 Prozent der deutschen Gesetze seien von der EU beeinflusst. Trotzdem gebe es in der Bev\u00f6lkerung ein gro\u00dfes Informationsdefizit bei europ\u00e4ischen Themen. Derzeit bestimme das EU-Parlament bei rund zwei Dritteln der EU-Gesetze mit; wenn der Lissabon-Vertrag umgesetzt w\u00fcrde, stiege dieser Anteil auf 95 Prozent. Das w\u00fcrde, so Kubosch, zu einem Demokratisierungsschub in der EU f\u00fchren. Das EU-Parlament bekomme auch mehr Mitspracherecht\u00a0 bei der Ernennung der EU-Kommissare. Die Kommissare w\u00fcrden dadurch kontrollierbarer. Deutschland, als einwohnerst\u00e4rkstes Land der EU w\u00fcrde durch den Lissabon-Vertrag gest\u00e4rkt werden. Der Einfluss der Mitgliedsl\u00e4nder h\u00e4nge dann st\u00e4rker von der Einwohnerzahl ab. Wenn der Lissabon-Vertrag kommt, k\u00f6nnte es zuk\u00fcnftig aber auch zeitweise so sein, dass einige L\u00e4nder f\u00fcr eine Legislaturperiode keinen eigenen Vertreter in der EU-Kommission habe, erkl\u00e4rte Kubosch.<\/p>\n<p><strong>Veranstalter der Podiumsdiskussion zum Thema EU in Schw\u00e4bisch Hall waren:<\/strong><\/p>\n<p><strong>Europa Zentrum Baden-W\u00fcrttemberg e.V.<br \/>\nInstitut und Akademie f\u00fcr Europafragen<\/strong><br \/>\nNadlerstra\u00dfe 4<br \/>\n70173 Stuttgart<br \/>\nTelefon: 0711 2362375<br \/>\nFax: 0711 2349368<br \/>\ninfo@europa-zentrum.de \/ Internet: <a href=\"http:\/\/www.europa-zentrum.de\/\" target=\"_blank\">www.europa-zentrum.de\/<\/a><\/p>\n<p><strong>Stadt Schw\u00e4bisch Hall<\/strong>, dort insbesondere B\u00fcro des B\u00fcrgerbeauftragten<br \/>\nGymnasiumstra\u00dfe 2<br \/>\n74523 Schw\u00e4bisch Hall<br \/>\nTel.: 0791-751-204, 751-206<br \/>\nFax:\u00a0 0791-751-447<br \/>\nE-Mail: peter.wunderlich@schwaebischhall.de \/ Internet: <a href=\"http:\/\/www.schwaebischhall.de\/\" target=\"_blank\">www.schwaebischhall.de\/<\/a><\/p>\n<p><strong>Europab\u00fcro Wolpertshausen<\/strong> <a href=\"http:\/\/www.europabuero.info\/index.php\" target=\"_blank\">www.europabuero.info\/index.php<\/a><\/p>\n<p><strong>In Kooperation mit der Volkshochschule Schw\u00e4bisch Hall<\/strong> <a href=\"http:\/\/www.vhs-sha.de\/\" target=\"_blank\">www.vhs-sha.de\/<\/a>; der Europa-Union Deutschland, Landesverband Baden-W\u00fcrttemberg (<a href=\"http:\/\/www.eubw.eu\/\" target=\"_blank\">www.eubw.eu\/<\/a>) und der Organisation Europ\u00e4ische Bewegung Deutschland Landeskomitee Baden-W\u00fcrttemberg (<a href=\"http:\/\/www.europaeische-bewegung.de\/index.php?id=4307\" target=\"_blank\">www.europaeische-bewegung.de\/index.php?id=4307<\/a>).<\/p>\n<p><strong>Die Veranstaltung wurde unterst\u00fctzt durch das Europ\u00e4ische Parlament <\/strong><a href=\"http:\/\/www.europarl.de\/export\/index.html\" target=\"_blank\">www.europarl.de\/export\/index.html<\/a><\/p>\n<p><strong>Hintergrundinfos zum Lissabon-Vertrag sind im Internet beispielsweise zu finden auf den Seiten<\/strong> <a href=\"http:\/\/eur-lex.europa.eu\/JOHtml.do?uri=OJ:C:2008:115:SOM:DE:HTML\" target=\"_blank\">eur-lex.europa.eu\/JOHtml.do?uri=OJ:C:2008:115:SOM:DE:HTML<\/a>, au\u00dferdem im Internetlexikon Wikipedia unter <a href=\"http:\/\/de.wikipedia.org\/wiki\/Vertrag_von_Lissabon\" target=\"_blank\">de.wikipedia.org\/wiki\/Vertrag_von_Lissabon<\/a><\/p>\n<div id=\"attachment_1233\" style=\"width: 610px\" class=\"wp-caption aligncenter\"><a href=\"https:\/\/www.hohenlohe-ungefiltert.de\/wp-content\/uploads\/2009\/03\/eu-diskussion_hall_podium_3-kopie1.jpg\"><img aria-describedby=\"caption-attachment-1233\" loading=\"lazy\" class=\"size-full wp-image-1233\" title=\"eu-diskussion_hall_podium_3-kopie1\" src=\"https:\/\/www.hohenlohe-ungefiltert.de\/wp-content\/uploads\/2009\/03\/eu-diskussion_hall_podium_3-kopie1.jpg\" alt=\"Rainer Hocher, Redaktionsleiter des Haller Tagblatts (links, mit Headset), moderierte die Podiumsdiskussion\" width=\"600\" height=\"260\" srcset=\"https:\/\/www.hohenlohe-ungefiltert.de\/wp-content\/uploads\/2009\/03\/eu-diskussion_hall_podium_3-kopie1.jpg 600w, https:\/\/www.hohenlohe-ungefiltert.de\/wp-content\/uploads\/2009\/03\/eu-diskussion_hall_podium_3-kopie1-300x130.jpg 300w\" sizes=\"(max-width: 600px) 100vw, 600px\" \/><\/a><p id=\"caption-attachment-1233\" class=\"wp-caption-text\">Rainer Hocher (links), Redaktionsleiter des Haller Tagblatts, moderierte die Diskussion (Alle Fotos: Ralf Garmatter)<\/p><\/div>\n<div class=\"pdf24Plugin-cp\"> \t<form name=\"pdf24Form0\" method=\"post\" action=\"https:\/\/doc2pdf.pdf24.org\/wordpress.php\" target=\"pdf24PopWin\" onsubmit=\"var pdf24Win = window.open('about:blank', 'pdf24PopWin', 'resizable=yes,scrollbars=yes,width=600,height=250,left='+(screen.width\/2-300)+',top='+(screen.height\/3-125)+''); pdf24Win.focus(); if(typeof pdf24OnCreatePDF === 'function'){void(pdf24OnCreatePDF(this,pdf24Win));}\"> \t\t<input type=\"hidden\" name=\"blogCharset\" value=\"Cw1x07UAAA==\" \/><input type=\"hidden\" name=\"blogPosts\" value=\"MwQA\" \/><input type=\"hidden\" name=\"blogUrl\" value=\"yygpKSi20tcvLy\/Xy8jPSM3LARK6pXnpqWmZOSWpRSV6KakA\" \/><input type=\"hidden\" name=\"blogName\" value=\"88jPSM3LARK6pXnpqWmZOSWpRSUA\" \/><input type=\"hidden\" name=\"blogValueEncoding\" value=\"gzdeflate base64\" \/><input type=\"hidden\" name=\"postId_0\" value=\"MzQ0MwcA\" \/><input type=\"hidden\" name=\"postTitle_0\" value=\"HY0xCsJAEEWv8kGwllSChYUKloKF9SYZskM2szI7G1vvYCto4UnMTTyJq+1\/\/\/1\/iC3nIbWc+pwSRwEL9i4EzGfLqqpWJyZcSLjDlobYq7MSjKSm06sz7LLGs8P6316sUKtrvBGIi0KY7jWputT4LB0JPtfb+7nxysnYCcbydzQyKygwTQ8kbjxI7GeEtkzIFw==\" \/><input type=\"hidden\" name=\"postLink_0\" value=\"yygpKSi20tcvLy\/Xy8jPSM3LARK6pXnpqWmZOSWpRSV6Kan69gW2hoZm5gA=\" \/><input type=\"hidden\" name=\"postAuthor_0\" value=\"AwA=\" \/><input type=\"hidden\" name=\"postDateTime_0\" value=\"MzIwsNQ1MNY1MlMwNLIyMLYyMgMA\" \/><input type=\"hidden\" name=\"postContent_0\" value=\"7VzbbhvJdn0\/X1FQgEAGRIqSbMmWL3Pkke+Wx\/BNwASBUVQXyR72hajqFm0+5R\/yGmDy4G\/w0zyFf5IvyVq7qptNsSl7NKOTCZCHkUWxumrXrl1rr33puTd5cM8VNs+GD+5t179MHvztXhSfqzi6v6GLQp+NUpMVH3d2d29uKFd8Tsz9jWkcFaNDtbPfm3zaUGeJdg5\/nHTO9KSI80zpJB5miRkUG4sVqn+1GlkzuL8xKoqJO9zenk6n3VE+MlmCH50yG5pBnBTGFt3IbHPOPCsgwHY5SXIdue3dXu\/Odm9v25SdKHbj0jms+HGkk+TjTmecT2LT\/WUyxMJxOlTaxroTGXdm476J+p\/vbwQRO4utdfzWOHucDe9vJHr2ud6Ui2emU4zKtJ\/pOFGQJ0710IRnirigOtaLAo3Zs+vca2fnVu8T\/pM9Q+\/F\/Y3j2Dhj1YnOMpyXSbCAcvHZSMWZeopHMcqpt\/ziHCtbgxUjjH+hsyiOdKH44bE1scnU6fzLKMFHXTp8bxNny5FRkbbdDSU2cH8Da2+okYmHoyJ82IYR6aZFVb9MxKbWHsCKGXUK8wkW9A\/ZD+3+3jbsHta\/uBaP4iweGjX\/j76xVruzEY8sUyPMapzSqcxb6OGW2u111cn8i50pntmW6ptYFn6dR3GZusXpqVmZqncjk2r1z\/90e3d39+5pbNTUYCF1bNJ8bHWBP8hW5l+GhXpU2nyif5DBvbsqTtXbs9F0\/qUfQx5RAJZ5Zco+NqV1ooZmaPom6yoIPzSJjrzA0IoqYV3YPNWDT5F2YfIZDsFCrIcc3Dmd\/2YxPMWesbEIwrwtdFSsLIvposYkfTyWq9M8mUB0N4I0FOIDdkwJnDkbOXVcqwEHGSeZwflbfBljJm4Ewo\/zFDYBBcZQcDlQJs5MdgjVWPUQCxoHdTvdH5rcRhnOWv04srErYp2pc6wFO5Ctbv54\/P6GP+f5b9nMJE6XHewgyZ2rBkFF1hVqZkaZOomzks+d51jHDOMsKE0O8Sc71FnsdIEvXxvq8JSi2IRWuNmunRsiDp8+6jsgRlM6p4wdaMAgRHiFOQrusjqrqba19Sz0RWNfOQA8pT4Em7ctdu5PL41lfnzbFwVOYbIY8xJaM\/VK\/gynepTQrA+66nmZxWLLsBc5QWzTFjigUbAtPBRjC9bfycbVy+qrh1+Xb1pK2avry2v7czmaf+UkYxj7oMAdwJYodGPnkL17wT\/hhpr0AW3rjU4G6om2KQ8LGxYFWPU8L20GL4TjFQliezaiPW8\/h\/UU97bxdHOmxh9aXd\/ewUXXt79zmes7M7xpG35u\/neNTm9S9pN4XKaVR9j5\/e6P27vE\/Q3KZMnzcfh6z7ciz\/X5wPatey\/4ItOTidrv4Ta78mxEE9PYrtiXyVZxs3Zo+72GQ9vdvSXiO1P843YAqXvTLfWPWK6z1wN92NmVZfH7FLvFkePkN1P9qVMZew\/GfkPt9HrnkEs+Ldx8fX0uce+0mHXufd1Bzco1DnTdCV5w4cvXevLgKXGB0ALsGsx\/G1loEos0QRYgBfxSh+reWR6ZB\/+iyyjODxvju+lk71\/vbcu3y\/OSoMQF0C2Li+ICdodp38HjqZ0Lk18c9XGnbY338I+jap3drkz1rYl22yZ6VEy1unVroWt4m4WuG3MAzzWcNK4S1bRO5bW\/7sp3Tv0EkCURGBqbGjoYq57iV1C3zvPcmQHcZzK04DDBueI4fqbPER9F2WBjWKosxLVCrEnu4gKQLA4S6p1\/KWZFVx2BGUQmDdahnJ7\/Cvkq2naURdaAmDy0usxq17G1TAmfWBADPISzDXZRu8C79UzHmoTgRX6uz8x5fNaY6\/Hx6049X+sc8vl956jBVWpeeW6Sz5l6YvojbaOinhZk4vXxja0VT9+q2GqyVgWvTFmNfp7j3OGiy36O2RsbeklaQAtzlPpZNsjpVGkLwuwcjeAEKpPHXT6NF9t54+nFE11CvKa+4YwdFIgjnHlSHu4JGANsK4toZoYcm0bG78DahFbWmtVy0Fa9JGt1iXCWamCt9QUxpOa7QRCV6VEqLGPBkUjC2gmjzi4yLjLUai6nXhGUHFQWJ5FwtPM85cThluDREUQUG7UxCfhWTQDfzH87GzuqV\/HKcQ7cGYuPGQ5DhnB2UX1p3YSGOZQLAN1hRlKuhnWT4mAe276RxcFHJUhPVy0djrChJ4hko9wOALTUMnClYcFUbEUKl\/UaziJtnkU2SXQxUzt7XfUsZdACojwUaR9jF6NfQHK35AjWKB3fRDolZ6rPeMVeIFFnnc1snjx7dwPRk0Rl+Uj8hS1y7HKo+\/T2KXeWDYSjxhz1kE9Dtdyjk+BCvQaxNfwSsQFtG5eP5NYf3gsL\/BkD6GTxKpbaUpi\/0ikjrmz+W1\/kTYFNjBMiRq1OHVk8bRJZjqsh9gMRHHDvqXrk3Mybgtx0nr88LHftAmelLWypxrXEFH7NdtU6jYkTgfZpDtiGPQIoKYJK51\/FvAxCk2T+1VGRrZM4OSCouNNyNLym9UwWQYUDr8+HuBl8qDVWsz4CTXXJqA+Sjedfs4zeI2iS9ypOF7bDAOT2kjL4AfFZgttEsbkfpySiscEEMjGYx2U2ppYQkjsxermICOxyrMaIm64aNuFDEfFDPiyKeCXnX7hFjHxucOQDQWCJcIBIQdR2ra8P+\/XF6yGJg7awrqtO4LKtXMtpaSNzMSA6l7hHbvVTojns4o2JtOzXJRWM4z7lY53Y6hsxr+DB3+lhHxe3cN0wgwJPY3ojieLh2pg6HwziWUyl0V1LGoGal2sFJJwMaAqFT5HIMSFAzroV9Tg1iKkhwnfGtjBWbnucZ2NCt8ImSsMUwes8kRspUev7zoscQaXMIukI771woxPideFoTsemYO4OQf0QrFpwQZINIgFutRw7dRBnM9lMtVZ2wX9nNQT6891S3pGb2pNvqQEOdhoTbCQ3cgo48veU9Bcz\/Pe\/\/TtszoSTpXoZRWdN7jXmfR2Kl5XrVLrI0oUETmTVUVZMOS+kQTAA4RgMrMiiGP3iq5kJCQC\/WuaAZTrFnxA59yXjM21kfHgCqxv3N2HbBoFpwSmkVURi\/OBdsnJ2A+3CYidUAkY\/9KwF5w4fXHKqY718SHL+uFvzX\/slbvhIL8Q+uH2rOnB6bzhiOE\/eSd7AvExMaWsDqzkbtUtLjIf0UIBUxwRM1ryYi+xTnUWEoUieDxHS2fhwNeHwezLl+3\/1TPkw2MgfSJnvXyFlvn9Z4uCiTNeXN7i4UksSfeUyCY3+s7Pe++vD4nYB1qSp14ytiTjIulN0mj6oCgnOSFvi2SgGNwBWOQFcBl+EACI6LjPJgRsnTGB6zo\/bSC7xjmN4Fz3uPsNVzqItwUYhrQCwkGQEAcCmhILD3wnjxVU7NZyxADeLBBLaxiLYS4rFpoSiesYWrjd+O8FFNpJN9gTHB12Uw2fSnY9yjY18mOtRGAuSHHuSFnKoWJA4CFDWpVBvDxhLjs3jP5Y40XZcTGNLVelBUf\/9bT6LdbL6fZmSQLJ2UcPVsZd0\/SYfW0E6MFnrfRSQyseX3cX4PqZFTCxeu0qX15FCFeUPbJWAftp2gRohA4lRAdnpAeJskODWMIoyRF5OJZO8zPv9z8L+LyA3LeEhXBVUnNQqeQIVFzNcOeZPQHnFA4sbpDkJy\/YWJ0l4CW1j8bQ4BI4C9de271nN0OYI9BmQZzPwM1MVO3yiO4qtGZOYhDXppOKiEZJR2T7xTxf02ub9BPbqSM0tYiF4Iu5gaOdf578WC5b8jkHehImSmQymX6feuTfYYCqxCVmlGCWHVPJTqiOwr\/OYhxRcEA5dIgYVW8A7M0sk1LgR1qvofVYt7UVz1e2sTFYMHP+8A010ODo9oMMzgcIM\/ZxFZfTCsRmx9I32vMEUDajgRI\/FPjyX\/sXztyoxD4Z4fHEpzovYsTDD3Dt9UvzEjLJixRc\/jUn4h8xIwZxyJ9WvlYsu9R+AwjMOBt8gR3TA5cT5sAL3dhBL8OX5F4xOyPrCcJd8JZwFeEEnMZ+6xt8XU24\/\/+lpkSbdKP+htPH9n54f\/njI4OJwZ+fW4dufTg6PHx0+fXfyEg5KA76A6h\/BkLPxxoMrT0V\/gOC3pMUSFxsbxHwxmC1MZhxPTBTrUJq7uI3IdKfVkC5gdZuftoPaPuIufqx0uSr39z\/rHdcVaM7BX53mjKvE3cfdK\/OcgyvwnEsLJCtCXR\/RWVnqf43pXFIAuJBjVZuPj1+vIToXhn47C7vg8eqRVSFUCh4erufYux5yF\/UhT8bOh8EmBsD55ErFNICCOAhxWRfAKWqhLlsgSzKWXQJhLclZSaLRl98RAb0MeQYlPsqMDJwIo2RhGPD84hRb5YCD7bO2iR9MINUoD084RBi9WJjxGZAcJAB\/EfgBji\/Kvg\/N+fxrgtiK5Eb0B7HYncCZUkP0Xqjbu4I3YFWSB7A+aetWdu8CqZGC9MoBmZTspqh21IVUvkxOoMw64oLfSk4J51C4SQj3U6EVlfsThSWSr5Ok5sAXnyGzHlFmaXPoLp25MCPsTpJFTAWZpN60+Ok+uZqvd5DlvMDBgEIOCvi7sW8WyBC\/2j6IgHqUMVQWJorQcWG7AzhNyRxdCU9v\/9XxtM+Cyh+IGW9fAUtvX4alSwJdH44uLdOCoUsFJ7XpS0t\/OobeXo+h7QK0g+jS2C3JobXUxRrIeexZPC7m0o2cWCYzQTT9osz6ToxlpNB698DKrcHPV2YK3NXJlqzWhDoffhE7fRD1xkizCAFBLu+wxCcwd3yQVDTjzKo0+UGWEqIZmsS66ggS1biJkGFcgnBLJNXAfVfn9E5NUqSM21TGWEBABFtzcRITWX5EnKx9sAttVU0wSnqnKO1ROWDNwe+qDmlOFzFgReYl44+IcIr1BtZgRp9CN5L8J0VWfV3WQQ3b3gTKOZ7gBaQKqauB+A8fgc\/KcZkNCoe\/jWKGsl+kvYhnF\/rM3pb9cwgLo8HxuaqfbNPHe6rxrUf2c7g48RBSLzE3VFV9Decd19EMT14a2CRC03iQEY24nhDiNfR9NWS885dPqElV4A\/QzDtXgMY7l6bTliS6xmTa0jot4LhcgJTGvD8bGe+sR8aW1dthcWnglhSRFkWs8WX1aClYt5a6v1m6PFT1Bn3NxWccTgU1ndTtGhcNEeQFnKub8VhuiQtbNZ+8A5SOgTesFuBBCc7rEnBfwLlvChxyyC00ibA0g2Qh1yI89bXNByBNJWnr0EhioMv0CUB1MljlkX0zA\/UO5bAmVT4GXhlCrK\/VABteSdqCy5pF20dqRrbqAxTvROJHkGnCiCAbQMvFiG+t5FfUptTjJcfBicYEy9BxMASIRy7xhFtKDNAkHdgN7IgdxcY1FE0INpreJ0AoMy5Q6cCoTPo1daMSNTBJJHzT1xJxwtRbtwn93K73ciE7NCY4niLMYLkf4L4VjoNOp6te5QL3MXM4kk8CrfWlOG+jQ0Nq7qRNCgoi7UbIImZVeeeuepH4wQmrgNzWJ\/g\/J7N4QziULNhbuinwW2dMX0etpbgZu0kLukO\/eWmaWnbDW\/xW6swSefSFlON5\/wB2IahRiGe4kgfY6\/3VPcCeB8CPE9+A83HsO2yu0I3Z+\/2ugM+sdwVrRLs+n7BmwRbn0N4dFnqWkjgbu7tquWVJbbLeWLg\/24lQheucyB+Qst3ZfFeD1yWrLsg5Cy01VtNv1Il3duaVGanpW8kWwPlMQ3xbde4v4yegiBXwibgHkHHiVeFBrSW1stInLhw95BrUKUYA0gzIs3g7wjdzN9KNo56H5vdj9v44qcyb9jaADFhzc3\/rFt0NqbYgtJ9cFBxLmYmIdCqtXwTrurCs2USh+nb+pRQs951YLBeBHY\/r6J8FeHUkNYaQZPdbyUcr+whup\/19CI9\/v7BoQ1gOhW8f5wTf4p+c5nTHIv9MGihENdXO4ElYsTCxL2xoNlvIIfxiqpnYWICR1gy9pTBRY6XGHboMfGMNQiC6O9\/Gw5TPgtD4PAtZTNXeZRZpKKmLVZ4OMUnqC2mIzDTrTMESV3B8+QYsdRS2tBNKqwataf4l9Bw0uzYWvYYNihQCmdZGB9\/Z5F0euwZ+HJmBdH80Ow26VdTzbDn3N4z78kYPrW0Gx7tW3mZriadANGVWg4KF+WzdLjCu1+stknjRpS0PXfVzbMeaTdBNM19EkaGeVTHCBIdSA43v0KlrcLnQsboIx67ZwoPDNLf+TRyWSmey4O1vLihspaqFPmJroAl1QQTY72xezBg6swjXYFBLbJBMx+PTshlEhlnEwnfGLdmBzz+yKOybQFhrY9C8qkU+K1RYDu3YCtWuZO1Um8AFussA1X+xUn2S2qxhYFsnIEBUhv4WGOm2Yec2YfVOjUO+hLjIWCysHtzRN\/rVb3M5H1GzebTsN1hmqP21NMT0fVu151BCh9lcPrFa8gSwtP\/6z8WbOxbsP6saaH1HFFuiNEk60WrxOchLc\/Q4N4ZLt7Cp2Kc1bbd5K3zjJvZCuAKKCGgCbpzARrWJUDMPxcm2Mv7Q+EeriqQcbF1eXkPQ8e8wJD\/806F5N\/KPepFmgpb9KmvedrjUI4KckB6njc7KMX0QUXfBU2lnVQtjuCESF\/mkvQqJ+kV1HtgG6E10UdqJsXHOgqhPckkjqWm+l1UfeHUyJKksgpM0j7FjxnrBfFYwdanD+FsvFDJEbPGh0uO\/vqPJu3T189qXAJXpfuje61vQqr89gzBxUfqQ5miMsSlMzFcOZB7pNVhUZsNjr3SU0IQIU0bdDH896O0c7AG8yqIYaluEv74zIO85cL93sLOjdvf2d\/cOboXvHutP9d9v3tnbvx3+zuLy332FthPeZgRrVdt1xfVwpbZKurvyxPZqHbV9XFvNtJ0WNNpwIjbtIWoCoOVSBZLmuFxcS2ALCDtZzKCfzcLennxOM+2ka82rb7dS381bu3ur69Va7FJVd3Y6B7d2Oru9m1vK\/7Lf0CVwpB5y8+ZB+OZR50TzBZMJ7bc7rd91\/Dtbo7WRtcjzv0fFq4+s0XHLwDYlr3\/ZdH03wOII+6WxeZfWss2Ggk\/dyWhy2ZG3jW+TCnziRZ5DGPFt0h8rzUOsKY5Ai6S31qy3jVaRz0eug72tV1ljAIW623iTs\/M+oyBLcB6auIn1bNRZveeb7Yrr88fam+G\/5fo3Qgtu44VZytAkeaAGUyMBQZN+ecEA1eCL5ncIxo0ambfTD\/NSF\/VJ\/YBg7+Ze7+CyE\/6e52VzrX2mH5Zek\/I9vdLKwdY2UorgF\/Uy111Q3QW5Xb9FK5fBfJoAPoJwoyJNLtvVmkfaTPf\/W3T+T7XotGfH9q74fvJ1vpcsRKVKBV3lreS93\/dW8t6lbyUvS3ON7yS3bDvUQb75ysbq+xlqU7JLW+JRnhqsbYob+FS9IOIbIlY44ZqXmfd71\/sy8+rWr\/FV5uXF\/IvMe72rv8h8WWpw75L6UvNUw3Hd+M7TXTnIxjsxm0dMJj3Oi9wdXvi\/HDRziv8D\" \/> \t\t<a href=\"https:\/\/www.pdf24.org\" target=\"_blank\" title=\"www.pdf24.org\" rel=\"nofollow\"><img src=\"https:\/\/www.hohenlohe-ungefiltert.de\/wp-content\/plugins\/pdf24-post-to-pdf\/img\/pdf_32x32.png\" alt=\"\" border=\"0\" height=\"32\" \/><\/a> \t\t<span class=\"pdf24Plugin-cp-space\">&nbsp;&nbsp;<\/span> \t\t<span class=\"pdf24Plugin-cp-text\">Sende Artikel als PDF<\/span> \t\t<span class=\"pdf24Plugin-cp-space\">&nbsp;&nbsp;<\/span> \t\t<input class=\"pdf24Plugin-cp-input\" style=\"margin: 0px;\" type=\"text\" name=\"sendEmailTo\" placeholder=\"Emailadresse\" \/> \t\t<input class=\"pdf24Plugin-cp-submit\" style=\"margin: 0px;\" type=\"submit\" value=\"Senden\" \/> \t<\/form> <\/div>","protected":false},"excerpt":{"rendered":"<p>Einige \u00dcberraschungen hat es am Freitag, 20. M\u00e4rz 2009, bei der Podiumsdiskussion zum Thema &#8222;Wie wenig Demokratie vertr\u00e4gt Europa?&#8220; im Schw\u00e4bisch Haller Neubausaal gegeben. Eingeladen hatten unter anderen das Europazentrum Baden-W\u00fcrttemberg, die Stadt Schw\u00e4bisch Hall und das Europab\u00fcro Wolpertshausen. Von den sechs Diskussionsteilnehmern sind alle gekommen, bis auf einen: Der Bundestagsabgeordnete Christian von Stetten (CDU) [&hellip;]<\/p>\n","protected":false},"author":3,"featured_media":0,"comment_status":"open","ping_status":"open","sticky":false,"template":"","format":"standard","meta":[],"categories":[],"tags":[],"_links":{"self":[{"href":"https:\/\/www.hohenlohe-ungefiltert.de\/index.php?rest_route=\/wp\/v2\/posts\/1167"}],"collection":[{"href":"https:\/\/www.hohenlohe-ungefiltert.de\/index.php?rest_route=\/wp\/v2\/posts"}],"about":[{"href":"https:\/\/www.hohenlohe-ungefiltert.de\/index.php?rest_route=\/wp\/v2\/types\/post"}],"author":[{"embeddable":true,"href":"https:\/\/www.hohenlohe-ungefiltert.de\/index.php?rest_route=\/wp\/v2\/users\/3"}],"replies":[{"embeddable":true,"href":"https:\/\/www.hohenlohe-ungefiltert.de\/index.php?rest_route=%2Fwp%2Fv2%2Fcomments&post=1167"}],"version-history":[{"count":28,"href":"https:\/\/www.hohenlohe-ungefiltert.de\/index.php?rest_route=\/wp\/v2\/posts\/1167\/revisions"}],"predecessor-version":[{"id":1223,"href":"https:\/\/www.hohenlohe-ungefiltert.de\/index.php?rest_route=\/wp\/v2\/posts\/1167\/revisions\/1223"}],"wp:attachment":[{"href":"https:\/\/www.hohenlohe-ungefiltert.de\/index.php?rest_route=%2Fwp%2Fv2%2Fmedia&parent=1167"}],"wp:term":[{"taxonomy":"category","embeddable":true,"href":"https:\/\/www.hohenlohe-ungefiltert.de\/index.php?rest_route=%2Fwp%2Fv2%2Fcategories&post=1167"},{"taxonomy":"post_tag","embeddable":true,"href":"https:\/\/www.hohenlohe-ungefiltert.de\/index.php?rest_route=%2Fwp%2Fv2%2Ftags&post=1167"}],"curies":[{"name":"wp","href":"https:\/\/api.w.org\/{rel}","templated":true}]}}