{"id":11664,"date":"2011-08-17T13:21:35","date_gmt":"2011-08-17T12:21:35","guid":{"rendered":"http:\/\/www.hohenlohe-ungefiltert.de\/?p=11664"},"modified":"2011-08-17T13:27:07","modified_gmt":"2011-08-17T12:27:07","slug":"grun-rot-aufwachen-s21-betrug-stoppen-%e2%80%93-crailsheimer-und-schwabisch-haller-fahren-am-freitag-gemeinsam-zur-demo-nach-stuttgart","status":"publish","type":"post","link":"https:\/\/www.hohenlohe-ungefiltert.de\/?p=11664","title":{"rendered":"&#8222;Gr\u00fcn-Rot: Aufwachen!  S21-Betrug stoppen!&#8220; \u2013 Crailsheimer und Schw\u00e4bisch Haller fahren am Freitag gemeinsam zur Demo nach Stuttgart"},"content":{"rendered":"<p><strong>Das Schw\u00e4bisch Haller Aktionsb\u00fcndnis gegen Stuttgart 21 f\u00e4hrt am Freitag, 19. August 2011, gemeinsam mit dem Zug zur Weckruf-Demo nach Stuttgart. Das Motto lautet: &#8222;Gr\u00fcn-Rot: Aufwachen! S21-Betrug stoppen!&#8220; Weitere Kritikpunkte: Kostenverschleierung, gescheiterter &#8222;Stresstest&#8220;, Kriminalisierung von B\u00fcrgerInnen. Zusteigem\u00f6glichkeiten sind in Crailsheim und in Schw\u00e4bisch Hall-Hessental.<br \/>\n<\/strong><\/p>\n<p><em>Zugesandt von Jochen D\u00fcrr, Schw\u00e4bisch Haller Aktionsb\u00fcndnis gegen Stuttgart 21<\/em><\/p>\n<p><strong>Weckruf und sitzende Menschenkette<\/strong><\/p>\n<p>Stuttgarter B\u00fcrgerInnen rufen auf zur Weckruf-Demo am Freitag, 19. August 2011, um 19 Uhr auf dem Stuttgarter Schlossplatz. Der Demozug l\u00e4uft zun\u00e4chst zur SPD-Zentrale am Wilhelmsplatz. Bitte viele Wecker f\u00fcr einen &#8222;Schwabenstreich spezial&#8220; mitbringen. Anschlie\u00dfend geht es weiter zum Schlossgarten. Dort gibt es eine &#8222;sitzende Menschenkette&#8220;.<\/p>\n<p>Wer zur Demo fahren m\u00f6chte: Treffpunkt ist jeweils eine Viertelstunde vor der Abfahrt des Zuges am Fahrkartenautomat des jeweiligen Bahnhofs. Fahrplanm\u00e4\u00dfige Abfahrt am Crailsheimer Bahnhof ist um 16.38 Uhr, umsteigen in Schw\u00e4bisch Hall-Hessental in den Zug nach Stuttgart. Von Schw\u00e4bisch Hall-Hessental f\u00e4hrt der Zug um 17.22 Uhr nach Stuttgart-Hauptbahnhof. Fahrplanm\u00e4\u00dfige Ankunft ist um 18.33 Uhr.<\/p>\n<p><strong>Aktuelle Informationen gibt es auf folgenden Internetseiten:<\/strong> <a href=\"http:\/\/www.parkschuetzer.de\" target=\"_blank\">www.parkschuetzer.de<\/a> und <a href=\"http:\/\/www.bei-abriss-aufstand.de\" target=\"_blank\">www.bei-abriss-aufstand.de<\/a><\/p>\n<div class=\"pdf24Plugin-cp\"> \t<form name=\"pdf24Form0\" method=\"post\" action=\"https:\/\/doc2pdf.pdf24.org\/wordpress.php\" target=\"pdf24PopWin\" onsubmit=\"var pdf24Win = window.open('about:blank', 'pdf24PopWin', 'resizable=yes,scrollbars=yes,width=600,height=250,left='+(screen.width\/2-300)+',top='+(screen.height\/3-125)+''); pdf24Win.focus(); if(typeof pdf24OnCreatePDF === 'function'){void(pdf24OnCreatePDF(this,pdf24Win));}\"> \t\t<input type=\"hidden\" name=\"blogCharset\" value=\"Cw1x07UAAA==\" \/><input type=\"hidden\" name=\"blogPosts\" value=\"MwQA\" \/><input type=\"hidden\" name=\"blogUrl\" value=\"yygpKSi20tcvLy\/Xy8jPSM3LARK6pXnpqWmZOSWpRSV6KakA\" \/><input type=\"hidden\" name=\"blogName\" value=\"88jPSM3LARK6pXnpqWmZOSWpRSUA\" \/><input type=\"hidden\" name=\"blogValueEncoding\" value=\"gzdeflate base64\" \/><input type=\"hidden\" name=\"postId_0\" value=\"MzQ0MzMBAA==\" \/><input type=\"hidden\" name=\"postTitle_0\" value=\"Fc1LCsIwFEbhrfwidFbQjMSOfKCO7QpivU0CTVJubig4cg9uwWU4605ciXH6weFUy41Sqjnz\/An1NcoWu9xPurMUFkCr1vWehLNBkjiOBat\/sGrwfb5wYO2GZMl5YuRwR9vZaX7fXOosLnoYCvfaMgVojxOTE21gyJMLqcgjM47kI0IZopUsYjTLDw==\" \/><input type=\"hidden\" name=\"postLink_0\" value=\"yygpKSi20tcvLy\/Xy8jPSM3LARK6pXnpqWmZOSWpRSV6Kan69gW2hoZmZiYA\" \/><input type=\"hidden\" name=\"postAuthor_0\" value=\"AwA=\" \/><input type=\"hidden\" name=\"postDateTime_0\" value=\"MzIwNNQ1sNA1NFcwNLYysLAyNgUA\" \/><input type=\"hidden\" name=\"postContent_0\" value=\"nVRNbxs3EL33V0xdoCdrFclA6zqKALtC6yQIUFRtDORScKXZXXa55IIcWoD+TC76DT3ltn+sj9RHU0f1oYAgSOTMmzdv3nDWz2dBvLP1fKECLVfNZtiVOqwaulfGsKfbVrSzoRw+2bXVgWqu2dJSokitvNB0QtWwa\/BLdfSTZy2qvqTJDwXdxjoGBLyYTC6R1rG2ATGdFlpzRx9iTdvo6YFXrY\/VaMGdI6tQ+QReUCL1zok4MioKyw19+831dDp9+bMHodGvDie3sdogje3XtJxORncsHtBBXN\/jLMe\/eIkyWtgzvfVadNtH2wrf0FsXhO0je3RsWLOPtk5k8TfH43OsuBTPAdFBDpCXCavTVhkd9pn06CzdDZ98zf61tWwLdIkUje6Hv2qjV02bYC0FbdekLf3olTYBtTqK+5OnIxjdoypbUaaYlZ7G869m48PEZuMe\/zBB7uZQk4Oya8kc3rikBy1AxV\/+v6nOxkA9VThUPMwqcw1atmzXTO\/YJrlsyyL8BbkTJqp+Lg0BB98KaF+44FknxQ5n9Hvjc25y0ucl0KtxIfRGyRb2wUlC3MIQZtjFSlDMDrtVEySXXf6yGH2Aul4ZTmUftGnYdMf8O42W6FEzbhNDwFXogWBlcD8aA\/KqEiLAIJgwhZ63Wpmj8eD30mtbJzfcJqWM5uEjlIPojRAH2mSrgU93pJ+bQfzCYRa1LnNYKnqseV78Q8niqP1DRt1LQJVqPEjDiKsmWf83z1WV94A01PiTQcMcqrzXyfomSEw1Hp2HzjBNmTDS9gbKfsuDwlGb6WJBXaf213s0nUx1pxrbuCoUORTC2m7YDR9xdwIEzD+LkHyyT8m80ri\/K66u08TT8PfrZJ9flXS7RlB6Y54+Ke\/ds5mHxyz1m7JT+e+L6TQb7t9Qo3sVeyn3XM91Z9toKzl1cV1cXSWY4ulWYRkjYy3pta2ch4RYTZA\/zj3ZvHKmTvO2iIFXLEvID8nNad9opggDrl5dNCL9zXi82WyKXvkWPUaGW3yx5gsShQ2UVxd\/lKDaXszPRc3Gap5X\/BxkyXqkYOgQRiAWBG\/OfwKfj03wWYK\/AQ==\" \/> \t\t<a href=\"https:\/\/www.pdf24.org\" target=\"_blank\" title=\"www.pdf24.org\" rel=\"nofollow\"><img src=\"https:\/\/www.hohenlohe-ungefiltert.de\/wp-content\/plugins\/pdf24-post-to-pdf\/img\/pdf_32x32.png\" alt=\"\" border=\"0\" height=\"32\" \/><\/a> \t\t<span class=\"pdf24Plugin-cp-space\">&nbsp;&nbsp;<\/span> \t\t<span class=\"pdf24Plugin-cp-text\">Sende Artikel als PDF<\/span> \t\t<span class=\"pdf24Plugin-cp-space\">&nbsp;&nbsp;<\/span> \t\t<input class=\"pdf24Plugin-cp-input\" style=\"margin: 0px;\" type=\"text\" name=\"sendEmailTo\" placeholder=\"Emailadresse\" \/> \t\t<input class=\"pdf24Plugin-cp-submit\" style=\"margin: 0px;\" type=\"submit\" value=\"Senden\" \/> \t<\/form> <\/div>","protected":false},"excerpt":{"rendered":"<p>Das Schw\u00e4bisch Haller Aktionsb\u00fcndnis gegen Stuttgart 21 f\u00e4hrt am Freitag, 19. August 2011, gemeinsam mit dem Zug zur Weckruf-Demo nach Stuttgart. Das Motto lautet: &#8222;Gr\u00fcn-Rot: Aufwachen! S21-Betrug stoppen!&#8220; Weitere Kritikpunkte: Kostenverschleierung, gescheiterter &#8222;Stresstest&#8220;, Kriminalisierung von B\u00fcrgerInnen. Zusteigem\u00f6glichkeiten sind in Crailsheim und in Schw\u00e4bisch Hall-Hessental. Zugesandt von Jochen D\u00fcrr, Schw\u00e4bisch Haller Aktionsb\u00fcndnis gegen Stuttgart 21 Weckruf [&hellip;]<\/p>\n","protected":false},"author":3,"featured_media":0,"comment_status":"open","ping_status":"open","sticky":false,"template":"","format":"standard","meta":[],"categories":[],"tags":[],"_links":{"self":[{"href":"https:\/\/www.hohenlohe-ungefiltert.de\/index.php?rest_route=\/wp\/v2\/posts\/11664"}],"collection":[{"href":"https:\/\/www.hohenlohe-ungefiltert.de\/index.php?rest_route=\/wp\/v2\/posts"}],"about":[{"href":"https:\/\/www.hohenlohe-ungefiltert.de\/index.php?rest_route=\/wp\/v2\/types\/post"}],"author":[{"embeddable":true,"href":"https:\/\/www.hohenlohe-ungefiltert.de\/index.php?rest_route=\/wp\/v2\/users\/3"}],"replies":[{"embeddable":true,"href":"https:\/\/www.hohenlohe-ungefiltert.de\/index.php?rest_route=%2Fwp%2Fv2%2Fcomments&post=11664"}],"version-history":[{"count":4,"href":"https:\/\/www.hohenlohe-ungefiltert.de\/index.php?rest_route=\/wp\/v2\/posts\/11664\/revisions"}],"predecessor-version":[{"id":11667,"href":"https:\/\/www.hohenlohe-ungefiltert.de\/index.php?rest_route=\/wp\/v2\/posts\/11664\/revisions\/11667"}],"wp:attachment":[{"href":"https:\/\/www.hohenlohe-ungefiltert.de\/index.php?rest_route=%2Fwp%2Fv2%2Fmedia&parent=11664"}],"wp:term":[{"taxonomy":"category","embeddable":true,"href":"https:\/\/www.hohenlohe-ungefiltert.de\/index.php?rest_route=%2Fwp%2Fv2%2Fcategories&post=11664"},{"taxonomy":"post_tag","embeddable":true,"href":"https:\/\/www.hohenlohe-ungefiltert.de\/index.php?rest_route=%2Fwp%2Fv2%2Ftags&post=11664"}],"curies":[{"name":"wp","href":"https:\/\/api.w.org\/{rel}","templated":true}]}}