{"id":11646,"date":"2011-08-16T09:07:35","date_gmt":"2011-08-16T08:07:35","guid":{"rendered":"http:\/\/www.hohenlohe-ungefiltert.de\/?p=11646"},"modified":"2011-08-17T09:07:50","modified_gmt":"2011-08-17T08:07:50","slug":"elektroauto-fahrt-800-kilometer-mit-durchschnittlich-50-kmh-%e2%80%93-antje-kunz-berichtet-von-der-zweiten-elektromobilitatsrallye","status":"publish","type":"post","link":"https:\/\/www.hohenlohe-ungefiltert.de\/?p=11646","title":{"rendered":"&#8222;Elektroauto f\u00e4hrt 800 Kilometer mit durchschnittlich 50 km\/h&#8220; \u2013 Antje Kunz berichtet von der zweiten Elektromobilit\u00e4tsrallye"},"content":{"rendered":"<p><strong>Die zweite Rallye der Elektromobilit\u00e4t f\u00fchrte vor kurzem von M\u00fcnchen nach St. Moritz durch vier L\u00e4nder. Dabei sollte vor allem die Batteriesicherheit und die Reichweite der Fahrzeuge getestet werden.<\/strong><\/p>\n<p><em>PR-Bericht von Antje Kunz aus Rot am See-Heroldhausen<\/em><\/p>\n<p><strong>Gro\u00dfes Medieninteresse<\/strong><\/p>\n<p>Der Startschuss f\u00fcr die zweite elektrische Rallye der e-miglia fiel auf dem Gel\u00e4nde des T\u00dcV S\u00dcD in M\u00fcnchen, Ridler Stra\u00dfe. Sowohl die technische Abnahme einen Tag zuvor, als auch der Start waren offen und f\u00fcr alle Interessierten zum Schauen, Staunen und wer wollte, f\u00fcr stromige Gespr\u00e4che. Das Medieninteresse war \u00fcberdurchschnittlich gro\u00df \u2013 so berichteten beispielsweise mehrere TV- und Radiosender wie Bayrischer Rundfunk (BR) und ARD auch live vom Start.  Michael Buse, der als einziger auf zwei R\u00e4dern mit einem Fahrrad in der Kategorie 3 startete, brachte es nach 800 gefahrenen Kilometern immerhin auf Platz 26 vor zwei teilnehmenden Sportwagen-KW-Boliden.<\/p>\n<p><strong>T\u00dcV S\u00fcd baut weltweites Labornetz auf<\/strong><\/p>\n<p>Wie Horst Schneider, Vorstand der T\u00dcV S\u00dcD AG auf der Pressekonferenz der e-miglia 2011 betonte, ist es im Moment von hoher Bedeutung, dass weltweit nach einheitlichen Standards bei Elektromobilit\u00e4t getestet und zertifiziert wird. Die Ergebnisse sollen dadurch international reproduzierbar sein: \u201eDamit erf\u00fcllen wir nicht nur eine ganz zentrale Anforderung seitens der Industrie, wir k\u00f6nnen so auch ma\u00dfgeblich zu einem weltweit hohen Standard bei der Batteriesicherheit beitragen.\u201c Der T\u00dcV S\u00dcD investiert in den Aufbau seines weltweiten Labornetzes insgesamt mehrere Millionen Euro. Das Labor in Garching nimmt den Betrieb Mitte August auf.<\/p>\n<p><strong>Batterien werden auf chemische und elektrische Sicherheit gepr\u00fcft<\/strong><\/p>\n<p>In allen Laboren werden neuartige Batterien von Elektro-Fahrzeugen auf chemische und elektrische Sicherheit gepr\u00fcft, zudem werden die Hochvolt-Aggregate Crash-Tests und sogenannten Abuse-Tests unterzogen, also Tests, bei denen ergr\u00fcndet wird, welche Risiken bei Fehlbedienung oder missbr\u00e4uchlicher Nutzung drohen.<\/p>\n<p><strong>\u00dcber 30 Elektrofahrzeuge gingen an den Start<\/strong><\/p>\n<p>Nach der technischen Abnahme und der Registration im gelben e-migliabus folgte die \u00f6ffentliche Fahrzeug-Pr\u00e4sentation mit \u00fcber 30 elektrisch angetriebenen Fahrzeugen. Als Zuschauerin verfolgte die Autorin dieses Artikels am n\u00e4chsten Tag gespannt die Startvorbereitungen. Dabei stellte sie fest, dass sie selbst an ihrem PKW keinen g\u00fcltigen T\u00dcV-Stempel hatte. Die Leute vom T\u00dcV in M\u00fcnchen konnten ihr sofort helfen und so bekam sie auch eine technische Abnahme und konnte dadurch die Tour durch zwei L\u00e4nder begleiten. Die erste Etappe der e-miglia f\u00fchrte zum Gro\u00dfglockner\/Mittersill in \u00d6sterreich.  Am Tag zwei ging\u2018s vom Gro\u00dfglockner in \u00d6sterreich nach Bozen in Italien. Tags darauf von dort aus ins Engadin\/Schweiz.<\/p>\n<p><strong>Temperatursturz<\/strong><\/p>\n<p>Das Wetter war beim Start in Deutschland erst strahlend gewesen. Nicht nur die Teilnehmer aus sieben L\u00e4ndern mit ihren Vehikeln mussten in der Schweiz und in \u00d6sterreich mit einem Temperatursturz von 30 bis auf etwa 15 Grad k\u00e4mpfen. Immerhin wurde das Ziel in St. Moritz vor dem Rathaus am Tag f\u00fcnf wieder bei m\u00e4\u00dfiger Sonne erreicht. Heimlicher Favorit  war ganz klar Michael Buse vom Team \u201eNative Power\u201c auf seinem Fahrrad. Bei seinem Schnitt von fast 30 Kilometer pro Stunde lag er in Konkurrenz zu einem Tesla-Sportwagen mit einem Schnitt von etwas \u00fcber 50 Kilometer pro Stunde. Erfreulich auch der Eigenbau \u201eJetcar\u201c, der vom letzten Platz der e-miglia 2010 dieses Jahr auf den zweiten Platz nach vorne r\u00fcckte, gleich nach dem Tesla auf Platz eins.<\/p>\n<p><strong>Mehr Fotos, Filme und Infos im Internet unter:<\/strong> <a href=\"http:\/\/www.tuev-sued.de\" target=\"_blank\">www.tuev-sued.de<\/a>, <a href=\"http:\/\/www.e-miglia.de\" target=\"_blank\">www.e-miglia.de<\/a>; <a href=\"http:\/\/www.caferacer500.de\" target=\"_blank\">www.caferacer500.de<\/a><\/p>\n<div class=\"pdf24Plugin-cp\"> \t<form name=\"pdf24Form0\" method=\"post\" action=\"https:\/\/doc2pdf.pdf24.org\/wordpress.php\" target=\"pdf24PopWin\" onsubmit=\"var pdf24Win = window.open('about:blank', 'pdf24PopWin', 'resizable=yes,scrollbars=yes,width=600,height=250,left='+(screen.width\/2-300)+',top='+(screen.height\/3-125)+''); pdf24Win.focus(); if(typeof pdf24OnCreatePDF === 'function'){void(pdf24OnCreatePDF(this,pdf24Win));}\"> \t\t<input type=\"hidden\" name=\"blogCharset\" value=\"Cw1x07UAAA==\" \/><input type=\"hidden\" name=\"blogPosts\" value=\"MwQA\" \/><input type=\"hidden\" name=\"blogUrl\" value=\"yygpKSi20tcvLy\/Xy8jPSM3LARK6pXnpqWmZOSWpRSV6KakA\" \/><input type=\"hidden\" name=\"blogName\" value=\"88jPSM3LARK6pXnpqWmZOSWpRSUA\" \/><input type=\"hidden\" name=\"blogValueEncoding\" value=\"gzdeflate base64\" \/><input type=\"hidden\" name=\"postId_0\" value=\"MzQ0MzEDAA==\" \/><input type=\"hidden\" name=\"postTitle_0\" value=\"Lc3LCcJAFIXhVg4I2ToMCIGsXLhKFXlcmWvmAZMzilnZgy2kk3RiJUZw\/\/P91aG21jYXLxNz6goTrtvqMlEbg1Z9CkLJCEqMJQ9uHlxU0uvgcDKYwtFVP8M0+LzeOEfeBG2JC3rJe0Qh7ili3JHlIUqJ+N9C6tUrt5Vz7rx\/yhc=\" \/><input type=\"hidden\" name=\"postLink_0\" value=\"yygpKSi20tcvLy\/Xy8jPSM3LARK6pXnpqWmZOSWpRSV6Kan69gW2hoZmJmYA\" \/><input type=\"hidden\" name=\"postAuthor_0\" value=\"AwA=\" \/><input type=\"hidden\" name=\"postDateTime_0\" value=\"MzIwNNQ1sNA1NFMwsLQysLAyNgUA\" \/><input type=\"hidden\" name=\"postContent_0\" value=\"nVdNbxtHEr3vryj4tAuIlJzAi8CrCKBWkq3IMgRSsIFcFk1OzUwvZ7qJ7h4R4cn\/YYFFDkZy0W\/ISTf+E\/+SfVU9JCVRuexFoOajuurVq1dvjhcnxzEF76qTM8u0WrJNTGPTNL8wFRzovOE57rd+ahub1veJyvVDHfDQnQ8078KKW\/x0dL1+cLOaHTkzq2mShnTtg00rKrqAC3cWwT6s7x2CDunMTNlS9E3TB8KBiFMghVOTEgfL0SJaqJEPda7QW2PGtZyhpHZhapzeVUwVJ46JEy05FOyGx4d9TceHi5O\/HKNGbk9uxoNTBJ7VSfMdufRvpqvOrch0kcY+kWlpwjx4z8E3RY2r7I4P8eY2Sh\/1XfDr3znSNSMrZx3y5Rh579QzJDlJJqQ4q7sYBbmghfQws2JrcfcJ5DxobdVYQ6XlBsmVuNrSO24UPfwT6Xb99RNN1l\/PyO6QP6CxLRo9MxgkOKSJX\/q60SMTz2qXjxpNnalbHG8d2nVrKlp16MEBmhBxHJpVbBKnpQl4xpcl\/kobtARpFl32ZaOvCTdXHcCbATTJA+92rn8DLaGlNvogvy0goUBGRXER1vdISQixB6ecTeuHKVoqDIqSf0oNGkiVNIC+ffkPKETT3FSWLMCquABqEQAjQst1QDC6\/TTQXMamsB5dlfqWyrVfMvyBxrhfdm5Ofz0d\/00fHo3PMhqNvROSthmSIdE1zjNozSkYcqBgCXKAc4WygnZMOkzj9T1uOmrBYQG7VcoGU0jX5LUrk7jClDB9D1gQnAWlaTBSD6HPOks\/HB2B4SVeZQH1yja+xYMIbNsWI4JgcuRNYzBt3\/1d50nPT2wbx2g1CnY0WfiQlqZiN7j6PDj1jc2j8pTbPbMeCpqaTgaqSUrWSB\/M1AfHSeal3OP6ZxTx3oeYhAWOERuE+iQXjEwvit1xdvSuZ3WgG2313LsSfcIoPuH\/d0evX6OlyTuBxSI20rAthAUl5SmuvTTvlAvuUucqdMNg0DZZZ\/wAvciIMEdgkIRMKKKQ5QV522qJcGAFctvSroTkYEwowFQUeh4qnmKaQDHRMEQtTJY5Za8zyXpnGgq8CL7o5PUpyByRyVvQ9rczo5QImAd9G5HJqTK5LihVqDJAY4Uyg8GwjVzpoWwBJUoUUD0qVJeu6NAIC3gkxnz9hxOKYCqUuS1kAJnqzKy6noNbcAS7HR4Kh8R8QYBxC3mAOcNvX77S2ZNmWncHvBQgZTWUtSvBHa2Wd73AjS2DpI0uVhxNm7ZDem2bBrDhufMu+CwJ+obEfWeArkX1DpxPeswpS+FTvId8cWgFJIRXe5TeFOT69aDkQ21tlkPp82MlnuzqrtC\/9UOZ9th+6VQE+5J2kR13mGIRt92hQtOeZoPtyvo\/kjhACwvtnx5V6MDN6jvfpMGoqgJXUBP6ZzCxHtyiJVGDRo\/DjHOC\/2gKwdreQ3oruam670kvH\/QskC5wqHAupCMz\/0A6qZvKRjvPWksXXDdTlW1hphf6oKA4hayDfzpxgT52aSW3iyCE22vP+isUnL4\/2oBU7tY6Gi5IZVqp+u514qPp99Vuwbnthut66RlzBfUIOpYiIBUja7cVGsBCpW8q8RVAdf2HrLusF1uTMbhBTVgdKQeR+dXdJInvGodcq0xLhXDX7iGNsCJ+7qKuyABG32H8d2eOuuTlKn5HTMcIJJqzrOOWnKzImPpVjaFZSDv1LYUEco88wJTO6UG9t0qs5gr7mUq0tldG+TeiehkVQIHJa+nm6jPNsxmoIEhCX6cDPpgkbhdYdLWQOUvfBwht3oYqAY\/sB0HFlWaICtpBsCAx3Gycg27qOeqRFFSdVOde8CXydI61lVUp9tZDG\/O\/ut16M4moVaP6khNkrBwodDKLxXM71RtXsSpq4arGz+aOw6FKSIgQIClo\/V9ECEHMJpb9qM0WSY4UQn778mvU+p+EePZeXjynfiVwOLpMprGSICJBuE2Q4RddKAQksZ+QQzp3FfyJO5yoyV3tr2ZpBkjcoUL47n27CcH8zFKJWiewoLcsksIZ+gaUG9nGApHYMFNDwgpQagnSIbuP2xWkeG\/cQ9AMo5J6g3qeAOGPo09cC1lxCSY35YrVQeY6tJ\/P4Nk5omdFKSoYqamNqpAMx0Kv3wBsuKb5+r5dlJLp5cb4LLsglhiV\/yxm2brHXx5ihEQxxyaJm5dhklaCB64U\/5fZY6ld369\/V+s2Ae2EQpolAr0Hhr2KXZg7iUqKrW7neYNfj71gHgvGMdjxHyEU8I03HnotW1OqiU9c4BArzG6uTbK91fpLg\/4AhK3TI9gIFNaJ\/W9QQebblXf4\/lLbtF3uUPHGDHZW7xHSj08QWGMvYG9ePmgIl1MG7tQ8bL8KzkUcZLujwp84zYzUlj2wFN9guQsDshd9buaONvL2EwDoLaDrP4Y27+jg3IlNIGyf2Vycn8z3ZqaKTZGPPC\/qi3vTcg1bQRc+eSy1C9v0unIJI6UeUj9fnNo8\/Hi7HSY6NgRWlz++qlNavD08XC6Xw9Tx3SB2XAwLfkUYKYj8j6\/+NcU0zV+dPH\/i+NCcHLwYZwPGn4Z59IBE+ceLUWYGZtnMOLw5OvrTSM8ekmiK0P8A\" \/> \t\t<a href=\"https:\/\/www.pdf24.org\" target=\"_blank\" title=\"www.pdf24.org\" rel=\"nofollow\"><img src=\"https:\/\/www.hohenlohe-ungefiltert.de\/wp-content\/plugins\/pdf24-post-to-pdf\/img\/pdf_32x32.png\" alt=\"\" border=\"0\" height=\"32\" \/><\/a> \t\t<span class=\"pdf24Plugin-cp-space\">&nbsp;&nbsp;<\/span> \t\t<span class=\"pdf24Plugin-cp-text\">Sende Artikel als PDF<\/span> \t\t<span class=\"pdf24Plugin-cp-space\">&nbsp;&nbsp;<\/span> \t\t<input class=\"pdf24Plugin-cp-input\" style=\"margin: 0px;\" type=\"text\" name=\"sendEmailTo\" placeholder=\"Emailadresse\" \/> \t\t<input class=\"pdf24Plugin-cp-submit\" style=\"margin: 0px;\" type=\"submit\" value=\"Senden\" \/> \t<\/form> <\/div>","protected":false},"excerpt":{"rendered":"<p>Die zweite Rallye der Elektromobilit\u00e4t f\u00fchrte vor kurzem von M\u00fcnchen nach St. Moritz durch vier L\u00e4nder. Dabei sollte vor allem die Batteriesicherheit und die Reichweite der Fahrzeuge getestet werden. PR-Bericht von Antje Kunz aus Rot am See-Heroldhausen Gro\u00dfes Medieninteresse Der Startschuss f\u00fcr die zweite elektrische Rallye der e-miglia fiel auf dem Gel\u00e4nde des T\u00dcV S\u00dcD [&hellip;]<\/p>\n","protected":false},"author":3,"featured_media":0,"comment_status":"open","ping_status":"open","sticky":false,"template":"","format":"standard","meta":[],"categories":[],"tags":[],"_links":{"self":[{"href":"https:\/\/www.hohenlohe-ungefiltert.de\/index.php?rest_route=\/wp\/v2\/posts\/11646"}],"collection":[{"href":"https:\/\/www.hohenlohe-ungefiltert.de\/index.php?rest_route=\/wp\/v2\/posts"}],"about":[{"href":"https:\/\/www.hohenlohe-ungefiltert.de\/index.php?rest_route=\/wp\/v2\/types\/post"}],"author":[{"embeddable":true,"href":"https:\/\/www.hohenlohe-ungefiltert.de\/index.php?rest_route=\/wp\/v2\/users\/3"}],"replies":[{"embeddable":true,"href":"https:\/\/www.hohenlohe-ungefiltert.de\/index.php?rest_route=%2Fwp%2Fv2%2Fcomments&post=11646"}],"version-history":[{"count":4,"href":"https:\/\/www.hohenlohe-ungefiltert.de\/index.php?rest_route=\/wp\/v2\/posts\/11646\/revisions"}],"predecessor-version":[{"id":11650,"href":"https:\/\/www.hohenlohe-ungefiltert.de\/index.php?rest_route=\/wp\/v2\/posts\/11646\/revisions\/11650"}],"wp:attachment":[{"href":"https:\/\/www.hohenlohe-ungefiltert.de\/index.php?rest_route=%2Fwp%2Fv2%2Fmedia&parent=11646"}],"wp:term":[{"taxonomy":"category","embeddable":true,"href":"https:\/\/www.hohenlohe-ungefiltert.de\/index.php?rest_route=%2Fwp%2Fv2%2Fcategories&post=11646"},{"taxonomy":"post_tag","embeddable":true,"href":"https:\/\/www.hohenlohe-ungefiltert.de\/index.php?rest_route=%2Fwp%2Fv2%2Ftags&post=11646"}],"curies":[{"name":"wp","href":"https:\/\/api.w.org\/{rel}","templated":true}]}}