{"id":11618,"date":"2011-08-10T16:14:31","date_gmt":"2011-08-10T15:14:31","guid":{"rendered":"http:\/\/www.hohenlohe-ungefiltert.de\/?p=11618"},"modified":"2011-08-10T16:14:31","modified_gmt":"2011-08-10T15:14:31","slug":"augenzeuge-aus-der-evakuierungszone-um-fukushima-berichtet-%e2%80%93-atomkraftgegner-aus-schwabisch-hall-fahren-gemeinsam-zur-demo-nach-neckarwestheim","status":"publish","type":"post","link":"https:\/\/www.hohenlohe-ungefiltert.de\/?p=11618","title":{"rendered":"&#8222;Augenzeuge aus der Evakuierungszone um Fukushima berichtet&#8220; \u2013 Atomkraftgegner aus Schw\u00e4bisch Hall fahren gemeinsam zur Demo nach Neckarwestheim"},"content":{"rendered":"<p><strong>Die AtomkraftgegnerInnen aus der Region Schw\u00e4bisch Hall fahren am Samstag, 13. August 2011, mit g\u00fcnstigen Baden-W\u00fcrttemberg-Tickets der Bahn zur Anti-Atomkraft-Demonstration nach Neckarwestheim. Treffpunkt am Bahnhof Schw\u00e4bisch Hall ist um 11.45 Uhr am Bahnsteig. Dort werden die Tickets gemeinsam gekauft. Die Abfahrt des Zuges ist um 12.12 Uhr. In \u00d6hringen und Heilbronn muss umgestiegen werden. Um 13.41 Uhr ist die Ankunft in Kirchheim\/Neckar geplant. Die Demo beginnt um 14 Uhr am Bahnhof in Kirchheim.<\/strong><\/p>\n<p><em>Informationen zugesandt von Jochen D\u00fcrr, Schw\u00e4bisch Hall<\/em><\/p>\n<p><strong>Weitere Informationen gibt es im Newsletter von<\/strong> <a href=\"http:\/\/www.ausgestrahlt.de\" target=\"_blank\">www.ausgestrahlt.de<\/a><\/p>\n<p><strong>Erneute Laufzeitverl\u00e4ngerung kann niemand ausschlie\u00dfen <\/strong><\/p>\n<p>Nach Fukushima hat die Bundesregierung beschlossen, die \u00e4ltesten Atomreaktoren abzuschalten. Neckarwestheim I geht damit vom Netz. Aber die Gefahr f\u00fcr Mensch und Umwelt bleibt. Denn Neckarwestheim II soll noch bis 2022 weiterlaufen und eine Laufzeitverl\u00e4ngerung kann niemand ausschlie\u00dfen. Wir denken, ein Atomausstieg sieht anders aus. Du auch? Dann komm diesen Samstag (13. August 2011) zum AKW Neckarwestheim und demonstriere gemeinsam mit anderen AtomkraftgegnerInnen gegen dessen Weiterbetrieb und f\u00fcr eine Abschaltung aller Atomanlagen in Deutschland.<\/p>\n<p><strong>Augenzeuge aus der Evakuierungszone um Fukushima berichtet<\/strong><\/p>\n<p>Beginn der Demonstration ist um 14 Uhr vor dem Bahnhof Kircheim am Neckar. Nach einer kurzen Auftaktkundgebung f\u00fchrt die Demonstration zum Tor 2 vorden Block II des AKW Neckarwestheim. Dort sprechen ab 15 Uhr: Franz Wagner (Arzt, Aktionsb\u00fcndnis Energiewende Heilbronn), Tomoyuki Takada (Augenzeuge aus der Evakuierungszone um Fukushima) und Valentin Hollain (Wissenschaftlicher Leiter bei Eurosolar).<\/p>\n<p>Nach Kirchheim kommst Du am einfachsten mit Bahn und Bus. Bestehende Mitfahrgelegenheiten und weitere Informationen findest Du hier:<\/p>\n<p><a href=\"http:\/\/www.endlich-abschalten.de\" target=\"_blank\">http:\/\/www.endlich-abschalten.de<\/a><\/p>\n<p>Die Demonstration wird von einem breiten B\u00fcndnis lokaler Gruppen organisiert.<\/p>\n<p>Herzliche Gr\u00fc\u00dfe<\/p>\n<p>Jacob Fricke und das gesamte .ausgestrahlt-Team<\/p>\n<p>&nbsp;<\/p>\n<div class=\"pdf24Plugin-cp\"> \t<form name=\"pdf24Form0\" method=\"post\" action=\"https:\/\/doc2pdf.pdf24.org\/wordpress.php\" target=\"pdf24PopWin\" onsubmit=\"var pdf24Win = window.open('about:blank', 'pdf24PopWin', 'resizable=yes,scrollbars=yes,width=600,height=250,left='+(screen.width\/2-300)+',top='+(screen.height\/3-125)+''); pdf24Win.focus(); if(typeof pdf24OnCreatePDF === 'function'){void(pdf24OnCreatePDF(this,pdf24Win));}\"> \t\t<input type=\"hidden\" name=\"blogCharset\" value=\"Cw1x07UAAA==\" \/><input type=\"hidden\" name=\"blogPosts\" value=\"MwQA\" \/><input type=\"hidden\" name=\"blogUrl\" value=\"yygpKSi20tcvLy\/Xy8jPSM3LARK6pXnpqWmZOSWpRSV6KakA\" \/><input type=\"hidden\" name=\"blogName\" value=\"88jPSM3LARK6pXnpqWmZOSWpRSUA\" \/><input type=\"hidden\" name=\"blogValueEncoding\" value=\"gzdeflate base64\" \/><input type=\"hidden\" name=\"postId_0\" value=\"MzQ0M7QAAA==\" \/><input type=\"hidden\" name=\"postTitle_0\" value=\"FcwxCsJAEEbhqwwI1pJKSBVQsbLxBJP1z+6y2QnM7hhI5R28gjfxJp7EpHnV49vvjk3TtJ15yIK1xFboAaXzk5NFqIkvyyQgy3SxZCXEzNRDowsVdb8Bh5Z+rzd1dcpJeageXlZio+4uzN9PH4sLdOVxpIGDQsgjI0rhTIspnZAnEl6fG1xinVFqQMx\/\" \/><input type=\"hidden\" name=\"postLink_0\" value=\"yygpKSi20tcvLy\/Xy8jPSM3LARK6pXnpqWmZOSWpRSV6Kan69gW2hoZmhhYA\" \/><input type=\"hidden\" name=\"postAuthor_0\" value=\"AwA=\" \/><input type=\"hidden\" name=\"postDateTime_0\" value=\"MzIwNNQ1sNA1NFAwNLMysLAyNgQA\" \/><input type=\"hidden\" name=\"postContent_0\" value=\"lVXLbuNGELznKxo+BDYgUZHiXBytAwnyrr2vQ9aOgFyCodgkB+QMhZmhiehDcs3Fn+GbfizVQ0l+yECwFwkSh93VVdU10\/Xl1AfX2OJyoZlmoTGVU3kouLDsbqxlS6r1lLGj37nQjaVvq7LbPqTar0q6VnVNuSqdHDP0TRkfVDGg8c8Jzdqi9YEmP43HAzI6ULF9tD7oAmfnKmM7XG4fXQhsUnbF8FavKg59p7kqLW1aRzMb9PAAarhg06CEU0GAWAUEX3lVKdexDyVrk9Ct4zxft7YKAkgKlU1+jFkDWWtoPE7Of6G70u0P+8C6SGjRuEAdO6CkDLzswRVsWFuPwwVXqs0DjgptqXAQgN3Tn22Bz339STKeSP2Ebixt\/ymdtjJ\/azO6Zl2nYN6Sab3HabwXNMvjvnNCd0aYPB9HhFJSsMxs1do8kLb0SbtVKXOPehqAal0ru0MlbFEK0aztwZw\/n1RoeV4imY52RpiO1pc\/TGEMNpc3Nm+ciXyzSAKMymaB7sH\/x2ZV4s8FVHSDI4qnI7x+KLUrvWQd2DG9LFvoNJCQZiBn52uGKZy0OECiqSKYLH93UoawvhiNuq5L4EuhzKmyDknGJxSUKzi8O\/krBQnVyeUbh6YjdQTqylluA9NnCLoBwHt29fYBOrnWFlQpKGQ1G8wtq4D5as3bf4H7iLGv4sj3bdX6UhsgVr1ic8jN3kGJvmTKUqTxnu0gHtg+1AEgUVK87lhVoYkrlW5aHFV4Cje8tDrdQO0SDZTs1n0j3IUN1g7bFIt+YDEl5ZCHvrAVXcR2d6bjOlBaM1iHURjjva58Q77BklgITFAUOzyZwJSiXQ2SdgbGJnw\/aQktNfCxrWR4lIgjyxHxPnktM+Etdl5eBMAW36vyN1pIzaoxRqYDdfu0odNXaXMGnxqafVq+nktAZ7sI0WLDp3UWDmPXnQZHIVjExYSM0rm3ccpSJo1lI8uRkFnaKyY0YA0gRhzQ1koKYN4FzCZ8oF3y2oqYgu2G8XlI3at7VbW9cfwG6yKb\/GQxiK1XZeBw5MV5XPxY4mVs7qOpT4P7RtR4ioSYB0KWMjv6YDyxtQznqGrdRihC9MGkCKKs4FRGBQExAXe589ROtLhFk4m0kjyd182qEo9JWh6rtAtfv3Yc40WlNI4RfUHvnbIbWipRhU5nbhMGNKuki09xt2QWVr3CM+xZxxDzKWLPBsBgmr\/bStOtqlSm8P53cn0Whf5D1YxLydI1NkTh+3SpxRMieh5qiIE6n6M\/II6mq9Y1WCblzpIXKXHI3WhpSCI+N8JyjscxC8ST8SaUvnPZhbmERBlH+6KDrHfBtRizlIb9we7NiM21RFDsUmLAi4Px3shV1Jc5hio9ZM9b6fp\/bzyP2sWRLTrtsniLiK8Mpa6fYL7XsW4qJcvzwbXrNR40rlD4H9jDgchrdpvIOE5tH5Eu+wcf1apJYRe5tfutV3J3Y9ER8y+uhOEtK7N\/7Ueb+vWv8dd\/\" \/> \t\t<a href=\"https:\/\/www.pdf24.org\" target=\"_blank\" title=\"www.pdf24.org\" rel=\"nofollow\"><img src=\"https:\/\/www.hohenlohe-ungefiltert.de\/wp-content\/plugins\/pdf24-post-to-pdf\/img\/pdf_32x32.png\" alt=\"\" border=\"0\" height=\"32\" \/><\/a> \t\t<span class=\"pdf24Plugin-cp-space\">&nbsp;&nbsp;<\/span> \t\t<span class=\"pdf24Plugin-cp-text\">Sende Artikel als PDF<\/span> \t\t<span class=\"pdf24Plugin-cp-space\">&nbsp;&nbsp;<\/span> \t\t<input class=\"pdf24Plugin-cp-input\" style=\"margin: 0px;\" type=\"text\" name=\"sendEmailTo\" placeholder=\"Emailadresse\" \/> \t\t<input class=\"pdf24Plugin-cp-submit\" style=\"margin: 0px;\" type=\"submit\" value=\"Senden\" \/> \t<\/form> <\/div>","protected":false},"excerpt":{"rendered":"<p>Die AtomkraftgegnerInnen aus der Region Schw\u00e4bisch Hall fahren am Samstag, 13. August 2011, mit g\u00fcnstigen Baden-W\u00fcrttemberg-Tickets der Bahn zur Anti-Atomkraft-Demonstration nach Neckarwestheim. Treffpunkt am Bahnhof Schw\u00e4bisch Hall ist um 11.45 Uhr am Bahnsteig. Dort werden die Tickets gemeinsam gekauft. Die Abfahrt des Zuges ist um 12.12 Uhr. In \u00d6hringen und Heilbronn muss umgestiegen werden. Um [&hellip;]<\/p>\n","protected":false},"author":3,"featured_media":0,"comment_status":"open","ping_status":"open","sticky":false,"template":"","format":"standard","meta":[],"categories":[],"tags":[],"_links":{"self":[{"href":"https:\/\/www.hohenlohe-ungefiltert.de\/index.php?rest_route=\/wp\/v2\/posts\/11618"}],"collection":[{"href":"https:\/\/www.hohenlohe-ungefiltert.de\/index.php?rest_route=\/wp\/v2\/posts"}],"about":[{"href":"https:\/\/www.hohenlohe-ungefiltert.de\/index.php?rest_route=\/wp\/v2\/types\/post"}],"author":[{"embeddable":true,"href":"https:\/\/www.hohenlohe-ungefiltert.de\/index.php?rest_route=\/wp\/v2\/users\/3"}],"replies":[{"embeddable":true,"href":"https:\/\/www.hohenlohe-ungefiltert.de\/index.php?rest_route=%2Fwp%2Fv2%2Fcomments&post=11618"}],"version-history":[{"count":2,"href":"https:\/\/www.hohenlohe-ungefiltert.de\/index.php?rest_route=\/wp\/v2\/posts\/11618\/revisions"}],"predecessor-version":[{"id":11620,"href":"https:\/\/www.hohenlohe-ungefiltert.de\/index.php?rest_route=\/wp\/v2\/posts\/11618\/revisions\/11620"}],"wp:attachment":[{"href":"https:\/\/www.hohenlohe-ungefiltert.de\/index.php?rest_route=%2Fwp%2Fv2%2Fmedia&parent=11618"}],"wp:term":[{"taxonomy":"category","embeddable":true,"href":"https:\/\/www.hohenlohe-ungefiltert.de\/index.php?rest_route=%2Fwp%2Fv2%2Fcategories&post=11618"},{"taxonomy":"post_tag","embeddable":true,"href":"https:\/\/www.hohenlohe-ungefiltert.de\/index.php?rest_route=%2Fwp%2Fv2%2Ftags&post=11618"}],"curies":[{"name":"wp","href":"https:\/\/api.w.org\/{rel}","templated":true}]}}